{"id":4434,"date":"2021-03-20T23:38:40","date_gmt":"2021-03-20T21:38:40","guid":{"rendered":"https:\/\/fkzalgiris.lt\/?p=4434"},"modified":"2021-03-21T17:33:15","modified_gmt":"2021-03-21T15:33:15","slug":"kaunieciai-taip-pat-nugaleti-dvieju-ivarciu-persvara","status":"publish","type":"post","link":"https:\/\/fkzalgiris.lt\/kaunieciai-taip-pat-nugaleti-dvieju-ivarciu-persvara\/","title":{"rendered":"Kaunie\u010diai taip pat nugal\u0117ti dviej\u0173 \u012fvar\u010di\u0173 persvara"},"content":{"rendered":"<p>Vilniaus \u201e\u017dalgiris\u201c A lygoje i\u0161kovojo antr\u0105 pergal\u0119 i\u0161 eil\u0117s tokiu pa\u010diu rezultatu. Ovidijaus Verbicko ir Hugo Videmonto \u012fvar\u010diai pad\u0117jo Lietuvos \u010dempionams 2:0 pranokti Kauno rajono \u201eHegelmann Litauen\u201c ekip\u0105.<\/p>\n<p>\u201e\u017dalgirio\u201c startin\u0117je sud\u0117tyje po pra\u0117jusi\u0173 rungtyni\u0173 \u012fvyko du pasikeitimai \u2013 vietoje H. Videmont ir K. Uz\u0117los saug\u0173 grandyje pasirod\u0117 O. Verbickas ir M. Kuklys. Po diskvalifikacijos \u012f komandos parai\u0161k\u0105 gr\u012f\u017eo M. Gamakovas.<\/p>\n<p>\u017dalgirie\u010diai prad\u0117jo rungtynes aktyviai ir jau 5 min. var\u017eov\u0173 vartininko budrum\u0105 patikrino O. Verbicko sm\u016bgis i\u0161 kairiojo kra\u0161to. 10 min. pavojingai vir\u0161 vart\u0173 sm\u016bgiavo F. Kyeremeh.<\/p>\n<p>Netrukus \u012fsidrasino sve\u010diai, i\u0161 toli laim\u0119 paband\u0117 L. Ma\u010dara\u0161vilis.<\/p>\n<p>V\u0117liau i\u0161 toli var\u017eov\u0173 vartams grasino T. Ki\u0161as, O. Verbickas. K\u0117liniui \u012fpus\u0117jus baudos aik\u0161tel\u0117je buvo kietai sustabdytas F. Kyeremeh, ta\u010diau arbitras 11 metr\u0173 baudinio neskyr\u0117.<\/p>\n<p>32 min. po M. Kuklio pakelto kampinio O. Verbickas laim\u0117jo oro dvikov\u0105 ir galva sm\u016bgiavo tiksliai.<\/p>\n<p>Po pertraukos F. Kyeremeh aik\u0161t\u0117je pakeit\u0117 H. Videmontas ir b\u016btent jis pirmuoju sm\u016bgiu padvigubino rezultat\u0105. Pranc\u016bzas tiksliai sm\u016bgiavo pa\u017eeme i\u0161 baudos aik\u0161tel\u0117s prieig\u0173 \u2013 2:0.<\/p>\n<p>Netrukus \u0161ansu dar padidinti rezultat\u0105 nepasinaudojo O. Verbickas.<\/p>\n<p>Dar vien\u0105 prog\u0105 79 min. tur\u0117jo ir H. Videmontas, bet jo sm\u016bg\u012f atr\u0117m\u0117 vartininkas.<\/p>\n<p>Po \u0161io turo A lygoje prasid\u0117s rinktini\u0173 pertrauka. Kitas rungtynes \u201e\u017dalgiris\u201c \u017eais baland\u017eio 3 d. Dvikovoje d\u0117l Supertaur\u0117s bus \u017eaid\u017eiama su \u201ePanev\u0117\u017eio\u201c ekipa.<\/p>\n","protected":false},"excerpt":{"rendered":"<p>Vilniaus \u201e\u017dalgiris\u201c A lygoje i\u0161kovojo antr\u0105 pergal\u0119 i\u0161 eil\u0117s tokiu pa\u010diu rezultatu. Ovidijaus Verbicko ir Hugo Videmonto \u012fvar\u010diai pad\u0117jo Lietuvos \u010dempionams 2:0 pranokti Kauno rajono\u2026<\/p>\n","protected":false},"author":4,"featured_media":0,"comment_status":"closed","ping_status":"closed","sticky":false,"template":"","format":"standard","meta":{"_acf_changed":false,"footnotes":""},"categories":[1],"class_list":["post-4434","post","type-post","status-publish","format-standard","hentry","category-be-kategorijos"],"acf":[],"yoast_head":"<!-- This site is optimized with the Yoast SEO plugin v26.8 - https:\/\/yoast.com\/product\/yoast-seo-wordpress\/ -->\n<title>Kaunie\u010diai taip pat nugal\u0117ti dviej\u0173 \u012fvar\u010di\u0173 persvara - FK \u017dalgiris<\/title>\n<meta name=\"robots\" content=\"index, follow, max-snippet:-1, max-image-preview:large, max-video-preview:-1\" \/>\n<link rel=\"canonical\" href=\"https:\/\/fkzalgiris.lt\/kaunieciai-taip-pat-nugaleti-dvieju-ivarciu-persvara\/\" \/>\n<meta property=\"og:locale\" content=\"lt_LT\" \/>\n<meta property=\"og:type\" content=\"article\" \/>\n<meta property=\"og:title\" content=\"Kaunie\u010diai taip pat nugal\u0117ti dviej\u0173 \u012fvar\u010di\u0173 persvara - FK \u017dalgiris\" \/>\n<meta property=\"og:description\" content=\"Vilniaus \u201e\u017dalgiris\u201c A lygoje i\u0161kovojo antr\u0105 pergal\u0119 i\u0161 eil\u0117s tokiu pa\u010diu rezultatu. Ovidijaus Verbicko ir Hugo Videmonto \u012fvar\u010diai pad\u0117jo Lietuvos \u010dempionams 2:0 pranokti Kauno rajono\u2026\" \/>\n<meta property=\"og:url\" content=\"https:\/\/fkzalgiris.lt\/kaunieciai-taip-pat-nugaleti-dvieju-ivarciu-persvara\/\" \/>\n<meta property=\"og:site_name\" content=\"FK \u017dalgiris\" \/>\n<meta property=\"article:publisher\" content=\"https:\/\/www.facebook.com\/fkzalgiris\/\" \/>\n<meta property=\"article:published_time\" content=\"2021-03-20T21:38:40+00:00\" \/>\n<meta property=\"article:modified_time\" content=\"2021-03-21T15:33:15+00:00\" \/>\n<meta property=\"og:image\" content=\"https:\/\/fkzalgiris.lt\/wp-content\/uploads\/2024\/02\/social-horiz_Zalgiris_logo_2024.png\" \/>\n\t<meta property=\"og:image:width\" content=\"3356\" \/>\n\t<meta property=\"og:image:height\" content=\"2259\" \/>\n\t<meta property=\"og:image:type\" content=\"image\/png\" \/>\n<meta name=\"author\" content=\"J\" \/>\n<meta name=\"twitter:card\" content=\"summary_large_image\" \/>\n<meta name=\"twitter:creator\" content=\"@fkzalgiris\" \/>\n<meta name=\"twitter:site\" content=\"@fkzalgiris\" \/>\n<meta name=\"twitter:label1\" content=\"Written by\" \/>\n\t<meta name=\"twitter:data1\" content=\"J\" \/>\n\t<meta name=\"twitter:label2\" content=\"Est. reading time\" \/>\n\t<meta name=\"twitter:data2\" content=\"1 minut\u0117\" \/>\n<script type=\"application\/ld+json\" class=\"yoast-schema-graph\">{\"@context\":\"https:\/\/schema.org\",\"@graph\":[{\"@type\":\"Article\",\"@id\":\"https:\/\/fkzalgiris.lt\/kaunieciai-taip-pat-nugaleti-dvieju-ivarciu-persvara\/#article\",\"isPartOf\":{\"@id\":\"https:\/\/fkzalgiris.lt\/kaunieciai-taip-pat-nugaleti-dvieju-ivarciu-persvara\/\"},\"author\":{\"name\":\"J\",\"@id\":\"https:\/\/fkzalgiris.lt\/#\/schema\/person\/8604babbba794a7d8767be324a3eaac8\"},\"headline\":\"Kaunie\u010diai taip pat nugal\u0117ti dviej\u0173 \u012fvar\u010di\u0173 persvara\",\"datePublished\":\"2021-03-20T21:38:40+00:00\",\"dateModified\":\"2021-03-21T15:33:15+00:00\",\"mainEntityOfPage\":{\"@id\":\"https:\/\/fkzalgiris.lt\/kaunieciai-taip-pat-nugaleti-dvieju-ivarciu-persvara\/\"},\"wordCount\":253,\"publisher\":{\"@id\":\"https:\/\/fkzalgiris.lt\/#organization\"},\"inLanguage\":\"lt-LT\"},{\"@type\":\"WebPage\",\"@id\":\"https:\/\/fkzalgiris.lt\/kaunieciai-taip-pat-nugaleti-dvieju-ivarciu-persvara\/\",\"url\":\"https:\/\/fkzalgiris.lt\/kaunieciai-taip-pat-nugaleti-dvieju-ivarciu-persvara\/\",\"name\":\"Kaunie\u010diai taip pat nugal\u0117ti dviej\u0173 \u012fvar\u010di\u0173 persvara - FK \u017dalgiris\",\"isPartOf\":{\"@id\":\"https:\/\/fkzalgiris.lt\/#website\"},\"datePublished\":\"2021-03-20T21:38:40+00:00\",\"dateModified\":\"2021-03-21T15:33:15+00:00\",\"breadcrumb\":{\"@id\":\"https:\/\/fkzalgiris.lt\/kaunieciai-taip-pat-nugaleti-dvieju-ivarciu-persvara\/#breadcrumb\"},\"inLanguage\":\"lt-LT\",\"potentialAction\":[{\"@type\":\"ReadAction\",\"target\":[\"https:\/\/fkzalgiris.lt\/kaunieciai-taip-pat-nugaleti-dvieju-ivarciu-persvara\/\"]}]},{\"@type\":\"BreadcrumbList\",\"@id\":\"https:\/\/fkzalgiris.lt\/kaunieciai-taip-pat-nugaleti-dvieju-ivarciu-persvara\/#breadcrumb\",\"itemListElement\":[{\"@type\":\"ListItem\",\"position\":1,\"name\":\"Home\",\"item\":\"https:\/\/fkzalgiris.lt\/\"},{\"@type\":\"ListItem\",\"position\":2,\"name\":\"Kaunie\u010diai taip pat nugal\u0117ti dviej\u0173 \u012fvar\u010di\u0173 persvara\"}]},{\"@type\":\"WebSite\",\"@id\":\"https:\/\/fkzalgiris.lt\/#website\",\"url\":\"https:\/\/fkzalgiris.lt\/\",\"name\":\"FK \u017dalgiris\",\"description\":\"oficiali Vilniaus \u201e\u017dalgirio\u201c futbolo klubo svetain\u0117\",\"publisher\":{\"@id\":\"https:\/\/fkzalgiris.lt\/#organization\"},\"potentialAction\":[{\"@type\":\"SearchAction\",\"target\":{\"@type\":\"EntryPoint\",\"urlTemplate\":\"https:\/\/fkzalgiris.lt\/?s={search_term_string}\"},\"query-input\":{\"@type\":\"PropertyValueSpecification\",\"valueRequired\":true,\"valueName\":\"search_term_string\"}}],\"inLanguage\":\"lt-LT\"},{\"@type\":\"Organization\",\"@id\":\"https:\/\/fkzalgiris.lt\/#organization\",\"name\":\"FK \u017dalgiris\",\"url\":\"https:\/\/fkzalgiris.lt\/\",\"logo\":{\"@type\":\"ImageObject\",\"inLanguage\":\"lt-LT\",\"@id\":\"https:\/\/fkzalgiris.lt\/#\/schema\/logo\/image\/\",\"url\":\"https:\/\/fkzalgiris.lt\/wp-content\/uploads\/2024\/01\/horiz-FK-Zalgiris-logo-2015.png\",\"contentUrl\":\"https:\/\/fkzalgiris.lt\/wp-content\/uploads\/2024\/01\/horiz-FK-Zalgiris-logo-2015.png\",\"width\":3073,\"height\":2048,\"caption\":\"FK \u017dalgiris\"},\"image\":{\"@id\":\"https:\/\/fkzalgiris.lt\/#\/schema\/logo\/image\/\"},\"sameAs\":[\"https:\/\/www.facebook.com\/fkzalgiris\/\",\"https:\/\/x.com\/fkzalgiris\",\"https:\/\/www.instagram.com\/fkzalgiris\/\",\"https:\/\/www.youtube.com\/channel\/UC1ag8JLxGirltMUoLlzfZLA\"]},{\"@type\":\"Person\",\"@id\":\"https:\/\/fkzalgiris.lt\/#\/schema\/person\/8604babbba794a7d8767be324a3eaac8\",\"name\":\"J\"}]}<\/script>\n<!-- \/ Yoast SEO plugin. -->","yoast_head_json":{"title":"Kaunie\u010diai taip pat nugal\u0117ti dviej\u0173 \u012fvar\u010di\u0173 persvara - FK \u017dalgiris","robots":{"index":"index","follow":"follow","max-snippet":"max-snippet:-1","max-image-preview":"max-image-preview:large","max-video-preview":"max-video-preview:-1"},"canonical":"https:\/\/fkzalgiris.lt\/kaunieciai-taip-pat-nugaleti-dvieju-ivarciu-persvara\/","og_locale":"lt_LT","og_type":"article","og_title":"Kaunie\u010diai taip pat nugal\u0117ti dviej\u0173 \u012fvar\u010di\u0173 persvara - FK \u017dalgiris","og_description":"Vilniaus \u201e\u017dalgiris\u201c A lygoje i\u0161kovojo antr\u0105 pergal\u0119 i\u0161 eil\u0117s tokiu pa\u010diu rezultatu. Ovidijaus Verbicko ir Hugo Videmonto \u012fvar\u010diai pad\u0117jo Lietuvos \u010dempionams 2:0 pranokti Kauno rajono\u2026","og_url":"https:\/\/fkzalgiris.lt\/kaunieciai-taip-pat-nugaleti-dvieju-ivarciu-persvara\/","og_site_name":"FK \u017dalgiris","article_publisher":"https:\/\/www.facebook.com\/fkzalgiris\/","article_published_time":"2021-03-20T21:38:40+00:00","article_modified_time":"2021-03-21T15:33:15+00:00","og_image":[{"width":3356,"height":2259,"url":"https:\/\/fkzalgiris.lt\/wp-content\/uploads\/2024\/02\/social-horiz_Zalgiris_logo_2024.png","type":"image\/png"}],"author":"J","twitter_card":"summary_large_image","twitter_creator":"@fkzalgiris","twitter_site":"@fkzalgiris","twitter_misc":{"Written by":"J","Est. reading time":"1 minut\u0117"},"schema":{"@context":"https:\/\/schema.org","@graph":[{"@type":"Article","@id":"https:\/\/fkzalgiris.lt\/kaunieciai-taip-pat-nugaleti-dvieju-ivarciu-persvara\/#article","isPartOf":{"@id":"https:\/\/fkzalgiris.lt\/kaunieciai-taip-pat-nugaleti-dvieju-ivarciu-persvara\/"},"author":{"name":"J","@id":"https:\/\/fkzalgiris.lt\/#\/schema\/person\/8604babbba794a7d8767be324a3eaac8"},"headline":"Kaunie\u010diai taip pat nugal\u0117ti dviej\u0173 \u012fvar\u010di\u0173 persvara","datePublished":"2021-03-20T21:38:40+00:00","dateModified":"2021-03-21T15:33:15+00:00","mainEntityOfPage":{"@id":"https:\/\/fkzalgiris.lt\/kaunieciai-taip-pat-nugaleti-dvieju-ivarciu-persvara\/"},"wordCount":253,"publisher":{"@id":"https:\/\/fkzalgiris.lt\/#organization"},"inLanguage":"lt-LT"},{"@type":"WebPage","@id":"https:\/\/fkzalgiris.lt\/kaunieciai-taip-pat-nugaleti-dvieju-ivarciu-persvara\/","url":"https:\/\/fkzalgiris.lt\/kaunieciai-taip-pat-nugaleti-dvieju-ivarciu-persvara\/","name":"Kaunie\u010diai taip pat nugal\u0117ti dviej\u0173 \u012fvar\u010di\u0173 persvara - FK \u017dalgiris","isPartOf":{"@id":"https:\/\/fkzalgiris.lt\/#website"},"datePublished":"2021-03-20T21:38:40+00:00","dateModified":"2021-03-21T15:33:15+00:00","breadcrumb":{"@id":"https:\/\/fkzalgiris.lt\/kaunieciai-taip-pat-nugaleti-dvieju-ivarciu-persvara\/#breadcrumb"},"inLanguage":"lt-LT","potentialAction":[{"@type":"ReadAction","target":["https:\/\/fkzalgiris.lt\/kaunieciai-taip-pat-nugaleti-dvieju-ivarciu-persvara\/"]}]},{"@type":"BreadcrumbList","@id":"https:\/\/fkzalgiris.lt\/kaunieciai-taip-pat-nugaleti-dvieju-ivarciu-persvara\/#breadcrumb","itemListElement":[{"@type":"ListItem","position":1,"name":"Home","item":"https:\/\/fkzalgiris.lt\/"},{"@type":"ListItem","position":2,"name":"Kaunie\u010diai taip pat nugal\u0117ti dviej\u0173 \u012fvar\u010di\u0173 persvara"}]},{"@type":"WebSite","@id":"https:\/\/fkzalgiris.lt\/#website","url":"https:\/\/fkzalgiris.lt\/","name":"FK \u017dalgiris","description":"oficiali Vilniaus \u201e\u017dalgirio\u201c futbolo klubo svetain\u0117","publisher":{"@id":"https:\/\/fkzalgiris.lt\/#organization"},"potentialAction":[{"@type":"SearchAction","target":{"@type":"EntryPoint","urlTemplate":"https:\/\/fkzalgiris.lt\/?s={search_term_string}"},"query-input":{"@type":"PropertyValueSpecification","valueRequired":true,"valueName":"search_term_string"}}],"inLanguage":"lt-LT"},{"@type":"Organization","@id":"https:\/\/fkzalgiris.lt\/#organization","name":"FK \u017dalgiris","url":"https:\/\/fkzalgiris.lt\/","logo":{"@type":"ImageObject","inLanguage":"lt-LT","@id":"https:\/\/fkzalgiris.lt\/#\/schema\/logo\/image\/","url":"https:\/\/fkzalgiris.lt\/wp-content\/uploads\/2024\/01\/horiz-FK-Zalgiris-logo-2015.png","contentUrl":"https:\/\/fkzalgiris.lt\/wp-content\/uploads\/2024\/01\/horiz-FK-Zalgiris-logo-2015.png","width":3073,"height":2048,"caption":"FK \u017dalgiris"},"image":{"@id":"https:\/\/fkzalgiris.lt\/#\/schema\/logo\/image\/"},"sameAs":["https:\/\/www.facebook.com\/fkzalgiris\/","https:\/\/x.com\/fkzalgiris","https:\/\/www.instagram.com\/fkzalgiris\/","https:\/\/www.youtube.com\/channel\/UC1ag8JLxGirltMUoLlzfZLA"]},{"@type":"Person","@id":"https:\/\/fkzalgiris.lt\/#\/schema\/person\/8604babbba794a7d8767be324a3eaac8","name":"J"}]}},"_links":{"self":[{"href":"https:\/\/fkzalgiris.lt\/api\/wp\/v2\/posts\/4434","targetHints":{"allow":["GET"]}}],"collection":[{"href":"https:\/\/fkzalgiris.lt\/api\/wp\/v2\/posts"}],"about":[{"href":"https:\/\/fkzalgiris.lt\/api\/wp\/v2\/types\/post"}],"author":[{"embeddable":true,"href":"https:\/\/fkzalgiris.lt\/api\/wp\/v2\/users\/4"}],"replies":[{"embeddable":true,"href":"https:\/\/fkzalgiris.lt\/api\/wp\/v2\/comments?post=4434"}],"version-history":[{"count":6,"href":"https:\/\/fkzalgiris.lt\/api\/wp\/v2\/posts\/4434\/revisions"}],"predecessor-version":[{"id":4448,"href":"https:\/\/fkzalgiris.lt\/api\/wp\/v2\/posts\/4434\/revisions\/4448"}],"wp:attachment":[{"href":"https:\/\/fkzalgiris.lt\/api\/wp\/v2\/media?parent=4434"}],"wp:term":[{"taxonomy":"category","embeddable":true,"href":"https:\/\/fkzalgiris.lt\/api\/wp\/v2\/categories?post=4434"}],"curies":[{"name":"wp","href":"https:\/\/api.w.org\/{rel}","templated":true}]}}