{"id":4414,"date":"2021-03-19T12:04:44","date_gmt":"2021-03-19T10:04:44","guid":{"rendered":"https:\/\/fkzalgiris.lt\/?p=4414"},"modified":"2021-03-19T18:36:00","modified_gmt":"2021-03-19T16:36:00","slug":"t-duka-stengsiuosi-padeti-komandai","status":"publish","type":"post","link":"https:\/\/fkzalgiris.lt\/t-duka-stengsiuosi-padeti-komandai\/","title":{"rendered":"T. Duka: \u201eTikiuosi pakartosime pra\u0117jusi\u0173 met\u0173 s\u0117km\u0119\u201c"},"content":{"rendered":"<p>\u012e startuojant\u012f sezono traukin\u012f su Vilniaus \u201e\u017dalgiriu i\u0161\u0161ok\u0119s vartininkas i\u0161 Kroatijos Tomislavas Duka teigia galvojantis ne apie asmeninius, o apie komandinius tikslus.<\/p>\n<p>T. Duka \u0161i\u0105 savait\u0119 atvyko \u012f Vilni\u0173 ir prisijung\u0117 prie Lietuvos \u010dempion\u0173 treniruo\u010di\u0173. Jis antrasis \u2013 auk\u0161tesnio lygio var\u017eyb\u0173 patirties turintis vartininkas komandoje.<\/p>\n<p>Su \u201e\u017dalgiriu\u201c po pra\u0117jusio sezono atsisveikinus Martinui Berkovecui ekipoje buvo lik\u0119s tik vienas labiau patyr\u0119s vart\u0173 sargas \u2013 Edvinas Gertmonas. Po ilg\u0173 paie\u0161k\u0173 \u201e\u017dalgiris\u201c sukirto rankomis su T. Duka.<\/p>\n<p>28 met\u0173 \u017eaid\u0117jas pra\u0117jus\u012f sezon\u0105 Kroatijos \u010dempionate atstovavo \u201eIstra\u201c klubui. Vienas \u0161ios ekipos lyderi\u0173 \u2013 Vilniuje 2016-2018 metais \u017eaid\u0119s Slavko Blagojevi\u010dius.<\/p>\n<p>Tod\u0117l gav\u0119s pasi\u016blym\u0105 i\u0161 Vilniaus T. Duka paskambino buvusiam \u017ealgirie\u010diui. \u201eSlavko mano geras draugas. Jis sak\u0117, kad \u010dia verta atvykti, kad \u010dia man bus gerai\u201c, &#8211; paai\u0161kino vartininkas.<\/p>\n<p>Pasak jo, \u017eaisti Lietuvos sostin\u0117je viliojo ir galimyb\u0117 pakovoti d\u0117l auk\u0161\u010diausi\u0173 apdovanojim\u0173 bei pasivar\u017eyti tarptautiniame fronte.<\/p>\n<p>\u201e\u017dinau, kad \u017dalgiris pernai i\u0161kovojo \u010dempion\u0173 titul\u0105, kad dalyvauja Europos turnyruose. Tikiuosi, kad \u0161iemet v\u0117l gal\u0117sime pakartoti pra\u0117jusi\u0173 met\u0173 s\u0117km\u0119\u201c, &#8211; kalb\u0117jo kroatas.<\/p>\n<p>Pastarieji sezonai jam nebuvo itin s\u0117kmingi, ta\u010diau vartininkas teig\u0117 galvojantis ne apie asmeninius tikslus: \u201eEsu nusiteik\u0119s pad\u0117ti komandai siekti pergali\u0173, pad\u0117ti i\u0161kovoti \u010dempion\u0173 vardus.\u201c<\/p>\n<p>T. Duka kartu su komanda ruo\u0161iasi art\u0117jan\u010dioms A lygos rungtynes su Kauno rajono \u201eHegelmann Litauen\u201c. Ekipos susitiks \u0161e\u0161tadien\u012f 19 val.<\/p>\n","protected":false},"excerpt":{"rendered":"<p>\u012e startuojant\u012f sezono traukin\u012f su Vilniaus \u201e\u017dalgiriu i\u0161\u0161ok\u0119s vartininkas i\u0161 Kroatijos Tomislavas Duka teigia galvojantis ne apie asmeninius, o apie komandinius tikslus. T. Duka \u0161i\u0105\u2026<\/p>\n","protected":false},"author":4,"featured_media":0,"comment_status":"closed","ping_status":"closed","sticky":false,"template":"","format":"standard","meta":{"_acf_changed":false,"footnotes":""},"categories":[1],"class_list":["post-4414","post","type-post","status-publish","format-standard","hentry","category-be-kategorijos"],"acf":[],"yoast_head":"<!-- This site is optimized with the Yoast SEO plugin v26.8 - https:\/\/yoast.com\/product\/yoast-seo-wordpress\/ -->\n<title>T. Duka: \u201eTikiuosi pakartosime pra\u0117jusi\u0173 met\u0173 s\u0117km\u0119\u201c - FK \u017dalgiris<\/title>\n<meta name=\"robots\" content=\"index, follow, max-snippet:-1, max-image-preview:large, max-video-preview:-1\" \/>\n<link rel=\"canonical\" href=\"https:\/\/fkzalgiris.lt\/t-duka-stengsiuosi-padeti-komandai\/\" \/>\n<meta property=\"og:locale\" content=\"lt_LT\" \/>\n<meta property=\"og:type\" content=\"article\" \/>\n<meta property=\"og:title\" content=\"T. Duka: \u201eTikiuosi pakartosime pra\u0117jusi\u0173 met\u0173 s\u0117km\u0119\u201c - FK \u017dalgiris\" \/>\n<meta property=\"og:description\" content=\"\u012e startuojant\u012f sezono traukin\u012f su Vilniaus \u201e\u017dalgiriu i\u0161\u0161ok\u0119s vartininkas i\u0161 Kroatijos Tomislavas Duka teigia galvojantis ne apie asmeninius, o apie komandinius tikslus. T. Duka \u0161i\u0105\u2026\" \/>\n<meta property=\"og:url\" content=\"https:\/\/fkzalgiris.lt\/t-duka-stengsiuosi-padeti-komandai\/\" \/>\n<meta property=\"og:site_name\" content=\"FK \u017dalgiris\" \/>\n<meta property=\"article:publisher\" content=\"https:\/\/www.facebook.com\/fkzalgiris\/\" \/>\n<meta property=\"article:published_time\" content=\"2021-03-19T10:04:44+00:00\" \/>\n<meta property=\"article:modified_time\" content=\"2021-03-19T16:36:00+00:00\" \/>\n<meta property=\"og:image\" content=\"https:\/\/fkzalgiris.lt\/wp-content\/uploads\/2024\/02\/social-horiz_Zalgiris_logo_2024.png\" \/>\n\t<meta property=\"og:image:width\" content=\"3356\" \/>\n\t<meta property=\"og:image:height\" content=\"2259\" \/>\n\t<meta property=\"og:image:type\" content=\"image\/png\" \/>\n<meta name=\"author\" content=\"J\" \/>\n<meta name=\"twitter:card\" content=\"summary_large_image\" \/>\n<meta name=\"twitter:creator\" content=\"@fkzalgiris\" \/>\n<meta name=\"twitter:site\" content=\"@fkzalgiris\" \/>\n<meta name=\"twitter:label1\" content=\"Written by\" \/>\n\t<meta name=\"twitter:data1\" content=\"J\" \/>\n\t<meta name=\"twitter:label2\" content=\"Est. reading time\" \/>\n\t<meta name=\"twitter:data2\" content=\"1 minut\u0117\" \/>\n<script type=\"application\/ld+json\" class=\"yoast-schema-graph\">{\"@context\":\"https:\/\/schema.org\",\"@graph\":[{\"@type\":\"Article\",\"@id\":\"https:\/\/fkzalgiris.lt\/t-duka-stengsiuosi-padeti-komandai\/#article\",\"isPartOf\":{\"@id\":\"https:\/\/fkzalgiris.lt\/t-duka-stengsiuosi-padeti-komandai\/\"},\"author\":{\"name\":\"J\",\"@id\":\"https:\/\/fkzalgiris.lt\/#\/schema\/person\/8604babbba794a7d8767be324a3eaac8\"},\"headline\":\"T. Duka: \u201eTikiuosi pakartosime pra\u0117jusi\u0173 met\u0173 s\u0117km\u0119\u201c\",\"datePublished\":\"2021-03-19T10:04:44+00:00\",\"dateModified\":\"2021-03-19T16:36:00+00:00\",\"mainEntityOfPage\":{\"@id\":\"https:\/\/fkzalgiris.lt\/t-duka-stengsiuosi-padeti-komandai\/\"},\"wordCount\":246,\"publisher\":{\"@id\":\"https:\/\/fkzalgiris.lt\/#organization\"},\"inLanguage\":\"lt-LT\"},{\"@type\":\"WebPage\",\"@id\":\"https:\/\/fkzalgiris.lt\/t-duka-stengsiuosi-padeti-komandai\/\",\"url\":\"https:\/\/fkzalgiris.lt\/t-duka-stengsiuosi-padeti-komandai\/\",\"name\":\"T. Duka: \u201eTikiuosi pakartosime pra\u0117jusi\u0173 met\u0173 s\u0117km\u0119\u201c - FK \u017dalgiris\",\"isPartOf\":{\"@id\":\"https:\/\/fkzalgiris.lt\/#website\"},\"datePublished\":\"2021-03-19T10:04:44+00:00\",\"dateModified\":\"2021-03-19T16:36:00+00:00\",\"breadcrumb\":{\"@id\":\"https:\/\/fkzalgiris.lt\/t-duka-stengsiuosi-padeti-komandai\/#breadcrumb\"},\"inLanguage\":\"lt-LT\",\"potentialAction\":[{\"@type\":\"ReadAction\",\"target\":[\"https:\/\/fkzalgiris.lt\/t-duka-stengsiuosi-padeti-komandai\/\"]}]},{\"@type\":\"BreadcrumbList\",\"@id\":\"https:\/\/fkzalgiris.lt\/t-duka-stengsiuosi-padeti-komandai\/#breadcrumb\",\"itemListElement\":[{\"@type\":\"ListItem\",\"position\":1,\"name\":\"Home\",\"item\":\"https:\/\/fkzalgiris.lt\/\"},{\"@type\":\"ListItem\",\"position\":2,\"name\":\"T. Duka: \u201eTikiuosi pakartosime pra\u0117jusi\u0173 met\u0173 s\u0117km\u0119\u201c\"}]},{\"@type\":\"WebSite\",\"@id\":\"https:\/\/fkzalgiris.lt\/#website\",\"url\":\"https:\/\/fkzalgiris.lt\/\",\"name\":\"FK \u017dalgiris\",\"description\":\"oficiali Vilniaus \u201e\u017dalgirio\u201c futbolo klubo svetain\u0117\",\"publisher\":{\"@id\":\"https:\/\/fkzalgiris.lt\/#organization\"},\"potentialAction\":[{\"@type\":\"SearchAction\",\"target\":{\"@type\":\"EntryPoint\",\"urlTemplate\":\"https:\/\/fkzalgiris.lt\/?s={search_term_string}\"},\"query-input\":{\"@type\":\"PropertyValueSpecification\",\"valueRequired\":true,\"valueName\":\"search_term_string\"}}],\"inLanguage\":\"lt-LT\"},{\"@type\":\"Organization\",\"@id\":\"https:\/\/fkzalgiris.lt\/#organization\",\"name\":\"FK \u017dalgiris\",\"url\":\"https:\/\/fkzalgiris.lt\/\",\"logo\":{\"@type\":\"ImageObject\",\"inLanguage\":\"lt-LT\",\"@id\":\"https:\/\/fkzalgiris.lt\/#\/schema\/logo\/image\/\",\"url\":\"https:\/\/fkzalgiris.lt\/wp-content\/uploads\/2024\/01\/horiz-FK-Zalgiris-logo-2015.png\",\"contentUrl\":\"https:\/\/fkzalgiris.lt\/wp-content\/uploads\/2024\/01\/horiz-FK-Zalgiris-logo-2015.png\",\"width\":3073,\"height\":2048,\"caption\":\"FK \u017dalgiris\"},\"image\":{\"@id\":\"https:\/\/fkzalgiris.lt\/#\/schema\/logo\/image\/\"},\"sameAs\":[\"https:\/\/www.facebook.com\/fkzalgiris\/\",\"https:\/\/x.com\/fkzalgiris\",\"https:\/\/www.instagram.com\/fkzalgiris\/\",\"https:\/\/www.youtube.com\/channel\/UC1ag8JLxGirltMUoLlzfZLA\"]},{\"@type\":\"Person\",\"@id\":\"https:\/\/fkzalgiris.lt\/#\/schema\/person\/8604babbba794a7d8767be324a3eaac8\",\"name\":\"J\"}]}<\/script>\n<!-- \/ Yoast SEO plugin. -->","yoast_head_json":{"title":"T. Duka: \u201eTikiuosi pakartosime pra\u0117jusi\u0173 met\u0173 s\u0117km\u0119\u201c - FK \u017dalgiris","robots":{"index":"index","follow":"follow","max-snippet":"max-snippet:-1","max-image-preview":"max-image-preview:large","max-video-preview":"max-video-preview:-1"},"canonical":"https:\/\/fkzalgiris.lt\/t-duka-stengsiuosi-padeti-komandai\/","og_locale":"lt_LT","og_type":"article","og_title":"T. Duka: \u201eTikiuosi pakartosime pra\u0117jusi\u0173 met\u0173 s\u0117km\u0119\u201c - FK \u017dalgiris","og_description":"\u012e startuojant\u012f sezono traukin\u012f su Vilniaus \u201e\u017dalgiriu i\u0161\u0161ok\u0119s vartininkas i\u0161 Kroatijos Tomislavas Duka teigia galvojantis ne apie asmeninius, o apie komandinius tikslus. T. Duka \u0161i\u0105\u2026","og_url":"https:\/\/fkzalgiris.lt\/t-duka-stengsiuosi-padeti-komandai\/","og_site_name":"FK \u017dalgiris","article_publisher":"https:\/\/www.facebook.com\/fkzalgiris\/","article_published_time":"2021-03-19T10:04:44+00:00","article_modified_time":"2021-03-19T16:36:00+00:00","og_image":[{"width":3356,"height":2259,"url":"https:\/\/fkzalgiris.lt\/wp-content\/uploads\/2024\/02\/social-horiz_Zalgiris_logo_2024.png","type":"image\/png"}],"author":"J","twitter_card":"summary_large_image","twitter_creator":"@fkzalgiris","twitter_site":"@fkzalgiris","twitter_misc":{"Written by":"J","Est. reading time":"1 minut\u0117"},"schema":{"@context":"https:\/\/schema.org","@graph":[{"@type":"Article","@id":"https:\/\/fkzalgiris.lt\/t-duka-stengsiuosi-padeti-komandai\/#article","isPartOf":{"@id":"https:\/\/fkzalgiris.lt\/t-duka-stengsiuosi-padeti-komandai\/"},"author":{"name":"J","@id":"https:\/\/fkzalgiris.lt\/#\/schema\/person\/8604babbba794a7d8767be324a3eaac8"},"headline":"T. Duka: \u201eTikiuosi pakartosime pra\u0117jusi\u0173 met\u0173 s\u0117km\u0119\u201c","datePublished":"2021-03-19T10:04:44+00:00","dateModified":"2021-03-19T16:36:00+00:00","mainEntityOfPage":{"@id":"https:\/\/fkzalgiris.lt\/t-duka-stengsiuosi-padeti-komandai\/"},"wordCount":246,"publisher":{"@id":"https:\/\/fkzalgiris.lt\/#organization"},"inLanguage":"lt-LT"},{"@type":"WebPage","@id":"https:\/\/fkzalgiris.lt\/t-duka-stengsiuosi-padeti-komandai\/","url":"https:\/\/fkzalgiris.lt\/t-duka-stengsiuosi-padeti-komandai\/","name":"T. Duka: \u201eTikiuosi pakartosime pra\u0117jusi\u0173 met\u0173 s\u0117km\u0119\u201c - FK \u017dalgiris","isPartOf":{"@id":"https:\/\/fkzalgiris.lt\/#website"},"datePublished":"2021-03-19T10:04:44+00:00","dateModified":"2021-03-19T16:36:00+00:00","breadcrumb":{"@id":"https:\/\/fkzalgiris.lt\/t-duka-stengsiuosi-padeti-komandai\/#breadcrumb"},"inLanguage":"lt-LT","potentialAction":[{"@type":"ReadAction","target":["https:\/\/fkzalgiris.lt\/t-duka-stengsiuosi-padeti-komandai\/"]}]},{"@type":"BreadcrumbList","@id":"https:\/\/fkzalgiris.lt\/t-duka-stengsiuosi-padeti-komandai\/#breadcrumb","itemListElement":[{"@type":"ListItem","position":1,"name":"Home","item":"https:\/\/fkzalgiris.lt\/"},{"@type":"ListItem","position":2,"name":"T. Duka: \u201eTikiuosi pakartosime pra\u0117jusi\u0173 met\u0173 s\u0117km\u0119\u201c"}]},{"@type":"WebSite","@id":"https:\/\/fkzalgiris.lt\/#website","url":"https:\/\/fkzalgiris.lt\/","name":"FK \u017dalgiris","description":"oficiali Vilniaus \u201e\u017dalgirio\u201c futbolo klubo svetain\u0117","publisher":{"@id":"https:\/\/fkzalgiris.lt\/#organization"},"potentialAction":[{"@type":"SearchAction","target":{"@type":"EntryPoint","urlTemplate":"https:\/\/fkzalgiris.lt\/?s={search_term_string}"},"query-input":{"@type":"PropertyValueSpecification","valueRequired":true,"valueName":"search_term_string"}}],"inLanguage":"lt-LT"},{"@type":"Organization","@id":"https:\/\/fkzalgiris.lt\/#organization","name":"FK \u017dalgiris","url":"https:\/\/fkzalgiris.lt\/","logo":{"@type":"ImageObject","inLanguage":"lt-LT","@id":"https:\/\/fkzalgiris.lt\/#\/schema\/logo\/image\/","url":"https:\/\/fkzalgiris.lt\/wp-content\/uploads\/2024\/01\/horiz-FK-Zalgiris-logo-2015.png","contentUrl":"https:\/\/fkzalgiris.lt\/wp-content\/uploads\/2024\/01\/horiz-FK-Zalgiris-logo-2015.png","width":3073,"height":2048,"caption":"FK \u017dalgiris"},"image":{"@id":"https:\/\/fkzalgiris.lt\/#\/schema\/logo\/image\/"},"sameAs":["https:\/\/www.facebook.com\/fkzalgiris\/","https:\/\/x.com\/fkzalgiris","https:\/\/www.instagram.com\/fkzalgiris\/","https:\/\/www.youtube.com\/channel\/UC1ag8JLxGirltMUoLlzfZLA"]},{"@type":"Person","@id":"https:\/\/fkzalgiris.lt\/#\/schema\/person\/8604babbba794a7d8767be324a3eaac8","name":"J"}]}},"_links":{"self":[{"href":"https:\/\/fkzalgiris.lt\/api\/wp\/v2\/posts\/4414","targetHints":{"allow":["GET"]}}],"collection":[{"href":"https:\/\/fkzalgiris.lt\/api\/wp\/v2\/posts"}],"about":[{"href":"https:\/\/fkzalgiris.lt\/api\/wp\/v2\/types\/post"}],"author":[{"embeddable":true,"href":"https:\/\/fkzalgiris.lt\/api\/wp\/v2\/users\/4"}],"replies":[{"embeddable":true,"href":"https:\/\/fkzalgiris.lt\/api\/wp\/v2\/comments?post=4414"}],"version-history":[{"count":2,"href":"https:\/\/fkzalgiris.lt\/api\/wp\/v2\/posts\/4414\/revisions"}],"predecessor-version":[{"id":4417,"href":"https:\/\/fkzalgiris.lt\/api\/wp\/v2\/posts\/4414\/revisions\/4417"}],"wp:attachment":[{"href":"https:\/\/fkzalgiris.lt\/api\/wp\/v2\/media?parent=4414"}],"wp:term":[{"taxonomy":"category","embeddable":true,"href":"https:\/\/fkzalgiris.lt\/api\/wp\/v2\/categories?post=4414"}],"curies":[{"name":"wp","href":"https:\/\/api.w.org\/{rel}","templated":true}]}}