{"id":4367,"date":"2021-03-14T11:00:39","date_gmt":"2021-03-14T09:00:39","guid":{"rendered":"https:\/\/fkzalgiris.lt\/?p=4367"},"modified":"2021-03-14T21:02:30","modified_gmt":"2021-03-14T19:02:30","slug":"s-mikoliunas-atsiliepe-tai-jog-be-buvome-varzybu-ritmo","status":"publish","type":"post","link":"https:\/\/fkzalgiris.lt\/s-mikoliunas-atsiliepe-tai-jog-be-buvome-varzybu-ritmo\/","title":{"rendered":"S. Mikoli\u016bnas: \u201eAtsiliep\u0117 tai, jog buvome be var\u017eyb\u0173 ritmo\u201c"},"content":{"rendered":"<p>Saulius Mikoli\u016bnas savo karjeroje mat\u0117 daug \u0161alto ir \u0161ilto, bet naujo 2021 met\u0173 sezono startas su \u201e\u017dalgiriu\u201c buvo ne\u012fprastas ir jam.<\/p>\n<p>36 met\u0173 veteranas prie\u0161 kelias savaites atsi\u0117m\u0117 geriausio \u017eaid\u0117jo priz\u0105, bet pirmose sezono rungtyn\u0117se A lygoje net nepasirod\u0117 startin\u0117je sud\u0117tyje.<\/p>\n<p>Pirmas rungtynes \u201e\u017dalgiris\u201c tur\u0117jo \u017eaisti vasario 27 d., ta\u010diau prie\u0161 \u0161i\u0105 dvikov\u0105 komanda d\u0117l COVID-19 ligos protr\u016bkio tur\u0117jo padaryti beveik poros savai\u010di\u0173 priverstin\u0119 pertrauk\u0105.<\/p>\n<p>Skirtingai prasirg\u0119 \u017ealgirie\u010diai \u012f treniruotes ruo\u0161tis atid\u0117tam A lygos startui susirinko skirtingu metu, nevienodos fizin\u0117s b\u016bkl\u0117s. Tod\u0117l nenuostabu, kad rungtyn\u0117se su \u201eDainava\u201c komandos sud\u0117tis atrod\u0117 ne tokia, koki\u0105 treneriai band\u0117 kontrolin\u0117se rungtyn\u0117se, o \u017eaidimas ir rezultatas (2:2) nepatenkino l\u016bkes\u010di\u0173.<\/p>\n<p>\u201eTreneriui buvo sunkiausia, nes per pasiruo\u0161im\u0105 planavo vienoki\u0105 sud\u0117t\u012f. U\u017eklupus pandemijai, buvome priversti karantinuotis, tai sutrukd\u0117 m\u016bs\u0173 planuotam pasiruo\u0161imui. Bet yra tokia situacija turime su tuo susitaikyti, daryti korekcijas ir \u017ei\u016br\u0117ti \u012f priek\u012f\u201c, &#8211; po dvikovos nelengvai gaudydamas kvap\u0105 kalb\u0117jo S. Mikoli\u016bnas.<\/p>\n<p>Jis did\u017ei\u0105j\u0105 rungtyni\u0173 dal\u012f nuo atsargini\u0173 suolo steb\u0117jo, kaip \u201e\u017dalgiris\u201c praleido du \u012fvar\u010dius ir tur\u0117jo vytis var\u017eovus. Anot S. Mikoli\u016bno, \u017ealgirie\u010diai negalvojo apie lengv\u0105 pergal\u0119 prie\u0161 A lygos debiutantus, ta\u010diau dar\u0117 daug neleistin\u0173 klaid\u0173.<\/p>\n<p>\u201eNegalime prasileisti toki\u0173 \u012fvar\u010di\u0173. Tas pirmas 11 metr\u0173 baudinys&#8230; Tokios klaidos&#8230; Reikia daugiau susikaupimo. \u00a0Nusiteikimas tikrai buvo geras, ruo\u0161\u0117m\u0117s atsakingai, gerb\u0117me var\u017eovus. Ta raudona kortel\u0117 \u0161iek tiek dav\u0117 savo minus\u0173, nes likome de\u0161imtiese. Tuo labiau, kad po raudonos kortel\u0117s var\u017eovai peln\u0117 \u012fvart\u012f. Atsiliep\u0117 tas, kad\u00a0 buvome be var\u017eyb\u0173 ritmo. Pirmos sezono rungtyn\u0117s visuomet neb\u016bna lengvos. B\u016bna daugiau kovos, daugiau techninio broko. Tai atsiliepia \u017eaidimui\u201c, &#8211; vertino futbolininkas.<\/p>\n<p>Jis pats \u017eaid\u0117 tik nuo 77 minut\u0117s, ta\u010diau atsid\u016br\u0119s tinkamoje vietoje tinkamu laiku 85 min. sugeb\u0117jo pelnyti rezultat\u0105 i\u0161lyginus\u012f \u012fvart\u012f.<\/p>\n<p>\u201eGerai, kad parod\u0117me charakter\u012f lik\u0119 be vieno \u017eaid\u0117jo, sugeb\u0117jome i\u0161lyginti. D\u0117jome maksimalias pastangas pasiekti pergalei. \u0160\u012f kart\u0105 nepavyko, bet nenuleid\u017eiame galv\u0173. Sezonas ilgas, tai dar tik prad\u017eia. Tikiuosi, jog pasidarysime savo i\u0161vadas. U\u017e keli\u0173 dien\u0173 laukia v\u0117l labai rimtos rungtyn\u0117s su \u201eRiteriais\u201c. Reikia galvoti kaip atsistatyti ir maksimaliai ruo\u0161tis kitoms rungtyn\u0117ms\u201c, &#8211; vyl\u0117si S. Mikoli\u016bnas.<\/p>\n<p>\u201e\u017dalgirio\u201c ir \u201eRiteri\u0173\u201c akistata A lygoje vyks antradien\u012f nuo 17 val.<\/p>\n<p>&nbsp;<\/p>\n","protected":false},"excerpt":{"rendered":"<p>Saulius Mikoli\u016bnas savo karjeroje mat\u0117 daug \u0161alto ir \u0161ilto, bet naujo 2021 met\u0173 sezono startas su \u201e\u017dalgiriu\u201c buvo ne\u012fprastas ir jam. 36 met\u0173 veteranas prie\u0161\u2026<\/p>\n","protected":false},"author":4,"featured_media":0,"comment_status":"closed","ping_status":"closed","sticky":false,"template":"","format":"standard","meta":{"_acf_changed":false,"footnotes":""},"categories":[1],"class_list":["post-4367","post","type-post","status-publish","format-standard","hentry","category-be-kategorijos"],"acf":[],"yoast_head":"<!-- This site is optimized with the Yoast SEO plugin v26.8 - https:\/\/yoast.com\/product\/yoast-seo-wordpress\/ -->\n<title>S. Mikoli\u016bnas: \u201eAtsiliep\u0117 tai, jog buvome be var\u017eyb\u0173 ritmo\u201c - FK \u017dalgiris<\/title>\n<meta name=\"robots\" content=\"index, follow, max-snippet:-1, max-image-preview:large, max-video-preview:-1\" \/>\n<link rel=\"canonical\" href=\"https:\/\/fkzalgiris.lt\/s-mikoliunas-atsiliepe-tai-jog-be-buvome-varzybu-ritmo\/\" \/>\n<meta property=\"og:locale\" content=\"lt_LT\" \/>\n<meta property=\"og:type\" content=\"article\" \/>\n<meta property=\"og:title\" content=\"S. Mikoli\u016bnas: \u201eAtsiliep\u0117 tai, jog buvome be var\u017eyb\u0173 ritmo\u201c - FK \u017dalgiris\" \/>\n<meta property=\"og:description\" content=\"Saulius Mikoli\u016bnas savo karjeroje mat\u0117 daug \u0161alto ir \u0161ilto, bet naujo 2021 met\u0173 sezono startas su \u201e\u017dalgiriu\u201c buvo ne\u012fprastas ir jam. 36 met\u0173 veteranas prie\u0161\u2026\" \/>\n<meta property=\"og:url\" content=\"https:\/\/fkzalgiris.lt\/s-mikoliunas-atsiliepe-tai-jog-be-buvome-varzybu-ritmo\/\" \/>\n<meta property=\"og:site_name\" content=\"FK \u017dalgiris\" \/>\n<meta property=\"article:publisher\" content=\"https:\/\/www.facebook.com\/fkzalgiris\/\" \/>\n<meta property=\"article:published_time\" content=\"2021-03-14T09:00:39+00:00\" \/>\n<meta property=\"article:modified_time\" content=\"2021-03-14T19:02:30+00:00\" \/>\n<meta property=\"og:image\" content=\"https:\/\/fkzalgiris.lt\/wp-content\/uploads\/2024\/02\/social-horiz_Zalgiris_logo_2024.png\" \/>\n\t<meta property=\"og:image:width\" content=\"3356\" \/>\n\t<meta property=\"og:image:height\" content=\"2259\" \/>\n\t<meta property=\"og:image:type\" content=\"image\/png\" \/>\n<meta name=\"author\" content=\"J\" \/>\n<meta name=\"twitter:card\" content=\"summary_large_image\" \/>\n<meta name=\"twitter:creator\" content=\"@fkzalgiris\" \/>\n<meta name=\"twitter:site\" content=\"@fkzalgiris\" \/>\n<meta name=\"twitter:label1\" content=\"Written by\" \/>\n\t<meta name=\"twitter:data1\" content=\"J\" \/>\n\t<meta name=\"twitter:label2\" content=\"Est. reading time\" \/>\n\t<meta name=\"twitter:data2\" content=\"2 minut\u0117s\" \/>\n<script type=\"application\/ld+json\" class=\"yoast-schema-graph\">{\"@context\":\"https:\/\/schema.org\",\"@graph\":[{\"@type\":\"Article\",\"@id\":\"https:\/\/fkzalgiris.lt\/s-mikoliunas-atsiliepe-tai-jog-be-buvome-varzybu-ritmo\/#article\",\"isPartOf\":{\"@id\":\"https:\/\/fkzalgiris.lt\/s-mikoliunas-atsiliepe-tai-jog-be-buvome-varzybu-ritmo\/\"},\"author\":{\"name\":\"J\",\"@id\":\"https:\/\/fkzalgiris.lt\/#\/schema\/person\/8604babbba794a7d8767be324a3eaac8\"},\"headline\":\"S. Mikoli\u016bnas: \u201eAtsiliep\u0117 tai, jog buvome be var\u017eyb\u0173 ritmo\u201c\",\"datePublished\":\"2021-03-14T09:00:39+00:00\",\"dateModified\":\"2021-03-14T19:02:30+00:00\",\"mainEntityOfPage\":{\"@id\":\"https:\/\/fkzalgiris.lt\/s-mikoliunas-atsiliepe-tai-jog-be-buvome-varzybu-ritmo\/\"},\"wordCount\":410,\"publisher\":{\"@id\":\"https:\/\/fkzalgiris.lt\/#organization\"},\"inLanguage\":\"lt-LT\"},{\"@type\":\"WebPage\",\"@id\":\"https:\/\/fkzalgiris.lt\/s-mikoliunas-atsiliepe-tai-jog-be-buvome-varzybu-ritmo\/\",\"url\":\"https:\/\/fkzalgiris.lt\/s-mikoliunas-atsiliepe-tai-jog-be-buvome-varzybu-ritmo\/\",\"name\":\"S. Mikoli\u016bnas: \u201eAtsiliep\u0117 tai, jog buvome be var\u017eyb\u0173 ritmo\u201c - FK \u017dalgiris\",\"isPartOf\":{\"@id\":\"https:\/\/fkzalgiris.lt\/#website\"},\"datePublished\":\"2021-03-14T09:00:39+00:00\",\"dateModified\":\"2021-03-14T19:02:30+00:00\",\"breadcrumb\":{\"@id\":\"https:\/\/fkzalgiris.lt\/s-mikoliunas-atsiliepe-tai-jog-be-buvome-varzybu-ritmo\/#breadcrumb\"},\"inLanguage\":\"lt-LT\",\"potentialAction\":[{\"@type\":\"ReadAction\",\"target\":[\"https:\/\/fkzalgiris.lt\/s-mikoliunas-atsiliepe-tai-jog-be-buvome-varzybu-ritmo\/\"]}]},{\"@type\":\"BreadcrumbList\",\"@id\":\"https:\/\/fkzalgiris.lt\/s-mikoliunas-atsiliepe-tai-jog-be-buvome-varzybu-ritmo\/#breadcrumb\",\"itemListElement\":[{\"@type\":\"ListItem\",\"position\":1,\"name\":\"Home\",\"item\":\"https:\/\/fkzalgiris.lt\/\"},{\"@type\":\"ListItem\",\"position\":2,\"name\":\"S. Mikoli\u016bnas: \u201eAtsiliep\u0117 tai, jog buvome be var\u017eyb\u0173 ritmo\u201c\"}]},{\"@type\":\"WebSite\",\"@id\":\"https:\/\/fkzalgiris.lt\/#website\",\"url\":\"https:\/\/fkzalgiris.lt\/\",\"name\":\"FK \u017dalgiris\",\"description\":\"oficiali Vilniaus \u201e\u017dalgirio\u201c futbolo klubo svetain\u0117\",\"publisher\":{\"@id\":\"https:\/\/fkzalgiris.lt\/#organization\"},\"potentialAction\":[{\"@type\":\"SearchAction\",\"target\":{\"@type\":\"EntryPoint\",\"urlTemplate\":\"https:\/\/fkzalgiris.lt\/?s={search_term_string}\"},\"query-input\":{\"@type\":\"PropertyValueSpecification\",\"valueRequired\":true,\"valueName\":\"search_term_string\"}}],\"inLanguage\":\"lt-LT\"},{\"@type\":\"Organization\",\"@id\":\"https:\/\/fkzalgiris.lt\/#organization\",\"name\":\"FK \u017dalgiris\",\"url\":\"https:\/\/fkzalgiris.lt\/\",\"logo\":{\"@type\":\"ImageObject\",\"inLanguage\":\"lt-LT\",\"@id\":\"https:\/\/fkzalgiris.lt\/#\/schema\/logo\/image\/\",\"url\":\"https:\/\/fkzalgiris.lt\/wp-content\/uploads\/2024\/01\/horiz-FK-Zalgiris-logo-2015.png\",\"contentUrl\":\"https:\/\/fkzalgiris.lt\/wp-content\/uploads\/2024\/01\/horiz-FK-Zalgiris-logo-2015.png\",\"width\":3073,\"height\":2048,\"caption\":\"FK \u017dalgiris\"},\"image\":{\"@id\":\"https:\/\/fkzalgiris.lt\/#\/schema\/logo\/image\/\"},\"sameAs\":[\"https:\/\/www.facebook.com\/fkzalgiris\/\",\"https:\/\/x.com\/fkzalgiris\",\"https:\/\/www.instagram.com\/fkzalgiris\/\",\"https:\/\/www.youtube.com\/channel\/UC1ag8JLxGirltMUoLlzfZLA\"]},{\"@type\":\"Person\",\"@id\":\"https:\/\/fkzalgiris.lt\/#\/schema\/person\/8604babbba794a7d8767be324a3eaac8\",\"name\":\"J\"}]}<\/script>\n<!-- \/ Yoast SEO plugin. -->","yoast_head_json":{"title":"S. Mikoli\u016bnas: \u201eAtsiliep\u0117 tai, jog buvome be var\u017eyb\u0173 ritmo\u201c - FK \u017dalgiris","robots":{"index":"index","follow":"follow","max-snippet":"max-snippet:-1","max-image-preview":"max-image-preview:large","max-video-preview":"max-video-preview:-1"},"canonical":"https:\/\/fkzalgiris.lt\/s-mikoliunas-atsiliepe-tai-jog-be-buvome-varzybu-ritmo\/","og_locale":"lt_LT","og_type":"article","og_title":"S. Mikoli\u016bnas: \u201eAtsiliep\u0117 tai, jog buvome be var\u017eyb\u0173 ritmo\u201c - FK \u017dalgiris","og_description":"Saulius Mikoli\u016bnas savo karjeroje mat\u0117 daug \u0161alto ir \u0161ilto, bet naujo 2021 met\u0173 sezono startas su \u201e\u017dalgiriu\u201c buvo ne\u012fprastas ir jam. 36 met\u0173 veteranas prie\u0161\u2026","og_url":"https:\/\/fkzalgiris.lt\/s-mikoliunas-atsiliepe-tai-jog-be-buvome-varzybu-ritmo\/","og_site_name":"FK \u017dalgiris","article_publisher":"https:\/\/www.facebook.com\/fkzalgiris\/","article_published_time":"2021-03-14T09:00:39+00:00","article_modified_time":"2021-03-14T19:02:30+00:00","og_image":[{"width":3356,"height":2259,"url":"https:\/\/fkzalgiris.lt\/wp-content\/uploads\/2024\/02\/social-horiz_Zalgiris_logo_2024.png","type":"image\/png"}],"author":"J","twitter_card":"summary_large_image","twitter_creator":"@fkzalgiris","twitter_site":"@fkzalgiris","twitter_misc":{"Written by":"J","Est. reading time":"2 minut\u0117s"},"schema":{"@context":"https:\/\/schema.org","@graph":[{"@type":"Article","@id":"https:\/\/fkzalgiris.lt\/s-mikoliunas-atsiliepe-tai-jog-be-buvome-varzybu-ritmo\/#article","isPartOf":{"@id":"https:\/\/fkzalgiris.lt\/s-mikoliunas-atsiliepe-tai-jog-be-buvome-varzybu-ritmo\/"},"author":{"name":"J","@id":"https:\/\/fkzalgiris.lt\/#\/schema\/person\/8604babbba794a7d8767be324a3eaac8"},"headline":"S. Mikoli\u016bnas: \u201eAtsiliep\u0117 tai, jog buvome be var\u017eyb\u0173 ritmo\u201c","datePublished":"2021-03-14T09:00:39+00:00","dateModified":"2021-03-14T19:02:30+00:00","mainEntityOfPage":{"@id":"https:\/\/fkzalgiris.lt\/s-mikoliunas-atsiliepe-tai-jog-be-buvome-varzybu-ritmo\/"},"wordCount":410,"publisher":{"@id":"https:\/\/fkzalgiris.lt\/#organization"},"inLanguage":"lt-LT"},{"@type":"WebPage","@id":"https:\/\/fkzalgiris.lt\/s-mikoliunas-atsiliepe-tai-jog-be-buvome-varzybu-ritmo\/","url":"https:\/\/fkzalgiris.lt\/s-mikoliunas-atsiliepe-tai-jog-be-buvome-varzybu-ritmo\/","name":"S. Mikoli\u016bnas: \u201eAtsiliep\u0117 tai, jog buvome be var\u017eyb\u0173 ritmo\u201c - FK \u017dalgiris","isPartOf":{"@id":"https:\/\/fkzalgiris.lt\/#website"},"datePublished":"2021-03-14T09:00:39+00:00","dateModified":"2021-03-14T19:02:30+00:00","breadcrumb":{"@id":"https:\/\/fkzalgiris.lt\/s-mikoliunas-atsiliepe-tai-jog-be-buvome-varzybu-ritmo\/#breadcrumb"},"inLanguage":"lt-LT","potentialAction":[{"@type":"ReadAction","target":["https:\/\/fkzalgiris.lt\/s-mikoliunas-atsiliepe-tai-jog-be-buvome-varzybu-ritmo\/"]}]},{"@type":"BreadcrumbList","@id":"https:\/\/fkzalgiris.lt\/s-mikoliunas-atsiliepe-tai-jog-be-buvome-varzybu-ritmo\/#breadcrumb","itemListElement":[{"@type":"ListItem","position":1,"name":"Home","item":"https:\/\/fkzalgiris.lt\/"},{"@type":"ListItem","position":2,"name":"S. Mikoli\u016bnas: \u201eAtsiliep\u0117 tai, jog buvome be var\u017eyb\u0173 ritmo\u201c"}]},{"@type":"WebSite","@id":"https:\/\/fkzalgiris.lt\/#website","url":"https:\/\/fkzalgiris.lt\/","name":"FK \u017dalgiris","description":"oficiali Vilniaus \u201e\u017dalgirio\u201c futbolo klubo svetain\u0117","publisher":{"@id":"https:\/\/fkzalgiris.lt\/#organization"},"potentialAction":[{"@type":"SearchAction","target":{"@type":"EntryPoint","urlTemplate":"https:\/\/fkzalgiris.lt\/?s={search_term_string}"},"query-input":{"@type":"PropertyValueSpecification","valueRequired":true,"valueName":"search_term_string"}}],"inLanguage":"lt-LT"},{"@type":"Organization","@id":"https:\/\/fkzalgiris.lt\/#organization","name":"FK \u017dalgiris","url":"https:\/\/fkzalgiris.lt\/","logo":{"@type":"ImageObject","inLanguage":"lt-LT","@id":"https:\/\/fkzalgiris.lt\/#\/schema\/logo\/image\/","url":"https:\/\/fkzalgiris.lt\/wp-content\/uploads\/2024\/01\/horiz-FK-Zalgiris-logo-2015.png","contentUrl":"https:\/\/fkzalgiris.lt\/wp-content\/uploads\/2024\/01\/horiz-FK-Zalgiris-logo-2015.png","width":3073,"height":2048,"caption":"FK \u017dalgiris"},"image":{"@id":"https:\/\/fkzalgiris.lt\/#\/schema\/logo\/image\/"},"sameAs":["https:\/\/www.facebook.com\/fkzalgiris\/","https:\/\/x.com\/fkzalgiris","https:\/\/www.instagram.com\/fkzalgiris\/","https:\/\/www.youtube.com\/channel\/UC1ag8JLxGirltMUoLlzfZLA"]},{"@type":"Person","@id":"https:\/\/fkzalgiris.lt\/#\/schema\/person\/8604babbba794a7d8767be324a3eaac8","name":"J"}]}},"_links":{"self":[{"href":"https:\/\/fkzalgiris.lt\/api\/wp\/v2\/posts\/4367","targetHints":{"allow":["GET"]}}],"collection":[{"href":"https:\/\/fkzalgiris.lt\/api\/wp\/v2\/posts"}],"about":[{"href":"https:\/\/fkzalgiris.lt\/api\/wp\/v2\/types\/post"}],"author":[{"embeddable":true,"href":"https:\/\/fkzalgiris.lt\/api\/wp\/v2\/users\/4"}],"replies":[{"embeddable":true,"href":"https:\/\/fkzalgiris.lt\/api\/wp\/v2\/comments?post=4367"}],"version-history":[{"count":6,"href":"https:\/\/fkzalgiris.lt\/api\/wp\/v2\/posts\/4367\/revisions"}],"predecessor-version":[{"id":4377,"href":"https:\/\/fkzalgiris.lt\/api\/wp\/v2\/posts\/4367\/revisions\/4377"}],"wp:attachment":[{"href":"https:\/\/fkzalgiris.lt\/api\/wp\/v2\/media?parent=4367"}],"wp:term":[{"taxonomy":"category","embeddable":true,"href":"https:\/\/fkzalgiris.lt\/api\/wp\/v2\/categories?post=4367"}],"curies":[{"name":"wp","href":"https:\/\/api.w.org\/{rel}","templated":true}]}}