{"id":3924,"date":"2021-01-23T13:22:51","date_gmt":"2021-01-23T11:22:51","guid":{"rendered":"https:\/\/fkzalgiris.lt\/?p=3924"},"modified":"2021-01-23T13:43:10","modified_gmt":"2021-01-23T11:43:10","slug":"o-verbickas-pasirinkau-zaisti-komandoje-kurioje-keliami-didziausi-tikslai","status":"publish","type":"post","link":"https:\/\/fkzalgiris.lt\/o-verbickas-pasirinkau-zaisti-komandoje-kurioje-keliami-didziausi-tikslai\/","title":{"rendered":"O. Verbickas: \u201ePasirinkau \u017eaisti komandoje kurioje keliami did\u017eiausi tikslai\u201c"},"content":{"rendered":"<p>Ovidijus Verbickas ketvirtadien\u012f pasira\u0161\u0119s sutart\u012f su \u201e\u017dalgiriu\u201c jau kit\u0105 ryt\u0105 kibo \u012f darbus \u2013 Vilniuje prisijung\u0117 prie komandos treniruo\u010di\u0173.<\/p>\n<p>27 met\u0173 \u017eaid\u0117jas \u012f Lietuv\u0105 gr\u012f\u017eta po met\u0173 pertraukos. \u017daisti \u012f Kazachstan\u0105 jis buvo i\u0161keliav\u0119s po trij\u0173 sezon\u0173 A lygoje ir trij\u0173 i\u0161kovot\u0173 \u010dempion\u0173 titul\u0173.<\/p>\n<p>Lietuvos rinktin\u0117s saugo teigimu, klubo ambicijos ginti \u010dempion\u0173 vardus ir siekti pergali\u0173 Europoje labiausiai nul\u0117m\u0119 apsisprendim\u0105 d\u0117l karjeros prat\u0119simo Vilniuje.<\/p>\n<p>\u201ePasirinkau \u017eaisti \u010dia labiausiai d\u0117l to, kad \u201e\u017dalgiris\u201c sau kelia did\u017eiausius tikslus. Taip pat padar\u0117 \u012ftak\u0105 komandoje esantis treneris. A\u0161 sau kaip \u017emogus, kaip \u017eaid\u0117jas, keliu auk\u0161tus tikslus ir m\u016bs\u0173 vizijos su \u201e\u017dalgiriu\u201c sutapo. D\u0117l to ir atvykau \u010dia. Esu kupinas noro tobul\u0117ti\u201c, &#8211; kalb\u0117jo \u017eaid\u0117jas.<\/p>\n<p>Jis sostin\u0117je bus ne naujokas, nes \u010dia ilgus metus sportavo futbolo mokykloje \u012f kuri\u0105 vykdavo i\u0161 gimtosios Ukmerg\u0117s. \u201eNuo 9 met\u0173 treniravausi pas trener\u012f Viktor\u0105 Osetrov\u0105 iki tol, kol i\u0161va\u017eiavau \u012f Rusij\u0105. Tod\u0117l Vilniuje praleisti apie 9 metai. Ai\u0161ku, \u0161is manie\u017eas, kuriame komanda treniruojasi, man naujas, daug visko naujo. Bet prisitaikyti, manau, nereik\u0117s daug laiko\u201c, &#8211; teig\u0117 futbolininkas.<\/p>\n<p>O. Verbicko karjeroje ry\u0161k\u0173 \u012fspaud\u0105 paliko trys sezonai \u201eS\u016bduvoje\u201c, su kuria jis b\u016bdavo principinis var\u017eovas \u201e\u017dalgiriui\u201c. Ta\u010diau ukmergi\u0161kis patikino, kad \u012f \u0161i\u0105 situacij\u0105 ne\u017ei\u016bri kaip \u012f per\u0117jim\u0105 \u012f prie\u0161ing\u0105 sstovykl\u0105..<\/p>\n<p>\u201eMes, futbolininkai, esame profesionalai. Tuo labiau atvykau ne i\u0161 karto i\u0161 \u201eS\u016bduvos\u201c, metus praleidau Kazachstane. Nemanau, kad tur\u0117t\u0173 b\u016bti ka\u017ekoks pyktis. Ai\u0161ku, aik\u0161t\u0117je tarp komand\u0173 i\u0161liks derbis, tik reik\u0117s ginti kitas spalvas. Visi tai turi suprasti. Tai normalu, m\u016bs\u0173 darbas. Kas kvie\u010dia, si\u016blo geresnes s\u0105lygas, kas kelia didesnes ambicijas, ten ir renkiesi &#8211; kur manai, kad tau geriau\u201c, &#8211; ai\u0161kino O. Verbickas.<\/p>\n<p>Debiutuoti komandoje jis gal\u0117s po savait\u0117s, sausio 30 d., kuomet numatyta pirmoji \u201e\u017dalgirio\u201c kontrolin\u0117 dvikova su K\u0117daini\u0173 \u201eNev\u0117\u017eio\u201c klubu.<\/p>\n<p>&nbsp;<\/p>\n<p>&nbsp;<\/p>\n","protected":false},"excerpt":{"rendered":"<p>Ovidijus Verbickas ketvirtadien\u012f pasira\u0161\u0119s sutart\u012f su \u201e\u017dalgiriu\u201c jau kit\u0105 ryt\u0105 kibo \u012f darbus \u2013 Vilniuje prisijung\u0117 prie komandos treniruo\u010di\u0173. 27 met\u0173 \u017eaid\u0117jas \u012f Lietuv\u0105 gr\u012f\u017eta\u2026<\/p>\n","protected":false},"author":4,"featured_media":0,"comment_status":"closed","ping_status":"closed","sticky":false,"template":"","format":"standard","meta":{"_acf_changed":false,"footnotes":""},"categories":[87],"class_list":["post-3924","post","type-post","status-publish","format-standard","hentry","category-zalgiris"],"acf":[],"yoast_head":"<!-- This site is optimized with the Yoast SEO plugin v26.8 - https:\/\/yoast.com\/product\/yoast-seo-wordpress\/ -->\n<title>O. Verbickas: \u201ePasirinkau \u017eaisti komandoje kurioje keliami did\u017eiausi tikslai\u201c - FK \u017dalgiris<\/title>\n<meta name=\"robots\" content=\"index, follow, max-snippet:-1, max-image-preview:large, max-video-preview:-1\" \/>\n<link rel=\"canonical\" href=\"https:\/\/fkzalgiris.lt\/o-verbickas-pasirinkau-zaisti-komandoje-kurioje-keliami-didziausi-tikslai\/\" \/>\n<meta property=\"og:locale\" content=\"lt_LT\" \/>\n<meta property=\"og:type\" content=\"article\" \/>\n<meta property=\"og:title\" content=\"O. Verbickas: \u201ePasirinkau \u017eaisti komandoje kurioje keliami did\u017eiausi tikslai\u201c - FK \u017dalgiris\" \/>\n<meta property=\"og:description\" content=\"Ovidijus Verbickas ketvirtadien\u012f pasira\u0161\u0119s sutart\u012f su \u201e\u017dalgiriu\u201c jau kit\u0105 ryt\u0105 kibo \u012f darbus \u2013 Vilniuje prisijung\u0117 prie komandos treniruo\u010di\u0173. 27 met\u0173 \u017eaid\u0117jas \u012f Lietuv\u0105 gr\u012f\u017eta\u2026\" \/>\n<meta property=\"og:url\" content=\"https:\/\/fkzalgiris.lt\/o-verbickas-pasirinkau-zaisti-komandoje-kurioje-keliami-didziausi-tikslai\/\" \/>\n<meta property=\"og:site_name\" content=\"FK \u017dalgiris\" \/>\n<meta property=\"article:publisher\" content=\"https:\/\/www.facebook.com\/fkzalgiris\/\" \/>\n<meta property=\"article:published_time\" content=\"2021-01-23T11:22:51+00:00\" \/>\n<meta property=\"article:modified_time\" content=\"2021-01-23T11:43:10+00:00\" \/>\n<meta property=\"og:image\" content=\"https:\/\/fkzalgiris.lt\/wp-content\/uploads\/2024\/02\/social-horiz_Zalgiris_logo_2024.png\" \/>\n\t<meta property=\"og:image:width\" content=\"3356\" \/>\n\t<meta property=\"og:image:height\" content=\"2259\" \/>\n\t<meta property=\"og:image:type\" content=\"image\/png\" \/>\n<meta name=\"author\" content=\"J\" \/>\n<meta name=\"twitter:card\" content=\"summary_large_image\" \/>\n<meta name=\"twitter:creator\" content=\"@fkzalgiris\" \/>\n<meta name=\"twitter:site\" content=\"@fkzalgiris\" \/>\n<meta name=\"twitter:label1\" content=\"Written by\" \/>\n\t<meta name=\"twitter:data1\" content=\"J\" \/>\n\t<meta name=\"twitter:label2\" content=\"Est. reading time\" \/>\n\t<meta name=\"twitter:data2\" content=\"2 minut\u0117s\" \/>\n<script type=\"application\/ld+json\" class=\"yoast-schema-graph\">{\"@context\":\"https:\/\/schema.org\",\"@graph\":[{\"@type\":\"Article\",\"@id\":\"https:\/\/fkzalgiris.lt\/o-verbickas-pasirinkau-zaisti-komandoje-kurioje-keliami-didziausi-tikslai\/#article\",\"isPartOf\":{\"@id\":\"https:\/\/fkzalgiris.lt\/o-verbickas-pasirinkau-zaisti-komandoje-kurioje-keliami-didziausi-tikslai\/\"},\"author\":{\"name\":\"J\",\"@id\":\"https:\/\/fkzalgiris.lt\/#\/schema\/person\/8604babbba794a7d8767be324a3eaac8\"},\"headline\":\"O. Verbickas: \u201ePasirinkau \u017eaisti komandoje kurioje keliami did\u017eiausi tikslai\u201c\",\"datePublished\":\"2021-01-23T11:22:51+00:00\",\"dateModified\":\"2021-01-23T11:43:10+00:00\",\"mainEntityOfPage\":{\"@id\":\"https:\/\/fkzalgiris.lt\/o-verbickas-pasirinkau-zaisti-komandoje-kurioje-keliami-didziausi-tikslai\/\"},\"wordCount\":334,\"publisher\":{\"@id\":\"https:\/\/fkzalgiris.lt\/#organization\"},\"articleSection\":[\"\u017dalgiris\"],\"inLanguage\":\"lt-LT\"},{\"@type\":\"WebPage\",\"@id\":\"https:\/\/fkzalgiris.lt\/o-verbickas-pasirinkau-zaisti-komandoje-kurioje-keliami-didziausi-tikslai\/\",\"url\":\"https:\/\/fkzalgiris.lt\/o-verbickas-pasirinkau-zaisti-komandoje-kurioje-keliami-didziausi-tikslai\/\",\"name\":\"O. Verbickas: \u201ePasirinkau \u017eaisti komandoje kurioje keliami did\u017eiausi tikslai\u201c - FK \u017dalgiris\",\"isPartOf\":{\"@id\":\"https:\/\/fkzalgiris.lt\/#website\"},\"datePublished\":\"2021-01-23T11:22:51+00:00\",\"dateModified\":\"2021-01-23T11:43:10+00:00\",\"breadcrumb\":{\"@id\":\"https:\/\/fkzalgiris.lt\/o-verbickas-pasirinkau-zaisti-komandoje-kurioje-keliami-didziausi-tikslai\/#breadcrumb\"},\"inLanguage\":\"lt-LT\",\"potentialAction\":[{\"@type\":\"ReadAction\",\"target\":[\"https:\/\/fkzalgiris.lt\/o-verbickas-pasirinkau-zaisti-komandoje-kurioje-keliami-didziausi-tikslai\/\"]}]},{\"@type\":\"BreadcrumbList\",\"@id\":\"https:\/\/fkzalgiris.lt\/o-verbickas-pasirinkau-zaisti-komandoje-kurioje-keliami-didziausi-tikslai\/#breadcrumb\",\"itemListElement\":[{\"@type\":\"ListItem\",\"position\":1,\"name\":\"Home\",\"item\":\"https:\/\/fkzalgiris.lt\/\"},{\"@type\":\"ListItem\",\"position\":2,\"name\":\"O. Verbickas: \u201ePasirinkau \u017eaisti komandoje kurioje keliami did\u017eiausi tikslai\u201c\"}]},{\"@type\":\"WebSite\",\"@id\":\"https:\/\/fkzalgiris.lt\/#website\",\"url\":\"https:\/\/fkzalgiris.lt\/\",\"name\":\"FK \u017dalgiris\",\"description\":\"oficiali Vilniaus \u201e\u017dalgirio\u201c futbolo klubo svetain\u0117\",\"publisher\":{\"@id\":\"https:\/\/fkzalgiris.lt\/#organization\"},\"potentialAction\":[{\"@type\":\"SearchAction\",\"target\":{\"@type\":\"EntryPoint\",\"urlTemplate\":\"https:\/\/fkzalgiris.lt\/?s={search_term_string}\"},\"query-input\":{\"@type\":\"PropertyValueSpecification\",\"valueRequired\":true,\"valueName\":\"search_term_string\"}}],\"inLanguage\":\"lt-LT\"},{\"@type\":\"Organization\",\"@id\":\"https:\/\/fkzalgiris.lt\/#organization\",\"name\":\"FK \u017dalgiris\",\"url\":\"https:\/\/fkzalgiris.lt\/\",\"logo\":{\"@type\":\"ImageObject\",\"inLanguage\":\"lt-LT\",\"@id\":\"https:\/\/fkzalgiris.lt\/#\/schema\/logo\/image\/\",\"url\":\"https:\/\/fkzalgiris.lt\/wp-content\/uploads\/2024\/01\/horiz-FK-Zalgiris-logo-2015.png\",\"contentUrl\":\"https:\/\/fkzalgiris.lt\/wp-content\/uploads\/2024\/01\/horiz-FK-Zalgiris-logo-2015.png\",\"width\":3073,\"height\":2048,\"caption\":\"FK \u017dalgiris\"},\"image\":{\"@id\":\"https:\/\/fkzalgiris.lt\/#\/schema\/logo\/image\/\"},\"sameAs\":[\"https:\/\/www.facebook.com\/fkzalgiris\/\",\"https:\/\/x.com\/fkzalgiris\",\"https:\/\/www.instagram.com\/fkzalgiris\/\",\"https:\/\/www.youtube.com\/channel\/UC1ag8JLxGirltMUoLlzfZLA\"]},{\"@type\":\"Person\",\"@id\":\"https:\/\/fkzalgiris.lt\/#\/schema\/person\/8604babbba794a7d8767be324a3eaac8\",\"name\":\"J\"}]}<\/script>\n<!-- \/ Yoast SEO plugin. -->","yoast_head_json":{"title":"O. Verbickas: \u201ePasirinkau \u017eaisti komandoje kurioje keliami did\u017eiausi tikslai\u201c - FK \u017dalgiris","robots":{"index":"index","follow":"follow","max-snippet":"max-snippet:-1","max-image-preview":"max-image-preview:large","max-video-preview":"max-video-preview:-1"},"canonical":"https:\/\/fkzalgiris.lt\/o-verbickas-pasirinkau-zaisti-komandoje-kurioje-keliami-didziausi-tikslai\/","og_locale":"lt_LT","og_type":"article","og_title":"O. Verbickas: \u201ePasirinkau \u017eaisti komandoje kurioje keliami did\u017eiausi tikslai\u201c - FK \u017dalgiris","og_description":"Ovidijus Verbickas ketvirtadien\u012f pasira\u0161\u0119s sutart\u012f su \u201e\u017dalgiriu\u201c jau kit\u0105 ryt\u0105 kibo \u012f darbus \u2013 Vilniuje prisijung\u0117 prie komandos treniruo\u010di\u0173. 27 met\u0173 \u017eaid\u0117jas \u012f Lietuv\u0105 gr\u012f\u017eta\u2026","og_url":"https:\/\/fkzalgiris.lt\/o-verbickas-pasirinkau-zaisti-komandoje-kurioje-keliami-didziausi-tikslai\/","og_site_name":"FK \u017dalgiris","article_publisher":"https:\/\/www.facebook.com\/fkzalgiris\/","article_published_time":"2021-01-23T11:22:51+00:00","article_modified_time":"2021-01-23T11:43:10+00:00","og_image":[{"width":3356,"height":2259,"url":"https:\/\/fkzalgiris.lt\/wp-content\/uploads\/2024\/02\/social-horiz_Zalgiris_logo_2024.png","type":"image\/png"}],"author":"J","twitter_card":"summary_large_image","twitter_creator":"@fkzalgiris","twitter_site":"@fkzalgiris","twitter_misc":{"Written by":"J","Est. reading time":"2 minut\u0117s"},"schema":{"@context":"https:\/\/schema.org","@graph":[{"@type":"Article","@id":"https:\/\/fkzalgiris.lt\/o-verbickas-pasirinkau-zaisti-komandoje-kurioje-keliami-didziausi-tikslai\/#article","isPartOf":{"@id":"https:\/\/fkzalgiris.lt\/o-verbickas-pasirinkau-zaisti-komandoje-kurioje-keliami-didziausi-tikslai\/"},"author":{"name":"J","@id":"https:\/\/fkzalgiris.lt\/#\/schema\/person\/8604babbba794a7d8767be324a3eaac8"},"headline":"O. Verbickas: \u201ePasirinkau \u017eaisti komandoje kurioje keliami did\u017eiausi tikslai\u201c","datePublished":"2021-01-23T11:22:51+00:00","dateModified":"2021-01-23T11:43:10+00:00","mainEntityOfPage":{"@id":"https:\/\/fkzalgiris.lt\/o-verbickas-pasirinkau-zaisti-komandoje-kurioje-keliami-didziausi-tikslai\/"},"wordCount":334,"publisher":{"@id":"https:\/\/fkzalgiris.lt\/#organization"},"articleSection":["\u017dalgiris"],"inLanguage":"lt-LT"},{"@type":"WebPage","@id":"https:\/\/fkzalgiris.lt\/o-verbickas-pasirinkau-zaisti-komandoje-kurioje-keliami-didziausi-tikslai\/","url":"https:\/\/fkzalgiris.lt\/o-verbickas-pasirinkau-zaisti-komandoje-kurioje-keliami-didziausi-tikslai\/","name":"O. Verbickas: \u201ePasirinkau \u017eaisti komandoje kurioje keliami did\u017eiausi tikslai\u201c - FK \u017dalgiris","isPartOf":{"@id":"https:\/\/fkzalgiris.lt\/#website"},"datePublished":"2021-01-23T11:22:51+00:00","dateModified":"2021-01-23T11:43:10+00:00","breadcrumb":{"@id":"https:\/\/fkzalgiris.lt\/o-verbickas-pasirinkau-zaisti-komandoje-kurioje-keliami-didziausi-tikslai\/#breadcrumb"},"inLanguage":"lt-LT","potentialAction":[{"@type":"ReadAction","target":["https:\/\/fkzalgiris.lt\/o-verbickas-pasirinkau-zaisti-komandoje-kurioje-keliami-didziausi-tikslai\/"]}]},{"@type":"BreadcrumbList","@id":"https:\/\/fkzalgiris.lt\/o-verbickas-pasirinkau-zaisti-komandoje-kurioje-keliami-didziausi-tikslai\/#breadcrumb","itemListElement":[{"@type":"ListItem","position":1,"name":"Home","item":"https:\/\/fkzalgiris.lt\/"},{"@type":"ListItem","position":2,"name":"O. Verbickas: \u201ePasirinkau \u017eaisti komandoje kurioje keliami did\u017eiausi tikslai\u201c"}]},{"@type":"WebSite","@id":"https:\/\/fkzalgiris.lt\/#website","url":"https:\/\/fkzalgiris.lt\/","name":"FK \u017dalgiris","description":"oficiali Vilniaus \u201e\u017dalgirio\u201c futbolo klubo svetain\u0117","publisher":{"@id":"https:\/\/fkzalgiris.lt\/#organization"},"potentialAction":[{"@type":"SearchAction","target":{"@type":"EntryPoint","urlTemplate":"https:\/\/fkzalgiris.lt\/?s={search_term_string}"},"query-input":{"@type":"PropertyValueSpecification","valueRequired":true,"valueName":"search_term_string"}}],"inLanguage":"lt-LT"},{"@type":"Organization","@id":"https:\/\/fkzalgiris.lt\/#organization","name":"FK \u017dalgiris","url":"https:\/\/fkzalgiris.lt\/","logo":{"@type":"ImageObject","inLanguage":"lt-LT","@id":"https:\/\/fkzalgiris.lt\/#\/schema\/logo\/image\/","url":"https:\/\/fkzalgiris.lt\/wp-content\/uploads\/2024\/01\/horiz-FK-Zalgiris-logo-2015.png","contentUrl":"https:\/\/fkzalgiris.lt\/wp-content\/uploads\/2024\/01\/horiz-FK-Zalgiris-logo-2015.png","width":3073,"height":2048,"caption":"FK \u017dalgiris"},"image":{"@id":"https:\/\/fkzalgiris.lt\/#\/schema\/logo\/image\/"},"sameAs":["https:\/\/www.facebook.com\/fkzalgiris\/","https:\/\/x.com\/fkzalgiris","https:\/\/www.instagram.com\/fkzalgiris\/","https:\/\/www.youtube.com\/channel\/UC1ag8JLxGirltMUoLlzfZLA"]},{"@type":"Person","@id":"https:\/\/fkzalgiris.lt\/#\/schema\/person\/8604babbba794a7d8767be324a3eaac8","name":"J"}]}},"_links":{"self":[{"href":"https:\/\/fkzalgiris.lt\/api\/wp\/v2\/posts\/3924","targetHints":{"allow":["GET"]}}],"collection":[{"href":"https:\/\/fkzalgiris.lt\/api\/wp\/v2\/posts"}],"about":[{"href":"https:\/\/fkzalgiris.lt\/api\/wp\/v2\/types\/post"}],"author":[{"embeddable":true,"href":"https:\/\/fkzalgiris.lt\/api\/wp\/v2\/users\/4"}],"replies":[{"embeddable":true,"href":"https:\/\/fkzalgiris.lt\/api\/wp\/v2\/comments?post=3924"}],"version-history":[{"count":3,"href":"https:\/\/fkzalgiris.lt\/api\/wp\/v2\/posts\/3924\/revisions"}],"predecessor-version":[{"id":3928,"href":"https:\/\/fkzalgiris.lt\/api\/wp\/v2\/posts\/3924\/revisions\/3928"}],"wp:attachment":[{"href":"https:\/\/fkzalgiris.lt\/api\/wp\/v2\/media?parent=3924"}],"wp:term":[{"taxonomy":"category","embeddable":true,"href":"https:\/\/fkzalgiris.lt\/api\/wp\/v2\/categories?post=3924"}],"curies":[{"name":"wp","href":"https:\/\/api.w.org\/{rel}","templated":true}]}}