{"id":3819,"date":"2021-01-13T12:56:53","date_gmt":"2021-01-13T10:56:53","guid":{"rendered":"https:\/\/fkzalgiris.lt\/?p=3819"},"modified":"2025-10-30T09:58:22","modified_gmt":"2025-10-30T07:58:22","slug":"laisves-gynyba-pries-30-metu-prisiminimai-is-sausio-ivykiu","status":"publish","type":"post","link":"https:\/\/fkzalgiris.lt\/laisves-gynyba-pries-30-metu-prisiminimai-is-sausio-ivykiu\/","title":{"rendered":"Laisv\u0117s gynyba prie\u0161 30 met\u0173: prisiminimai i\u0161 sausio \u012fvyki\u0173"},"content":{"rendered":"<p>Prie\u0161 daugiau nei 30 met\u0173 Lietuv\u0105 ir pasaul\u012f sukr\u0117tusiuose tragi\u0161k\u0173 <a href=\"https:\/\/www.lrs.lt\/sip\/portal.show?p_r=37329&amp;p_k=1\">sausio \u012fvyki\u0173<\/a> s\u016bkuryje dalyvavo ir Vilniaus \u201e\u017dalgirio\u201c aistruoliai, ir \u017eaid\u0117jai. Jie pasidalino prisiminimais i\u0161 \u012ftempt\u0173 \u012fvyki\u0173 prie parlamento bei daugyb\u0117s auk\u0173 ir su\u017eeist\u0173j\u0173 pareikalavusios sausio 13-osios nakties.<\/p>\n<p><strong>I\u0161 trib\u016bn\u0173 \u2013 ginti parlamento<\/strong><\/p>\n<p>Sovietme\u010diu \u201e\u017dalgirio\u201c stadiono trib\u016bnos buvo daugiau nei vieta pasi\u017ei\u016br\u0117ti futbol\u0105 ar pasirgti u\u017e savo komand\u0105, bet ir galimyb\u0117 \u017eod\u017eiais ar veiksmais i\u0161reik\u0161ti savo pasiprie\u0161inim\u0105 re\u017eimui.<\/p>\n<p>Pergal\u0117s prie\u0161 kai kuriuos var\u017eovus tur\u0117jo simbolin\u0119 reik\u0161m\u0119, o \u012fgelti norima ne tik futbolo aik\u0161t\u0117je \u2013 tarp nuotyki\u0173 ie\u0161kojusi\u0173 prie\u0161i\u0161k\u0173 komand\u0173 aistruoli\u0173 vykdavo ir susir\u0117mimai.<\/p>\n<p>Kai 1991-\u0173j\u0173 saus\u012f prireik\u0117 ginti pernai paskelbt\u0105 nepriklausomyb\u0119 nuo okupant\u0173 agresijos, \u012f t\u0117vyn\u0117s \u0161auksm\u0105 atsiliep\u0117 nema\u017eai aktyvi\u0173j\u0173 \u201e\u017dalgirio\u201c gerb\u0117j\u0173.<\/p>\n<p>Komandos \u00a0rungtynes nuo 1982 met\u0173 lankantis Ingvaras Butautas savo knygoje \u201eAnapus futbolo aik\u0161t\u0117s\u201c pasakoja apie \u012fvykius tuometin\u0117s Auk\u0161\u010diausios Tarybos (dabartinio Seimo), kuomet bendras vardiklis \u2013 draugyst\u0117 i\u0161 trib\u016bnos patrauk\u0117 net \u017emones i\u0161 prie\u0161ingos stovyklos, o esmine pergale tapo susilaikymas nuo kovos.<\/p>\n<p>I. Butauto knygos i\u0161trauka:<br \/>\n<em>\u201eKone visus sovietmet\u012f veikusius \u201e\u017dalgirio\u201c fanus vienoje vietoje 1991-aisiais pama\u010diau visai ne per futbol\u0105, o per sausio \u012fvykius.<\/em><\/p>\n<p><em>Man jie prasid\u0117jo sausio 9-\u0105j\u0105. Po to, kai Auk\u0161\u010diausiosios Tarybos pirmininkas Vytautas Landsbergis pakviet\u0117 susirinkti prie parlamento ir pad\u0117ti j\u012f apginti nuo prosovietinio samb\u016brio \u201eJedinstvo\u201c. Dar papra\u0161\u0117 nesivelt \u012f provokacijas, kad SSRS kariuomen\u0117 nesurast\u0173 prie\u017easties prad\u0117ti \u010dia \u017eudynes.<\/em><\/p>\n<p><em>Dien\u0105 prie\u0161 tai \u201eJedinstvo\u201c sureng\u0117 miting\u0105 ir ankstyv\u0105 ryt\u0105 band\u0117 \u012fsiver\u017eti \u012f parlament\u0105. Juos ka\u017ekaip sugeb\u0117jo atmu\u0161ti keli savanoriai. Tauta tokio \u012fvykio pos\u016bkio nelauk\u0117 ir atsitok\u0117jo jam jau \u012fvykus, po Landsbergio kvietimo. \u201eJedinstvo\u201c vadovai parei\u0161k\u0117, kad kit\u0105 dien\u0105 jie surinks kur kas didesn\u0119 mini\u0105 ir Seim\u0105 i\u0161vaikys.<\/em><\/p>\n<p><em>Suaktyv\u0117jo ir SSRS kariuomen\u0117. Vir\u0161 miesto skraid\u0117 sraigtasparniai ir met\u0117 atsi\u0161aukimus, kuriuose buvo ra\u0161oma, kad m\u016bs\u0173 nepriklausomyb\u0117 ir i\u0161sirinkta vald\u017eia yra neteis\u0117tos ir kitoks \u201ebrudas\u201c.<\/em><\/p>\n<p><em>Tai lietuvius dar labiau paskatino tos (esamos \u2013 red. past.) vald\u017eios klausyti. Gerokai prie\u0161 pasirodant \u201eJedinstvo\u201c surinktiems komunistams, \u0161ovinistams, s\u0105junginio pavaldumo gamykl\u0173 darbuotojams ir pana\u0161iems veik\u0117jams, lietuvi\u0173 aplink Seim\u0105 sukosi tokia minia, kad tie nepriklausomyb\u0117s prie\u0161ai niekaip neb\u016bt\u0173 gal\u0117j\u0119 prasibrauti prie Seimo prieig\u0173.<\/em><\/p>\n<p><em>Pa\u010diame tos minios prie\u0161akyje \u2013 fronte, pasitinkan\u010diame jedinstvinink\u0173 eitynes, stov\u0117jo nema\u017eai esam\u0173 ar buvusi\u0173 Piet\u0173 IV lankytoj\u0173. Susikabinusi rankomis priekin\u0117 Seimo gyn\u0117j\u0173 linija.<\/em><\/p>\n<p><em>K\u0105 tik i\u0161 Gedimino prospekto \u0117m\u0117 pl\u016bsti \u201eJedinstvo\u201c minia, ta m\u016bs\u0173 pirmoji linija su\u0161urmuliavo. Vienoje i\u0161 pirm\u0173j\u0173 jedinstveninink\u0173 gret\u0173 link m\u016bs\u0173 art\u0117jo&#8230; Burgamistras. Miniai pildant aik\u0161t\u0117s pakra\u0161\u010dius Burgamistras atsisveikino su keliais demonstrantais ir pri\u0117jo prie m\u016bs\u0173.<br \/>\n&#8211; \u201eO tu \u010dia k\u0105?\u201c<br \/>\n&#8211; \u201eAi, \u010dia bendradarbiai pasak\u0117 \u2013 einam, a\u0161 ir nu\u0117jau. Pama\u010diau jus ir pasakiau: nepykit, vyrai, bet a\u0161 \u2013 su savo draugais\u201c, &#8211; paai\u0161kino Burgamistras ir su am\u017eina savo \u0161ypsen\u0117le prisijung\u0117 prie m\u016bs\u0173 grandin\u0117s.<\/em><\/p>\n<p><em>Dvi mas\u0117s \u017emoni\u0173 priart\u0117jo viena prie kitos poros metr\u0173 atstumu. Viena skanduoja \u201eLietuva\u201c, kita keikiasi ir r\u0117kia \u201efa\u0161ysty\u201c. Suprantama, ima pyktis. &lt;\u2026&gt; Bet mes stovim susikib\u0119 kaip kokie taikdariai, \u017eydrieji \u0161almai. Jedinstvenininkai ardosi prie\u0161 pat nos\u012f, ka\u017ekoks paauglys spjauna man \u012f veid\u0105 ir kraujas virte u\u017everda. \u00a0O \u010dia dar \u0161alia stovintis Mus\u0117: \u201cKiek \u010dia galim, i\u0161dau\u017eom tuos i\u0161sigim\u0117lius?\u201d<br \/>\n\u201cLandsbergis sak\u0117 nepasiduot provokacijoms, &#8211; atsakau \u2013 Jis, matyt, geriau \u017eino. \u0160ituos i\u0161dau\u017eysim, atva\u017eiuos kiti. Su tankais\u2026\u201d<br \/>\n&lt;\u2026&gt;<br \/>\nApog\u0117j\u0173 \u012ftampa pasiek\u0117, kai ka\u017ekoks vyras \u012flipo \u012f med\u012f \u201cJedinstvo\u201d pus\u0117je u\u017e keli\u0173 metr\u0173 nuo m\u016bs\u0173 ir i\u0161k\u0117l\u0117 ka\u017ekok\u012f prolietuvi\u0161k\u0105 transparant\u0105. J\u012f nuo to med\u017eio nutemp\u0117, transparant\u0105 sulau\u017e\u0117 ir supl\u0117\u0161\u0117 ir \u0117m\u0117 mu\u0161ti\u2026 \u201cPirmyn, m\u016bsi\u0161kius mu\u0161a\u201d, &#8211; pasigirdo balsai i\u0161 u\u017e nugaros, spaudimas i\u0161 tos pus\u0117s padid\u0117jo. I\u0161laik\u0117m.<\/em><\/p>\n<p><em>Pasiard\u0119, bet nieko nepe\u0161\u0119, jedinstvenininkai i\u0161siskirst\u0117. Lietuviai \u2013 ne. Nuo tos dienos prie parlamento dien\u0105 nakt\u012f bud\u0117jo minios \u017emoni\u0173, o aik\u0161t\u0117s pakra\u0161\u010diuose \u0117m\u0117 augti barikados. <\/em><\/p>\n<p><em>Po to prie Auk\u0161\u010diausiosios Tarybos rodydavausi kas dien\u0105. O kartais ir nakt\u012f. Absoliuti dauguma m\u016bsi\u0161ki\u0173 \u2013 taip pat. Sovietinei armijai vis nerimstant, kai kurie j\u0173 \u012fsiliejo \u012f tada besiformavusius savanori\u0173 b\u016brius.\u201c<\/em><\/p>\n<p><strong>Tragi\u0161k\u0105 nakt\u012f neteko draugo<\/strong><\/p>\n<p>Auk\u0161\u010diausioji Taryba buvo apginta, ta\u010diau sovietin\u0117s kariuomen\u0117s daliai po truput\u012f u\u017eimin\u0117jo kitus svarbius objektus, terorizavo gyventojus. Sausio 11 d. u\u017eimti Spaudos r\u016bmai, o nakt\u012f i\u0161 sausio 12-osios \u012f 13-\u0105j\u0105 \u0161turmuotas Radijo ir televizijos komiteto pastatas ir bei Televizijos bok\u0161tas.<\/p>\n<p>Ginti Karolini\u0161ki\u0173 mikrorajone \u012fsik\u016brusio televizijos bok\u0161to susirinko daug gyventoj\u0173 i\u0161 aplinkini\u0173 vietovi\u0173. Vienas j\u0173 \u2013 Vilniuje gim\u0119s ir Karolini\u0161k\u0117se u\u017eaug\u0119s Linas.<\/p>\n<p>Jis pasakoja, jog 41-ojoje vidurin\u0117je mokykloje (dabar Karolini\u0161ki\u0173 gimnazija) vaikai buvo neabejingi futbolui ir jo buvo visur, tiek per fizinio lavinimo pamokas, tiek kieme, tiek ir lankant treniruotes.<\/p>\n<p>\u0160ioje mokykloje i\u0161augo ir nema\u017eai jau nepriklausomyb\u0117s laikotarpiu \u201e\u017dalgiriui\u201c atstovavusi\u0173 \u017eaid\u0117j\u0173 \u2013 Darius Spetyla, Vytautas Karvelis, Andrius Skerla, Egidijus Ju\u0161ka, Audrius Dilys, Tadas Gra\u017ei\u016bnas. Dalis kit\u0173 pasuko \u012f trib\u016bnas.<\/p>\n<p>Pats Linas \u201ePiet\u0173 IV\u201c atsirado 1988 metais nacionalinio atgimimo laikotarpiu ir trib\u016bnoje suplazd\u0117jusias trispalves, po rungtyni\u0173 rengiamas demonstracijas. 1991-\u0173j\u0173 sausio \u012fvykiai jam visam laikui paliko tragi\u0161kos netekties \u012fspaud\u0105.<\/p>\n<p>Lino prisiminimai:<br \/>\n\u201e<em>Per visus kanalus S\u0105j\u016bdis kviet\u0117 ginti \u012fvairius strateginius objektus. Gyvenau netoli Spaudos r\u016bm\u0173, prie kuri\u0173 jau sausio 11 dien\u0105 prasid\u0117jo \u0161audymai ir jau buvo su\u017eeist\u0173. <\/em><\/p>\n<p><em>Okupantams u\u017e\u0117mus Spaudos r\u016bmams, daug negalvodami daugelis \u017emoni\u0173, ypa\u010d gyvenan\u010di\u0173 aplinkiniuose rajonuose, patrauk\u0117 \u012f kit\u0105 Karolini\u0161ki\u0173 gal\u0105, prie Televizijos bok\u0161to, tod\u0117l kartu su klasiokais ir kiemo draugais nukeliavome ir mes. Kadangi prie bok\u0161to buvo budima i\u0161tisai \u2013 dienomis ir naktimis \u2013 tod\u0117l Karolini\u0161ki\u0173 jaunimas tenai visada ir buvo. Bendravom, juokavom ir t.t. Daugel\u012f j\u0173 ne kart\u0105 buvau sutik\u0119s ir \u201e\u017dalgirio\u201c stadione. <\/em><\/p>\n<p><em>Sausio 13-\u0105j\u0105, nakt\u012f, prasid\u0117jo tai, kas nepamir\u0161tama. Va\u017eiavo tankai, \u0161aud\u0117 i\u0161 visko kas gal\u0117jo \u0161auti, stiklai krito ant galv\u0173, \u017emon\u0117s pakriko, slydo, griuvo, o aplink tankai i\u0161 vis\u0173 \u0161on\u0173 va\u017eiuoja. <\/em><\/p>\n<p><em>Mes temp\u0117me i\u0161 po vik\u0161r\u0173 parklupusias moteri\u0161kes, ved\u0117m jas \u012f saugesn\u0119 viet\u0105, v\u0117l \u0117jom ir temp\u0117m, kol visus mus kareiviai galutinai i\u0161st\u016bm\u0117 u\u017e tvoros. <\/em><\/p>\n<p><em>Absoliu\u010diai i\u0161sek\u0119s, visas murzinas gr\u012f\u017eau namo. Mama sutiko persigandusi, nes dar netur\u0117jome nei telefon\u0173, negal\u0117jome susisiekti, informuojant, kas nutiko, o tank\u0173 garsus gird\u0117jo visai \u0161alia nam\u0173. Kritau miegoti kaip u\u017emu\u0161tas. Tik a\u0161 atsibudau ryte, o mano klasiokas Ignas \u0160imulionis \u2013 jau nebepabudo. Jam nesenai buvo su\u0117j\u0119 17 met\u0173. <\/em><\/p>\n<p><em>Ignas nuo pirmos iki devintos klas\u0117s mok\u0117si vienoje mokykloje, gyveno kaimynyst\u0117je, buvome viename draug\u0173 b\u016bryje. Ignas vaik\u0161\u010diojo ir \u012f futbol\u0105, \u012f \u201ePiet\u0173 IV\u201c, nors neda\u017enai.<\/em><\/p>\n<p><em>Kiekvienais metais pasakoju vaikams t\u0105 pa\u010di\u0105 istorij\u0105, u\u017edegame \u017evakut\u0119 prie TV bok\u0161to, apeiname aplink ir pagerbiame \u017euvusius.\u201c<\/em><\/p>\n<p><strong>Pralaim\u0117j\u0119, bet nenugal\u0117ti<\/strong><\/p>\n<p>I\u0161 viso po tos nakties <a href=\"https:\/\/www.lrs.lt\/sip\/portal.show?p_r=37312&amp;p_k=1\">\u017euvo 14 bok\u0161to gyn\u0117j\u0173<\/a>, daugiau nei 700 buvo su\u017eeista.<\/p>\n<p>Daugeliui tos nakties dalyvi\u0173 \u0161iurp\u016bs vaizdai \u012fstrigo visam gyvenimui. Tarp atsid\u016brusi\u0173 prie bok\u0161to buvo ir tuo metu gerai \u017einomas futbolininkas Robertas Tautkus.<\/p>\n<p>\u201e\u017dalgiryje\u201c 1981-1990 metais \u017eaid\u0119s gyn\u0117jas, kaip ir nema\u017eai kit\u0173 to meto komandos nari\u0173, po nepriklausomyb\u0117s atk\u016brimo band\u0117 laim\u0119 u\u017esienyje.<\/p>\n<p>1991 m. jis atstovavo Ki\u0161iniovo \u201eZimbru\u201c ir sausio prad\u017eioje trumpoms atostogoms buvo gr\u012f\u017e\u0119s \u012f Vilni\u0173. Karolini\u0161k\u0117se, netoli bok\u0161to, gyven\u0119s R. Tautkus prie bok\u0161to t\u0105 nakt\u012f patrauk\u0117 su kaimynyst\u0117je gyvenusiu futbolininku Sigitu \u017dvirbliu, kuris taip pat trumpai yra buv\u0119s \u017ealgirie\u010diu, dabar yra \u017einomas verslininkas.<\/p>\n<p>R. Tautkus papasakojo kelis epizodus, kurie \u012fstrigo i\u0161 tos baisios nakties:<\/p>\n<p><em>\u201eJau buvau primig\u0119s, apie vidurnakt\u012f paskambino netoliese gyven\u0119s Sigitas, pasak\u0117, kad bandoma u\u017eimti bok\u0161t\u0105 ir pasi\u016bl\u0117 iki jo eiti kartu. Ma\u010diau per gatv\u0119 va\u017eiavo sunkve\u017eimiai, gird\u0117josi tankai. Staigiai \u0161okau \u012f r\u016bbus ir i\u0161b\u0117gome. B\u0117gte atsid\u016br\u0117me prie bok\u0161to gana greitai, ka\u017ekur per 10 minu\u010di\u0173.<\/em><\/p>\n<p><em>At\u0117j\u0119 pamat\u0117me, kaip tankas u\u017eva\u017eiavo ant automobilio ir j\u012f sutrai\u0161k\u0117. I\u0161 prad\u017ei\u0173 \u201eMoskvi\u010di\u0173\u201c, v\u0117liau ir \u201e\u017diguli\u201c.<\/em><\/p>\n<p><em>Netrukus pri\u0117jome prie greitosios pagalbos automobilio. Vienas su\u017eeistasis gul\u0117jo u\u017eklotas ne\u0161tuvuose. \u201eBerniuk, pad\u0117k\u201c, &#8211; papra\u0161\u0117 gydytoja \u012fkelti su\u017eeist\u0105j\u012f \u012f ma\u0161in\u0105. Pak\u0117liau ir pasirod\u0117 labai keista, kod\u0117l taip buvo lengva kelti \u017emog\u0173. Paklausiau daktar\u0117s, o ji pasak\u0117, kad \u017emogaus kojos sumaitotos&#8230; Perva\u017eiavo tanko vik\u0161rais. Tas \u017emogus, regis, i\u0161gyveno, ma\u010diau j\u012f vienoje i\u0161 min\u0117jimui skirt\u0173 televizijos laid\u0173.\u00a0\u00a0 <\/em><\/p>\n<p><em>Apskritai gyvenime bijojau kraujo, esu kart\u0105 ir nualp\u0119s ligonin\u0117je. Bet toje stresin\u0117je situacijoje buvo kitaip, daug negalvodamas gal\u0117jau pakelti kruvin\u0105 \u017emog\u0173.<\/em><\/p>\n<p><em>V\u0117liau nub\u0117gome prie tvoros, apstojome j\u0105. Po kiek laiko atva\u017eiav\u0119s desantinink\u0173 pulkas visus staigiai i\u0161st\u016bm\u0117, tarsi amerikieti\u0161ko futbolo rungtyn\u0117se. Mat\u0117si, kaip bok\u0161te \u0161viesa vis kilo auk\u0161tyn, auk\u0161tas po auk\u0161to \u2013 po truput\u012f jis buvo u\u017eimtas.<\/em><\/p>\n<p><em>Vienu momentu netoliese minioje sukaleno automatas, \u017emon\u0117s sut\u016bp\u0117, kareivio paleista serija pataik\u0117 \u012f \u017emones. Negal\u0117jome prieiti ar\u010diau, nes saugojome savo pozicijas, bet kiek \u017emon\u0117s kalb\u0117jo, ka\u017ekas \u017euvo, buvo su\u017eeist\u0173. O pats gerai ma\u010diau, kaip i\u0161\u0161ov\u0119s kareivis greitai nub\u0117go bok\u0161to link. Ka\u017ekas su\u0161uko \u201elaikykit \u017emog\u017eud\u012f\u201c. Bet kur tau&#8230; <\/em><\/p>\n<p><em>Nepaisant to, \u017emon\u0117s nei\u0161sisklaid\u0117. Turb\u016bt nelabai suvok\u0117me kas vyksta. Viskas atrod\u0117 kaip sapne, lyg b\u016bt\u0173 filmas ir jame filmuotumeisi. <\/em><\/p>\n<p><em>Tankai band\u0117 \u012fbauginti \u017emones sukiodamiesi, spigindami lempomis, \u0161audydami. Supratome, kad \u0161aud\u0117 i\u0161 tu\u0161\u010di\u0173, tod\u0117l per daug nei\u0161sigandome. Kart\u0105 u\u017esikabinau ant vamzd\u017eio, kaip ir dar du vyrukai. Vamzdis sukosi ir i\u0161\u0161ov\u0117, mus visus tris nune\u0161\u0117 ant \u017eem\u0117s. Trumpam apkurtino garsas, o kar\u0161tis nuo vamzd\u017eio jaut\u0117si ir per pir\u0161tines. Tankus dar apm\u0117t\u0117me sniego gni\u016b\u017et\u0117mis&#8230;<\/em><\/p>\n<p><em>Kur\u012f laik\u0105 dar pabuvome, padainavome, paskandavome. \u0160vintant \u017emon\u0117s prad\u0117jo po truput\u012f skirstytis, i\u0161\u0117jome ir mes.<\/em><\/p>\n<p><em>Po kiek laiko at\u0117jo neteisyb\u0117s, bej\u0117gi\u0161kumo jausmas. Buvau mok\u0119sis karin\u0117je katedroje, tod\u0117l gerai \u017einojau apie ginklus, j\u0173 galimybes. Supratau k\u0105 gali ginklas, ir kad tu prie\u0161 j\u012f negali nieko. Kad jau esi pasmerktas, kad kova nelygi. Tuo pa\u010diu supratau, kad nors t\u0105 kart\u0105 pralaim\u0117jome, bet ir likome nenugal\u0117ti.\u201c<\/em><\/p>\n<p>Sovietin\u0117s armijos agresija nepalau\u017e\u0117 lietuvi\u0173 ry\u017eto, jie toliau gyn\u0117 savo teis\u0117tai i\u0161rinkt\u0105 vald\u017ei\u0105 ir nepriklausomyb\u0117s siek\u012f. Pastangos \u012fvertintos ir tarptautiniu mastu &#8211; vasario prad\u017eioje nepriklausom\u0105 Lietuv\u0105 pripa\u017eino Islandija, netrukus Danija, v\u0117liau sek\u0117 kitos \u0161alys.<\/p>\n<p>1991-ieji pareikalavo daugiau auk\u0173, bet tais metais nepriklausomyb\u0117 buvo apginta ir \u012ftvirtinta. Paskutiniai okupacin\u0117s kariuomen\u0117s daliniai Lietuv\u0105 paliko 1993 m. rugpj\u016b\u010dio pabaigoje.<\/p>\n<p>Daugiau nei penkis de\u0161imtme\u010dius trukusioje kovoje u\u017e nepriklausomyb\u0119 pasiekta pergal\u0117.<\/p>\n","protected":false},"excerpt":{"rendered":"<p>Prie\u0161 daugiau nei 30 met\u0173 Lietuv\u0105 ir pasaul\u012f sukr\u0117tusiuose tragi\u0161k\u0173 sausio \u012fvyki\u0173 s\u016bkuryje dalyvavo ir Vilniaus \u201e\u017dalgirio\u201c aistruoliai, ir \u017eaid\u0117jai. Jie pasidalino prisiminimais i\u0161 \u012ftempt\u0173\u2026<\/p>\n","protected":false},"author":4,"featured_media":0,"comment_status":"closed","ping_status":"closed","sticky":false,"template":"","format":"standard","meta":{"_acf_changed":false,"footnotes":""},"categories":[1],"class_list":["post-3819","post","type-post","status-publish","format-standard","hentry","category-be-kategorijos"],"acf":[],"yoast_head":"<!-- This site is optimized with the Yoast SEO plugin v26.8 - https:\/\/yoast.com\/product\/yoast-seo-wordpress\/ -->\n<title>Laisv\u0117s gynyba prie\u0161 30 met\u0173: prisiminimai i\u0161 sausio \u012fvyki\u0173 - FK \u017dalgiris<\/title>\n<meta name=\"robots\" content=\"index, follow, max-snippet:-1, max-image-preview:large, max-video-preview:-1\" \/>\n<link rel=\"canonical\" href=\"https:\/\/fkzalgiris.lt\/laisves-gynyba-pries-30-metu-prisiminimai-is-sausio-ivykiu\/\" \/>\n<meta property=\"og:locale\" content=\"lt_LT\" \/>\n<meta property=\"og:type\" content=\"article\" \/>\n<meta property=\"og:title\" content=\"Laisv\u0117s gynyba prie\u0161 30 met\u0173: prisiminimai i\u0161 sausio \u012fvyki\u0173 - FK \u017dalgiris\" \/>\n<meta property=\"og:description\" content=\"Prie\u0161 daugiau nei 30 met\u0173 Lietuv\u0105 ir pasaul\u012f sukr\u0117tusiuose tragi\u0161k\u0173 sausio \u012fvyki\u0173 s\u016bkuryje dalyvavo ir Vilniaus \u201e\u017dalgirio\u201c aistruoliai, ir \u017eaid\u0117jai. Jie pasidalino prisiminimais i\u0161 \u012ftempt\u0173\u2026\" \/>\n<meta property=\"og:url\" content=\"https:\/\/fkzalgiris.lt\/laisves-gynyba-pries-30-metu-prisiminimai-is-sausio-ivykiu\/\" \/>\n<meta property=\"og:site_name\" content=\"FK \u017dalgiris\" \/>\n<meta property=\"article:publisher\" content=\"https:\/\/www.facebook.com\/fkzalgiris\/\" \/>\n<meta property=\"article:published_time\" content=\"2021-01-13T10:56:53+00:00\" \/>\n<meta property=\"article:modified_time\" content=\"2025-10-30T07:58:22+00:00\" \/>\n<meta property=\"og:image\" content=\"https:\/\/fkzalgiris.lt\/wp-content\/uploads\/2024\/02\/social-horiz_Zalgiris_logo_2024.png\" \/>\n\t<meta property=\"og:image:width\" content=\"3356\" \/>\n\t<meta property=\"og:image:height\" content=\"2259\" \/>\n\t<meta property=\"og:image:type\" content=\"image\/png\" \/>\n<meta name=\"author\" content=\"J\" \/>\n<meta name=\"twitter:card\" content=\"summary_large_image\" \/>\n<meta name=\"twitter:creator\" content=\"@fkzalgiris\" \/>\n<meta name=\"twitter:site\" content=\"@fkzalgiris\" \/>\n<meta name=\"twitter:label1\" content=\"Written by\" \/>\n\t<meta name=\"twitter:data1\" content=\"J\" \/>\n\t<meta name=\"twitter:label2\" content=\"Est. reading time\" \/>\n\t<meta name=\"twitter:data2\" content=\"9 minut\u0117s\" \/>\n<script type=\"application\/ld+json\" class=\"yoast-schema-graph\">{\"@context\":\"https:\/\/schema.org\",\"@graph\":[{\"@type\":\"Article\",\"@id\":\"https:\/\/fkzalgiris.lt\/laisves-gynyba-pries-30-metu-prisiminimai-is-sausio-ivykiu\/#article\",\"isPartOf\":{\"@id\":\"https:\/\/fkzalgiris.lt\/laisves-gynyba-pries-30-metu-prisiminimai-is-sausio-ivykiu\/\"},\"author\":{\"name\":\"J\",\"@id\":\"https:\/\/fkzalgiris.lt\/#\/schema\/person\/8604babbba794a7d8767be324a3eaac8\"},\"headline\":\"Laisv\u0117s gynyba prie\u0161 30 met\u0173: prisiminimai i\u0161 sausio \u012fvyki\u0173\",\"datePublished\":\"2021-01-13T10:56:53+00:00\",\"dateModified\":\"2025-10-30T07:58:22+00:00\",\"mainEntityOfPage\":{\"@id\":\"https:\/\/fkzalgiris.lt\/laisves-gynyba-pries-30-metu-prisiminimai-is-sausio-ivykiu\/\"},\"wordCount\":1851,\"publisher\":{\"@id\":\"https:\/\/fkzalgiris.lt\/#organization\"},\"inLanguage\":\"lt-LT\"},{\"@type\":\"WebPage\",\"@id\":\"https:\/\/fkzalgiris.lt\/laisves-gynyba-pries-30-metu-prisiminimai-is-sausio-ivykiu\/\",\"url\":\"https:\/\/fkzalgiris.lt\/laisves-gynyba-pries-30-metu-prisiminimai-is-sausio-ivykiu\/\",\"name\":\"Laisv\u0117s gynyba prie\u0161 30 met\u0173: prisiminimai i\u0161 sausio \u012fvyki\u0173 - FK \u017dalgiris\",\"isPartOf\":{\"@id\":\"https:\/\/fkzalgiris.lt\/#website\"},\"datePublished\":\"2021-01-13T10:56:53+00:00\",\"dateModified\":\"2025-10-30T07:58:22+00:00\",\"breadcrumb\":{\"@id\":\"https:\/\/fkzalgiris.lt\/laisves-gynyba-pries-30-metu-prisiminimai-is-sausio-ivykiu\/#breadcrumb\"},\"inLanguage\":\"lt-LT\",\"potentialAction\":[{\"@type\":\"ReadAction\",\"target\":[\"https:\/\/fkzalgiris.lt\/laisves-gynyba-pries-30-metu-prisiminimai-is-sausio-ivykiu\/\"]}]},{\"@type\":\"BreadcrumbList\",\"@id\":\"https:\/\/fkzalgiris.lt\/laisves-gynyba-pries-30-metu-prisiminimai-is-sausio-ivykiu\/#breadcrumb\",\"itemListElement\":[{\"@type\":\"ListItem\",\"position\":1,\"name\":\"Home\",\"item\":\"https:\/\/fkzalgiris.lt\/\"},{\"@type\":\"ListItem\",\"position\":2,\"name\":\"Laisv\u0117s gynyba prie\u0161 30 met\u0173: prisiminimai i\u0161 sausio \u012fvyki\u0173\"}]},{\"@type\":\"WebSite\",\"@id\":\"https:\/\/fkzalgiris.lt\/#website\",\"url\":\"https:\/\/fkzalgiris.lt\/\",\"name\":\"FK \u017dalgiris\",\"description\":\"oficiali Vilniaus \u201e\u017dalgirio\u201c futbolo klubo svetain\u0117\",\"publisher\":{\"@id\":\"https:\/\/fkzalgiris.lt\/#organization\"},\"potentialAction\":[{\"@type\":\"SearchAction\",\"target\":{\"@type\":\"EntryPoint\",\"urlTemplate\":\"https:\/\/fkzalgiris.lt\/?s={search_term_string}\"},\"query-input\":{\"@type\":\"PropertyValueSpecification\",\"valueRequired\":true,\"valueName\":\"search_term_string\"}}],\"inLanguage\":\"lt-LT\"},{\"@type\":\"Organization\",\"@id\":\"https:\/\/fkzalgiris.lt\/#organization\",\"name\":\"FK \u017dalgiris\",\"url\":\"https:\/\/fkzalgiris.lt\/\",\"logo\":{\"@type\":\"ImageObject\",\"inLanguage\":\"lt-LT\",\"@id\":\"https:\/\/fkzalgiris.lt\/#\/schema\/logo\/image\/\",\"url\":\"https:\/\/fkzalgiris.lt\/wp-content\/uploads\/2024\/01\/horiz-FK-Zalgiris-logo-2015.png\",\"contentUrl\":\"https:\/\/fkzalgiris.lt\/wp-content\/uploads\/2024\/01\/horiz-FK-Zalgiris-logo-2015.png\",\"width\":3073,\"height\":2048,\"caption\":\"FK \u017dalgiris\"},\"image\":{\"@id\":\"https:\/\/fkzalgiris.lt\/#\/schema\/logo\/image\/\"},\"sameAs\":[\"https:\/\/www.facebook.com\/fkzalgiris\/\",\"https:\/\/x.com\/fkzalgiris\",\"https:\/\/www.instagram.com\/fkzalgiris\/\",\"https:\/\/www.youtube.com\/channel\/UC1ag8JLxGirltMUoLlzfZLA\"]},{\"@type\":\"Person\",\"@id\":\"https:\/\/fkzalgiris.lt\/#\/schema\/person\/8604babbba794a7d8767be324a3eaac8\",\"name\":\"J\"}]}<\/script>\n<!-- \/ Yoast SEO plugin. -->","yoast_head_json":{"title":"Laisv\u0117s gynyba prie\u0161 30 met\u0173: prisiminimai i\u0161 sausio \u012fvyki\u0173 - FK \u017dalgiris","robots":{"index":"index","follow":"follow","max-snippet":"max-snippet:-1","max-image-preview":"max-image-preview:large","max-video-preview":"max-video-preview:-1"},"canonical":"https:\/\/fkzalgiris.lt\/laisves-gynyba-pries-30-metu-prisiminimai-is-sausio-ivykiu\/","og_locale":"lt_LT","og_type":"article","og_title":"Laisv\u0117s gynyba prie\u0161 30 met\u0173: prisiminimai i\u0161 sausio \u012fvyki\u0173 - FK \u017dalgiris","og_description":"Prie\u0161 daugiau nei 30 met\u0173 Lietuv\u0105 ir pasaul\u012f sukr\u0117tusiuose tragi\u0161k\u0173 sausio \u012fvyki\u0173 s\u016bkuryje dalyvavo ir Vilniaus \u201e\u017dalgirio\u201c aistruoliai, ir \u017eaid\u0117jai. Jie pasidalino prisiminimais i\u0161 \u012ftempt\u0173\u2026","og_url":"https:\/\/fkzalgiris.lt\/laisves-gynyba-pries-30-metu-prisiminimai-is-sausio-ivykiu\/","og_site_name":"FK \u017dalgiris","article_publisher":"https:\/\/www.facebook.com\/fkzalgiris\/","article_published_time":"2021-01-13T10:56:53+00:00","article_modified_time":"2025-10-30T07:58:22+00:00","og_image":[{"width":3356,"height":2259,"url":"https:\/\/fkzalgiris.lt\/wp-content\/uploads\/2024\/02\/social-horiz_Zalgiris_logo_2024.png","type":"image\/png"}],"author":"J","twitter_card":"summary_large_image","twitter_creator":"@fkzalgiris","twitter_site":"@fkzalgiris","twitter_misc":{"Written by":"J","Est. reading time":"9 minut\u0117s"},"schema":{"@context":"https:\/\/schema.org","@graph":[{"@type":"Article","@id":"https:\/\/fkzalgiris.lt\/laisves-gynyba-pries-30-metu-prisiminimai-is-sausio-ivykiu\/#article","isPartOf":{"@id":"https:\/\/fkzalgiris.lt\/laisves-gynyba-pries-30-metu-prisiminimai-is-sausio-ivykiu\/"},"author":{"name":"J","@id":"https:\/\/fkzalgiris.lt\/#\/schema\/person\/8604babbba794a7d8767be324a3eaac8"},"headline":"Laisv\u0117s gynyba prie\u0161 30 met\u0173: prisiminimai i\u0161 sausio \u012fvyki\u0173","datePublished":"2021-01-13T10:56:53+00:00","dateModified":"2025-10-30T07:58:22+00:00","mainEntityOfPage":{"@id":"https:\/\/fkzalgiris.lt\/laisves-gynyba-pries-30-metu-prisiminimai-is-sausio-ivykiu\/"},"wordCount":1851,"publisher":{"@id":"https:\/\/fkzalgiris.lt\/#organization"},"inLanguage":"lt-LT"},{"@type":"WebPage","@id":"https:\/\/fkzalgiris.lt\/laisves-gynyba-pries-30-metu-prisiminimai-is-sausio-ivykiu\/","url":"https:\/\/fkzalgiris.lt\/laisves-gynyba-pries-30-metu-prisiminimai-is-sausio-ivykiu\/","name":"Laisv\u0117s gynyba prie\u0161 30 met\u0173: prisiminimai i\u0161 sausio \u012fvyki\u0173 - FK \u017dalgiris","isPartOf":{"@id":"https:\/\/fkzalgiris.lt\/#website"},"datePublished":"2021-01-13T10:56:53+00:00","dateModified":"2025-10-30T07:58:22+00:00","breadcrumb":{"@id":"https:\/\/fkzalgiris.lt\/laisves-gynyba-pries-30-metu-prisiminimai-is-sausio-ivykiu\/#breadcrumb"},"inLanguage":"lt-LT","potentialAction":[{"@type":"ReadAction","target":["https:\/\/fkzalgiris.lt\/laisves-gynyba-pries-30-metu-prisiminimai-is-sausio-ivykiu\/"]}]},{"@type":"BreadcrumbList","@id":"https:\/\/fkzalgiris.lt\/laisves-gynyba-pries-30-metu-prisiminimai-is-sausio-ivykiu\/#breadcrumb","itemListElement":[{"@type":"ListItem","position":1,"name":"Home","item":"https:\/\/fkzalgiris.lt\/"},{"@type":"ListItem","position":2,"name":"Laisv\u0117s gynyba prie\u0161 30 met\u0173: prisiminimai i\u0161 sausio \u012fvyki\u0173"}]},{"@type":"WebSite","@id":"https:\/\/fkzalgiris.lt\/#website","url":"https:\/\/fkzalgiris.lt\/","name":"FK \u017dalgiris","description":"oficiali Vilniaus \u201e\u017dalgirio\u201c futbolo klubo svetain\u0117","publisher":{"@id":"https:\/\/fkzalgiris.lt\/#organization"},"potentialAction":[{"@type":"SearchAction","target":{"@type":"EntryPoint","urlTemplate":"https:\/\/fkzalgiris.lt\/?s={search_term_string}"},"query-input":{"@type":"PropertyValueSpecification","valueRequired":true,"valueName":"search_term_string"}}],"inLanguage":"lt-LT"},{"@type":"Organization","@id":"https:\/\/fkzalgiris.lt\/#organization","name":"FK \u017dalgiris","url":"https:\/\/fkzalgiris.lt\/","logo":{"@type":"ImageObject","inLanguage":"lt-LT","@id":"https:\/\/fkzalgiris.lt\/#\/schema\/logo\/image\/","url":"https:\/\/fkzalgiris.lt\/wp-content\/uploads\/2024\/01\/horiz-FK-Zalgiris-logo-2015.png","contentUrl":"https:\/\/fkzalgiris.lt\/wp-content\/uploads\/2024\/01\/horiz-FK-Zalgiris-logo-2015.png","width":3073,"height":2048,"caption":"FK \u017dalgiris"},"image":{"@id":"https:\/\/fkzalgiris.lt\/#\/schema\/logo\/image\/"},"sameAs":["https:\/\/www.facebook.com\/fkzalgiris\/","https:\/\/x.com\/fkzalgiris","https:\/\/www.instagram.com\/fkzalgiris\/","https:\/\/www.youtube.com\/channel\/UC1ag8JLxGirltMUoLlzfZLA"]},{"@type":"Person","@id":"https:\/\/fkzalgiris.lt\/#\/schema\/person\/8604babbba794a7d8767be324a3eaac8","name":"J"}]}},"_links":{"self":[{"href":"https:\/\/fkzalgiris.lt\/api\/wp\/v2\/posts\/3819","targetHints":{"allow":["GET"]}}],"collection":[{"href":"https:\/\/fkzalgiris.lt\/api\/wp\/v2\/posts"}],"about":[{"href":"https:\/\/fkzalgiris.lt\/api\/wp\/v2\/types\/post"}],"author":[{"embeddable":true,"href":"https:\/\/fkzalgiris.lt\/api\/wp\/v2\/users\/4"}],"replies":[{"embeddable":true,"href":"https:\/\/fkzalgiris.lt\/api\/wp\/v2\/comments?post=3819"}],"version-history":[{"count":10,"href":"https:\/\/fkzalgiris.lt\/api\/wp\/v2\/posts\/3819\/revisions"}],"predecessor-version":[{"id":18897,"href":"https:\/\/fkzalgiris.lt\/api\/wp\/v2\/posts\/3819\/revisions\/18897"}],"wp:attachment":[{"href":"https:\/\/fkzalgiris.lt\/api\/wp\/v2\/media?parent=3819"}],"wp:term":[{"taxonomy":"category","embeddable":true,"href":"https:\/\/fkzalgiris.lt\/api\/wp\/v2\/categories?post=3819"}],"curies":[{"name":"wp","href":"https:\/\/api.w.org\/{rel}","templated":true}]}}