{"id":3744,"date":"2020-12-21T10:13:07","date_gmt":"2020-12-21T08:13:07","guid":{"rendered":"https:\/\/fkzalgiris.lt\/?p=3744"},"modified":"2020-12-21T13:53:36","modified_gmt":"2020-12-21T11:53:36","slug":"zalgirio-ir-a-bagos-keliai-skiriasi","status":"publish","type":"post","link":"https:\/\/fkzalgiris.lt\/zalgirio-ir-a-bagos-keliai-skiriasi\/","title":{"rendered":"\u201e\u017dalgiris\u201c prad\u0117jo derybas d\u0117l sutarties su A. Baga nutraukimo"},"content":{"rendered":"<p style=\"font-weight: 400;\">FK \u201e\u017dalgiris\u201c ir trenerio Aliaksejaus Bagos keliai skiriasi.<\/p>\n<p>Komandos vyr. trenerio pareigas \u0117j\u0119s A. Baga ir jo asistentas Valerijus Tarasenko pateik\u0117 pra\u0161ym\u0105 nutraukti galiojan\u010di\u0105 sutart\u012f su \u201e\u017dalgiriu\u201c.<\/p>\n<p>Atsi\u017evelgiant \u012f \u0161iuos pra\u0161ymus prad\u0117tos derybos d\u0117l sutarties nutraukimo.<\/p>\n<p style=\"font-weight: 400;\">Tuo pa\u010diu \u201e\u017dalgirio\u201c klubas prad\u0117jo naujo komandos stratego paie\u0161k\u0105.<\/p>\n","protected":false},"excerpt":{"rendered":"<p>FK \u201e\u017dalgiris\u201c ir trenerio Aliaksejaus Bagos keliai skiriasi. Komandos vyr. trenerio pareigas \u0117j\u0119s A. Baga ir jo asistentas Valerijus Tarasenko pateik\u0117 pra\u0161ym\u0105 nutraukti galiojan\u010di\u0105 sutart\u012f\u2026<\/p>\n","protected":false},"author":4,"featured_media":0,"comment_status":"closed","ping_status":"closed","sticky":false,"template":"","format":"standard","meta":{"_acf_changed":false,"footnotes":""},"categories":[87],"class_list":["post-3744","post","type-post","status-publish","format-standard","hentry","category-zalgiris"],"acf":[],"yoast_head":"<!-- This site is optimized with the Yoast SEO plugin v26.8 - https:\/\/yoast.com\/product\/yoast-seo-wordpress\/ -->\n<title>\u201e\u017dalgiris\u201c prad\u0117jo derybas d\u0117l sutarties su A. Baga nutraukimo - FK \u017dalgiris<\/title>\n<meta name=\"robots\" content=\"index, follow, max-snippet:-1, max-image-preview:large, max-video-preview:-1\" \/>\n<link rel=\"canonical\" href=\"https:\/\/fkzalgiris.lt\/zalgirio-ir-a-bagos-keliai-skiriasi\/\" \/>\n<meta property=\"og:locale\" content=\"lt_LT\" \/>\n<meta property=\"og:type\" content=\"article\" \/>\n<meta property=\"og:title\" content=\"\u201e\u017dalgiris\u201c prad\u0117jo derybas d\u0117l sutarties su A. Baga nutraukimo - FK \u017dalgiris\" \/>\n<meta property=\"og:description\" content=\"FK \u201e\u017dalgiris\u201c ir trenerio Aliaksejaus Bagos keliai skiriasi. Komandos vyr. trenerio pareigas \u0117j\u0119s A. Baga ir jo asistentas Valerijus Tarasenko pateik\u0117 pra\u0161ym\u0105 nutraukti galiojan\u010di\u0105 sutart\u012f\u2026\" \/>\n<meta property=\"og:url\" content=\"https:\/\/fkzalgiris.lt\/zalgirio-ir-a-bagos-keliai-skiriasi\/\" \/>\n<meta property=\"og:site_name\" content=\"FK \u017dalgiris\" \/>\n<meta property=\"article:publisher\" content=\"https:\/\/www.facebook.com\/fkzalgiris\/\" \/>\n<meta property=\"article:published_time\" content=\"2020-12-21T08:13:07+00:00\" \/>\n<meta property=\"article:modified_time\" content=\"2020-12-21T11:53:36+00:00\" \/>\n<meta property=\"og:image\" content=\"https:\/\/fkzalgiris.lt\/wp-content\/uploads\/2024\/02\/social-horiz_Zalgiris_logo_2024.png\" \/>\n\t<meta property=\"og:image:width\" content=\"3356\" \/>\n\t<meta property=\"og:image:height\" content=\"2259\" \/>\n\t<meta property=\"og:image:type\" content=\"image\/png\" \/>\n<meta name=\"author\" content=\"J\" \/>\n<meta name=\"twitter:card\" content=\"summary_large_image\" \/>\n<meta name=\"twitter:creator\" content=\"@fkzalgiris\" \/>\n<meta name=\"twitter:site\" content=\"@fkzalgiris\" \/>\n<meta name=\"twitter:label1\" content=\"Written by\" \/>\n\t<meta name=\"twitter:data1\" content=\"J\" \/>\n<script type=\"application\/ld+json\" class=\"yoast-schema-graph\">{\"@context\":\"https:\/\/schema.org\",\"@graph\":[{\"@type\":\"Article\",\"@id\":\"https:\/\/fkzalgiris.lt\/zalgirio-ir-a-bagos-keliai-skiriasi\/#article\",\"isPartOf\":{\"@id\":\"https:\/\/fkzalgiris.lt\/zalgirio-ir-a-bagos-keliai-skiriasi\/\"},\"author\":{\"name\":\"J\",\"@id\":\"https:\/\/fkzalgiris.lt\/#\/schema\/person\/8604babbba794a7d8767be324a3eaac8\"},\"headline\":\"\u201e\u017dalgiris\u201c prad\u0117jo derybas d\u0117l sutarties su A. Baga nutraukimo\",\"datePublished\":\"2020-12-21T08:13:07+00:00\",\"dateModified\":\"2020-12-21T11:53:36+00:00\",\"mainEntityOfPage\":{\"@id\":\"https:\/\/fkzalgiris.lt\/zalgirio-ir-a-bagos-keliai-skiriasi\/\"},\"wordCount\":65,\"publisher\":{\"@id\":\"https:\/\/fkzalgiris.lt\/#organization\"},\"articleSection\":[\"\u017dalgiris\"],\"inLanguage\":\"lt-LT\"},{\"@type\":\"WebPage\",\"@id\":\"https:\/\/fkzalgiris.lt\/zalgirio-ir-a-bagos-keliai-skiriasi\/\",\"url\":\"https:\/\/fkzalgiris.lt\/zalgirio-ir-a-bagos-keliai-skiriasi\/\",\"name\":\"\u201e\u017dalgiris\u201c prad\u0117jo derybas d\u0117l sutarties su A. Baga nutraukimo - FK \u017dalgiris\",\"isPartOf\":{\"@id\":\"https:\/\/fkzalgiris.lt\/#website\"},\"datePublished\":\"2020-12-21T08:13:07+00:00\",\"dateModified\":\"2020-12-21T11:53:36+00:00\",\"breadcrumb\":{\"@id\":\"https:\/\/fkzalgiris.lt\/zalgirio-ir-a-bagos-keliai-skiriasi\/#breadcrumb\"},\"inLanguage\":\"lt-LT\",\"potentialAction\":[{\"@type\":\"ReadAction\",\"target\":[\"https:\/\/fkzalgiris.lt\/zalgirio-ir-a-bagos-keliai-skiriasi\/\"]}]},{\"@type\":\"BreadcrumbList\",\"@id\":\"https:\/\/fkzalgiris.lt\/zalgirio-ir-a-bagos-keliai-skiriasi\/#breadcrumb\",\"itemListElement\":[{\"@type\":\"ListItem\",\"position\":1,\"name\":\"Home\",\"item\":\"https:\/\/fkzalgiris.lt\/\"},{\"@type\":\"ListItem\",\"position\":2,\"name\":\"\u201e\u017dalgiris\u201c prad\u0117jo derybas d\u0117l sutarties su A. Baga nutraukimo\"}]},{\"@type\":\"WebSite\",\"@id\":\"https:\/\/fkzalgiris.lt\/#website\",\"url\":\"https:\/\/fkzalgiris.lt\/\",\"name\":\"FK \u017dalgiris\",\"description\":\"oficiali Vilniaus \u201e\u017dalgirio\u201c futbolo klubo svetain\u0117\",\"publisher\":{\"@id\":\"https:\/\/fkzalgiris.lt\/#organization\"},\"potentialAction\":[{\"@type\":\"SearchAction\",\"target\":{\"@type\":\"EntryPoint\",\"urlTemplate\":\"https:\/\/fkzalgiris.lt\/?s={search_term_string}\"},\"query-input\":{\"@type\":\"PropertyValueSpecification\",\"valueRequired\":true,\"valueName\":\"search_term_string\"}}],\"inLanguage\":\"lt-LT\"},{\"@type\":\"Organization\",\"@id\":\"https:\/\/fkzalgiris.lt\/#organization\",\"name\":\"FK \u017dalgiris\",\"url\":\"https:\/\/fkzalgiris.lt\/\",\"logo\":{\"@type\":\"ImageObject\",\"inLanguage\":\"lt-LT\",\"@id\":\"https:\/\/fkzalgiris.lt\/#\/schema\/logo\/image\/\",\"url\":\"https:\/\/fkzalgiris.lt\/wp-content\/uploads\/2024\/01\/horiz-FK-Zalgiris-logo-2015.png\",\"contentUrl\":\"https:\/\/fkzalgiris.lt\/wp-content\/uploads\/2024\/01\/horiz-FK-Zalgiris-logo-2015.png\",\"width\":3073,\"height\":2048,\"caption\":\"FK \u017dalgiris\"},\"image\":{\"@id\":\"https:\/\/fkzalgiris.lt\/#\/schema\/logo\/image\/\"},\"sameAs\":[\"https:\/\/www.facebook.com\/fkzalgiris\/\",\"https:\/\/x.com\/fkzalgiris\",\"https:\/\/www.instagram.com\/fkzalgiris\/\",\"https:\/\/www.youtube.com\/channel\/UC1ag8JLxGirltMUoLlzfZLA\"]},{\"@type\":\"Person\",\"@id\":\"https:\/\/fkzalgiris.lt\/#\/schema\/person\/8604babbba794a7d8767be324a3eaac8\",\"name\":\"J\"}]}<\/script>\n<!-- \/ Yoast SEO plugin. -->","yoast_head_json":{"title":"\u201e\u017dalgiris\u201c prad\u0117jo derybas d\u0117l sutarties su A. Baga nutraukimo - FK \u017dalgiris","robots":{"index":"index","follow":"follow","max-snippet":"max-snippet:-1","max-image-preview":"max-image-preview:large","max-video-preview":"max-video-preview:-1"},"canonical":"https:\/\/fkzalgiris.lt\/zalgirio-ir-a-bagos-keliai-skiriasi\/","og_locale":"lt_LT","og_type":"article","og_title":"\u201e\u017dalgiris\u201c prad\u0117jo derybas d\u0117l sutarties su A. Baga nutraukimo - FK \u017dalgiris","og_description":"FK \u201e\u017dalgiris\u201c ir trenerio Aliaksejaus Bagos keliai skiriasi. Komandos vyr. trenerio pareigas \u0117j\u0119s A. Baga ir jo asistentas Valerijus Tarasenko pateik\u0117 pra\u0161ym\u0105 nutraukti galiojan\u010di\u0105 sutart\u012f\u2026","og_url":"https:\/\/fkzalgiris.lt\/zalgirio-ir-a-bagos-keliai-skiriasi\/","og_site_name":"FK \u017dalgiris","article_publisher":"https:\/\/www.facebook.com\/fkzalgiris\/","article_published_time":"2020-12-21T08:13:07+00:00","article_modified_time":"2020-12-21T11:53:36+00:00","og_image":[{"width":3356,"height":2259,"url":"https:\/\/fkzalgiris.lt\/wp-content\/uploads\/2024\/02\/social-horiz_Zalgiris_logo_2024.png","type":"image\/png"}],"author":"J","twitter_card":"summary_large_image","twitter_creator":"@fkzalgiris","twitter_site":"@fkzalgiris","twitter_misc":{"Written by":"J"},"schema":{"@context":"https:\/\/schema.org","@graph":[{"@type":"Article","@id":"https:\/\/fkzalgiris.lt\/zalgirio-ir-a-bagos-keliai-skiriasi\/#article","isPartOf":{"@id":"https:\/\/fkzalgiris.lt\/zalgirio-ir-a-bagos-keliai-skiriasi\/"},"author":{"name":"J","@id":"https:\/\/fkzalgiris.lt\/#\/schema\/person\/8604babbba794a7d8767be324a3eaac8"},"headline":"\u201e\u017dalgiris\u201c prad\u0117jo derybas d\u0117l sutarties su A. Baga nutraukimo","datePublished":"2020-12-21T08:13:07+00:00","dateModified":"2020-12-21T11:53:36+00:00","mainEntityOfPage":{"@id":"https:\/\/fkzalgiris.lt\/zalgirio-ir-a-bagos-keliai-skiriasi\/"},"wordCount":65,"publisher":{"@id":"https:\/\/fkzalgiris.lt\/#organization"},"articleSection":["\u017dalgiris"],"inLanguage":"lt-LT"},{"@type":"WebPage","@id":"https:\/\/fkzalgiris.lt\/zalgirio-ir-a-bagos-keliai-skiriasi\/","url":"https:\/\/fkzalgiris.lt\/zalgirio-ir-a-bagos-keliai-skiriasi\/","name":"\u201e\u017dalgiris\u201c prad\u0117jo derybas d\u0117l sutarties su A. Baga nutraukimo - FK \u017dalgiris","isPartOf":{"@id":"https:\/\/fkzalgiris.lt\/#website"},"datePublished":"2020-12-21T08:13:07+00:00","dateModified":"2020-12-21T11:53:36+00:00","breadcrumb":{"@id":"https:\/\/fkzalgiris.lt\/zalgirio-ir-a-bagos-keliai-skiriasi\/#breadcrumb"},"inLanguage":"lt-LT","potentialAction":[{"@type":"ReadAction","target":["https:\/\/fkzalgiris.lt\/zalgirio-ir-a-bagos-keliai-skiriasi\/"]}]},{"@type":"BreadcrumbList","@id":"https:\/\/fkzalgiris.lt\/zalgirio-ir-a-bagos-keliai-skiriasi\/#breadcrumb","itemListElement":[{"@type":"ListItem","position":1,"name":"Home","item":"https:\/\/fkzalgiris.lt\/"},{"@type":"ListItem","position":2,"name":"\u201e\u017dalgiris\u201c prad\u0117jo derybas d\u0117l sutarties su A. Baga nutraukimo"}]},{"@type":"WebSite","@id":"https:\/\/fkzalgiris.lt\/#website","url":"https:\/\/fkzalgiris.lt\/","name":"FK \u017dalgiris","description":"oficiali Vilniaus \u201e\u017dalgirio\u201c futbolo klubo svetain\u0117","publisher":{"@id":"https:\/\/fkzalgiris.lt\/#organization"},"potentialAction":[{"@type":"SearchAction","target":{"@type":"EntryPoint","urlTemplate":"https:\/\/fkzalgiris.lt\/?s={search_term_string}"},"query-input":{"@type":"PropertyValueSpecification","valueRequired":true,"valueName":"search_term_string"}}],"inLanguage":"lt-LT"},{"@type":"Organization","@id":"https:\/\/fkzalgiris.lt\/#organization","name":"FK \u017dalgiris","url":"https:\/\/fkzalgiris.lt\/","logo":{"@type":"ImageObject","inLanguage":"lt-LT","@id":"https:\/\/fkzalgiris.lt\/#\/schema\/logo\/image\/","url":"https:\/\/fkzalgiris.lt\/wp-content\/uploads\/2024\/01\/horiz-FK-Zalgiris-logo-2015.png","contentUrl":"https:\/\/fkzalgiris.lt\/wp-content\/uploads\/2024\/01\/horiz-FK-Zalgiris-logo-2015.png","width":3073,"height":2048,"caption":"FK \u017dalgiris"},"image":{"@id":"https:\/\/fkzalgiris.lt\/#\/schema\/logo\/image\/"},"sameAs":["https:\/\/www.facebook.com\/fkzalgiris\/","https:\/\/x.com\/fkzalgiris","https:\/\/www.instagram.com\/fkzalgiris\/","https:\/\/www.youtube.com\/channel\/UC1ag8JLxGirltMUoLlzfZLA"]},{"@type":"Person","@id":"https:\/\/fkzalgiris.lt\/#\/schema\/person\/8604babbba794a7d8767be324a3eaac8","name":"J"}]}},"_links":{"self":[{"href":"https:\/\/fkzalgiris.lt\/api\/wp\/v2\/posts\/3744","targetHints":{"allow":["GET"]}}],"collection":[{"href":"https:\/\/fkzalgiris.lt\/api\/wp\/v2\/posts"}],"about":[{"href":"https:\/\/fkzalgiris.lt\/api\/wp\/v2\/types\/post"}],"author":[{"embeddable":true,"href":"https:\/\/fkzalgiris.lt\/api\/wp\/v2\/users\/4"}],"replies":[{"embeddable":true,"href":"https:\/\/fkzalgiris.lt\/api\/wp\/v2\/comments?post=3744"}],"version-history":[{"count":7,"href":"https:\/\/fkzalgiris.lt\/api\/wp\/v2\/posts\/3744\/revisions"}],"predecessor-version":[{"id":3755,"href":"https:\/\/fkzalgiris.lt\/api\/wp\/v2\/posts\/3744\/revisions\/3755"}],"wp:attachment":[{"href":"https:\/\/fkzalgiris.lt\/api\/wp\/v2\/media?parent=3744"}],"wp:term":[{"taxonomy":"category","embeddable":true,"href":"https:\/\/fkzalgiris.lt\/api\/wp\/v2\/categories?post=3744"}],"curies":[{"name":"wp","href":"https:\/\/api.w.org\/{rel}","templated":true}]}}