{"id":3610,"date":"2020-11-23T10:03:45","date_gmt":"2020-11-23T08:03:45","guid":{"rendered":"https:\/\/fkzalgiris.lt\/?p=3610"},"modified":"2020-11-24T16:10:49","modified_gmt":"2020-11-24T14:10:49","slug":"klubo-vadove-apie-pergales-priezastis-sezono-issukius-ir-sprendimu-aplinkybes","status":"publish","type":"post","link":"https:\/\/fkzalgiris.lt\/klubo-vadove-apie-pergales-priezastis-sezono-issukius-ir-sprendimu-aplinkybes\/","title":{"rendered":"Klubo vadov\u0117 apie \u017eyg\u012f titulo link, sezono i\u0161\u0161\u016bkius ir sprendim\u0173 aplinkybes"},"content":{"rendered":"<p>I\u0161skirtinai sud\u0117tingus 2020 metus Vilniaus \u201e\u017dalgiris\u201c baig\u0117 ypatingu laim\u0117jimu \u2013 po trij\u0173 sezon\u0173 pertraukos susigr\u0105\u017eintas Lietuvos \u010dempion\u0173 titulas.<\/p>\n<p>\u201ePasaulis per pandemij\u0105 pasikeit\u0117, ta\u010diau \u017emogus ir jo vertybi\u0173 sistema \u2013 nepakito. Laim\u0117jo komandin\u0117 dvasia: \u017eaid\u0117jai, treneriai, administracija, sostin\u0117s sirgaliai, o mus visus telk\u0117 trof\u0117j\u0173 alkis ir atsakomyb\u0117 prie\u0161 visus\u201c, &#8211; apibendrindama triumfo A lygoje prie\u017eastis \u012fvardino klubo direktor\u0117 Vilma Venslovaitien\u0117.<\/p>\n<p>Apie \u0161iemet klubui tekusius i\u0161\u0161\u016bkius ir \u012fvairias sud\u0117tingas situacijas, nelengvus sprendimus, komandos u\u017ekulisius ir planus \u201e\u017dalgirio\u201c vadov\u0117 papasakojo klubo svetainei.<\/p>\n<p><strong>&#8211; Kiek sunku buvo sugr\u012f\u017eti \u012f A lygos vir\u0161\u016bn\u0119? Kokios, J\u016bs\u0173 nuomone, esmin\u0117s prie\u017eastys nul\u0117m\u0117, jog \u201e\u017dalgiris\u201c u\u017e\u0117m\u0117 pirm\u0105j\u0105 viet\u0105?<\/strong><\/p>\n<p>&#8211; Nat\u016bralu, kad prie\u0161 tai tris sezonus netapus \u010dempionu, tai buvo skaudus sm\u016bgis \u201e\u017dalgiriui\u201c. \u0160is klubas kelia auk\u0161\u010diausius tikslus ir kitoki\u0173 negali tur\u0117ti \u2013 d\u0117l savo istorijos ir potencialo. Buvo sud\u0117tingi treji metai ir titul\u0173 i\u0161ties pasiilgome. Sugr\u012f\u017eti \u012f nugal\u0117toj\u0173 keli\u0105 buvo sud\u0117tinga d\u0117l keli\u0173 aspekt\u0173. Pirmiausia, pralaim\u0117jimai atsiliep\u0117 klubo finansiniams resursams.<\/p>\n<p>Pernai nepavyko \u012fveikti ir pirmojo etapo Europos lygoje, tod\u0117l \u0161iems metams biud\u017eetas buvo minimalus. Ie\u0161kojome kaip sutaupyti, ko galime atsisakyti, visi i\u0161tekliai buvo orientuoti tik \u012f paj\u0117gios, galin\u010dios mesti i\u0161\u0161\u016bk\u012f var\u017eovams, komandos formavim\u0105. Tuo pa\u010diu, buvo i\u0161kelti tikslai pasiekti maksimal\u0173 rezultat\u0105. Tod\u0117l sezonas buvo labai \u012ftemptas ir sud\u0117tingas.<\/p>\n<p>D\u017eiaugiuosi, kad komandoje liko branduolys, kuris prisi\u0117m\u0117 atsakomyb\u0119, prisid\u0117jo trenerio ambicija \u012frodyti, tod\u0117l visi dirbo tik su viena mintimi &#8211; susigr\u0105\u017einti titulus \u012f Vilni\u0173. Didel\u012f vaidmen\u012f suvaidino lyderi\u0173 grup\u0117 su Sauliumi Mikoli\u016bnu prie\u0161akyje ir Donovanu Slijngardu, Mantu Kukliu, Ivanu Tatomirovi\u010diumi, Liviu Antaliu, Andrija Kalud\u017eerovi\u010diumi. Kapitono Sauliaus ind\u0117lis ne\u012fkainojamas, nes jis moka u\u017edegti komand\u0105, apjungti \u017eaid\u0117jus.<\/p>\n<p>Rinkdami \u017eaid\u0117jus atsi\u017evelg\u0117me ne tik \u012f j\u0173 kvalifikacij\u0105 ar potencial\u0105, bet ir \u012f asmeninius, socialinius ry\u0161ius, kad jie nors kiek \u017einot\u0173 vienas kit\u0105. Pavyko suformuoti solid\u017ei\u0105 gynybos grand\u012f, stipr\u0173 puolim\u0105, nors jis sezono eigoje ir pasikeit\u0117. Treneri\u0173 \u0161tabas teisingai \u012fvertino \u017eaid\u0117jus, sugeb\u0117jo i\u0161naudoti j\u0173 geb\u0117jimus.<\/p>\n<p><img loading=\"lazy\" decoding=\"async\" class=\"alignnone wp-image-3629\" src=\"https:\/\/fkzalgiris.lt\/wp-content\/uploads\/2020\/11\/Cempionai-50603926086_93094407ba_k-1024x683.jpg\" alt=\"\" width=\"650\" height=\"433\" srcset=\"https:\/\/fkzalgiris.lt\/wp-content\/uploads\/2020\/11\/Cempionai-50603926086_93094407ba_k-1024x683.jpg 1024w, https:\/\/fkzalgiris.lt\/wp-content\/uploads\/2020\/11\/Cempionai-50603926086_93094407ba_k-300x200.jpg 300w, https:\/\/fkzalgiris.lt\/wp-content\/uploads\/2020\/11\/Cempionai-50603926086_93094407ba_k-768x512.jpg 768w, https:\/\/fkzalgiris.lt\/wp-content\/uploads\/2020\/11\/Cempionai-50603926086_93094407ba_k-1536x1024.jpg 1536w, https:\/\/fkzalgiris.lt\/wp-content\/uploads\/2020\/11\/Cempionai-50603926086_93094407ba_k-150x100.jpg 150w, https:\/\/fkzalgiris.lt\/wp-content\/uploads\/2020\/11\/Cempionai-50603926086_93094407ba_k-840x560.jpg 840w, https:\/\/fkzalgiris.lt\/wp-content\/uploads\/2020\/11\/Cempionai-50603926086_93094407ba_k-570x380.jpg 570w, https:\/\/fkzalgiris.lt\/wp-content\/uploads\/2020\/11\/Cempionai-50603926086_93094407ba_k-30x20.jpg 30w, https:\/\/fkzalgiris.lt\/wp-content\/uploads\/2020\/11\/Cempionai-50603926086_93094407ba_k.jpg 2048w\" sizes=\"auto, (max-width: 650px) 100vw, 650px\" \/><\/p>\n<p><strong>&#8211; \u0160iemet i\u0161kovota ir Supertaur\u0117, o taur\u0117s turnyre suklupta pusfinalyje. Kaip \u012fvertintum\u0117te pasirodym\u0105 visuose turnyruose?<br \/>\n<\/strong>&#8211; Atsi\u017evelgiant \u012f sezono prad\u017ei\u0105 ir pabaig\u0105, vis\u0105 jo eig\u0105, kuomet tur\u0117jome vytis var\u017eovus, reik\u0117t\u0173 vertinti labai gerai. Galb\u016bt tai nuskamb\u0117s aroganti\u0161kai, bet \u017ei\u016brint \u012f statistik\u0105 ir \u017eaidim\u0105 lygoje buvome lyderiai \u2013 tur\u0117jome kovoti ir taur\u0117s finale. Pavyzd\u017eiui, prie\u0161 taur\u0117s pusfinal\u012f m\u016bs\u0173 svarb\u016bs \u017eaid\u0117jai tur\u0117jo intensyv\u0173 period\u0105 rinktin\u0117je. Gri\u017e\u0119 i\u0161 karto tur\u0117jo \u017eaisti pusfinalyje ir &#8211; i\u0161skyrus Modest\u0105 Vorobjov\u0105 &#8211; beveik nesitrenirav\u0119, nuovargio fone.<\/p>\n<p>K\u0117l\u0117me tiksl\u0105 patekti \u012f tre\u010di\u0105 etap\u0105 Europos lygoje, ta\u010diau susiklost\u0117 ir nepalanki\u0173 aplinkybi\u0173, s\u0117km\u0117s faktorius buvo ne m\u016bs\u0173 pus\u0117je. Kaip visuomet gavome krep\u0161elyje buvus\u012f pat\u012f stipriausi\u0105 var\u017eov\u0105 ir i\u0161vyk\u0105. Burtai suved\u0117 su Norvegijos \u010dempionato lyderiu \u201eBodo Glimt\u201c, kuris vadinamas \u0161io sezono atradimu Europoje. Tai patvirtino ir tolimesn\u0117 akistata su AC \u201eMilan\u201c klubu, ir tai, kad Italijos grandai \u012fsigijo j\u0173 \u017eaid\u0117j\u0105, ir savaitgal\u012f u\u017esitikrintas Norvegijos \u010dempion\u0173 titulas. Vis dar burt\u0173 s\u0117km\u0117s neprisijaukiname. Nepaisant to, Norvegijoje su\u017eaid\u0117me pakankamai gerai. Buvo ir sud\u0117ting\u0173 ma\u017eai kam \u017einom\u0173 aplinkybi\u0173 \u2013 kaip nelaim\u0117 Andrijos Kalud\u017eerovi\u010diaus \u0161eimoje prie\u0161 rungtynes. Tokie dalykai paveikia psichologi\u0161kai.<\/p>\n<p><strong>&#8211; Ruo\u0161iantis sezonui \u201e\u017dalgirio\u201c treneriu buvo paskirtas ispanas Juanas Ferrando, bet jis d\u0117l ligos \u012f komand\u0105 taip ir neatvyko. Teko neplanuotai ie\u0161koti kito trenerio, juo tapo Aliaksejus Baga. Kiek tai atsiliep\u0117 pasiruo\u0161imui?<\/strong><br \/>\n&#8211; Galima prisiminti, kad ir prie\u0161 metus praradome trener\u012f prie\u0161 pat sezono prad\u017ei\u0105. Tod\u0117l 2020 met\u0173 sezonui prad\u0117jome ruo\u0161tis \u2013 ie\u0161koti trenerio &#8211; dar pernai. Ir sutart\u012f pasira\u0161\u0117me gerokai prie\u0161 \u0161\u012f sezon\u0105. Nor\u0117jome formuoti komand\u0105 kartu su treneriu, bet ir v\u0117l gyvenimas \u012fne\u0161\u0117 savas korekcijas: treneris buvo fizi\u0161kai nepaj\u0117gus atvykti d\u0117l netik\u0117tos sunkios ir klastingos ligos. Supratome, kad iki gegu\u017e\u0117s laukti negalime, tod\u0117l atnaujinome trenerio paie\u0161kas.<\/p>\n<p>\u017dinoma, jei tai b\u016bt\u0173 galima pavadinti paie\u0161komis, nes buvo ai\u0161ku, kad nebeturime laiko, tod\u0117l per\u017ei\u016br\u0117jus kandidat\u0173 s\u0105ra\u0161\u0105 ir galimybes spr\u0119sti trenerio vakansijos klausim\u0105 nedelsiant, pri\u0117m\u0117me daug netipi\u0161k\u0173 sprendim\u0173. Pirmiausia, atid\u0117jome pasiruo\u0161im\u0105 savaitei, o kad nenukent\u0117t\u0173 pasiruo\u0161imo sezonui procesas, susitar\u0117me su asistentu Victoru Basadre, kad pirm\u0105 \u012fvadin\u0119 savait\u0119 komand\u0105 treniruos jis.<\/p>\n<p>Per\u017ei\u016br\u0117jome treneri\u0173 kandidat\u0173 s\u0105ra\u0161\u0105: A. Baga buvo laisvas. Jis buvo m\u016bs\u0173 s\u0105ra\u0161e ir anks\u010diau, bet tada \u017einojome, kad jis turi daug pasi\u016blym\u0173, ir netik\u0117jome, kad gal\u0117sime konkuruoti. \u0160\u012f kart\u0105, po diskusijos su valdybos nariais, s\u0117dome prie deryb\u0173 stalo ir po savait\u0117s prad\u0117jome pasiruo\u0161im\u0105 sezonui su nauju treneriu.<\/p>\n<p>\u017dinoma, tokia situacija atsiliep\u0117 ne tik komandos pasiruo\u0161imui, bet ir komplektacijai. Galima sakyti, kad tur\u0117jome tris komplektacijos etapus. Vien\u0105, kai suradome J. Ferrando ir su juo derinome klausimus, kit\u0105 &#8211; jam neatvykus &#8211; sprend\u0117me patys, o visk\u0105 u\u017ebaig\u0117me kartu su A. Baga. Rizik\u0173 buvo daug, bet kart\u0117lis ir ambicija atsitiesti po praeit\u0173 sezon\u0173, ir ypa\u010d po praeito, gera atmosfera klube, st\u016bm\u0117 \u012f priek\u012f. Didelis i\u0161\u0161\u016bkis at\u0117jus A. Bagai buvo Supertaur\u0117s rungtyn\u0117s. Pergal\u0117 buvo geras impulsas komandai \u017eygiuoti toliau.<\/p>\n<p><img loading=\"lazy\" decoding=\"async\" class=\"alignnone wp-image-2049\" src=\"https:\/\/fkzalgiris.lt\/wp-content\/uploads\/2020\/03\/AN8Z4336-1024x683.jpg\" alt=\"\" width=\"650\" height=\"433\" srcset=\"https:\/\/fkzalgiris.lt\/wp-content\/uploads\/2020\/03\/AN8Z4336-1024x683.jpg 1024w, https:\/\/fkzalgiris.lt\/wp-content\/uploads\/2020\/03\/AN8Z4336-300x200.jpg 300w, https:\/\/fkzalgiris.lt\/wp-content\/uploads\/2020\/03\/AN8Z4336-768x512.jpg 768w, https:\/\/fkzalgiris.lt\/wp-content\/uploads\/2020\/03\/AN8Z4336-1536x1024.jpg 1536w, https:\/\/fkzalgiris.lt\/wp-content\/uploads\/2020\/03\/AN8Z4336-150x100.jpg 150w, https:\/\/fkzalgiris.lt\/wp-content\/uploads\/2020\/03\/AN8Z4336-840x560.jpg 840w, https:\/\/fkzalgiris.lt\/wp-content\/uploads\/2020\/03\/AN8Z4336-570x380.jpg 570w, https:\/\/fkzalgiris.lt\/wp-content\/uploads\/2020\/03\/AN8Z4336-30x20.jpg 30w, https:\/\/fkzalgiris.lt\/wp-content\/uploads\/2020\/03\/AN8Z4336.jpg 2048w\" sizes=\"auto, (max-width: 650px) 100vw, 650px\" \/><\/p>\n<p><strong>&#8211; Prie\u0161 sezon\u0105 komand\u0105 papild\u0117 skambus vardas \u2013 puol\u0117jas Davidas N\u2018Gogas, bet jo neliko po antrojo turo. V\u0117liau atvyko A. Kalud\u017eerovi\u010dius, bet jam prad\u017eia irgi buvo sud\u0117tinga. Kod\u0117l ir kaip taip atsitiko?<\/strong><br \/>\n&#8211; Su Davidu kontrakt\u0105 pasira\u0161\u0117me vien\u0105 paskutini\u0173j\u0173, nes kaip visuomet puol\u0117jo ie\u0161kojome ilgai. Tai viena svarbiausi\u0173 pozicij\u0173 futbolo klubui. D. N\u2018Gogas i\u0161rei\u0161k\u0117 didel\u012f nor\u0105 \u017eaisti. Nepaisant to, kad jis pra\u0117jusiame klube tur\u0117jo geresnes s\u0105lygas, jis visk\u0105 padar\u0117, kad buv\u0119s klubas j\u012f i\u0161leist\u0173 \u012f \u201e\u017dalgir\u012f\u201c. Deja, po karantino jis nutar\u0117 baigti karjer\u0105. \u0160\u012f jo sprendim\u0105 labai vertiname ir gerbiame. Davidas pasielg\u0117 solid\u017eiai ir s\u0105\u017einingai, tiek d\u0117l to, kad pri\u0117m\u0117 sprendim\u0105 nebelaukdamas, tiek ir d\u0117l to, kad kompensavo klubui i\u0161laidas. Esame d\u0117kingi jam u\u017e s\u0105\u017einingum\u0105 ir pagalb\u0105 i\u0161kovojant Supertaur\u0119.<\/p>\n<p><img loading=\"lazy\" decoding=\"async\" class=\"alignnone wp-image-3626\" src=\"https:\/\/fkzalgiris.lt\/wp-content\/uploads\/2020\/11\/Ngog-49603669351_5bba17f1c2_o-1024x683.jpg\" alt=\"\" width=\"650\" height=\"433\" \/><\/p>\n<p>Teko ie\u0161koti naujo puol\u0117jo. Tar\u0117m\u0117s su treneriais, valdybos nariais ir nutar\u0117me, kad geriau laukti nei imti \u017eaid\u0117j\u0105, kurio adaptacija atrod\u0117 rizikinga. Negal\u0117jome leisti sau tik \u201eu\u017esid\u0117ti pauk\u0161\u010diuk\u0105\u201c &#8211; kad turime puol\u0117j\u0105 ir pasira\u0161yt\u0105 sutart\u012f. Per 2019 m. sezon\u0105 padar\u0117me daug selekcijos klaid\u0173, tod\u0117l branginome finansin\u012f resurs\u0105. Kai jau atrod\u0117, kad visi variantai i\u0161bandyti, \u0161ov\u0117 mintis d\u0117l A. Kalud\u017eerovi\u010diaus. Buvo galimybi\u0173 j\u012f pakviesti ir pernai, bet tada komanda buvo sukomplektuota, netur\u0117jome laisvo biud\u017eeto, tur\u0117jome Tomislav\u0105 Ki\u0161\u0105. \u0160\u012f kart\u0105 pails\u0117j\u0119s po sezono pabaigos Andrija ir v\u0117l patvirtino nor\u0105 sugr\u012f\u017eti, pad\u0117ti \u017dalgiriui susigr\u0105\u017einti titul\u0105, pakovoti Europoje.<\/p>\n<p>Ta\u010diau, kaip v\u0117liau paai\u0161k\u0117jo, jis dar b\u016bdamas Serbijoje susirgo koronavirusu. Min\u0117jo, kad \u0161iek tiek per\u0161alo, tod\u0117l sutar\u0117me, kad atva\u017eiuos pasveik\u0119s. \u012e Lietuv\u0105 jis atvyko pra\u0117jus 3 savait\u0117ms po pirm\u0173j\u0173 simptom\u0173. Simptom\u0173 jau nebuvo, ta\u010diau atlikus test\u0105, m\u016bs\u0173 nuostabai, jis buvo teigiamas.<\/p>\n<p>Po izoliacijos jis prisijung\u0117 prie komandos, beveik i\u0161 karto \u017eaid\u0117 \u2013 i\u0161\u0117jo \u012f aik\u0161t\u0119 po keitimo Panev\u0117\u017eyje. Po keli\u0173 rungtyni\u0173 jis tapo vienu i\u0161 lyderi\u0173, \u012fmu\u0161\u0117 svarbi\u0173 \u012fvar\u010di\u0173. Andrija sak\u0117, kad tai jo skolos gr\u0105\u017einimas \u201e\u017dalgiriui\u201c u\u017e tai, kad leidome i\u0161vykti prie\u0161 ketverius metus, kai tur\u0117jo kontrakt\u0105.<\/p>\n<p>Labai d\u017eiaugiuosi, kad yra \u017eaid\u0117j\u0173, kurie vertina tai k\u0105 randa \u201e\u017dalgirio\u201c \u0161eimoje, yra atsidav\u0119 ir gerbia klub\u0105.\u00a0 Man tai vienas smagiausi\u0173 dalyk\u0173. Galiu net vertinti, kad tai klubo pasiekimas per 10 met\u0173 &#8211; sukurti toki\u0105 atmosfer\u0105 ir suburti tokius \u017eaid\u0117jus, kurie tai vertina, puosel\u0117ja. Dar smagiau \u2013 kad yra \u017eaid\u0117j\u0173, kuriais gali pasitik\u0117ti, su jais eiti \u012f \u201ekar\u0105\u201c.<\/p>\n<p>Andrija, kaip ir kiti klubo \u017eaid\u0117jai, kuriems kontraktai baig\u0117si po sezono, paskutin\u0117se rungtyn\u0117se kov\u0117si i\u0161 paskutini\u0173j\u0173, atidav\u0117 \u0161ird\u012f u\u017e \u201e\u017dalgir\u012f\u201c, u\u017e aistruolius\u2013 kad tik klubas tapt\u0173 \u010dempionu. Netur\u0117jau nei menkiausios abejon\u0117s, kad jie neatsiduos maksimaliai ar jau saugos save kitam klubui. Tai nuostabus jausmas futbolo klubo vadovui.<\/p>\n<p><img loading=\"lazy\" decoding=\"async\" class=\"alignnone wp-image-3613\" src=\"https:\/\/fkzalgiris.lt\/wp-content\/uploads\/2020\/11\/AN8Z9019-1024x683.jpg\" alt=\"\" width=\"650\" height=\"433\" srcset=\"https:\/\/fkzalgiris.lt\/wp-content\/uploads\/2020\/11\/AN8Z9019-1024x683.jpg 1024w, https:\/\/fkzalgiris.lt\/wp-content\/uploads\/2020\/11\/AN8Z9019-300x200.jpg 300w, https:\/\/fkzalgiris.lt\/wp-content\/uploads\/2020\/11\/AN8Z9019-768x512.jpg 768w, https:\/\/fkzalgiris.lt\/wp-content\/uploads\/2020\/11\/AN8Z9019-1536x1024.jpg 1536w, https:\/\/fkzalgiris.lt\/wp-content\/uploads\/2020\/11\/AN8Z9019-150x100.jpg 150w, https:\/\/fkzalgiris.lt\/wp-content\/uploads\/2020\/11\/AN8Z9019-840x560.jpg 840w, https:\/\/fkzalgiris.lt\/wp-content\/uploads\/2020\/11\/AN8Z9019-570x380.jpg 570w, https:\/\/fkzalgiris.lt\/wp-content\/uploads\/2020\/11\/AN8Z9019-30x20.jpg 30w, https:\/\/fkzalgiris.lt\/wp-content\/uploads\/2020\/11\/AN8Z9019.jpg 2048w\" sizes=\"auto, (max-width: 650px) 100vw, 650px\" \/><\/p>\n<p><strong>&#8211; Sezonas buvo sud\u0117tingas ir d\u0117l prie\u017eas\u010di\u0173, nesusijusi\u0173 su futbolu. Kurie momentai, situacijos suk\u0117l\u0117 daugiausiai dilem\u0173?<\/strong><\/p>\n<p>&#8211; Apskritai \u0161iuos metus b\u016bt\u0173 galima pavadinti <em>force majeure<\/em> \u2013 pradedant treneri\u0173 pasikeitimu, D. N&#8217;Gogo i\u0161\u0117jimu, traumomis, baigiant d\u0117l pandemijos sujauktu tvarkara\u0161\u010diu ir pasiruo\u0161imu Europos turnyrams. Viskas kas buvo \u012fmanoma sunkiausia, tas buvo \u0161iais metais. Bent jau mums, siekusiems auk\u0161\u010diausi\u0173 tiksl\u0173. Sprendimai, kurie buvo priimti, buvo labai sunk\u016bs, bet b\u016btini.<\/p>\n<p>Pandemija buvo didelis sm\u016bgis. Niekas ne\u017einojo kaip bus toliau, kaip reikia gyventi, kaip gyvensime ateityje. Nustebino \u201eS\u016bduvos\u201c sprendimas per pirm\u0105j\u012f karantin\u0105 paleisti savo legionierius. Mes nusprend\u0117me kitaip. Ypa\u010d \u017evelgiant i\u0161 \u0161ios dienos perspektyvos, Lietuvoje tuomet pandemin\u0117 situacija buvo s\u0105lyginai puiki, o i\u0161vykstant \u012f kitas \u0161alis \u017eaid\u0117jai labiau rizikavo patekti \u012f viruso \u017eidinius.<\/p>\n<p><img loading=\"lazy\" decoding=\"async\" class=\"alignnone wp-image-3630\" src=\"https:\/\/fkzalgiris.lt\/wp-content\/uploads\/2020\/11\/Testas-49826968582_24f56dcfc9_k-1024x683.jpg\" alt=\"\" width=\"650\" height=\"433\" srcset=\"https:\/\/fkzalgiris.lt\/wp-content\/uploads\/2020\/11\/Testas-49826968582_24f56dcfc9_k-1024x683.jpg 1024w, https:\/\/fkzalgiris.lt\/wp-content\/uploads\/2020\/11\/Testas-49826968582_24f56dcfc9_k-300x200.jpg 300w, https:\/\/fkzalgiris.lt\/wp-content\/uploads\/2020\/11\/Testas-49826968582_24f56dcfc9_k-768x512.jpg 768w, https:\/\/fkzalgiris.lt\/wp-content\/uploads\/2020\/11\/Testas-49826968582_24f56dcfc9_k-1536x1024.jpg 1536w, https:\/\/fkzalgiris.lt\/wp-content\/uploads\/2020\/11\/Testas-49826968582_24f56dcfc9_k-150x100.jpg 150w, https:\/\/fkzalgiris.lt\/wp-content\/uploads\/2020\/11\/Testas-49826968582_24f56dcfc9_k-840x560.jpg 840w, https:\/\/fkzalgiris.lt\/wp-content\/uploads\/2020\/11\/Testas-49826968582_24f56dcfc9_k-570x380.jpg 570w, https:\/\/fkzalgiris.lt\/wp-content\/uploads\/2020\/11\/Testas-49826968582_24f56dcfc9_k-30x20.jpg 30w, https:\/\/fkzalgiris.lt\/wp-content\/uploads\/2020\/11\/Testas-49826968582_24f56dcfc9_k.jpg 2048w\" sizes=\"auto, (max-width: 650px) 100vw, 650px\" \/><\/p>\n<p>Kitas dalykas &#8211; buvo neai\u0161ku kaip bus atidarytos sienos, kada pavykt\u0173 sugr\u012f\u017eti ir atnaujinti treniruotes. D\u0117l \u0161io sprendimo vis\u0105 karantin\u0105 buvo didel\u0117 psichologin\u0117 \u012ftampa ir atsakomyb\u0117 d\u0117l \u017eaid\u0117j\u0173 sveikatos. Supratimas, kad jie gyvena atskirti nuo \u0161eim\u0173 buvo labai slegiantis. Lengviau b\u016bt\u0173 buv\u0119 visus i\u0161leisti, bet nu\u0117jome sunkesniu keliu. Daug bendravome su \u017eaid\u0117jais ir karantin\u0105 i\u0161tv\u0117r\u0117me kaip \u201e\u017dalgirio\u201c \u0161eima, dar labiau sustipr\u0117j\u0119.<\/p>\n<p>Atsiradus galimybei, komanda i\u0161\u0117jo treniruotis. Sezon\u0105 atnaujinti nor\u0117josi anks\u010diau, bet suprasdami situacij\u0105 kartu su klubais sutikome laukti \u201eS\u016bduvos\u201c \u017eaid\u0117j\u0173 sugr\u012f\u017eimo, atnaujinti sezon\u0105 dviem savait\u0117mis v\u0117liau. Jau tuomet min\u0117jau, kad sezon\u0105 reik\u0117t\u0173 stengtis u\u017ebaigti kuo anks\u010diau, per spalio m\u0117nes\u012f, nes gali b\u016bti antra viruso banga.<\/p>\n<p>\u0160\u012f sezon\u0105 taip pat neaplenk\u0117 traumos, karantino \u012ftakota pertrauka atsiliep\u0117 \u017eaid\u0117j\u0173 sveikatai, k\u0105, beje, ir numat\u0117 futbolo medicinos ekspertai. Iki sezono vidurio netur\u0117jome pastovios sud\u0117ties d\u0117l traum\u0173 ar korteli\u0173.<\/p>\n<p>Esu labai d\u0117kinga Vilniaus miesto savivaldybei u\u017e visokeriop\u0105 param\u0105. Dal\u012f nuostoli\u0173 taip pat kompensavo valstyb\u0117. Netekome didel\u0117s dalies pajam\u0173 i\u0161 biliet\u0173 \u2013 pvz. UEFA Europos lygos dvikovos buvo i\u0161 vien\u0173 rungtyni\u0173 ir be \u017ei\u016brov\u0173. Susiver\u017e\u0117me dir\u017eus ir patys, karantino laikotarpiu teko susima\u017einti atlyg\u012f 20 proc. Atsisak\u0117me to, kas neb\u016btina. Tai leido atlyginimus mok\u0117ti laiku, tik kart\u0105 jie v\u0117lavo apie savait\u0119.<\/p>\n<p>Situacija buvo labai \u012ftempta, bet visi susiglaud\u0117me, vienas kit\u0105 palaik\u0117me. A\u010di\u016b klubo administracijai, kuri buvo kaip u\u017enugaris ir leido susitelkti \u012f rezultato siekim\u0105, valdybos nariams u\u017e dalyvavim\u0105 sprendim\u0173 pri\u0117mime. Taip pat d\u0117koju visiems r\u0117m\u0117jams, kurie ilgus metus su mumis ir nepalieka, kuomet sunku.<\/p>\n<p><strong>&#8211; Po karantino sezon\u0105 teko prad\u0117ti be \u017ei\u016brov\u0173 stadione, v\u0117liau ribojant j\u0173 skai\u010di\u0173, o baigti &#8211; taip pat be \u017ei\u016brov\u0173. Aistruoli\u0173 stadione negal\u0117jo b\u016bti ir per svarbiausias UEFA Europos lygos rungtynes. Kiek svarbus j\u0173 palaikymas komandai? <\/strong><\/p>\n<p>&#8211;\u00a0 Esame laimingi tur\u0117dami savo aistruolius ir Vilniaus savivaldyb\u0117s vadovus, kurie per Europos lygos rungtynes padar\u0117 visk\u0105, kad komanda nesijaust\u0173 viena. Tiek Europos turnyruose, tiek A lygoje lemiamose rungtyn\u0117se jaut\u0117me ir gird\u0117jome tiek nuotolin\u012f palaikym\u0105, tiek prie stadiono.<\/p>\n<p><img loading=\"lazy\" decoding=\"async\" class=\"alignnone wp-image-3627\" src=\"https:\/\/fkzalgiris.lt\/wp-content\/uploads\/2020\/11\/P4-norvegija-50354311432_ac90eecee3_k-1024x683.jpg\" alt=\"\" width=\"650\" height=\"433\" srcset=\"https:\/\/fkzalgiris.lt\/wp-content\/uploads\/2020\/11\/P4-norvegija-50354311432_ac90eecee3_k-1024x683.jpg 1024w, https:\/\/fkzalgiris.lt\/wp-content\/uploads\/2020\/11\/P4-norvegija-50354311432_ac90eecee3_k-300x200.jpg 300w, https:\/\/fkzalgiris.lt\/wp-content\/uploads\/2020\/11\/P4-norvegija-50354311432_ac90eecee3_k-768x512.jpg 768w, https:\/\/fkzalgiris.lt\/wp-content\/uploads\/2020\/11\/P4-norvegija-50354311432_ac90eecee3_k-1536x1024.jpg 1536w, https:\/\/fkzalgiris.lt\/wp-content\/uploads\/2020\/11\/P4-norvegija-50354311432_ac90eecee3_k-150x100.jpg 150w, https:\/\/fkzalgiris.lt\/wp-content\/uploads\/2020\/11\/P4-norvegija-50354311432_ac90eecee3_k-840x560.jpg 840w, https:\/\/fkzalgiris.lt\/wp-content\/uploads\/2020\/11\/P4-norvegija-50354311432_ac90eecee3_k-570x380.jpg 570w, https:\/\/fkzalgiris.lt\/wp-content\/uploads\/2020\/11\/P4-norvegija-50354311432_ac90eecee3_k-30x20.jpg 30w, https:\/\/fkzalgiris.lt\/wp-content\/uploads\/2020\/11\/P4-norvegija-50354311432_ac90eecee3_k.jpg 2048w\" sizes=\"auto, (max-width: 650px) 100vw, 650px\" \/><\/p>\n<p>Labiausiai jaudinantis epizodas buvo, kai \u201ePiet\u0173 IV\u201c atstovai mus palaik\u0117 Norvegijoje, u\u017e tvoros net nematydami viso vaizdo aik\u0161t\u0117je. Tai buvo ka\u017ekas tokio, kas \u012fkvepia. Man asmeni\u0161kai tai suteik\u0117 j\u0117g\u0173, o komandai, manau, suteik\u0117 sparnus visam likusiam sezono etapui. Palaikym\u0105, kai \u017einai kad esi ne vienas ir reikalingas, komand\u0105 jau\u010dia. D\u0117l to ir atsiduoda maksimaliai, d\u0117l to i\u0161likome stipr\u016bs, vieningi, susitelk\u0119 ir pasiek\u0117me pagrindin\u012f tiksl\u0105.<\/p>\n<p><strong>&#8211; Sezonas baig\u0117si dviem savait\u0117mis v\u0117liau nei planuota d\u0117l situacijos \u201eS\u016bduvos\u201c komandoje. Ar buvo realu, J\u016bs\u0173 nuomone, sezon\u0105 prat\u0119sti dar ilgiau, iki lapkri\u010dio pabaigos?<\/strong><\/p>\n<p>&#8211; Yra objektyv\u016bs faktoriai, aplinkyb\u0117s ir Europos futbolo praktika. Kaip ne kart\u0105 savo \u017eaid\u0117jams kalb\u0117jau \u2013 pamir\u0161kime kaip gyvenome, dabar viskas kitaip. Nereikia neigti realyb\u0117s, reikia adaptuotis.<\/p>\n<p>Teko dom\u0117tis, jog taikomi skirtingi modeliai \u2013 vieni atideda rungtynes 14 dien\u0173, jei yra daugiau nei 6 susirg\u0119 \u017eaid\u0117jai, kitur \u2013 u\u017eskaitomas techninis pralaim\u0117jimas, kitur reikia \u017eaisti su B komanda. Esminis dalykas \u2013 rungtyn\u0117s turi \u012fvykti.<\/p>\n<p>M\u016bs\u0173 komanda buvo sveika, tod\u0117l sezono neu\u017ebaigti prielaid\u0173 nebuvo. Kaip rod\u0117 skai\u010diai, pandemija \u0117jo \u012f pik\u0105, virusas prad\u0117jo nevaldomai plisti. Sunku prognozuoti, kaip viskas gal\u0117jo susiklostyti toliau. Jei bet kas i\u0161 m\u016bs\u0173 komandos b\u016bt\u0173 u\u017esikr\u0117t\u0119s, paskutines rungtynes b\u016bt\u0173 tek\u0119 \u017eaisti gruod\u017eio m\u0117nes\u012f ar ne\u017einia kada, nes atsirado papildom\u0173 rizik\u0173. 4 svarb\u016bs m\u016bs\u0173 \u017eaid\u0117jai buvo pakviesti \u012f vyr\u0173 rinktin\u0119. Neveltui FIFA nustat\u0117 taisykles, kad klubas gali nei\u0161leisti \u017eaid\u0117j\u0173.<\/p>\n<p>Gal\u0173 gale, \u010dempionatas susideda ne i\u0161 vien\u0173 rungtyni\u0173. Suprantama, niekam nelinkiu tokios situacijos ir gaila, kad tai atsitiko, bet tai yra dabartin\u0117 realyb\u0117.<\/p>\n<p>Turime susitaikyti ir stengtis, kiek \u012fmanoma, suma\u017einti rizikas. Mes dar\u0117me visk\u0105, kad i\u0161likti sveikais. Su \u017eaid\u0117jais sutar\u0117me, kad jie s\u0117d\u0117s namuose, iki minimumo suma\u017eins kontaktus. Kaip yra juokav\u0119s vienas treneris: pasira\u0161\u0119s kontrakt\u0105 futbolininkas prisiima atsakomyb\u0119 u\u017e nepatog\u0173, neskan\u0173 ir nelinksm\u0105 gyvenim\u0105 &#8211; nes turi valgyti ne tai, kas skanu, gyventi pagal re\u017eim\u0105, o ne linksmai ir patogiai. Nuo rudens teko apriboti ir jaun\u0173 \u017eaid\u0117j\u0173 buvim\u0105 komandoje, nes nuo rugs\u0117jo 1 dienos i\u0161\u0117jo \u012f mokyklas, kur nat\u016braliai i\u0161sipl\u0117t\u0117 j\u0173 socialiniai kontaktai, o mokyklos ilgainiui tapo \u017eidiniais. A\u010di\u016b Dievui, jog komanda i\u0161liko sveika iki pabaigos.<\/p>\n<p>Mokom\u0117s gyventi su virusu. \u201eRiteri\u0173\u201c situacija, kai d\u0117l vieno atvejo teko izoliuotis visai komandai, paskatino lyg\u0105 nusistatyti \u017eaidimo taisykles, buvo kreipt\u0105si \u012f Vyriausyb\u0119, bet d\u0117l proced\u016br\u0173 tokie klausimai greitai nesisprend\u017eia. Tikim\u0117s, kad tokia liberalizuota tvarka, pagal kuri\u0105 atsiradus pavieniams atvejams nereik\u0117t\u0173 u\u017edaryti visos komandos, ateityje bus patvirtinta Lietuvoje ir tur\u0117sime ai\u0161kias taisykles lygoje, kurios nekels niekam klausim\u0173 \u2013 k\u0105 ir kaip turime daryti.<\/p>\n<p><strong>&#8211; \u0160\u012f sezon\u0105 pasikeitim\u0173 \u012fvyko ir klubo vadovyb\u0117je. Kas \u0161iuo metu sudaro klubo valdyb\u0105?<br \/>\n<\/strong>&#8211; \u012e klubo valdyb\u0105 tris asmenis deleguoja Vilniaus miesto savivaldyb\u0117. Vienas j\u0173 \u2013 Rokas Germanavi\u010dius. Kiti du sezono eigoje pasikeit\u0117 \u2013 jais tapo naujas savivaldyb\u0117s sporto ir sveikatingumo skyriaus vadovas Edvinas Eimontas, o dar vien\u0105 nar\u012f savivaldyb\u0117 \u0161iemet pasi\u016bl\u0117 deleguoti i\u0161 \u201ePiet\u0173 IV\u201c. \u0160ie i\u0161sirinko savo ilgamet\u012f nar\u012f Ram\u016bn\u0105 \u010cepait\u012f, steb\u0117toju skirtas Ingvaras Butautas. Valdyboje taip pat yra m\u016bs\u0173 r\u0117m\u0117j\u0173 atstovas Gintaras Staniulis, dalininkai Olegas Radionovas, Mindaugas Nikoli\u010dius ir Zurabas Tsintsadze.<\/p>\n<p>\u0160iais metais naujos kadencijos valdyba dalyvavo sprendim\u0173 pri\u0117mime kitaip nei anks\u010diau. D\u0117l \u0161i\u0173, pandemijos met\u0173 i\u0161skirtinumo, \u012fpratome daug bendrauti nuotoliniu b\u016bdu, kas pad\u0117jo veikti grei\u010diau, konstruktyviau ir be formalum\u0173. Susitar\u0117me k\u0105 ir su kuo derinam\u0117s, kas u\u017e k\u0105 atsako ir tiesiog dirbome.<\/p>\n<p><strong>&#8211; Koks buvo sezonas \u201e\u017dalgirio\u201c pamainai, jauniems \u017eaid\u0117jams?<br \/>\n<\/strong>&#8211; Jaun\u0173 \u017eaid\u0117j\u0173 ugdymas yra \u201e\u017dalgirio\u201c strategijos dalis ir tai nesikei\u010dia. Ar\u010diausiai pirmos komandos yra dvi ekipos i\u0161 FA \u201e\u017dalgirietis\u201c aukl\u0117tini\u0173 \u2013 B komanda LFF Pirmoje lygoje, ir C komanda, kuri debiutavo LFF II lygoje. Labai d\u017eiaugiuosi pastarosios komandos geru \u017eaidimu ir u\u017eimta antra vieta. Neabejoju, kad ir B komanda pasieks auk\u0161tesni\u0173 rezultat\u0173. Tam reikia laiko. Turime akademijos treneri\u0173 \u0161tab\u0105, kuris yra atsidav\u0119s ir sistemingai dirba ties tuo. Deja, \u0161iuo laikotarpiu sunku planuoti kokius nors turnyrus, stovyklas ar sta\u017euotes, tod\u0117l belieka pasiraitoti rankoves ir dirbti taip kaip galime namuose.<\/p>\n<p><img loading=\"lazy\" decoding=\"async\" class=\"alignnone wp-image-3628\" src=\"https:\/\/fkzalgiris.lt\/wp-content\/uploads\/2020\/11\/Zalgiris-C-50396906267_434bc73937_o-1024x683.jpg\" alt=\"\" width=\"650\" height=\"433\" srcset=\"https:\/\/fkzalgiris.lt\/wp-content\/uploads\/2020\/11\/Zalgiris-C-50396906267_434bc73937_o-1024x683.jpg 1024w, https:\/\/fkzalgiris.lt\/wp-content\/uploads\/2020\/11\/Zalgiris-C-50396906267_434bc73937_o-300x200.jpg 300w, https:\/\/fkzalgiris.lt\/wp-content\/uploads\/2020\/11\/Zalgiris-C-50396906267_434bc73937_o-768x512.jpg 768w, https:\/\/fkzalgiris.lt\/wp-content\/uploads\/2020\/11\/Zalgiris-C-50396906267_434bc73937_o-1536x1024.jpg 1536w, https:\/\/fkzalgiris.lt\/wp-content\/uploads\/2020\/11\/Zalgiris-C-50396906267_434bc73937_o-150x100.jpg 150w, https:\/\/fkzalgiris.lt\/wp-content\/uploads\/2020\/11\/Zalgiris-C-50396906267_434bc73937_o-840x560.jpg 840w, https:\/\/fkzalgiris.lt\/wp-content\/uploads\/2020\/11\/Zalgiris-C-50396906267_434bc73937_o-570x380.jpg 570w, https:\/\/fkzalgiris.lt\/wp-content\/uploads\/2020\/11\/Zalgiris-C-50396906267_434bc73937_o-30x20.jpg 30w, https:\/\/fkzalgiris.lt\/wp-content\/uploads\/2020\/11\/Zalgiris-C-50396906267_434bc73937_o.jpg 2048w\" sizes=\"auto, (max-width: 650px) 100vw, 650px\" \/><\/p>\n<p>Su pirma komanda sezono prad\u017eioje treniravosi 8-9 jauni \u017eaid\u0117jai, po karantino \u012fvertinant rizikas jie buvo atsargiai kvie\u010diami v\u0117l. Ruden\u012f, kaip min\u0117jau, j\u0173 integracij\u0105 teko pristabdyti d\u0117l viruso plitimo rizikos. Kitas aspektas, kuris apsunkino \u0161\u012f proces\u0105, yra tai, kad pandemija \u012ftakojo ir lyg\u0173 tvarkara\u0161\u010dius. Buvo \u012fprasta, kad B komanda \u017eaisdavo kit\u0105 dien\u0105 po pagrindin\u0117s komandos rungtyni\u0173. \u0160iemet to padaryti nepavyko, buvo labiau atsi\u017evelgta \u012f ne dublerini\u0173 komand\u0173 poreikius. D\u0117l to jaunimo \u017eaidybin\u0117 praktika kiek nukent\u0117jo.<\/p>\n<p>Visgi d\u017eiaugiuosi, kad \u017eaidybinio laiko pirmoje komandoje gavo Gustas Jarusevi\u010dius, Motiejus Burba. Gaila, kad d\u0117l traum\u0173 sezonas nenusisek\u0117 Matui Vareikai. Sezono prad\u017eioje \u017eaid\u0117 Karolis Uz\u0117la, ta\u010diau, kaip \u017einia, aik\u0161t\u0117s viduryje solid\u017eiai rungtyniavo Domantas \u0160imkus ir Modestas Vorobjovas. Tod\u0117l nat\u016bralu, kad \u0161ansai \u0161ioje pozicijoje buvo riboti d\u0117l konkurencijos.<\/p>\n<p>Kartais futbole reikia kantryb\u0117s &#8211; galime prisiminti, kad Domantas savo eil\u0117s lauk\u0117 pusantr\u0173 met\u0173. \u0160iemet jis i\u0161sikovojo savo viet\u0105 ir \u012frod\u0117, kad u\u017eaugo. Labai d\u017eiaugiuosi j\u0173 pasirodymais atstovaujant \u0161aliai, d\u0117l visos Lietuvos rinktin\u0117s ir trenerio Valdo Urbono. \u0160i rinktin\u0117 dar jauna ir turime b\u016bti kantr\u016bs. Bet \u017ei\u016brint rinktin\u0117s rungtynes man smagu, kad \u017eaid\u0117jai jau pasitiki savimi. Kart\u0173 kaita futbole, kaip ir jaunimo integracija \u012f suaugusi\u0173 futbol\u0105 skamba paprastai: praktikoje \u2013 tai laikas, o aik\u0161t\u0117je \u2013 pralaim\u0117jimai. Tod\u0117l, mano galva, esame teisingame kelyje, tik dar reikia laiko.<\/p>\n<p><strong>&#8211; Kurie \u017eaid\u0117jai \u0161\u012f sezon\u0105 labiausiai progresavo?<\/strong><br \/>\n&#8211; \u012evertinus visas sezono aplinkybes galiu tik pasikartoti &#8211; buvo nuostabi komanda, talenting\u0173, jaun\u0173 ir patirties turin\u010di\u0173 \u017eaid\u0117j\u0173 kompozicija. Jaut\u0117si komandin\u0117 dvasia, d\u0117l to ir pavyko padaryti prover\u017e\u012f. Individualiai \u0161io sezono atradimas b\u016bt\u0173 Hugo Videmontas. Jis parod\u0117, k\u0105 rei\u0161kia, kai \u017eaid\u0117jas turi daugiau laiko adaptuotis, kai yra stabilumas ir jis gerai jau\u010diasi komandoje, mieste. Tai jam pad\u0117jo atsiskleisti naujomis spalvomis.<\/p>\n<p>Ta\u010diau lengva pasteb\u0117ti atakuojant\u012f \u017eaid\u0117j\u0105, o a\u0161 matau visus. Saug\u0173 grandyje &#8211; Modestas, Domantas \u2013 jauni lietuviai, kurie savo pozicijose buvo nereal\u016bs ir tai tik patvirtino atstovaudami Lietuvai rinktin\u0117je.<\/p>\n<p>Nemanja Ljubisavljevi\u010dius, jaunas \u017eaid\u0117jas atvyk\u0119s \u012f auk\u0161\u010diausi\u0105 lyg\u0105, su\u017eaid\u0117 beveik visas rungtynes ir jo, kartu su Ivanu, Donovanu ir Sauliumi ginami vartai buvo saug\u016bs. Negaliu nepamin\u0117ti Liviu, kuris buvo stipresnis u\u017e savo sveikatos problemas ir visiems parod\u0117, kad sunkiu darbu galima pasiekti visk\u0105 \u2013 jis buvo tikras lyderis ir energijos \u0161altinis visai komandai.<\/p>\n<p>Apie S. Mikoli\u016bn\u0105 \u2013 m\u016bs\u0173 fenomenal\u0173 Kapiton\u0105 \u2013 tiesiog be \u017eod\u017ei\u0173. Lenkiu galv\u0105 ir pripa\u017e\u012fstu, kad tokio jo sezono nesitik\u0117jau. Labai d\u017eiaugiuosi u\u017e j\u012f, kad tapo daugiausiai u\u017e rinktin\u0119 su\u017eaidusiu \u017eaid\u0117ju. Did\u017eiausia pad\u0117ka jam, nuo\u0161irdus pripa\u017einimas ir vertinimas.<\/p>\n<p><img loading=\"lazy\" decoding=\"async\" class=\"alignnone wp-image-3625\" src=\"https:\/\/fkzalgiris.lt\/wp-content\/uploads\/2020\/11\/Miko-triumfas-50604044932_e40a9e8268_o-1024x683.jpg\" alt=\"\" width=\"650\" height=\"433\" srcset=\"https:\/\/fkzalgiris.lt\/wp-content\/uploads\/2020\/11\/Miko-triumfas-50604044932_e40a9e8268_o-1024x683.jpg 1024w, https:\/\/fkzalgiris.lt\/wp-content\/uploads\/2020\/11\/Miko-triumfas-50604044932_e40a9e8268_o-300x200.jpg 300w, https:\/\/fkzalgiris.lt\/wp-content\/uploads\/2020\/11\/Miko-triumfas-50604044932_e40a9e8268_o-768x512.jpg 768w, https:\/\/fkzalgiris.lt\/wp-content\/uploads\/2020\/11\/Miko-triumfas-50604044932_e40a9e8268_o-1536x1024.jpg 1536w, https:\/\/fkzalgiris.lt\/wp-content\/uploads\/2020\/11\/Miko-triumfas-50604044932_e40a9e8268_o-150x100.jpg 150w, https:\/\/fkzalgiris.lt\/wp-content\/uploads\/2020\/11\/Miko-triumfas-50604044932_e40a9e8268_o-840x560.jpg 840w, https:\/\/fkzalgiris.lt\/wp-content\/uploads\/2020\/11\/Miko-triumfas-50604044932_e40a9e8268_o-570x380.jpg 570w, https:\/\/fkzalgiris.lt\/wp-content\/uploads\/2020\/11\/Miko-triumfas-50604044932_e40a9e8268_o-30x20.jpg 30w, https:\/\/fkzalgiris.lt\/wp-content\/uploads\/2020\/11\/Miko-triumfas-50604044932_e40a9e8268_o.jpg 2048w\" sizes=\"auto, (max-width: 650px) 100vw, 650px\" \/><\/p>\n<p><strong>&#8211; Ar kit\u0105met komandoje liks \u0161io sezono \u017eaid\u0117j\u0173 branduolys? Kurie \u017eaid\u0117jai \u0161iuo metu turi galiojan\u010dias sutartis?<br \/>\n<\/strong>&#8211; Kontraktus turi dauguma \u017eaid\u0117j\u0173, tod\u0117l prie\u0161 kitus metus jau\u010diam\u0117s stabilesni. Ta\u010diau negalime b\u016bti u\u017etikrinti, nusp\u0117ti kaip situacija i\u0161sirutuliuos iki sezono prad\u017eios. Galb\u016bt s\u0117kmingai rungtyniav\u0119 \u017eaid\u0117jai sulauks geresni\u0173 pasi\u016blym\u0173. Ypa\u010d sunkiau prognozuoti d\u0117l COVID-19 situacijos. Tod\u0117l esame nusimat\u0119 \u017eaid\u0117j\u0173 paie\u0161k\u0105 \u012f kelet\u0105 pozicij\u0173.<\/p>\n<p>Sutartis i\u0161 \u017eaidusi\u0173 pagrindin\u0117je komandoje \u0161iuo metu turi vartininkas Edvinas Gertmonas, gyn\u0117jai N. Ljubisavljevi\u010dius, I. Tatomirovi\u010dius, Marko Karamarko, saugai K. Uz\u0117la, M. \u00a0Kuklys, G. Jarusevi\u010dius, M. Vareika, Francis Kyeremeh, H. Videmontas, puol\u0117jas M. Burba. \u017dod\u017eiu esame sutar\u0119 su S. Mikoli\u016bnu, derybos jau vyksta su A. Kalud\u017eerovi\u010diumi, jis i\u0161rei\u0161k\u0117 nor\u0105 likti komandoje. Klubas turi sutart\u012f ir su T. Ki\u0161u, kurio nuomos sutartis Piet\u0173 Kor\u0117joje baig\u0117si.<\/p>\n<p>Dar turime susid\u0117lioti finansinius klausimus, daug k\u0105 aptarti valdyboje. Kai \u017einosime kokias galimybes turime, ir kur einame toliau, gal\u0117sime prat\u0119sti daugiau pokalbi\u0173. Jei reik\u0117s, esame pasireng\u0119 kai kuri\u0173 \u017eaid\u0117j\u0173 sprendimo palaukti ir ilgiau, iki vasario.<\/p>\n<p><strong>&#8211; D\u0117l trenerio Aliaksejaus Bagos ateities pastaruoju metu vie\u0161oje erdv\u0117je buvo daug spekuliacij\u0173. Kokia \u0161iuo metu situacija i\u0161 ties\u0173?<br \/>\n<\/strong>&#8211; Treneris turi dar metus galiojan\u010di\u0105 sutart\u012f. Jis pats patikino, kad konkre\u010di\u0173 pasi\u016blym\u0173 n\u0117ra gav\u0119s. Klubas taip pat joki\u0173 u\u017eklaus\u0173 d\u0117l trenerio negavo. Tod\u0117l prane\u0161imus apie jo i\u0161\u0117jim\u0105 vadin\u010diau \u201einformacin\u0117mis \u0161iuk\u0161l\u0117mis\u201c, \u012f kurias nekreipiame d\u0117mesio.<\/p>\n<p><img loading=\"lazy\" decoding=\"async\" class=\"alignnone wp-image-3624\" src=\"https:\/\/fkzalgiris.lt\/wp-content\/uploads\/2020\/11\/Baga-50603923251_5ca77fd37c_o-1024x683.jpg\" alt=\"\" width=\"650\" height=\"433\" srcset=\"https:\/\/fkzalgiris.lt\/wp-content\/uploads\/2020\/11\/Baga-50603923251_5ca77fd37c_o-1024x683.jpg 1024w, https:\/\/fkzalgiris.lt\/wp-content\/uploads\/2020\/11\/Baga-50603923251_5ca77fd37c_o-300x200.jpg 300w, https:\/\/fkzalgiris.lt\/wp-content\/uploads\/2020\/11\/Baga-50603923251_5ca77fd37c_o-768x512.jpg 768w, https:\/\/fkzalgiris.lt\/wp-content\/uploads\/2020\/11\/Baga-50603923251_5ca77fd37c_o-1536x1024.jpg 1536w, https:\/\/fkzalgiris.lt\/wp-content\/uploads\/2020\/11\/Baga-50603923251_5ca77fd37c_o-150x100.jpg 150w, https:\/\/fkzalgiris.lt\/wp-content\/uploads\/2020\/11\/Baga-50603923251_5ca77fd37c_o-840x560.jpg 840w, https:\/\/fkzalgiris.lt\/wp-content\/uploads\/2020\/11\/Baga-50603923251_5ca77fd37c_o-570x380.jpg 570w, https:\/\/fkzalgiris.lt\/wp-content\/uploads\/2020\/11\/Baga-50603923251_5ca77fd37c_o-30x20.jpg 30w, https:\/\/fkzalgiris.lt\/wp-content\/uploads\/2020\/11\/Baga-50603923251_5ca77fd37c_o.jpg 2048w\" sizes=\"auto, (max-width: 650px) 100vw, 650px\" \/><\/p>\n<p>Kita vertus, jei yra susidom\u0117jimas, galime d\u017eiaugtis, kad m\u016bs\u0173 treneriai yra paklausoje. Kelios dienos po sezono pabaigos buvome susitik\u0119 su treneriu. Aptar\u0117me sezon\u0105, kalb\u0117jome apie sud\u0117t\u012f b\u016bsimam sezonui, pristat\u0117me galimus kandidatus. Kartu sutar\u0117me, kad jei klubas gaut\u0173 pasi\u016blym\u0173 d\u0117l jo i\u0161vykimo, juos vertinsime iki gruod\u017eio m\u0117nesio vidurio. V\u0117liau \u0161is klausimas nebebus svarstomas, nes rengsim\u0117s naujam sezonui.<\/p>\n<p><strong>&#8211; Kokia J\u016bs\u0173 vizija d\u0117l kito A lygos sezono \u2013 var\u017eyb\u0173 formato, komand\u0173 skai\u010diaus, nuostat\u0173 d\u0117l legionieri\u0173?<br \/>\n&#8211;<\/strong> \u0160iuo metu tai yra lygtis su \u0161imtu ne\u017einom\u0173j\u0173. Ne\u017einome kada ir kaip gal\u0117sime prad\u0117ti sezon\u0105, kaip tur\u0117sime elgtis sezono metu. Net jei ir tur\u0117sime ai\u0161kias taisykles, jos yra labiau teorin\u0117s ir priklauso nuo bendros situacijos \u0161alyje.<\/p>\n<p>Mano asmenine nuomone, optimalus Lietuvai \u010dempionatas i\u0161 8 komand\u0173. Jei b\u016bt\u0173 10 komand\u0173 \u2013 valio. Ta\u010diau blogiausias dalykas, kai at\u0117j\u0119 klubai sezono viduryje supranta kad negali u\u017ebaigti sezono d\u0117l pinig\u0173 stygiaus. Tai blogiau nei tur\u0117ti 6 komandas lygoje.<\/p>\n<p>Kalbant apie \u0161i\u0173 met\u0173 sezon\u0105, manau, kad jis buvo konkurencingas ir \u012fdomus net ir su 6 komandomis. \u017dinoma, geriau, kad tokio ma\u017eo skai\u010diaus neb\u016bt\u0173, bet svarbiausia kad visi klubai b\u016bt\u0173 paj\u0117gus su\u017eaisti visus metus. V\u0117lgi, vertinant pandemin\u0119 situacij\u0105, manau, kad reik\u0117t\u0173 \u017eaisti ne daugiau 3 rat\u0173.<\/p>\n<p>Esamo legionieri\u0173 limito (4 \u017eaid\u0117jai ne i\u0161 Europos s\u0105jungos \u0161ali\u0173) galb\u016bt ir pakanka aik\u0161t\u0117je. Ta\u010diau nor\u0117t\u0173si, kad b\u016bt\u0173 didesn\u0117 atsargini\u0173 \u017eaid\u0117j\u0173 kvota, kad ji b\u016bt\u0173 padidinta iki 6. I\u0161gyvename sunki\u0105 ekonomin\u0119 situacij\u0105, turime ma\u017eiau resurs\u0173, papildom\u0173 rizik\u0173 \u017eaid\u0117jams i\u0161kristi i\u0161 rikiuot\u0117s d\u0117l traum\u0173. Atsi\u017evelgiant \u012f tai, FIFA leido padidinti keitim\u0173 skai\u010di\u0173.<\/p>\n<p>Klubams svarb\u016bs rezultatai Europoje, o pakankamai daug auk\u0161to meistri\u0161kumo lietuvi\u0173, su kuriais b\u016btume konkurencingi Europos turnyruose, \u0161iuo metu laisv\u0173 (be kontrakt\u0173) beveik neturime. Lietuvos futbole tur\u0117jome \u201eduob\u0119\u201c ir \u017eaid\u0117jai greitai nei\u0161ugdomi, tam reikia laiko.<\/p>\n<p>Tikiu, kad po 5 met\u0173 situacija su Lietuvos \u017eaid\u0117jais bus kita, bet kol kas turime tai k\u0105 turime ir ignoruoti to negalime. Kita vertus, \u017eaisdamas su stipriais legionieriais m\u016bs\u0173 jaunimas grei\u010diau tobul\u0117ja ir turi ko pasimokyti. Taip jie tampa tik geresniais. Klubin\u0117s komandos formuojamos ne tik i\u0161 vietini\u0173 \u017eaid\u0117j\u0173. Tokia yra futbolo praktika ir s\u0117kming\u0173 komand\u0173 formavimo dalis.<\/p>\n","protected":false},"excerpt":{"rendered":"<p>I\u0161skirtinai sud\u0117tingus 2020 metus Vilniaus \u201e\u017dalgiris\u201c baig\u0117 ypatingu laim\u0117jimu \u2013 po trij\u0173 sezon\u0173 pertraukos susigr\u0105\u017eintas Lietuvos \u010dempion\u0173 titulas. \u201ePasaulis per pandemij\u0105 pasikeit\u0117, ta\u010diau \u017emogus ir\u2026<\/p>\n","protected":false},"author":4,"featured_media":0,"comment_status":"closed","ping_status":"closed","sticky":false,"template":"","format":"standard","meta":{"_acf_changed":false,"footnotes":""},"categories":[87],"class_list":["post-3610","post","type-post","status-publish","format-standard","hentry","category-zalgiris"],"acf":[],"yoast_head":"<!-- This site is optimized with the Yoast SEO plugin v26.8 - https:\/\/yoast.com\/product\/yoast-seo-wordpress\/ -->\n<title>Klubo vadov\u0117 apie \u017eyg\u012f titulo link, sezono i\u0161\u0161\u016bkius ir sprendim\u0173 aplinkybes - FK \u017dalgiris<\/title>\n<meta name=\"robots\" content=\"index, follow, max-snippet:-1, max-image-preview:large, max-video-preview:-1\" \/>\n<link rel=\"canonical\" href=\"https:\/\/fkzalgiris.lt\/klubo-vadove-apie-pergales-priezastis-sezono-issukius-ir-sprendimu-aplinkybes\/\" \/>\n<meta property=\"og:locale\" content=\"lt_LT\" \/>\n<meta property=\"og:type\" content=\"article\" \/>\n<meta property=\"og:title\" content=\"Klubo vadov\u0117 apie \u017eyg\u012f titulo link, sezono i\u0161\u0161\u016bkius ir sprendim\u0173 aplinkybes - FK \u017dalgiris\" \/>\n<meta property=\"og:description\" content=\"I\u0161skirtinai sud\u0117tingus 2020 metus Vilniaus \u201e\u017dalgiris\u201c baig\u0117 ypatingu laim\u0117jimu \u2013 po trij\u0173 sezon\u0173 pertraukos susigr\u0105\u017eintas Lietuvos \u010dempion\u0173 titulas. \u201ePasaulis per pandemij\u0105 pasikeit\u0117, ta\u010diau \u017emogus ir\u2026\" \/>\n<meta property=\"og:url\" content=\"https:\/\/fkzalgiris.lt\/klubo-vadove-apie-pergales-priezastis-sezono-issukius-ir-sprendimu-aplinkybes\/\" \/>\n<meta property=\"og:site_name\" content=\"FK \u017dalgiris\" \/>\n<meta property=\"article:publisher\" content=\"https:\/\/www.facebook.com\/fkzalgiris\/\" \/>\n<meta property=\"article:published_time\" content=\"2020-11-23T08:03:45+00:00\" \/>\n<meta property=\"article:modified_time\" content=\"2020-11-24T14:10:49+00:00\" \/>\n<meta property=\"og:image\" content=\"https:\/\/fkzalgiris.lt\/wp-content\/uploads\/2020\/11\/Cempionai-50603926086_93094407ba_k-1024x683.jpg\" \/>\n<meta name=\"author\" content=\"J\" \/>\n<meta name=\"twitter:card\" content=\"summary_large_image\" \/>\n<meta name=\"twitter:creator\" content=\"@fkzalgiris\" \/>\n<meta name=\"twitter:site\" content=\"@fkzalgiris\" \/>\n<meta name=\"twitter:label1\" content=\"Written by\" \/>\n\t<meta name=\"twitter:data1\" content=\"J\" \/>\n\t<meta name=\"twitter:label2\" content=\"Est. reading time\" \/>\n\t<meta name=\"twitter:data2\" content=\"19 minu\u010di\u0173\" \/>\n<script type=\"application\/ld+json\" class=\"yoast-schema-graph\">{\"@context\":\"https:\/\/schema.org\",\"@graph\":[{\"@type\":\"Article\",\"@id\":\"https:\/\/fkzalgiris.lt\/klubo-vadove-apie-pergales-priezastis-sezono-issukius-ir-sprendimu-aplinkybes\/#article\",\"isPartOf\":{\"@id\":\"https:\/\/fkzalgiris.lt\/klubo-vadove-apie-pergales-priezastis-sezono-issukius-ir-sprendimu-aplinkybes\/\"},\"author\":{\"name\":\"J\",\"@id\":\"https:\/\/fkzalgiris.lt\/#\/schema\/person\/8604babbba794a7d8767be324a3eaac8\"},\"headline\":\"Klubo vadov\u0117 apie \u017eyg\u012f titulo link, sezono i\u0161\u0161\u016bkius ir sprendim\u0173 aplinkybes\",\"datePublished\":\"2020-11-23T08:03:45+00:00\",\"dateModified\":\"2020-11-24T14:10:49+00:00\",\"mainEntityOfPage\":{\"@id\":\"https:\/\/fkzalgiris.lt\/klubo-vadove-apie-pergales-priezastis-sezono-issukius-ir-sprendimu-aplinkybes\/\"},\"wordCount\":3748,\"publisher\":{\"@id\":\"https:\/\/fkzalgiris.lt\/#organization\"},\"image\":{\"@id\":\"https:\/\/fkzalgiris.lt\/klubo-vadove-apie-pergales-priezastis-sezono-issukius-ir-sprendimu-aplinkybes\/#primaryimage\"},\"thumbnailUrl\":\"https:\/\/fkzalgiris.lt\/wp-content\/uploads\/2020\/11\/Cempionai-50603926086_93094407ba_k-1024x683.jpg\",\"articleSection\":[\"\u017dalgiris\"],\"inLanguage\":\"lt-LT\"},{\"@type\":\"WebPage\",\"@id\":\"https:\/\/fkzalgiris.lt\/klubo-vadove-apie-pergales-priezastis-sezono-issukius-ir-sprendimu-aplinkybes\/\",\"url\":\"https:\/\/fkzalgiris.lt\/klubo-vadove-apie-pergales-priezastis-sezono-issukius-ir-sprendimu-aplinkybes\/\",\"name\":\"Klubo vadov\u0117 apie \u017eyg\u012f titulo link, sezono i\u0161\u0161\u016bkius ir sprendim\u0173 aplinkybes - FK \u017dalgiris\",\"isPartOf\":{\"@id\":\"https:\/\/fkzalgiris.lt\/#website\"},\"primaryImageOfPage\":{\"@id\":\"https:\/\/fkzalgiris.lt\/klubo-vadove-apie-pergales-priezastis-sezono-issukius-ir-sprendimu-aplinkybes\/#primaryimage\"},\"image\":{\"@id\":\"https:\/\/fkzalgiris.lt\/klubo-vadove-apie-pergales-priezastis-sezono-issukius-ir-sprendimu-aplinkybes\/#primaryimage\"},\"thumbnailUrl\":\"https:\/\/fkzalgiris.lt\/wp-content\/uploads\/2020\/11\/Cempionai-50603926086_93094407ba_k-1024x683.jpg\",\"datePublished\":\"2020-11-23T08:03:45+00:00\",\"dateModified\":\"2020-11-24T14:10:49+00:00\",\"breadcrumb\":{\"@id\":\"https:\/\/fkzalgiris.lt\/klubo-vadove-apie-pergales-priezastis-sezono-issukius-ir-sprendimu-aplinkybes\/#breadcrumb\"},\"inLanguage\":\"lt-LT\",\"potentialAction\":[{\"@type\":\"ReadAction\",\"target\":[\"https:\/\/fkzalgiris.lt\/klubo-vadove-apie-pergales-priezastis-sezono-issukius-ir-sprendimu-aplinkybes\/\"]}]},{\"@type\":\"ImageObject\",\"inLanguage\":\"lt-LT\",\"@id\":\"https:\/\/fkzalgiris.lt\/klubo-vadove-apie-pergales-priezastis-sezono-issukius-ir-sprendimu-aplinkybes\/#primaryimage\",\"url\":\"https:\/\/fkzalgiris.lt\/wp-content\/uploads\/2020\/11\/Cempionai-50603926086_93094407ba_k.jpg\",\"contentUrl\":\"https:\/\/fkzalgiris.lt\/wp-content\/uploads\/2020\/11\/Cempionai-50603926086_93094407ba_k.jpg\",\"width\":2048,\"height\":1365},{\"@type\":\"BreadcrumbList\",\"@id\":\"https:\/\/fkzalgiris.lt\/klubo-vadove-apie-pergales-priezastis-sezono-issukius-ir-sprendimu-aplinkybes\/#breadcrumb\",\"itemListElement\":[{\"@type\":\"ListItem\",\"position\":1,\"name\":\"Home\",\"item\":\"https:\/\/fkzalgiris.lt\/\"},{\"@type\":\"ListItem\",\"position\":2,\"name\":\"Klubo vadov\u0117 apie \u017eyg\u012f titulo link, sezono i\u0161\u0161\u016bkius ir sprendim\u0173 aplinkybes\"}]},{\"@type\":\"WebSite\",\"@id\":\"https:\/\/fkzalgiris.lt\/#website\",\"url\":\"https:\/\/fkzalgiris.lt\/\",\"name\":\"FK \u017dalgiris\",\"description\":\"oficiali Vilniaus \u201e\u017dalgirio\u201c futbolo klubo svetain\u0117\",\"publisher\":{\"@id\":\"https:\/\/fkzalgiris.lt\/#organization\"},\"potentialAction\":[{\"@type\":\"SearchAction\",\"target\":{\"@type\":\"EntryPoint\",\"urlTemplate\":\"https:\/\/fkzalgiris.lt\/?s={search_term_string}\"},\"query-input\":{\"@type\":\"PropertyValueSpecification\",\"valueRequired\":true,\"valueName\":\"search_term_string\"}}],\"inLanguage\":\"lt-LT\"},{\"@type\":\"Organization\",\"@id\":\"https:\/\/fkzalgiris.lt\/#organization\",\"name\":\"FK \u017dalgiris\",\"url\":\"https:\/\/fkzalgiris.lt\/\",\"logo\":{\"@type\":\"ImageObject\",\"inLanguage\":\"lt-LT\",\"@id\":\"https:\/\/fkzalgiris.lt\/#\/schema\/logo\/image\/\",\"url\":\"https:\/\/fkzalgiris.lt\/wp-content\/uploads\/2024\/01\/horiz-FK-Zalgiris-logo-2015.png\",\"contentUrl\":\"https:\/\/fkzalgiris.lt\/wp-content\/uploads\/2024\/01\/horiz-FK-Zalgiris-logo-2015.png\",\"width\":3073,\"height\":2048,\"caption\":\"FK \u017dalgiris\"},\"image\":{\"@id\":\"https:\/\/fkzalgiris.lt\/#\/schema\/logo\/image\/\"},\"sameAs\":[\"https:\/\/www.facebook.com\/fkzalgiris\/\",\"https:\/\/x.com\/fkzalgiris\",\"https:\/\/www.instagram.com\/fkzalgiris\/\",\"https:\/\/www.youtube.com\/channel\/UC1ag8JLxGirltMUoLlzfZLA\"]},{\"@type\":\"Person\",\"@id\":\"https:\/\/fkzalgiris.lt\/#\/schema\/person\/8604babbba794a7d8767be324a3eaac8\",\"name\":\"J\"}]}<\/script>\n<!-- \/ Yoast SEO plugin. -->","yoast_head_json":{"title":"Klubo vadov\u0117 apie \u017eyg\u012f titulo link, sezono i\u0161\u0161\u016bkius ir sprendim\u0173 aplinkybes - FK \u017dalgiris","robots":{"index":"index","follow":"follow","max-snippet":"max-snippet:-1","max-image-preview":"max-image-preview:large","max-video-preview":"max-video-preview:-1"},"canonical":"https:\/\/fkzalgiris.lt\/klubo-vadove-apie-pergales-priezastis-sezono-issukius-ir-sprendimu-aplinkybes\/","og_locale":"lt_LT","og_type":"article","og_title":"Klubo vadov\u0117 apie \u017eyg\u012f titulo link, sezono i\u0161\u0161\u016bkius ir sprendim\u0173 aplinkybes - FK \u017dalgiris","og_description":"I\u0161skirtinai sud\u0117tingus 2020 metus Vilniaus \u201e\u017dalgiris\u201c baig\u0117 ypatingu laim\u0117jimu \u2013 po trij\u0173 sezon\u0173 pertraukos susigr\u0105\u017eintas Lietuvos \u010dempion\u0173 titulas. \u201ePasaulis per pandemij\u0105 pasikeit\u0117, ta\u010diau \u017emogus ir\u2026","og_url":"https:\/\/fkzalgiris.lt\/klubo-vadove-apie-pergales-priezastis-sezono-issukius-ir-sprendimu-aplinkybes\/","og_site_name":"FK \u017dalgiris","article_publisher":"https:\/\/www.facebook.com\/fkzalgiris\/","article_published_time":"2020-11-23T08:03:45+00:00","article_modified_time":"2020-11-24T14:10:49+00:00","og_image":[{"url":"https:\/\/fkzalgiris.lt\/wp-content\/uploads\/2020\/11\/Cempionai-50603926086_93094407ba_k-1024x683.jpg","type":"","width":"","height":""}],"author":"J","twitter_card":"summary_large_image","twitter_creator":"@fkzalgiris","twitter_site":"@fkzalgiris","twitter_misc":{"Written by":"J","Est. reading time":"19 minu\u010di\u0173"},"schema":{"@context":"https:\/\/schema.org","@graph":[{"@type":"Article","@id":"https:\/\/fkzalgiris.lt\/klubo-vadove-apie-pergales-priezastis-sezono-issukius-ir-sprendimu-aplinkybes\/#article","isPartOf":{"@id":"https:\/\/fkzalgiris.lt\/klubo-vadove-apie-pergales-priezastis-sezono-issukius-ir-sprendimu-aplinkybes\/"},"author":{"name":"J","@id":"https:\/\/fkzalgiris.lt\/#\/schema\/person\/8604babbba794a7d8767be324a3eaac8"},"headline":"Klubo vadov\u0117 apie \u017eyg\u012f titulo link, sezono i\u0161\u0161\u016bkius ir sprendim\u0173 aplinkybes","datePublished":"2020-11-23T08:03:45+00:00","dateModified":"2020-11-24T14:10:49+00:00","mainEntityOfPage":{"@id":"https:\/\/fkzalgiris.lt\/klubo-vadove-apie-pergales-priezastis-sezono-issukius-ir-sprendimu-aplinkybes\/"},"wordCount":3748,"publisher":{"@id":"https:\/\/fkzalgiris.lt\/#organization"},"image":{"@id":"https:\/\/fkzalgiris.lt\/klubo-vadove-apie-pergales-priezastis-sezono-issukius-ir-sprendimu-aplinkybes\/#primaryimage"},"thumbnailUrl":"https:\/\/fkzalgiris.lt\/wp-content\/uploads\/2020\/11\/Cempionai-50603926086_93094407ba_k-1024x683.jpg","articleSection":["\u017dalgiris"],"inLanguage":"lt-LT"},{"@type":"WebPage","@id":"https:\/\/fkzalgiris.lt\/klubo-vadove-apie-pergales-priezastis-sezono-issukius-ir-sprendimu-aplinkybes\/","url":"https:\/\/fkzalgiris.lt\/klubo-vadove-apie-pergales-priezastis-sezono-issukius-ir-sprendimu-aplinkybes\/","name":"Klubo vadov\u0117 apie \u017eyg\u012f titulo link, sezono i\u0161\u0161\u016bkius ir sprendim\u0173 aplinkybes - FK \u017dalgiris","isPartOf":{"@id":"https:\/\/fkzalgiris.lt\/#website"},"primaryImageOfPage":{"@id":"https:\/\/fkzalgiris.lt\/klubo-vadove-apie-pergales-priezastis-sezono-issukius-ir-sprendimu-aplinkybes\/#primaryimage"},"image":{"@id":"https:\/\/fkzalgiris.lt\/klubo-vadove-apie-pergales-priezastis-sezono-issukius-ir-sprendimu-aplinkybes\/#primaryimage"},"thumbnailUrl":"https:\/\/fkzalgiris.lt\/wp-content\/uploads\/2020\/11\/Cempionai-50603926086_93094407ba_k-1024x683.jpg","datePublished":"2020-11-23T08:03:45+00:00","dateModified":"2020-11-24T14:10:49+00:00","breadcrumb":{"@id":"https:\/\/fkzalgiris.lt\/klubo-vadove-apie-pergales-priezastis-sezono-issukius-ir-sprendimu-aplinkybes\/#breadcrumb"},"inLanguage":"lt-LT","potentialAction":[{"@type":"ReadAction","target":["https:\/\/fkzalgiris.lt\/klubo-vadove-apie-pergales-priezastis-sezono-issukius-ir-sprendimu-aplinkybes\/"]}]},{"@type":"ImageObject","inLanguage":"lt-LT","@id":"https:\/\/fkzalgiris.lt\/klubo-vadove-apie-pergales-priezastis-sezono-issukius-ir-sprendimu-aplinkybes\/#primaryimage","url":"https:\/\/fkzalgiris.lt\/wp-content\/uploads\/2020\/11\/Cempionai-50603926086_93094407ba_k.jpg","contentUrl":"https:\/\/fkzalgiris.lt\/wp-content\/uploads\/2020\/11\/Cempionai-50603926086_93094407ba_k.jpg","width":2048,"height":1365},{"@type":"BreadcrumbList","@id":"https:\/\/fkzalgiris.lt\/klubo-vadove-apie-pergales-priezastis-sezono-issukius-ir-sprendimu-aplinkybes\/#breadcrumb","itemListElement":[{"@type":"ListItem","position":1,"name":"Home","item":"https:\/\/fkzalgiris.lt\/"},{"@type":"ListItem","position":2,"name":"Klubo vadov\u0117 apie \u017eyg\u012f titulo link, sezono i\u0161\u0161\u016bkius ir sprendim\u0173 aplinkybes"}]},{"@type":"WebSite","@id":"https:\/\/fkzalgiris.lt\/#website","url":"https:\/\/fkzalgiris.lt\/","name":"FK \u017dalgiris","description":"oficiali Vilniaus \u201e\u017dalgirio\u201c futbolo klubo svetain\u0117","publisher":{"@id":"https:\/\/fkzalgiris.lt\/#organization"},"potentialAction":[{"@type":"SearchAction","target":{"@type":"EntryPoint","urlTemplate":"https:\/\/fkzalgiris.lt\/?s={search_term_string}"},"query-input":{"@type":"PropertyValueSpecification","valueRequired":true,"valueName":"search_term_string"}}],"inLanguage":"lt-LT"},{"@type":"Organization","@id":"https:\/\/fkzalgiris.lt\/#organization","name":"FK \u017dalgiris","url":"https:\/\/fkzalgiris.lt\/","logo":{"@type":"ImageObject","inLanguage":"lt-LT","@id":"https:\/\/fkzalgiris.lt\/#\/schema\/logo\/image\/","url":"https:\/\/fkzalgiris.lt\/wp-content\/uploads\/2024\/01\/horiz-FK-Zalgiris-logo-2015.png","contentUrl":"https:\/\/fkzalgiris.lt\/wp-content\/uploads\/2024\/01\/horiz-FK-Zalgiris-logo-2015.png","width":3073,"height":2048,"caption":"FK \u017dalgiris"},"image":{"@id":"https:\/\/fkzalgiris.lt\/#\/schema\/logo\/image\/"},"sameAs":["https:\/\/www.facebook.com\/fkzalgiris\/","https:\/\/x.com\/fkzalgiris","https:\/\/www.instagram.com\/fkzalgiris\/","https:\/\/www.youtube.com\/channel\/UC1ag8JLxGirltMUoLlzfZLA"]},{"@type":"Person","@id":"https:\/\/fkzalgiris.lt\/#\/schema\/person\/8604babbba794a7d8767be324a3eaac8","name":"J"}]}},"_links":{"self":[{"href":"https:\/\/fkzalgiris.lt\/api\/wp\/v2\/posts\/3610","targetHints":{"allow":["GET"]}}],"collection":[{"href":"https:\/\/fkzalgiris.lt\/api\/wp\/v2\/posts"}],"about":[{"href":"https:\/\/fkzalgiris.lt\/api\/wp\/v2\/types\/post"}],"author":[{"embeddable":true,"href":"https:\/\/fkzalgiris.lt\/api\/wp\/v2\/users\/4"}],"replies":[{"embeddable":true,"href":"https:\/\/fkzalgiris.lt\/api\/wp\/v2\/comments?post=3610"}],"version-history":[{"count":12,"href":"https:\/\/fkzalgiris.lt\/api\/wp\/v2\/posts\/3610\/revisions"}],"predecessor-version":[{"id":3643,"href":"https:\/\/fkzalgiris.lt\/api\/wp\/v2\/posts\/3610\/revisions\/3643"}],"wp:attachment":[{"href":"https:\/\/fkzalgiris.lt\/api\/wp\/v2\/media?parent=3610"}],"wp:term":[{"taxonomy":"category","embeddable":true,"href":"https:\/\/fkzalgiris.lt\/api\/wp\/v2\/categories?post=3610"}],"curies":[{"name":"wp","href":"https:\/\/api.w.org\/{rel}","templated":true}]}}