{"id":3551,"date":"2020-11-13T22:01:35","date_gmt":"2020-11-13T20:01:35","guid":{"rendered":"https:\/\/fkzalgiris.lt\/?p=3551"},"modified":"2020-11-13T22:02:42","modified_gmt":"2020-11-13T20:02:42","slug":"jaunimo-rinktineje-zalgiriecio-ivartis","status":"publish","type":"post","link":"https:\/\/fkzalgiris.lt\/jaunimo-rinktineje-zalgiriecio-ivartis\/","title":{"rendered":"\u017dalgirie\u010dio \u012fvartis prisid\u0117jo prie jaunimo rinktin\u0117s pergal\u0117s"},"content":{"rendered":"<p>FK \u201e\u017dalgiris\u201c saugas Karolis Uz\u0117la \u012fvar\u010diu prisid\u0117jo prie Lietuvos jaunimo (U-21) rinktin\u0117s pergal\u0117s Europos \u010dempionato atrankoje.<\/p>\n<p>Lietuviai Vilniuje rezultatu 3:0 \u012fveik\u0117 San Marino bendraam\u017eius.<\/p>\n<p>K. Uz\u0117la 77 minut\u0119 pasi\u017eym\u0117jo sm\u016bgiu i\u0161 toli. Saugas rungtyniavo iki 83 minut\u0117s.<\/p>\n<p>Jaunimo rinktin\u0117s atsargoje liko vartininkas Gaudentas Ralys.<\/p>\n<p>Lietuvos komanda atrankos var\u017eybas u\u017ebaigs lapkri\u010dio 17 d. sve\u010diuose su Kroatijos jaunimo komanda.<\/p>\n<p><strong>K. Uz\u0117los \u012fvartis:<\/strong><\/p>\n<p><iframe loading=\"lazy\" style=\"border: none; overflow: hidden;\" src=\"https:\/\/www.facebook.com\/plugins\/video.php?href=https%3A%2F%2Fwww.facebook.com%2FLTUfutbolas%2Fvideos%2F853976738738949%2F&amp;show_text=0&amp;width=560\" width=\"560\" height=\"318\" frameborder=\"0\" scrolling=\"no\" allowfullscreen=\"allowfullscreen\"><\/iframe><\/p>\n","protected":false},"excerpt":{"rendered":"<p>FK \u201e\u017dalgiris\u201c saugas Karolis Uz\u0117la \u012fvar\u010diu prisid\u0117jo prie Lietuvos jaunimo (U-21) rinktin\u0117s pergal\u0117s Europos \u010dempionato atrankoje. Lietuviai Vilniuje rezultatu 3:0 \u012fveik\u0117 San Marino bendraam\u017eius. K.\u2026<\/p>\n","protected":false},"author":4,"featured_media":0,"comment_status":"closed","ping_status":"closed","sticky":false,"template":"","format":"standard","meta":{"_acf_changed":false,"footnotes":""},"categories":[106],"class_list":["post-3551","post","type-post","status-publish","format-standard","hentry","category-rinktines"],"acf":[],"yoast_head":"<!-- This site is optimized with the Yoast SEO plugin v26.8 - https:\/\/yoast.com\/product\/yoast-seo-wordpress\/ -->\n<title>\u017dalgirie\u010dio \u012fvartis prisid\u0117jo prie jaunimo rinktin\u0117s pergal\u0117s - FK \u017dalgiris<\/title>\n<meta name=\"robots\" content=\"index, follow, max-snippet:-1, max-image-preview:large, max-video-preview:-1\" \/>\n<link rel=\"canonical\" href=\"https:\/\/fkzalgiris.lt\/jaunimo-rinktineje-zalgiriecio-ivartis\/\" \/>\n<meta property=\"og:locale\" content=\"lt_LT\" \/>\n<meta property=\"og:type\" content=\"article\" \/>\n<meta property=\"og:title\" content=\"\u017dalgirie\u010dio \u012fvartis prisid\u0117jo prie jaunimo rinktin\u0117s pergal\u0117s - FK \u017dalgiris\" \/>\n<meta property=\"og:description\" content=\"FK \u201e\u017dalgiris\u201c saugas Karolis Uz\u0117la \u012fvar\u010diu prisid\u0117jo prie Lietuvos jaunimo (U-21) rinktin\u0117s pergal\u0117s Europos \u010dempionato atrankoje. Lietuviai Vilniuje rezultatu 3:0 \u012fveik\u0117 San Marino bendraam\u017eius. K.\u2026\" \/>\n<meta property=\"og:url\" content=\"https:\/\/fkzalgiris.lt\/jaunimo-rinktineje-zalgiriecio-ivartis\/\" \/>\n<meta property=\"og:site_name\" content=\"FK \u017dalgiris\" \/>\n<meta property=\"article:publisher\" content=\"https:\/\/www.facebook.com\/fkzalgiris\/\" \/>\n<meta property=\"article:published_time\" content=\"2020-11-13T20:01:35+00:00\" \/>\n<meta property=\"article:modified_time\" content=\"2020-11-13T20:02:42+00:00\" \/>\n<meta property=\"og:image\" content=\"https:\/\/fkzalgiris.lt\/wp-content\/uploads\/2024\/02\/social-horiz_Zalgiris_logo_2024.png\" \/>\n\t<meta property=\"og:image:width\" content=\"3356\" \/>\n\t<meta property=\"og:image:height\" content=\"2259\" \/>\n\t<meta property=\"og:image:type\" content=\"image\/png\" \/>\n<meta name=\"author\" content=\"J\" \/>\n<meta name=\"twitter:card\" content=\"summary_large_image\" \/>\n<meta name=\"twitter:creator\" content=\"@fkzalgiris\" \/>\n<meta name=\"twitter:site\" content=\"@fkzalgiris\" \/>\n<meta name=\"twitter:label1\" content=\"Written by\" \/>\n\t<meta name=\"twitter:data1\" content=\"J\" \/>\n<script type=\"application\/ld+json\" class=\"yoast-schema-graph\">{\"@context\":\"https:\/\/schema.org\",\"@graph\":[{\"@type\":\"Article\",\"@id\":\"https:\/\/fkzalgiris.lt\/jaunimo-rinktineje-zalgiriecio-ivartis\/#article\",\"isPartOf\":{\"@id\":\"https:\/\/fkzalgiris.lt\/jaunimo-rinktineje-zalgiriecio-ivartis\/\"},\"author\":{\"name\":\"J\",\"@id\":\"https:\/\/fkzalgiris.lt\/#\/schema\/person\/8604babbba794a7d8767be324a3eaac8\"},\"headline\":\"\u017dalgirie\u010dio \u012fvartis prisid\u0117jo prie jaunimo rinktin\u0117s pergal\u0117s\",\"datePublished\":\"2020-11-13T20:01:35+00:00\",\"dateModified\":\"2020-11-13T20:02:42+00:00\",\"mainEntityOfPage\":{\"@id\":\"https:\/\/fkzalgiris.lt\/jaunimo-rinktineje-zalgiriecio-ivartis\/\"},\"wordCount\":84,\"publisher\":{\"@id\":\"https:\/\/fkzalgiris.lt\/#organization\"},\"articleSection\":[\"Rinktin\u0117s\"],\"inLanguage\":\"lt-LT\"},{\"@type\":\"WebPage\",\"@id\":\"https:\/\/fkzalgiris.lt\/jaunimo-rinktineje-zalgiriecio-ivartis\/\",\"url\":\"https:\/\/fkzalgiris.lt\/jaunimo-rinktineje-zalgiriecio-ivartis\/\",\"name\":\"\u017dalgirie\u010dio \u012fvartis prisid\u0117jo prie jaunimo rinktin\u0117s pergal\u0117s - FK \u017dalgiris\",\"isPartOf\":{\"@id\":\"https:\/\/fkzalgiris.lt\/#website\"},\"datePublished\":\"2020-11-13T20:01:35+00:00\",\"dateModified\":\"2020-11-13T20:02:42+00:00\",\"breadcrumb\":{\"@id\":\"https:\/\/fkzalgiris.lt\/jaunimo-rinktineje-zalgiriecio-ivartis\/#breadcrumb\"},\"inLanguage\":\"lt-LT\",\"potentialAction\":[{\"@type\":\"ReadAction\",\"target\":[\"https:\/\/fkzalgiris.lt\/jaunimo-rinktineje-zalgiriecio-ivartis\/\"]}]},{\"@type\":\"BreadcrumbList\",\"@id\":\"https:\/\/fkzalgiris.lt\/jaunimo-rinktineje-zalgiriecio-ivartis\/#breadcrumb\",\"itemListElement\":[{\"@type\":\"ListItem\",\"position\":1,\"name\":\"Home\",\"item\":\"https:\/\/fkzalgiris.lt\/\"},{\"@type\":\"ListItem\",\"position\":2,\"name\":\"\u017dalgirie\u010dio \u012fvartis prisid\u0117jo prie jaunimo rinktin\u0117s pergal\u0117s\"}]},{\"@type\":\"WebSite\",\"@id\":\"https:\/\/fkzalgiris.lt\/#website\",\"url\":\"https:\/\/fkzalgiris.lt\/\",\"name\":\"FK \u017dalgiris\",\"description\":\"oficiali Vilniaus \u201e\u017dalgirio\u201c futbolo klubo svetain\u0117\",\"publisher\":{\"@id\":\"https:\/\/fkzalgiris.lt\/#organization\"},\"potentialAction\":[{\"@type\":\"SearchAction\",\"target\":{\"@type\":\"EntryPoint\",\"urlTemplate\":\"https:\/\/fkzalgiris.lt\/?s={search_term_string}\"},\"query-input\":{\"@type\":\"PropertyValueSpecification\",\"valueRequired\":true,\"valueName\":\"search_term_string\"}}],\"inLanguage\":\"lt-LT\"},{\"@type\":\"Organization\",\"@id\":\"https:\/\/fkzalgiris.lt\/#organization\",\"name\":\"FK \u017dalgiris\",\"url\":\"https:\/\/fkzalgiris.lt\/\",\"logo\":{\"@type\":\"ImageObject\",\"inLanguage\":\"lt-LT\",\"@id\":\"https:\/\/fkzalgiris.lt\/#\/schema\/logo\/image\/\",\"url\":\"https:\/\/fkzalgiris.lt\/wp-content\/uploads\/2024\/01\/horiz-FK-Zalgiris-logo-2015.png\",\"contentUrl\":\"https:\/\/fkzalgiris.lt\/wp-content\/uploads\/2024\/01\/horiz-FK-Zalgiris-logo-2015.png\",\"width\":3073,\"height\":2048,\"caption\":\"FK \u017dalgiris\"},\"image\":{\"@id\":\"https:\/\/fkzalgiris.lt\/#\/schema\/logo\/image\/\"},\"sameAs\":[\"https:\/\/www.facebook.com\/fkzalgiris\/\",\"https:\/\/x.com\/fkzalgiris\",\"https:\/\/www.instagram.com\/fkzalgiris\/\",\"https:\/\/www.youtube.com\/channel\/UC1ag8JLxGirltMUoLlzfZLA\"]},{\"@type\":\"Person\",\"@id\":\"https:\/\/fkzalgiris.lt\/#\/schema\/person\/8604babbba794a7d8767be324a3eaac8\",\"name\":\"J\"}]}<\/script>\n<!-- \/ Yoast SEO plugin. -->","yoast_head_json":{"title":"\u017dalgirie\u010dio \u012fvartis prisid\u0117jo prie jaunimo rinktin\u0117s pergal\u0117s - FK \u017dalgiris","robots":{"index":"index","follow":"follow","max-snippet":"max-snippet:-1","max-image-preview":"max-image-preview:large","max-video-preview":"max-video-preview:-1"},"canonical":"https:\/\/fkzalgiris.lt\/jaunimo-rinktineje-zalgiriecio-ivartis\/","og_locale":"lt_LT","og_type":"article","og_title":"\u017dalgirie\u010dio \u012fvartis prisid\u0117jo prie jaunimo rinktin\u0117s pergal\u0117s - FK \u017dalgiris","og_description":"FK \u201e\u017dalgiris\u201c saugas Karolis Uz\u0117la \u012fvar\u010diu prisid\u0117jo prie Lietuvos jaunimo (U-21) rinktin\u0117s pergal\u0117s Europos \u010dempionato atrankoje. Lietuviai Vilniuje rezultatu 3:0 \u012fveik\u0117 San Marino bendraam\u017eius. K.\u2026","og_url":"https:\/\/fkzalgiris.lt\/jaunimo-rinktineje-zalgiriecio-ivartis\/","og_site_name":"FK \u017dalgiris","article_publisher":"https:\/\/www.facebook.com\/fkzalgiris\/","article_published_time":"2020-11-13T20:01:35+00:00","article_modified_time":"2020-11-13T20:02:42+00:00","og_image":[{"width":3356,"height":2259,"url":"https:\/\/fkzalgiris.lt\/wp-content\/uploads\/2024\/02\/social-horiz_Zalgiris_logo_2024.png","type":"image\/png"}],"author":"J","twitter_card":"summary_large_image","twitter_creator":"@fkzalgiris","twitter_site":"@fkzalgiris","twitter_misc":{"Written by":"J"},"schema":{"@context":"https:\/\/schema.org","@graph":[{"@type":"Article","@id":"https:\/\/fkzalgiris.lt\/jaunimo-rinktineje-zalgiriecio-ivartis\/#article","isPartOf":{"@id":"https:\/\/fkzalgiris.lt\/jaunimo-rinktineje-zalgiriecio-ivartis\/"},"author":{"name":"J","@id":"https:\/\/fkzalgiris.lt\/#\/schema\/person\/8604babbba794a7d8767be324a3eaac8"},"headline":"\u017dalgirie\u010dio \u012fvartis prisid\u0117jo prie jaunimo rinktin\u0117s pergal\u0117s","datePublished":"2020-11-13T20:01:35+00:00","dateModified":"2020-11-13T20:02:42+00:00","mainEntityOfPage":{"@id":"https:\/\/fkzalgiris.lt\/jaunimo-rinktineje-zalgiriecio-ivartis\/"},"wordCount":84,"publisher":{"@id":"https:\/\/fkzalgiris.lt\/#organization"},"articleSection":["Rinktin\u0117s"],"inLanguage":"lt-LT"},{"@type":"WebPage","@id":"https:\/\/fkzalgiris.lt\/jaunimo-rinktineje-zalgiriecio-ivartis\/","url":"https:\/\/fkzalgiris.lt\/jaunimo-rinktineje-zalgiriecio-ivartis\/","name":"\u017dalgirie\u010dio \u012fvartis prisid\u0117jo prie jaunimo rinktin\u0117s pergal\u0117s - FK \u017dalgiris","isPartOf":{"@id":"https:\/\/fkzalgiris.lt\/#website"},"datePublished":"2020-11-13T20:01:35+00:00","dateModified":"2020-11-13T20:02:42+00:00","breadcrumb":{"@id":"https:\/\/fkzalgiris.lt\/jaunimo-rinktineje-zalgiriecio-ivartis\/#breadcrumb"},"inLanguage":"lt-LT","potentialAction":[{"@type":"ReadAction","target":["https:\/\/fkzalgiris.lt\/jaunimo-rinktineje-zalgiriecio-ivartis\/"]}]},{"@type":"BreadcrumbList","@id":"https:\/\/fkzalgiris.lt\/jaunimo-rinktineje-zalgiriecio-ivartis\/#breadcrumb","itemListElement":[{"@type":"ListItem","position":1,"name":"Home","item":"https:\/\/fkzalgiris.lt\/"},{"@type":"ListItem","position":2,"name":"\u017dalgirie\u010dio \u012fvartis prisid\u0117jo prie jaunimo rinktin\u0117s pergal\u0117s"}]},{"@type":"WebSite","@id":"https:\/\/fkzalgiris.lt\/#website","url":"https:\/\/fkzalgiris.lt\/","name":"FK \u017dalgiris","description":"oficiali Vilniaus \u201e\u017dalgirio\u201c futbolo klubo svetain\u0117","publisher":{"@id":"https:\/\/fkzalgiris.lt\/#organization"},"potentialAction":[{"@type":"SearchAction","target":{"@type":"EntryPoint","urlTemplate":"https:\/\/fkzalgiris.lt\/?s={search_term_string}"},"query-input":{"@type":"PropertyValueSpecification","valueRequired":true,"valueName":"search_term_string"}}],"inLanguage":"lt-LT"},{"@type":"Organization","@id":"https:\/\/fkzalgiris.lt\/#organization","name":"FK \u017dalgiris","url":"https:\/\/fkzalgiris.lt\/","logo":{"@type":"ImageObject","inLanguage":"lt-LT","@id":"https:\/\/fkzalgiris.lt\/#\/schema\/logo\/image\/","url":"https:\/\/fkzalgiris.lt\/wp-content\/uploads\/2024\/01\/horiz-FK-Zalgiris-logo-2015.png","contentUrl":"https:\/\/fkzalgiris.lt\/wp-content\/uploads\/2024\/01\/horiz-FK-Zalgiris-logo-2015.png","width":3073,"height":2048,"caption":"FK \u017dalgiris"},"image":{"@id":"https:\/\/fkzalgiris.lt\/#\/schema\/logo\/image\/"},"sameAs":["https:\/\/www.facebook.com\/fkzalgiris\/","https:\/\/x.com\/fkzalgiris","https:\/\/www.instagram.com\/fkzalgiris\/","https:\/\/www.youtube.com\/channel\/UC1ag8JLxGirltMUoLlzfZLA"]},{"@type":"Person","@id":"https:\/\/fkzalgiris.lt\/#\/schema\/person\/8604babbba794a7d8767be324a3eaac8","name":"J"}]}},"_links":{"self":[{"href":"https:\/\/fkzalgiris.lt\/api\/wp\/v2\/posts\/3551","targetHints":{"allow":["GET"]}}],"collection":[{"href":"https:\/\/fkzalgiris.lt\/api\/wp\/v2\/posts"}],"about":[{"href":"https:\/\/fkzalgiris.lt\/api\/wp\/v2\/types\/post"}],"author":[{"embeddable":true,"href":"https:\/\/fkzalgiris.lt\/api\/wp\/v2\/users\/4"}],"replies":[{"embeddable":true,"href":"https:\/\/fkzalgiris.lt\/api\/wp\/v2\/comments?post=3551"}],"version-history":[{"count":3,"href":"https:\/\/fkzalgiris.lt\/api\/wp\/v2\/posts\/3551\/revisions"}],"predecessor-version":[{"id":3555,"href":"https:\/\/fkzalgiris.lt\/api\/wp\/v2\/posts\/3551\/revisions\/3555"}],"wp:attachment":[{"href":"https:\/\/fkzalgiris.lt\/api\/wp\/v2\/media?parent=3551"}],"wp:term":[{"taxonomy":"category","embeddable":true,"href":"https:\/\/fkzalgiris.lt\/api\/wp\/v2\/categories?post=3551"}],"curies":[{"name":"wp","href":"https:\/\/api.w.org\/{rel}","templated":true}]}}