{"id":3525,"date":"2020-11-09T13:35:51","date_gmt":"2020-11-09T11:35:51","guid":{"rendered":"https:\/\/fkzalgiris.lt\/?p=3525"},"modified":"2020-11-09T13:36:16","modified_gmt":"2020-11-09T11:36:16","slug":"vartininkui-pirmas-kvietimas-i-u-21-rinktine","status":"publish","type":"post","link":"https:\/\/fkzalgiris.lt\/vartininkui-pirmas-kvietimas-i-u-21-rinktine\/","title":{"rendered":"Vartininkui &#8211; pirmas kvietimas \u012f U-21 rinktin\u0119"},"content":{"rendered":"<p>\u201e\u017dalgirio\u201c vartininkas Gaudentas Ralys sulauk\u0117 pirmo pakvietimo \u012f Lietuvos jaunimo (U-21) rinktin\u0119. Jis ir Karolis Uz\u0117la su komanda ruo\u0161is Europos \u010dempionato atrankos rungtyn\u0117ms prie\u0161 San Marin\u0105 ir Kroatij\u0105.<\/p>\n<p>Lietuvos U-21 rinktin\u0117s strategas Donatas Vencevi\u010dius teig\u0117, jog virusas sujauk\u0117 rinktin\u0117s planus bei tur\u0117jo \u012ftakos sud\u0117ties pasirinkimui. D. Vencevi\u010dius teig\u0117, jog art\u0117jan\u010diose rungtyn\u0117se did\u017eiausiu lietuvi\u0173 prie\u0161u gali b\u016bti jie patys.<\/p>\n<p>\u201eN\u0117ra k\u0105 sl\u0117pti, surinkti \u017eaid\u0117jus nebuvo lengva. Patys \u017einome koks dabar laikotarpis, virusas griauna visus planus, bet manau, kad sp\u0117sime pasiruo\u0161ti rungtyn\u0117ms. \u0160iandien renkam\u0117s \u012f treniruo\u010di\u0173 stovykl\u0105, daugeliui \u017eaid\u0117j\u0173 \u010dempionatai jau baig\u0117si, tod\u0117l stengsim\u0117s saugoti \u017eaid\u0117jus, i\u0161vengti traum\u0173. Tikiuosi, kad gerai padirb\u0117sime ir viskas bus gerai. Yra keletas \u017eaid\u0117j\u0173 su klaustuku, dar du jaunimo rinktin\u0117s\u00a0futbolininkai yra pakviesti \u012f nacionalin\u0119 rinktin\u0119, tod\u0117l po rungtyni\u0173 su Farer\u0173 sal\u0173 futbolininkais matysime, kokia situacija ir kaip bus toliau. Nereikia verk\u0161lenti, situacija yra tokia, kokia yra, tod\u0117l turime i\u0161likti susikoncentrav\u0119 ir ie\u0161koti i\u0161ei\u010di\u0173.<\/p>\n<p>\u017dinome, kad San Marinas \u2013 grup\u0117s autsaideris, kuris ta\u0161k\u0173 lengvai nedalina ir kaunasi kiekvienose rungtyn\u0117se. \u0160itose rungtyn\u0117se did\u017eiausias m\u016bs\u0173 prie\u0161as galime b\u016bti mes patys. Jei ne\u012fvertinsime var\u017eovo, galime tur\u0117ti problem\u0173, tod\u0117l \u010dia esminis aspektas \u2013 psichologija.\u00a0<em>Ant popieriaus<\/em>\u00a0esame stipresni, bet turime nusiteikti rimtoms rungtyn\u0117ms. Ta\u0161k\u0173 niekas lengvai neatiduos\u201c, \u2013 kalb\u0117jo D. Vencevi\u010dius.<\/p>\n<p><strong>Vartininkai<\/strong>: Titas Krapikas (\u201eAC Spezia\u201c, Italija), Airidas Mickevi\u010dius (FK \u201eKauno \u017dalgiris\u201c, Lietuva), <strong>Gaudentas Ralys (FK \u201e\u017dalgiris\u201c)<\/strong>;<\/p>\n<p><strong>Gyn\u0117jai<\/strong>: Vilius Armalas (\u201eS.L Benfica\u201c, Portugalija), Ernestas Sto\u010dk\u016bnas (DFK \u201eDainava\u201c, Lietuva), Deividas Mal\u017einskas (FK \u201eRiteriai\u201c, Lietuva), Edvinas Kloni\u016bnas (FC \u201eSevan\u201c, Arm\u0117nija), <strong>Karolis Uz\u0117la (FK \u201e\u017dalgiris\u201c<\/strong>), D\u017eiugas Raudonius (FK \u201eJonava\u201c, Lietuva);<\/p>\n<p><strong>Saugai<\/strong>: Svaj\u016bnas \u010cy\u017eas (be klubo), Renatas Banevi\u010dius (DFK \u201eDainava\u201c, Lietuva), Deividas \u0160e\u0161plaukis (FK \u201eKauno \u017dalgiris\u201c, Lietuva), Titas Mila\u0161ius (\u201eWisla Plock\u201c, Lenkija), Domantas Antanavi\u010dius (NK \u201eTriglav\u201c, Slov\u0117nija), Ugnius Leke\u010dinskas (FC \u201eHegelmann Litauen\u201c, Lietuva), Martynas Vasiliauskas (DFK \u201eDainava\u201c, Lietuva);<\/p>\n<p><strong>Puol\u0117jai<\/strong>: Edgaras Dubickas (\u201eU.S. Lecce\u201c, Italija), Nauris Petkevi\u010dius (FC \u201eHegelmann Litauen\u201c, Lietuva), Ignas Kru\u017eikas (FK \u201ePanev\u0117\u017eys\u201c, Lietuva);<\/p>\n","protected":false},"excerpt":{"rendered":"<p>\u201e\u017dalgirio\u201c vartininkas Gaudentas Ralys sulauk\u0117 pirmo pakvietimo \u012f Lietuvos jaunimo (U-21) rinktin\u0119. Jis ir Karolis Uz\u0117la su komanda ruo\u0161is Europos \u010dempionato atrankos rungtyn\u0117ms prie\u0161 San\u2026<\/p>\n","protected":false},"author":4,"featured_media":0,"comment_status":"closed","ping_status":"closed","sticky":false,"template":"","format":"standard","meta":{"_acf_changed":false,"footnotes":""},"categories":[87],"class_list":["post-3525","post","type-post","status-publish","format-standard","hentry","category-zalgiris"],"acf":[],"yoast_head":"<!-- This site is optimized with the Yoast SEO plugin v26.8 - https:\/\/yoast.com\/product\/yoast-seo-wordpress\/ -->\n<title>Vartininkui - pirmas kvietimas \u012f U-21 rinktin\u0119 - FK \u017dalgiris<\/title>\n<meta name=\"robots\" content=\"index, follow, max-snippet:-1, max-image-preview:large, max-video-preview:-1\" \/>\n<link rel=\"canonical\" href=\"https:\/\/fkzalgiris.lt\/vartininkui-pirmas-kvietimas-i-u-21-rinktine\/\" \/>\n<meta property=\"og:locale\" content=\"lt_LT\" \/>\n<meta property=\"og:type\" content=\"article\" \/>\n<meta property=\"og:title\" content=\"Vartininkui - pirmas kvietimas \u012f U-21 rinktin\u0119 - FK \u017dalgiris\" \/>\n<meta property=\"og:description\" content=\"\u201e\u017dalgirio\u201c vartininkas Gaudentas Ralys sulauk\u0117 pirmo pakvietimo \u012f Lietuvos jaunimo (U-21) rinktin\u0119. Jis ir Karolis Uz\u0117la su komanda ruo\u0161is Europos \u010dempionato atrankos rungtyn\u0117ms prie\u0161 San\u2026\" \/>\n<meta property=\"og:url\" content=\"https:\/\/fkzalgiris.lt\/vartininkui-pirmas-kvietimas-i-u-21-rinktine\/\" \/>\n<meta property=\"og:site_name\" content=\"FK \u017dalgiris\" \/>\n<meta property=\"article:publisher\" content=\"https:\/\/www.facebook.com\/fkzalgiris\/\" \/>\n<meta property=\"article:published_time\" content=\"2020-11-09T11:35:51+00:00\" \/>\n<meta property=\"article:modified_time\" content=\"2020-11-09T11:36:16+00:00\" \/>\n<meta property=\"og:image\" content=\"https:\/\/fkzalgiris.lt\/wp-content\/uploads\/2024\/02\/social-horiz_Zalgiris_logo_2024.png\" \/>\n\t<meta property=\"og:image:width\" content=\"3356\" \/>\n\t<meta property=\"og:image:height\" content=\"2259\" \/>\n\t<meta property=\"og:image:type\" content=\"image\/png\" \/>\n<meta name=\"author\" content=\"J\" \/>\n<meta name=\"twitter:card\" content=\"summary_large_image\" \/>\n<meta name=\"twitter:creator\" content=\"@fkzalgiris\" \/>\n<meta name=\"twitter:site\" content=\"@fkzalgiris\" \/>\n<meta name=\"twitter:label1\" content=\"Written by\" \/>\n\t<meta name=\"twitter:data1\" content=\"J\" \/>\n\t<meta name=\"twitter:label2\" content=\"Est. reading time\" \/>\n\t<meta name=\"twitter:data2\" content=\"2 minut\u0117s\" \/>\n<script type=\"application\/ld+json\" class=\"yoast-schema-graph\">{\"@context\":\"https:\/\/schema.org\",\"@graph\":[{\"@type\":\"Article\",\"@id\":\"https:\/\/fkzalgiris.lt\/vartininkui-pirmas-kvietimas-i-u-21-rinktine\/#article\",\"isPartOf\":{\"@id\":\"https:\/\/fkzalgiris.lt\/vartininkui-pirmas-kvietimas-i-u-21-rinktine\/\"},\"author\":{\"name\":\"J\",\"@id\":\"https:\/\/fkzalgiris.lt\/#\/schema\/person\/8604babbba794a7d8767be324a3eaac8\"},\"headline\":\"Vartininkui &#8211; pirmas kvietimas \u012f U-21 rinktin\u0119\",\"datePublished\":\"2020-11-09T11:35:51+00:00\",\"dateModified\":\"2020-11-09T11:36:16+00:00\",\"mainEntityOfPage\":{\"@id\":\"https:\/\/fkzalgiris.lt\/vartininkui-pirmas-kvietimas-i-u-21-rinktine\/\"},\"wordCount\":378,\"publisher\":{\"@id\":\"https:\/\/fkzalgiris.lt\/#organization\"},\"articleSection\":[\"\u017dalgiris\"],\"inLanguage\":\"lt-LT\"},{\"@type\":\"WebPage\",\"@id\":\"https:\/\/fkzalgiris.lt\/vartininkui-pirmas-kvietimas-i-u-21-rinktine\/\",\"url\":\"https:\/\/fkzalgiris.lt\/vartininkui-pirmas-kvietimas-i-u-21-rinktine\/\",\"name\":\"Vartininkui - pirmas kvietimas \u012f U-21 rinktin\u0119 - FK \u017dalgiris\",\"isPartOf\":{\"@id\":\"https:\/\/fkzalgiris.lt\/#website\"},\"datePublished\":\"2020-11-09T11:35:51+00:00\",\"dateModified\":\"2020-11-09T11:36:16+00:00\",\"breadcrumb\":{\"@id\":\"https:\/\/fkzalgiris.lt\/vartininkui-pirmas-kvietimas-i-u-21-rinktine\/#breadcrumb\"},\"inLanguage\":\"lt-LT\",\"potentialAction\":[{\"@type\":\"ReadAction\",\"target\":[\"https:\/\/fkzalgiris.lt\/vartininkui-pirmas-kvietimas-i-u-21-rinktine\/\"]}]},{\"@type\":\"BreadcrumbList\",\"@id\":\"https:\/\/fkzalgiris.lt\/vartininkui-pirmas-kvietimas-i-u-21-rinktine\/#breadcrumb\",\"itemListElement\":[{\"@type\":\"ListItem\",\"position\":1,\"name\":\"Home\",\"item\":\"https:\/\/fkzalgiris.lt\/\"},{\"@type\":\"ListItem\",\"position\":2,\"name\":\"Vartininkui &#8211; pirmas kvietimas \u012f U-21 rinktin\u0119\"}]},{\"@type\":\"WebSite\",\"@id\":\"https:\/\/fkzalgiris.lt\/#website\",\"url\":\"https:\/\/fkzalgiris.lt\/\",\"name\":\"FK \u017dalgiris\",\"description\":\"oficiali Vilniaus \u201e\u017dalgirio\u201c futbolo klubo svetain\u0117\",\"publisher\":{\"@id\":\"https:\/\/fkzalgiris.lt\/#organization\"},\"potentialAction\":[{\"@type\":\"SearchAction\",\"target\":{\"@type\":\"EntryPoint\",\"urlTemplate\":\"https:\/\/fkzalgiris.lt\/?s={search_term_string}\"},\"query-input\":{\"@type\":\"PropertyValueSpecification\",\"valueRequired\":true,\"valueName\":\"search_term_string\"}}],\"inLanguage\":\"lt-LT\"},{\"@type\":\"Organization\",\"@id\":\"https:\/\/fkzalgiris.lt\/#organization\",\"name\":\"FK \u017dalgiris\",\"url\":\"https:\/\/fkzalgiris.lt\/\",\"logo\":{\"@type\":\"ImageObject\",\"inLanguage\":\"lt-LT\",\"@id\":\"https:\/\/fkzalgiris.lt\/#\/schema\/logo\/image\/\",\"url\":\"https:\/\/fkzalgiris.lt\/wp-content\/uploads\/2024\/01\/horiz-FK-Zalgiris-logo-2015.png\",\"contentUrl\":\"https:\/\/fkzalgiris.lt\/wp-content\/uploads\/2024\/01\/horiz-FK-Zalgiris-logo-2015.png\",\"width\":3073,\"height\":2048,\"caption\":\"FK \u017dalgiris\"},\"image\":{\"@id\":\"https:\/\/fkzalgiris.lt\/#\/schema\/logo\/image\/\"},\"sameAs\":[\"https:\/\/www.facebook.com\/fkzalgiris\/\",\"https:\/\/x.com\/fkzalgiris\",\"https:\/\/www.instagram.com\/fkzalgiris\/\",\"https:\/\/www.youtube.com\/channel\/UC1ag8JLxGirltMUoLlzfZLA\"]},{\"@type\":\"Person\",\"@id\":\"https:\/\/fkzalgiris.lt\/#\/schema\/person\/8604babbba794a7d8767be324a3eaac8\",\"name\":\"J\"}]}<\/script>\n<!-- \/ Yoast SEO plugin. -->","yoast_head_json":{"title":"Vartininkui - pirmas kvietimas \u012f U-21 rinktin\u0119 - FK \u017dalgiris","robots":{"index":"index","follow":"follow","max-snippet":"max-snippet:-1","max-image-preview":"max-image-preview:large","max-video-preview":"max-video-preview:-1"},"canonical":"https:\/\/fkzalgiris.lt\/vartininkui-pirmas-kvietimas-i-u-21-rinktine\/","og_locale":"lt_LT","og_type":"article","og_title":"Vartininkui - pirmas kvietimas \u012f U-21 rinktin\u0119 - FK \u017dalgiris","og_description":"\u201e\u017dalgirio\u201c vartininkas Gaudentas Ralys sulauk\u0117 pirmo pakvietimo \u012f Lietuvos jaunimo (U-21) rinktin\u0119. Jis ir Karolis Uz\u0117la su komanda ruo\u0161is Europos \u010dempionato atrankos rungtyn\u0117ms prie\u0161 San\u2026","og_url":"https:\/\/fkzalgiris.lt\/vartininkui-pirmas-kvietimas-i-u-21-rinktine\/","og_site_name":"FK \u017dalgiris","article_publisher":"https:\/\/www.facebook.com\/fkzalgiris\/","article_published_time":"2020-11-09T11:35:51+00:00","article_modified_time":"2020-11-09T11:36:16+00:00","og_image":[{"width":3356,"height":2259,"url":"https:\/\/fkzalgiris.lt\/wp-content\/uploads\/2024\/02\/social-horiz_Zalgiris_logo_2024.png","type":"image\/png"}],"author":"J","twitter_card":"summary_large_image","twitter_creator":"@fkzalgiris","twitter_site":"@fkzalgiris","twitter_misc":{"Written by":"J","Est. reading time":"2 minut\u0117s"},"schema":{"@context":"https:\/\/schema.org","@graph":[{"@type":"Article","@id":"https:\/\/fkzalgiris.lt\/vartininkui-pirmas-kvietimas-i-u-21-rinktine\/#article","isPartOf":{"@id":"https:\/\/fkzalgiris.lt\/vartininkui-pirmas-kvietimas-i-u-21-rinktine\/"},"author":{"name":"J","@id":"https:\/\/fkzalgiris.lt\/#\/schema\/person\/8604babbba794a7d8767be324a3eaac8"},"headline":"Vartininkui &#8211; pirmas kvietimas \u012f U-21 rinktin\u0119","datePublished":"2020-11-09T11:35:51+00:00","dateModified":"2020-11-09T11:36:16+00:00","mainEntityOfPage":{"@id":"https:\/\/fkzalgiris.lt\/vartininkui-pirmas-kvietimas-i-u-21-rinktine\/"},"wordCount":378,"publisher":{"@id":"https:\/\/fkzalgiris.lt\/#organization"},"articleSection":["\u017dalgiris"],"inLanguage":"lt-LT"},{"@type":"WebPage","@id":"https:\/\/fkzalgiris.lt\/vartininkui-pirmas-kvietimas-i-u-21-rinktine\/","url":"https:\/\/fkzalgiris.lt\/vartininkui-pirmas-kvietimas-i-u-21-rinktine\/","name":"Vartininkui - pirmas kvietimas \u012f U-21 rinktin\u0119 - FK \u017dalgiris","isPartOf":{"@id":"https:\/\/fkzalgiris.lt\/#website"},"datePublished":"2020-11-09T11:35:51+00:00","dateModified":"2020-11-09T11:36:16+00:00","breadcrumb":{"@id":"https:\/\/fkzalgiris.lt\/vartininkui-pirmas-kvietimas-i-u-21-rinktine\/#breadcrumb"},"inLanguage":"lt-LT","potentialAction":[{"@type":"ReadAction","target":["https:\/\/fkzalgiris.lt\/vartininkui-pirmas-kvietimas-i-u-21-rinktine\/"]}]},{"@type":"BreadcrumbList","@id":"https:\/\/fkzalgiris.lt\/vartininkui-pirmas-kvietimas-i-u-21-rinktine\/#breadcrumb","itemListElement":[{"@type":"ListItem","position":1,"name":"Home","item":"https:\/\/fkzalgiris.lt\/"},{"@type":"ListItem","position":2,"name":"Vartininkui &#8211; pirmas kvietimas \u012f U-21 rinktin\u0119"}]},{"@type":"WebSite","@id":"https:\/\/fkzalgiris.lt\/#website","url":"https:\/\/fkzalgiris.lt\/","name":"FK \u017dalgiris","description":"oficiali Vilniaus \u201e\u017dalgirio\u201c futbolo klubo svetain\u0117","publisher":{"@id":"https:\/\/fkzalgiris.lt\/#organization"},"potentialAction":[{"@type":"SearchAction","target":{"@type":"EntryPoint","urlTemplate":"https:\/\/fkzalgiris.lt\/?s={search_term_string}"},"query-input":{"@type":"PropertyValueSpecification","valueRequired":true,"valueName":"search_term_string"}}],"inLanguage":"lt-LT"},{"@type":"Organization","@id":"https:\/\/fkzalgiris.lt\/#organization","name":"FK \u017dalgiris","url":"https:\/\/fkzalgiris.lt\/","logo":{"@type":"ImageObject","inLanguage":"lt-LT","@id":"https:\/\/fkzalgiris.lt\/#\/schema\/logo\/image\/","url":"https:\/\/fkzalgiris.lt\/wp-content\/uploads\/2024\/01\/horiz-FK-Zalgiris-logo-2015.png","contentUrl":"https:\/\/fkzalgiris.lt\/wp-content\/uploads\/2024\/01\/horiz-FK-Zalgiris-logo-2015.png","width":3073,"height":2048,"caption":"FK \u017dalgiris"},"image":{"@id":"https:\/\/fkzalgiris.lt\/#\/schema\/logo\/image\/"},"sameAs":["https:\/\/www.facebook.com\/fkzalgiris\/","https:\/\/x.com\/fkzalgiris","https:\/\/www.instagram.com\/fkzalgiris\/","https:\/\/www.youtube.com\/channel\/UC1ag8JLxGirltMUoLlzfZLA"]},{"@type":"Person","@id":"https:\/\/fkzalgiris.lt\/#\/schema\/person\/8604babbba794a7d8767be324a3eaac8","name":"J"}]}},"_links":{"self":[{"href":"https:\/\/fkzalgiris.lt\/api\/wp\/v2\/posts\/3525","targetHints":{"allow":["GET"]}}],"collection":[{"href":"https:\/\/fkzalgiris.lt\/api\/wp\/v2\/posts"}],"about":[{"href":"https:\/\/fkzalgiris.lt\/api\/wp\/v2\/types\/post"}],"author":[{"embeddable":true,"href":"https:\/\/fkzalgiris.lt\/api\/wp\/v2\/users\/4"}],"replies":[{"embeddable":true,"href":"https:\/\/fkzalgiris.lt\/api\/wp\/v2\/comments?post=3525"}],"version-history":[{"count":3,"href":"https:\/\/fkzalgiris.lt\/api\/wp\/v2\/posts\/3525\/revisions"}],"predecessor-version":[{"id":7336,"href":"https:\/\/fkzalgiris.lt\/api\/wp\/v2\/posts\/3525\/revisions\/7336"}],"wp:attachment":[{"href":"https:\/\/fkzalgiris.lt\/api\/wp\/v2\/media?parent=3525"}],"wp:term":[{"taxonomy":"category","embeddable":true,"href":"https:\/\/fkzalgiris.lt\/api\/wp\/v2\/categories?post=3525"}],"curies":[{"name":"wp","href":"https:\/\/api.w.org\/{rel}","templated":true}]}}