{"id":2827,"date":"2020-08-27T13:24:01","date_gmt":"2020-08-27T10:24:01","guid":{"rendered":"https:\/\/fkzalgiris.lt\/?p=2827"},"modified":"2020-08-27T14:08:51","modified_gmt":"2020-08-27T11:08:51","slug":"a-baga-europos-lygos-laukiame-su-nekantrumu","status":"publish","type":"post","link":"https:\/\/fkzalgiris.lt\/a-baga-europos-lygos-laukiame-su-nekantrumu\/","title":{"rendered":"A. Baga: \u201eEuropos lygos laukiame su nekantrumu\u201c"},"content":{"rendered":"<p>\u201e\u017dalgirio\u201c treneris Aliaksejus Baga prie\u0161 start\u0105 UEFA Europos lygoje teig\u0117, kad \u0161i\u0173 rungtyni\u0173 komanda laukia su nekantrumu.<\/p>\n<p>\u201eRungtyni\u0173 laukiame su nekantrumu. Visi suprantame, kas tai per turnyras ir k\u0105 jis rei\u0161kia. Savait\u0119 po paskutini\u0173 A lygos rungtyni\u0173 praleidome labai vaisingai ir auk\u0161tame lygyje \u2013 kalbant tiek apie darb\u0105 aik\u0161t\u0117je, tiek apie surinkt\u0105 informacij\u0105. Vaikinai gerai ir rimtai dirbo aik\u0161t\u0117je. \u00a0Tikiuosi, kad tas darbas aik\u0161t\u0117je duos naud\u0105 ir pateksime \u012f kit\u0105 etap\u0105\u201c, &#8211; konferencijoje \u017einiasklaidai kalb\u0117jo A. Baga.<\/p>\n<p>Anot jo, pavyko susirinkti nema\u017eai informacijos apie var\u017eov\u0105: \u201ePaide gera komanda, kaip jau sakiau, yra ger\u0173 \u017eaid\u0117j\u0173 visose grandyse, patyrusi\u0173 vaikin\u0173. Yra \u017eaidusi\u0173 rinktin\u0117se, atvykusi\u0173 i\u0161 kit\u0173 \u010dempionat\u0173. \u00a0Tai kaip \u0161i\u0173 dien\u0173 aksioma. Niekas \u0161iomis dienomis lengvai nepasiduoda tokiuose turnyruose kaip Europos ar \u010cempion\u0173 lyga. Europin\u0117se kovose lengva neb\u016bna\u201c<\/p>\n<p>Dien\u0105 prie\u0161 rungtynes daug lijo, nema\u017eai numatoma ir rungtyni\u0173 dien\u0105. Pasak A. Bagos, tai tik vienas i\u0161 daugelio faktori\u0173, kur\u012f kontroliuoti sunku: \u201eKalbant apie or\u0105, \u017einoma, jei bus ka\u017ekokia did\u017eiul\u0117 li\u016btis, \u017einoma, ka\u017ekoki\u0173 korekcij\u0173 tai rungtyn\u0117ms \u012fne\u0161. Ta\u010diau \u0161iais laikais s\u0105lyg\u0173 nepasirenkame. Turime ir COVID-19, ir be \u017ei\u016brov\u0173, ir dar oras&#8230; \u017dinoma, pas mus dirbtin\u0117 aik\u0161t\u0117 greita, bet kaip tai pakeis \u017eaidim\u0105 galima tik sp\u0117ti. Ta\u010diau kovosime bet kokiomis s\u0105lygomis.\u201c<\/p>\n<p>\u012e stadion\u0105 \u017ei\u016brovai bus ne\u012fleid\u017eiami, ta\u010diau netoli jo organizuojama fan\u0173 zona. Treneris teig\u0117 besid\u017eiaugiantis tokiu atsidavimu. \u201eKad ir kiek j\u0173 susirinkt\u0173, jie bus tikri \u0161aunuoliai, ypa\u010d jei bus toks oras. Tai bus \u012fpareigoja \u017eaisti su dviguba, triguba energija. Puiku, jog turime tokius aistruolius. Super\u201c, &#8211; u\u017ebaig\u0117 strategas.<\/p>\n<p>\u201ePaide\u201c komandos vyr. treneris Vjat\u0161eslavas Zahovaiko sak\u0117, kad debiuto labai laukia. Anot jo, ekipos gretose jau yra \u017eaid\u0117j\u0173 su pana\u0161i\u0173 rungtnyi\u0173 patirtimi.<\/p>\n<p><strong>\u201e<\/strong>Esame labai susitelk\u0119 \u0161ioms rungtyn\u0117ms. Mums tai, \u017einoma, nauja situacija. Lauk\u0117me \u0161io momento, kol gal\u0117sime \u017eaisti \u0161iame turnyre. Kaip komanda neturime daug patirties tarptautiniame lygmenyje, ta\u010diau daugelis \u017eaid\u0117j\u0173 turi\u201c, &#8211; sak\u0117 treneris.<\/p>\n<p>Estijos klube rungtyniauja buv\u0119s \u201ePalangos\u201c futbolininkas Sergejus Mo\u0161nikovas, kuris pernai \u017eaid\u0117 A lygoje. \u201eJis \u0161iek tiek mums pasakojo apie \u201e\u017dalgir\u012f\u201c, bet \u0161iais laikais galime daug informacijos rasti internete. Tod\u0117l apie var\u017eov\u0105 turime pakankamai \u017eini\u0173. \u017dinoma, tai vienas did\u017eiausi\u0173 Lietuvos klub\u0173. Jie turi didel\u0119 patirt\u012f Europos turnyruose. Mums bus tai tikrai labai sunkios rungtyn\u0117s. \u201e\u017dalgirio\u201c komandoje yra individualiai stipri\u0173 \u017eaid\u0117j\u0173. Atakuojantys \u017eaid\u0117jai greiti, techni\u0161ki, taip pat turi patyrusi\u0173 \u017eaid\u0117j\u0173. Mus nelengva \u017eaisti prie\u0161 juos, bet esame pasiruo\u0161\u0119 pakovoti\u201c, &#8211; kalb\u0117jo \u201ePaide\u201c strategas.<\/p>\n<p>\u201e\u017dalgiris\u201c ir \u201ePaide\u201c susitiks ketvirtadien\u012f nuo 20 val. Rungtynes tiesiogiai transliuos DELFI TV.<\/p>\n","protected":false},"excerpt":{"rendered":"<p>\u201e\u017dalgirio\u201c treneris Aliaksejus Baga prie\u0161 start\u0105 UEFA Europos lygoje teig\u0117, kad \u0161i\u0173 rungtyni\u0173 komanda laukia su nekantrumu. \u201eRungtyni\u0173 laukiame su nekantrumu. Visi suprantame, kas tai\u2026<\/p>\n","protected":false},"author":4,"featured_media":0,"comment_status":"closed","ping_status":"closed","sticky":false,"template":"","format":"standard","meta":{"_acf_changed":false,"footnotes":""},"categories":[87],"class_list":["post-2827","post","type-post","status-publish","format-standard","hentry","category-zalgiris"],"acf":[],"yoast_head":"<!-- This site is optimized with the Yoast SEO plugin v26.8 - https:\/\/yoast.com\/product\/yoast-seo-wordpress\/ -->\n<title>A. Baga: \u201eEuropos lygos laukiame su nekantrumu\u201c - FK \u017dalgiris<\/title>\n<meta name=\"robots\" content=\"index, follow, max-snippet:-1, max-image-preview:large, max-video-preview:-1\" \/>\n<link rel=\"canonical\" href=\"https:\/\/fkzalgiris.lt\/a-baga-europos-lygos-laukiame-su-nekantrumu\/\" \/>\n<meta property=\"og:locale\" content=\"lt_LT\" \/>\n<meta property=\"og:type\" content=\"article\" \/>\n<meta property=\"og:title\" content=\"A. Baga: \u201eEuropos lygos laukiame su nekantrumu\u201c - FK \u017dalgiris\" \/>\n<meta property=\"og:description\" content=\"\u201e\u017dalgirio\u201c treneris Aliaksejus Baga prie\u0161 start\u0105 UEFA Europos lygoje teig\u0117, kad \u0161i\u0173 rungtyni\u0173 komanda laukia su nekantrumu. \u201eRungtyni\u0173 laukiame su nekantrumu. Visi suprantame, kas tai\u2026\" \/>\n<meta property=\"og:url\" content=\"https:\/\/fkzalgiris.lt\/a-baga-europos-lygos-laukiame-su-nekantrumu\/\" \/>\n<meta property=\"og:site_name\" content=\"FK \u017dalgiris\" \/>\n<meta property=\"article:publisher\" content=\"https:\/\/www.facebook.com\/fkzalgiris\/\" \/>\n<meta property=\"article:published_time\" content=\"2020-08-27T10:24:01+00:00\" \/>\n<meta property=\"article:modified_time\" content=\"2020-08-27T11:08:51+00:00\" \/>\n<meta property=\"og:image\" content=\"https:\/\/fkzalgiris.lt\/wp-content\/uploads\/2024\/02\/social-horiz_Zalgiris_logo_2024.png\" \/>\n\t<meta property=\"og:image:width\" content=\"3356\" \/>\n\t<meta property=\"og:image:height\" content=\"2259\" \/>\n\t<meta property=\"og:image:type\" content=\"image\/png\" \/>\n<meta name=\"author\" content=\"J\" \/>\n<meta name=\"twitter:card\" content=\"summary_large_image\" \/>\n<meta name=\"twitter:creator\" content=\"@fkzalgiris\" \/>\n<meta name=\"twitter:site\" content=\"@fkzalgiris\" \/>\n<meta name=\"twitter:label1\" content=\"Written by\" \/>\n\t<meta name=\"twitter:data1\" content=\"J\" \/>\n\t<meta name=\"twitter:label2\" content=\"Est. reading time\" \/>\n\t<meta name=\"twitter:data2\" content=\"2 minut\u0117s\" \/>\n<script type=\"application\/ld+json\" class=\"yoast-schema-graph\">{\"@context\":\"https:\/\/schema.org\",\"@graph\":[{\"@type\":\"Article\",\"@id\":\"https:\/\/fkzalgiris.lt\/a-baga-europos-lygos-laukiame-su-nekantrumu\/#article\",\"isPartOf\":{\"@id\":\"https:\/\/fkzalgiris.lt\/a-baga-europos-lygos-laukiame-su-nekantrumu\/\"},\"author\":{\"name\":\"J\",\"@id\":\"https:\/\/fkzalgiris.lt\/#\/schema\/person\/8604babbba794a7d8767be324a3eaac8\"},\"headline\":\"A. Baga: \u201eEuropos lygos laukiame su nekantrumu\u201c\",\"datePublished\":\"2020-08-27T10:24:01+00:00\",\"dateModified\":\"2020-08-27T11:08:51+00:00\",\"mainEntityOfPage\":{\"@id\":\"https:\/\/fkzalgiris.lt\/a-baga-europos-lygos-laukiame-su-nekantrumu\/\"},\"wordCount\":447,\"publisher\":{\"@id\":\"https:\/\/fkzalgiris.lt\/#organization\"},\"articleSection\":[\"\u017dalgiris\"],\"inLanguage\":\"lt-LT\"},{\"@type\":\"WebPage\",\"@id\":\"https:\/\/fkzalgiris.lt\/a-baga-europos-lygos-laukiame-su-nekantrumu\/\",\"url\":\"https:\/\/fkzalgiris.lt\/a-baga-europos-lygos-laukiame-su-nekantrumu\/\",\"name\":\"A. Baga: \u201eEuropos lygos laukiame su nekantrumu\u201c - FK \u017dalgiris\",\"isPartOf\":{\"@id\":\"https:\/\/fkzalgiris.lt\/#website\"},\"datePublished\":\"2020-08-27T10:24:01+00:00\",\"dateModified\":\"2020-08-27T11:08:51+00:00\",\"breadcrumb\":{\"@id\":\"https:\/\/fkzalgiris.lt\/a-baga-europos-lygos-laukiame-su-nekantrumu\/#breadcrumb\"},\"inLanguage\":\"lt-LT\",\"potentialAction\":[{\"@type\":\"ReadAction\",\"target\":[\"https:\/\/fkzalgiris.lt\/a-baga-europos-lygos-laukiame-su-nekantrumu\/\"]}]},{\"@type\":\"BreadcrumbList\",\"@id\":\"https:\/\/fkzalgiris.lt\/a-baga-europos-lygos-laukiame-su-nekantrumu\/#breadcrumb\",\"itemListElement\":[{\"@type\":\"ListItem\",\"position\":1,\"name\":\"Home\",\"item\":\"https:\/\/fkzalgiris.lt\/\"},{\"@type\":\"ListItem\",\"position\":2,\"name\":\"A. Baga: \u201eEuropos lygos laukiame su nekantrumu\u201c\"}]},{\"@type\":\"WebSite\",\"@id\":\"https:\/\/fkzalgiris.lt\/#website\",\"url\":\"https:\/\/fkzalgiris.lt\/\",\"name\":\"FK \u017dalgiris\",\"description\":\"oficiali Vilniaus \u201e\u017dalgirio\u201c futbolo klubo svetain\u0117\",\"publisher\":{\"@id\":\"https:\/\/fkzalgiris.lt\/#organization\"},\"potentialAction\":[{\"@type\":\"SearchAction\",\"target\":{\"@type\":\"EntryPoint\",\"urlTemplate\":\"https:\/\/fkzalgiris.lt\/?s={search_term_string}\"},\"query-input\":{\"@type\":\"PropertyValueSpecification\",\"valueRequired\":true,\"valueName\":\"search_term_string\"}}],\"inLanguage\":\"lt-LT\"},{\"@type\":\"Organization\",\"@id\":\"https:\/\/fkzalgiris.lt\/#organization\",\"name\":\"FK \u017dalgiris\",\"url\":\"https:\/\/fkzalgiris.lt\/\",\"logo\":{\"@type\":\"ImageObject\",\"inLanguage\":\"lt-LT\",\"@id\":\"https:\/\/fkzalgiris.lt\/#\/schema\/logo\/image\/\",\"url\":\"https:\/\/fkzalgiris.lt\/wp-content\/uploads\/2024\/01\/horiz-FK-Zalgiris-logo-2015.png\",\"contentUrl\":\"https:\/\/fkzalgiris.lt\/wp-content\/uploads\/2024\/01\/horiz-FK-Zalgiris-logo-2015.png\",\"width\":3073,\"height\":2048,\"caption\":\"FK \u017dalgiris\"},\"image\":{\"@id\":\"https:\/\/fkzalgiris.lt\/#\/schema\/logo\/image\/\"},\"sameAs\":[\"https:\/\/www.facebook.com\/fkzalgiris\/\",\"https:\/\/x.com\/fkzalgiris\",\"https:\/\/www.instagram.com\/fkzalgiris\/\",\"https:\/\/www.youtube.com\/channel\/UC1ag8JLxGirltMUoLlzfZLA\"]},{\"@type\":\"Person\",\"@id\":\"https:\/\/fkzalgiris.lt\/#\/schema\/person\/8604babbba794a7d8767be324a3eaac8\",\"name\":\"J\"}]}<\/script>\n<!-- \/ Yoast SEO plugin. -->","yoast_head_json":{"title":"A. Baga: \u201eEuropos lygos laukiame su nekantrumu\u201c - FK \u017dalgiris","robots":{"index":"index","follow":"follow","max-snippet":"max-snippet:-1","max-image-preview":"max-image-preview:large","max-video-preview":"max-video-preview:-1"},"canonical":"https:\/\/fkzalgiris.lt\/a-baga-europos-lygos-laukiame-su-nekantrumu\/","og_locale":"lt_LT","og_type":"article","og_title":"A. Baga: \u201eEuropos lygos laukiame su nekantrumu\u201c - FK \u017dalgiris","og_description":"\u201e\u017dalgirio\u201c treneris Aliaksejus Baga prie\u0161 start\u0105 UEFA Europos lygoje teig\u0117, kad \u0161i\u0173 rungtyni\u0173 komanda laukia su nekantrumu. \u201eRungtyni\u0173 laukiame su nekantrumu. Visi suprantame, kas tai\u2026","og_url":"https:\/\/fkzalgiris.lt\/a-baga-europos-lygos-laukiame-su-nekantrumu\/","og_site_name":"FK \u017dalgiris","article_publisher":"https:\/\/www.facebook.com\/fkzalgiris\/","article_published_time":"2020-08-27T10:24:01+00:00","article_modified_time":"2020-08-27T11:08:51+00:00","og_image":[{"width":3356,"height":2259,"url":"https:\/\/fkzalgiris.lt\/wp-content\/uploads\/2024\/02\/social-horiz_Zalgiris_logo_2024.png","type":"image\/png"}],"author":"J","twitter_card":"summary_large_image","twitter_creator":"@fkzalgiris","twitter_site":"@fkzalgiris","twitter_misc":{"Written by":"J","Est. reading time":"2 minut\u0117s"},"schema":{"@context":"https:\/\/schema.org","@graph":[{"@type":"Article","@id":"https:\/\/fkzalgiris.lt\/a-baga-europos-lygos-laukiame-su-nekantrumu\/#article","isPartOf":{"@id":"https:\/\/fkzalgiris.lt\/a-baga-europos-lygos-laukiame-su-nekantrumu\/"},"author":{"name":"J","@id":"https:\/\/fkzalgiris.lt\/#\/schema\/person\/8604babbba794a7d8767be324a3eaac8"},"headline":"A. Baga: \u201eEuropos lygos laukiame su nekantrumu\u201c","datePublished":"2020-08-27T10:24:01+00:00","dateModified":"2020-08-27T11:08:51+00:00","mainEntityOfPage":{"@id":"https:\/\/fkzalgiris.lt\/a-baga-europos-lygos-laukiame-su-nekantrumu\/"},"wordCount":447,"publisher":{"@id":"https:\/\/fkzalgiris.lt\/#organization"},"articleSection":["\u017dalgiris"],"inLanguage":"lt-LT"},{"@type":"WebPage","@id":"https:\/\/fkzalgiris.lt\/a-baga-europos-lygos-laukiame-su-nekantrumu\/","url":"https:\/\/fkzalgiris.lt\/a-baga-europos-lygos-laukiame-su-nekantrumu\/","name":"A. Baga: \u201eEuropos lygos laukiame su nekantrumu\u201c - FK \u017dalgiris","isPartOf":{"@id":"https:\/\/fkzalgiris.lt\/#website"},"datePublished":"2020-08-27T10:24:01+00:00","dateModified":"2020-08-27T11:08:51+00:00","breadcrumb":{"@id":"https:\/\/fkzalgiris.lt\/a-baga-europos-lygos-laukiame-su-nekantrumu\/#breadcrumb"},"inLanguage":"lt-LT","potentialAction":[{"@type":"ReadAction","target":["https:\/\/fkzalgiris.lt\/a-baga-europos-lygos-laukiame-su-nekantrumu\/"]}]},{"@type":"BreadcrumbList","@id":"https:\/\/fkzalgiris.lt\/a-baga-europos-lygos-laukiame-su-nekantrumu\/#breadcrumb","itemListElement":[{"@type":"ListItem","position":1,"name":"Home","item":"https:\/\/fkzalgiris.lt\/"},{"@type":"ListItem","position":2,"name":"A. Baga: \u201eEuropos lygos laukiame su nekantrumu\u201c"}]},{"@type":"WebSite","@id":"https:\/\/fkzalgiris.lt\/#website","url":"https:\/\/fkzalgiris.lt\/","name":"FK \u017dalgiris","description":"oficiali Vilniaus \u201e\u017dalgirio\u201c futbolo klubo svetain\u0117","publisher":{"@id":"https:\/\/fkzalgiris.lt\/#organization"},"potentialAction":[{"@type":"SearchAction","target":{"@type":"EntryPoint","urlTemplate":"https:\/\/fkzalgiris.lt\/?s={search_term_string}"},"query-input":{"@type":"PropertyValueSpecification","valueRequired":true,"valueName":"search_term_string"}}],"inLanguage":"lt-LT"},{"@type":"Organization","@id":"https:\/\/fkzalgiris.lt\/#organization","name":"FK \u017dalgiris","url":"https:\/\/fkzalgiris.lt\/","logo":{"@type":"ImageObject","inLanguage":"lt-LT","@id":"https:\/\/fkzalgiris.lt\/#\/schema\/logo\/image\/","url":"https:\/\/fkzalgiris.lt\/wp-content\/uploads\/2024\/01\/horiz-FK-Zalgiris-logo-2015.png","contentUrl":"https:\/\/fkzalgiris.lt\/wp-content\/uploads\/2024\/01\/horiz-FK-Zalgiris-logo-2015.png","width":3073,"height":2048,"caption":"FK \u017dalgiris"},"image":{"@id":"https:\/\/fkzalgiris.lt\/#\/schema\/logo\/image\/"},"sameAs":["https:\/\/www.facebook.com\/fkzalgiris\/","https:\/\/x.com\/fkzalgiris","https:\/\/www.instagram.com\/fkzalgiris\/","https:\/\/www.youtube.com\/channel\/UC1ag8JLxGirltMUoLlzfZLA"]},{"@type":"Person","@id":"https:\/\/fkzalgiris.lt\/#\/schema\/person\/8604babbba794a7d8767be324a3eaac8","name":"J"}]}},"_links":{"self":[{"href":"https:\/\/fkzalgiris.lt\/api\/wp\/v2\/posts\/2827","targetHints":{"allow":["GET"]}}],"collection":[{"href":"https:\/\/fkzalgiris.lt\/api\/wp\/v2\/posts"}],"about":[{"href":"https:\/\/fkzalgiris.lt\/api\/wp\/v2\/types\/post"}],"author":[{"embeddable":true,"href":"https:\/\/fkzalgiris.lt\/api\/wp\/v2\/users\/4"}],"replies":[{"embeddable":true,"href":"https:\/\/fkzalgiris.lt\/api\/wp\/v2\/comments?post=2827"}],"version-history":[{"count":4,"href":"https:\/\/fkzalgiris.lt\/api\/wp\/v2\/posts\/2827\/revisions"}],"predecessor-version":[{"id":2834,"href":"https:\/\/fkzalgiris.lt\/api\/wp\/v2\/posts\/2827\/revisions\/2834"}],"wp:attachment":[{"href":"https:\/\/fkzalgiris.lt\/api\/wp\/v2\/media?parent=2827"}],"wp:term":[{"taxonomy":"category","embeddable":true,"href":"https:\/\/fkzalgiris.lt\/api\/wp\/v2\/categories?post=2827"}],"curies":[{"name":"wp","href":"https:\/\/api.w.org\/{rel}","templated":true}]}}