{"id":2802,"date":"2020-08-21T10:34:12","date_gmt":"2020-08-21T07:34:12","guid":{"rendered":"https:\/\/fkzalgiris.lt\/?p=2802"},"modified":"2020-08-21T13:26:02","modified_gmt":"2020-08-21T10:26:02","slug":"a-kaludzerovicius-truksta-nugaletoju-mentaliteto","status":"publish","type":"post","link":"https:\/\/fkzalgiris.lt\/a-kaludzerovicius-truksta-nugaletoju-mentaliteto\/","title":{"rendered":"A. Kalud\u017eerovi\u010dius: \u201eTr\u016bksta nugal\u0117toj\u0173 mentaliteto\u201d"},"content":{"rendered":"<p>Vilniaus derbyje brangius ta\u0161kus praradusio FK \u201e\u017dalgirio\u201c puol\u0117jas Andrija Kalud\u017eerovi\u010dius nepaisant dviej\u0173 pelnyt\u0173 \u012fvar\u010di\u0173 rezultat\u0105 \u012fvertino kaip labai blog\u0105, o komandos treneris Aliaksejus Baga kalb\u0117jo apie raudonos kortel\u0117s \u012ftak\u0105 dvikovos eigai.<\/p>\n<p>\u201e\u017dalgiris\u201c du kartus pirmavo po A. Kalud\u017eerovi\u010diaus \u012fvar\u010di\u0173 k\u0117lini\u0173 prad\u017eiose, bet k\u0117liniams baigiantis leido \u201eRiteriams\u201c i\u0161lyginti rezultat\u0105 \u2013 2:2.<\/p>\n<p>\u201eNepaisant mano \u012fvar\u010di\u0173, po rungtyni\u0173 jausmas &#8211; labai blogas, nes su\u017eaid\u0117me lygiosiomis. \u00a0Prie\u0161 rungtynes kalb\u0117jome, kad turime penkis finalus, ir \u010dia buvo vienas i\u0161 j\u0173. Nesugeb\u0117jome laim\u0117ti \u0161iandien. Lygiosios &#8211; labai blogas rezultatas, &#8211; atviravo A. Kalud\u017eerovi\u010dius &#8211; Turime pakeisti nusiteikim\u0105. Reikia nugal\u0117toj\u0173 mentaliteto. Deja, jo kol kas neturime. Turime siekti to.\u201d<\/p>\n<p>\u201eSunkios rungtyn\u0117s, pirmavome 2:1, buvo prog\u0173, &#8211; kalb\u0117jo A. Baga &#8211; Taip jau b\u016bna. Savo prog\u0173 ne\u012fmu\u0161\u0117me, praleidome gerai i\u0161pildyt\u0105 var\u017eov\u0173 atak\u0105, gavom baudin\u012f \u012f savo vartus. Tod\u0117l toks ir rezultatas.\u201c<\/p>\n<p>Pirmojo k\u0117linio viduryje po konflikto teis\u0117jas pa\u0161alino \u201eRiteri\u0173\u201c \u017eaid\u0117j\u0105 Donat\u0105 Kazlausk\u0105 ir \u201e\u017dalgirio\u201c gyn\u0117j\u0105 Donovan\u0105 Slijngard\u0105. Vieno i\u0161 lyderi\u0173 ir labiausiai patyrusi\u0173 \u017eaid\u0117j\u0173 praradimas, anot \u017ealgirie\u010di\u0173, atsiliep\u0117 skaud\u017eiai.<\/p>\n<p>\u201eNors pa\u0161alinti \u017eaid\u0117jai abejose komandose, bet vaidmen\u012f \u0161iose rungtyn\u0117se tai atliko. Reik\u0117jo persid\u0117lioti. Mums tr\u016bko sud\u0117ties gylio. Buvo sud\u0117tinga persiorientuoti ir pagal pozicijas, ir pagal \u017eaidimo strukt\u016br\u0105\u201c, &#8211; sak\u0117 A. Baga.<\/p>\n<p>\u201ePirmajame k\u0117linyje jaut\u0117si tarsi tur\u0117jome vienu \u017eaid\u0117ju ma\u017eiau &#8211; kad \u017eaid\u0117me ne 10 prie\u0161 10, o 10 prie\u0161 11. Tai jaut\u0117si ne tik man, bet ir kitiems \u017eaid\u0117jams per pertrauk\u0105, &#8211; vertino A. Kalud\u017eerovi\u010dius. &#8211; Antr\u0105j\u012f k\u0117lin\u012f prad\u0117jome daug geriau, ta\u010diau v\u0117liau u\u017esidirbome baudin\u012f, praleidome \u012fvart\u012f ir netur\u0117jome ger\u0173 \u0161ans\u0173 pasiekti pergal\u0119.\u201d<\/p>\n<p>A. Bagos nuomone, komandai atsiliep\u0117 ir keli praradimai. D\u0117l gelton\u0173 korteli\u0173 negal\u0117jo \u017eaisti Saulius Mikoli\u016bnas, Francis Kyeremeh nebuvo registruotas d\u0117l legionieri\u0173 limito, o Liviu Antalis buvo nepasiruo\u0161\u0119s \u017eaisti.<\/p>\n<p>\u201eMums \u0161iandien tr\u016bko ir atsargini\u0173 \u017eaid\u0117j\u0173. Buvo sunku pastiprinti \u017eaidim\u0105. Tai apsunkino situacij\u0105. Pritr\u016bko \u0161vie\u017eumo atsargoje. \u00a0L. Antalis buvo rungtyni\u0173 protokole, bet jis susi\u017eeid\u0117 per paskutines rungtynes Marijampol\u0117je ir medikai jam nerekomendavo \u017eaisti. Tur\u0117jome jaun\u0173 \u017eaid\u0117j\u0173, bet \u012f tokias rungtynes jiems \u012feiti sunku\u201c, &#8211; tikino treneris.<\/p>\n<p>\u201e\u017dalgiriui\u201c ta\u0161kas leido suma\u017einti atsilikim\u0105 nuo lyder\u0117s \u201eS\u016bduvos\u201c iki dviej\u0173 ta\u0161k\u0173, ta\u010diau Marijampol\u0117s ekipa turi rungtynes atsargoje ir gali padidinti prana\u0161um\u0105.<\/p>\n<p>Tai buvo paskutin\u0117s rungtyn\u0117s prie\u0161 A lygos pertrauk\u0105, skirt\u0105 klub\u0173 dalyvavimui Europos turnyruose ir rinktini\u0173 rungtyn\u0117ms.<\/p>\n<p>\u201e\u017dalgiris\u201c rugpj\u016b\u010dio 27 d. \u017eais UEFA Europos lygoje prie\u0161 \u201ePaide\u201c komand\u0105 i\u0161 Estijos, rugs\u0117jo 12 d. taur\u0117s ketvirtfinalyje susitiks su \u201eKauno \u017dalgiriu\u201c. Kitos A lygos rungtyn\u0117s vyks rugs\u0117jo 27 d. namuose su \u201ePanev\u0117\u017eio\u201c ekipa.<\/p>\n<div class=\"embed-responsive embed-responsive-16by9 mb-4\"><iframe title=\"BEHIND THE SCENES | KITU KAMPU | RITERIAI 2:2 \u017dALGIRIS |\" src=\"https:\/\/www.youtube.com\/embed\/mZTE2JOsnwM?feature=oembed\" frameborder=\"0\" allow=\"accelerometer; autoplay; clipboard-write; encrypted-media; gyroscope; picture-in-picture; web-share\" referrerpolicy=\"strict-origin-when-cross-origin\" allowfullscreen><\/iframe> <\/div>\n","protected":false},"excerpt":{"rendered":"<p>Vilniaus derbyje brangius ta\u0161kus praradusio FK \u201e\u017dalgirio\u201c puol\u0117jas Andrija Kalud\u017eerovi\u010dius nepaisant dviej\u0173 pelnyt\u0173 \u012fvar\u010di\u0173 rezultat\u0105 \u012fvertino kaip labai blog\u0105, o komandos treneris Aliaksejus Baga kalb\u0117jo\u2026<\/p>\n","protected":false},"author":4,"featured_media":0,"comment_status":"closed","ping_status":"closed","sticky":false,"template":"","format":"standard","meta":{"_acf_changed":false,"footnotes":""},"categories":[87],"class_list":["post-2802","post","type-post","status-publish","format-standard","hentry","category-zalgiris"],"acf":[],"yoast_head":"<!-- This site is optimized with the Yoast SEO plugin v26.8 - https:\/\/yoast.com\/product\/yoast-seo-wordpress\/ -->\n<title>A. Kalud\u017eerovi\u010dius: \u201eTr\u016bksta nugal\u0117toj\u0173 mentaliteto\u201d - FK \u017dalgiris<\/title>\n<meta name=\"robots\" content=\"index, follow, max-snippet:-1, max-image-preview:large, max-video-preview:-1\" \/>\n<link rel=\"canonical\" href=\"https:\/\/fkzalgiris.lt\/a-kaludzerovicius-truksta-nugaletoju-mentaliteto\/\" \/>\n<meta property=\"og:locale\" content=\"lt_LT\" \/>\n<meta property=\"og:type\" content=\"article\" \/>\n<meta property=\"og:title\" content=\"A. Kalud\u017eerovi\u010dius: \u201eTr\u016bksta nugal\u0117toj\u0173 mentaliteto\u201d - FK \u017dalgiris\" \/>\n<meta property=\"og:description\" content=\"Vilniaus derbyje brangius ta\u0161kus praradusio FK \u201e\u017dalgirio\u201c puol\u0117jas Andrija Kalud\u017eerovi\u010dius nepaisant dviej\u0173 pelnyt\u0173 \u012fvar\u010di\u0173 rezultat\u0105 \u012fvertino kaip labai blog\u0105, o komandos treneris Aliaksejus Baga kalb\u0117jo\u2026\" \/>\n<meta property=\"og:url\" content=\"https:\/\/fkzalgiris.lt\/a-kaludzerovicius-truksta-nugaletoju-mentaliteto\/\" \/>\n<meta property=\"og:site_name\" content=\"FK \u017dalgiris\" \/>\n<meta property=\"article:publisher\" content=\"https:\/\/www.facebook.com\/fkzalgiris\/\" \/>\n<meta property=\"article:published_time\" content=\"2020-08-21T07:34:12+00:00\" \/>\n<meta property=\"article:modified_time\" content=\"2020-08-21T10:26:02+00:00\" \/>\n<meta property=\"og:image\" content=\"https:\/\/fkzalgiris.lt\/wp-content\/uploads\/2024\/02\/social-horiz_Zalgiris_logo_2024.png\" \/>\n\t<meta property=\"og:image:width\" content=\"3356\" \/>\n\t<meta property=\"og:image:height\" content=\"2259\" \/>\n\t<meta property=\"og:image:type\" content=\"image\/png\" \/>\n<meta name=\"author\" content=\"J\" \/>\n<meta name=\"twitter:card\" content=\"summary_large_image\" \/>\n<meta name=\"twitter:creator\" content=\"@fkzalgiris\" \/>\n<meta name=\"twitter:site\" content=\"@fkzalgiris\" \/>\n<meta name=\"twitter:label1\" content=\"Written by\" \/>\n\t<meta name=\"twitter:data1\" content=\"J\" \/>\n\t<meta name=\"twitter:label2\" content=\"Est. reading time\" \/>\n\t<meta name=\"twitter:data2\" content=\"2 minut\u0117s\" \/>\n<script type=\"application\/ld+json\" class=\"yoast-schema-graph\">{\"@context\":\"https:\/\/schema.org\",\"@graph\":[{\"@type\":\"Article\",\"@id\":\"https:\/\/fkzalgiris.lt\/a-kaludzerovicius-truksta-nugaletoju-mentaliteto\/#article\",\"isPartOf\":{\"@id\":\"https:\/\/fkzalgiris.lt\/a-kaludzerovicius-truksta-nugaletoju-mentaliteto\/\"},\"author\":{\"name\":\"J\",\"@id\":\"https:\/\/fkzalgiris.lt\/#\/schema\/person\/8604babbba794a7d8767be324a3eaac8\"},\"headline\":\"A. Kalud\u017eerovi\u010dius: \u201eTr\u016bksta nugal\u0117toj\u0173 mentaliteto\u201d\",\"datePublished\":\"2020-08-21T07:34:12+00:00\",\"dateModified\":\"2020-08-21T10:26:02+00:00\",\"mainEntityOfPage\":{\"@id\":\"https:\/\/fkzalgiris.lt\/a-kaludzerovicius-truksta-nugaletoju-mentaliteto\/\"},\"wordCount\":488,\"publisher\":{\"@id\":\"https:\/\/fkzalgiris.lt\/#organization\"},\"articleSection\":[\"\u017dalgiris\"],\"inLanguage\":\"lt-LT\"},{\"@type\":\"WebPage\",\"@id\":\"https:\/\/fkzalgiris.lt\/a-kaludzerovicius-truksta-nugaletoju-mentaliteto\/\",\"url\":\"https:\/\/fkzalgiris.lt\/a-kaludzerovicius-truksta-nugaletoju-mentaliteto\/\",\"name\":\"A. Kalud\u017eerovi\u010dius: \u201eTr\u016bksta nugal\u0117toj\u0173 mentaliteto\u201d - FK \u017dalgiris\",\"isPartOf\":{\"@id\":\"https:\/\/fkzalgiris.lt\/#website\"},\"datePublished\":\"2020-08-21T07:34:12+00:00\",\"dateModified\":\"2020-08-21T10:26:02+00:00\",\"breadcrumb\":{\"@id\":\"https:\/\/fkzalgiris.lt\/a-kaludzerovicius-truksta-nugaletoju-mentaliteto\/#breadcrumb\"},\"inLanguage\":\"lt-LT\",\"potentialAction\":[{\"@type\":\"ReadAction\",\"target\":[\"https:\/\/fkzalgiris.lt\/a-kaludzerovicius-truksta-nugaletoju-mentaliteto\/\"]}]},{\"@type\":\"BreadcrumbList\",\"@id\":\"https:\/\/fkzalgiris.lt\/a-kaludzerovicius-truksta-nugaletoju-mentaliteto\/#breadcrumb\",\"itemListElement\":[{\"@type\":\"ListItem\",\"position\":1,\"name\":\"Home\",\"item\":\"https:\/\/fkzalgiris.lt\/\"},{\"@type\":\"ListItem\",\"position\":2,\"name\":\"A. Kalud\u017eerovi\u010dius: \u201eTr\u016bksta nugal\u0117toj\u0173 mentaliteto\u201d\"}]},{\"@type\":\"WebSite\",\"@id\":\"https:\/\/fkzalgiris.lt\/#website\",\"url\":\"https:\/\/fkzalgiris.lt\/\",\"name\":\"FK \u017dalgiris\",\"description\":\"oficiali Vilniaus \u201e\u017dalgirio\u201c futbolo klubo svetain\u0117\",\"publisher\":{\"@id\":\"https:\/\/fkzalgiris.lt\/#organization\"},\"potentialAction\":[{\"@type\":\"SearchAction\",\"target\":{\"@type\":\"EntryPoint\",\"urlTemplate\":\"https:\/\/fkzalgiris.lt\/?s={search_term_string}\"},\"query-input\":{\"@type\":\"PropertyValueSpecification\",\"valueRequired\":true,\"valueName\":\"search_term_string\"}}],\"inLanguage\":\"lt-LT\"},{\"@type\":\"Organization\",\"@id\":\"https:\/\/fkzalgiris.lt\/#organization\",\"name\":\"FK \u017dalgiris\",\"url\":\"https:\/\/fkzalgiris.lt\/\",\"logo\":{\"@type\":\"ImageObject\",\"inLanguage\":\"lt-LT\",\"@id\":\"https:\/\/fkzalgiris.lt\/#\/schema\/logo\/image\/\",\"url\":\"https:\/\/fkzalgiris.lt\/wp-content\/uploads\/2024\/01\/horiz-FK-Zalgiris-logo-2015.png\",\"contentUrl\":\"https:\/\/fkzalgiris.lt\/wp-content\/uploads\/2024\/01\/horiz-FK-Zalgiris-logo-2015.png\",\"width\":3073,\"height\":2048,\"caption\":\"FK \u017dalgiris\"},\"image\":{\"@id\":\"https:\/\/fkzalgiris.lt\/#\/schema\/logo\/image\/\"},\"sameAs\":[\"https:\/\/www.facebook.com\/fkzalgiris\/\",\"https:\/\/x.com\/fkzalgiris\",\"https:\/\/www.instagram.com\/fkzalgiris\/\",\"https:\/\/www.youtube.com\/channel\/UC1ag8JLxGirltMUoLlzfZLA\"]},{\"@type\":\"Person\",\"@id\":\"https:\/\/fkzalgiris.lt\/#\/schema\/person\/8604babbba794a7d8767be324a3eaac8\",\"name\":\"J\"}]}<\/script>\n<!-- \/ Yoast SEO plugin. -->","yoast_head_json":{"title":"A. Kalud\u017eerovi\u010dius: \u201eTr\u016bksta nugal\u0117toj\u0173 mentaliteto\u201d - FK \u017dalgiris","robots":{"index":"index","follow":"follow","max-snippet":"max-snippet:-1","max-image-preview":"max-image-preview:large","max-video-preview":"max-video-preview:-1"},"canonical":"https:\/\/fkzalgiris.lt\/a-kaludzerovicius-truksta-nugaletoju-mentaliteto\/","og_locale":"lt_LT","og_type":"article","og_title":"A. Kalud\u017eerovi\u010dius: \u201eTr\u016bksta nugal\u0117toj\u0173 mentaliteto\u201d - FK \u017dalgiris","og_description":"Vilniaus derbyje brangius ta\u0161kus praradusio FK \u201e\u017dalgirio\u201c puol\u0117jas Andrija Kalud\u017eerovi\u010dius nepaisant dviej\u0173 pelnyt\u0173 \u012fvar\u010di\u0173 rezultat\u0105 \u012fvertino kaip labai blog\u0105, o komandos treneris Aliaksejus Baga kalb\u0117jo\u2026","og_url":"https:\/\/fkzalgiris.lt\/a-kaludzerovicius-truksta-nugaletoju-mentaliteto\/","og_site_name":"FK \u017dalgiris","article_publisher":"https:\/\/www.facebook.com\/fkzalgiris\/","article_published_time":"2020-08-21T07:34:12+00:00","article_modified_time":"2020-08-21T10:26:02+00:00","og_image":[{"width":3356,"height":2259,"url":"https:\/\/fkzalgiris.lt\/wp-content\/uploads\/2024\/02\/social-horiz_Zalgiris_logo_2024.png","type":"image\/png"}],"author":"J","twitter_card":"summary_large_image","twitter_creator":"@fkzalgiris","twitter_site":"@fkzalgiris","twitter_misc":{"Written by":"J","Est. reading time":"2 minut\u0117s"},"schema":{"@context":"https:\/\/schema.org","@graph":[{"@type":"Article","@id":"https:\/\/fkzalgiris.lt\/a-kaludzerovicius-truksta-nugaletoju-mentaliteto\/#article","isPartOf":{"@id":"https:\/\/fkzalgiris.lt\/a-kaludzerovicius-truksta-nugaletoju-mentaliteto\/"},"author":{"name":"J","@id":"https:\/\/fkzalgiris.lt\/#\/schema\/person\/8604babbba794a7d8767be324a3eaac8"},"headline":"A. Kalud\u017eerovi\u010dius: \u201eTr\u016bksta nugal\u0117toj\u0173 mentaliteto\u201d","datePublished":"2020-08-21T07:34:12+00:00","dateModified":"2020-08-21T10:26:02+00:00","mainEntityOfPage":{"@id":"https:\/\/fkzalgiris.lt\/a-kaludzerovicius-truksta-nugaletoju-mentaliteto\/"},"wordCount":488,"publisher":{"@id":"https:\/\/fkzalgiris.lt\/#organization"},"articleSection":["\u017dalgiris"],"inLanguage":"lt-LT"},{"@type":"WebPage","@id":"https:\/\/fkzalgiris.lt\/a-kaludzerovicius-truksta-nugaletoju-mentaliteto\/","url":"https:\/\/fkzalgiris.lt\/a-kaludzerovicius-truksta-nugaletoju-mentaliteto\/","name":"A. Kalud\u017eerovi\u010dius: \u201eTr\u016bksta nugal\u0117toj\u0173 mentaliteto\u201d - FK \u017dalgiris","isPartOf":{"@id":"https:\/\/fkzalgiris.lt\/#website"},"datePublished":"2020-08-21T07:34:12+00:00","dateModified":"2020-08-21T10:26:02+00:00","breadcrumb":{"@id":"https:\/\/fkzalgiris.lt\/a-kaludzerovicius-truksta-nugaletoju-mentaliteto\/#breadcrumb"},"inLanguage":"lt-LT","potentialAction":[{"@type":"ReadAction","target":["https:\/\/fkzalgiris.lt\/a-kaludzerovicius-truksta-nugaletoju-mentaliteto\/"]}]},{"@type":"BreadcrumbList","@id":"https:\/\/fkzalgiris.lt\/a-kaludzerovicius-truksta-nugaletoju-mentaliteto\/#breadcrumb","itemListElement":[{"@type":"ListItem","position":1,"name":"Home","item":"https:\/\/fkzalgiris.lt\/"},{"@type":"ListItem","position":2,"name":"A. Kalud\u017eerovi\u010dius: \u201eTr\u016bksta nugal\u0117toj\u0173 mentaliteto\u201d"}]},{"@type":"WebSite","@id":"https:\/\/fkzalgiris.lt\/#website","url":"https:\/\/fkzalgiris.lt\/","name":"FK \u017dalgiris","description":"oficiali Vilniaus \u201e\u017dalgirio\u201c futbolo klubo svetain\u0117","publisher":{"@id":"https:\/\/fkzalgiris.lt\/#organization"},"potentialAction":[{"@type":"SearchAction","target":{"@type":"EntryPoint","urlTemplate":"https:\/\/fkzalgiris.lt\/?s={search_term_string}"},"query-input":{"@type":"PropertyValueSpecification","valueRequired":true,"valueName":"search_term_string"}}],"inLanguage":"lt-LT"},{"@type":"Organization","@id":"https:\/\/fkzalgiris.lt\/#organization","name":"FK \u017dalgiris","url":"https:\/\/fkzalgiris.lt\/","logo":{"@type":"ImageObject","inLanguage":"lt-LT","@id":"https:\/\/fkzalgiris.lt\/#\/schema\/logo\/image\/","url":"https:\/\/fkzalgiris.lt\/wp-content\/uploads\/2024\/01\/horiz-FK-Zalgiris-logo-2015.png","contentUrl":"https:\/\/fkzalgiris.lt\/wp-content\/uploads\/2024\/01\/horiz-FK-Zalgiris-logo-2015.png","width":3073,"height":2048,"caption":"FK \u017dalgiris"},"image":{"@id":"https:\/\/fkzalgiris.lt\/#\/schema\/logo\/image\/"},"sameAs":["https:\/\/www.facebook.com\/fkzalgiris\/","https:\/\/x.com\/fkzalgiris","https:\/\/www.instagram.com\/fkzalgiris\/","https:\/\/www.youtube.com\/channel\/UC1ag8JLxGirltMUoLlzfZLA"]},{"@type":"Person","@id":"https:\/\/fkzalgiris.lt\/#\/schema\/person\/8604babbba794a7d8767be324a3eaac8","name":"J"}]}},"_links":{"self":[{"href":"https:\/\/fkzalgiris.lt\/api\/wp\/v2\/posts\/2802","targetHints":{"allow":["GET"]}}],"collection":[{"href":"https:\/\/fkzalgiris.lt\/api\/wp\/v2\/posts"}],"about":[{"href":"https:\/\/fkzalgiris.lt\/api\/wp\/v2\/types\/post"}],"author":[{"embeddable":true,"href":"https:\/\/fkzalgiris.lt\/api\/wp\/v2\/users\/4"}],"replies":[{"embeddable":true,"href":"https:\/\/fkzalgiris.lt\/api\/wp\/v2\/comments?post=2802"}],"version-history":[{"count":4,"href":"https:\/\/fkzalgiris.lt\/api\/wp\/v2\/posts\/2802\/revisions"}],"predecessor-version":[{"id":2808,"href":"https:\/\/fkzalgiris.lt\/api\/wp\/v2\/posts\/2802\/revisions\/2808"}],"wp:attachment":[{"href":"https:\/\/fkzalgiris.lt\/api\/wp\/v2\/media?parent=2802"}],"wp:term":[{"taxonomy":"category","embeddable":true,"href":"https:\/\/fkzalgiris.lt\/api\/wp\/v2\/categories?post=2802"}],"curies":[{"name":"wp","href":"https:\/\/api.w.org\/{rel}","templated":true}]}}