{"id":2647,"date":"2020-08-08T10:01:07","date_gmt":"2020-08-08T07:01:07","guid":{"rendered":"https:\/\/fkzalgiris.lt\/?p=2647"},"modified":"2020-08-11T13:54:40","modified_gmt":"2020-08-11T10:54:40","slug":"i-lenteles-virsu-kilstelejusi-pergale-viena-sunkiausiu","status":"publish","type":"post","link":"https:\/\/fkzalgiris.lt\/i-lenteles-virsu-kilstelejusi-pergale-viena-sunkiausiu\/","title":{"rendered":"\u012e lentel\u0117s vir\u0161\u0173 kilstel\u0117jusi pergal\u0117 &#8211; viena sunkiausi\u0173"},"content":{"rendered":"<p>\u0160e\u0161t\u0105 pergal\u0119 i\u0161 eil\u0117s i\u0161kovojusio ir \u012f A lygos turnyro lentel\u0117s vir\u0161\u0173 pakilusio Vilniaus \u201e\u017dalgirio\u201c treneris Aliaksejus Baga teig\u0117 galvojantis tik apie ta\u0161kus ir artimiausias rungtynes, o lemiam\u0105 \u012fvart\u012f peln\u0119s Hugo Videmontas pripa\u017eino, jog \u012fveikti Garg\u017ed\u0173 \u201eBang\u0105\u201c buvo labai sunku.<\/p>\n<p>14 turo rungtyn\u0117se Vilniuje \u201e\u017dalgiriui\u201c vienintel\u012f \u012fvart\u012f 17 rungtyni\u0173 minut\u0119 sm\u016bgiu galva po Ivano Tatomirovi\u010diaus perdavimo peln\u0117 Hugo Videmontas. Ta\u010diau \u017ealgirie\u010diams ankstyvas \u012fvartis neu\u017etikrino lengvo grobio. Prie\u0161ingai, kar\u0161t\u0105 vakar\u0105 i\u0161lieti itin daug prakaito, nes pirmojo k\u0117linio pabaigoje arbitras nusprend\u0117 antra geltona kortele nubausti I. Tatomirovi\u010di\u0173.<\/p>\n<p>\u201eLabai sunkios rungtyn\u0117s. Po \u0161i\u0173 rungtyni\u0173 jau\u010diuosi labiausiai pavarg\u0119s nei bet kada \u0161iame sezone. Tiek a\u0161, tiek visa komanda, neabejoju, yra labai pavargusi, &#8211; pripa\u017eino H. Videmontas &#8211; Labai d\u017eiaugiam\u0117s, jog laim\u0117jome \u0161ias rungtynes, 3 ta\u0161kus. Buvo labai labai svarbu. Kovojome vienas u\u017e kit\u0105. Buvome stipr\u016bs nuo prad\u017eios iki pabaigos. \u0160iandien galime tikrai did\u017eiuotis savimi\u201c<\/p>\n<p>Kra\u0161to saugas pasi\u017eym\u0117jo net 6 rungtyn\u0117se i\u0161 eil\u0117s ir prisid\u0117jo prie tokios pat \u201e\u017dalgirio\u201c pergali\u0173 serijos. \u00a0\u012edomu, jog ne pats auk\u0161\u010diausias futbolininkas antr\u0105 susitikim\u0105 i\u0161 eil\u0117s \u012fmu\u0161\u0117 sm\u016bgiu galva. \u201eSavo karjeroje esu \u012fmu\u0161\u0119s galb\u016bt 7 \u012fvar\u010dius galva. \u0160itas kartas buvo lengvas, nes buvau netrukdomas. Ivanas man dav\u0117 ger\u0105 perdavim\u0105, liko tik nukreipti kamuol\u012f \u012f vartus\u201c, &#8211; nuopeln\u0173 neprisi\u0117m\u0117 pranc\u016bzas.<\/p>\n<p>Tiek jis, tiek\u00a0 \u201e\u017dalgirio\u201c treneris po rungtyni\u0173 duodami interviu dar ne\u017einojo, jog kiek v\u0117liau vakare Marijampol\u0117s \u201eS\u016bduva\u201c pralaim\u0117s \u201eKauno \u017dalgiriui\u201c ir po \u0161io turo u\u017eleis pirm\u0105j\u0105 lentel\u0117s pozicij\u0105.<\/p>\n<p>A. Baga po savo rungtyni\u0173 teig\u0117 galvojantis b\u016bnant apie situacij\u0105 lentel\u0117je: \u201ePergali\u0173 skai\u010dius ir tai, kad laim\u0117jome jau 6 kart\u0105 i\u0161 eil\u0117s n\u0117ra m\u016bs\u0173 mintyse. Svarbiausia, kad i\u0161kovojome labai svarbius tris ta\u0161kus. \u012e kit\u0105 statistik\u0105, nei \u012f ta\u0161kus turnyro lentel\u0117je, mes ne\u017ei\u016brime.\u201c<\/p>\n<p>Atsiradus spragai gynyboje po I. Tatomirovi\u010diaus pa\u0161alinimo, antraj\u012f k\u0117lin\u012f \u201e\u017dalgiris\u201c prad\u0117jo keitimu \u2013 saug\u0105 Mant\u0105 Kukl\u012f pakeit\u0117 gyn\u0117jas Klemenas Bolha. Slov\u0117nas daugiau \u017eaidimo laiko gavo tik antr\u0105 kart\u0105 \u0161\u012f sezon\u0105. \u201eBolha yra \u017eaid\u0117jas su meistri\u0161kumu, gerai treniruojasi. Kai jam prireikia i\u0161eiti \u012f aik\u0161t\u0119, jis tikrai gerai \u017eaid\u017eia. \u0160iandien jis dar kart\u0105 tai parod\u0117. Klemenas gerai dirba, ir kai i\u0161eina \u012f aik\u0161t\u0119 padeda komandai 100 procent\u0173\u201c, &#8211; pagyr\u0117 gyn\u0117j\u0105 A. Baga.<\/p>\n<p>Paklaustas apie tai, jog komandos protokole nebuvo ganie\u010dio Francis Kyeremeh, treneris atsak\u0117, jog taip \u012fvyko d\u0117l legionieri\u0173 limito. A lygos komandoje rungtyn\u0117ms gali b\u016bti registruoti 4 \u017eaid\u0117jai i\u0161 ne Europos s\u0105jungos \u0161ali\u0173. \u0160ias vietas u\u017e\u0117m\u0117 serbai I. Tatomirovi\u010dius, Nemanja Ljubisaljevi\u010dius, Andrija Kalud\u017eerovi\u010dius bei kanadietis Richie Enninas.<\/p>\n<p>\u201eTai tiesiog normali situacija &#8211; \u017eaid\u0117j\u0173 rotacija. \u0160iandien \u012f sud\u0117t\u012f nepateko Francis. Jis supratingai \u012f tai pa\u017ei\u016br\u0117jo. Tie legionieriai, kurie \u017eaid\u0117, atliko darb\u0105 100 proc. Tai normali situacija futbole \u2013 b\u016bna, kad d\u0117l savo paso nepatenki tarp 11 ar 18 \u017eaid\u0117j\u0173\u201c, &#8211; ai\u0161kino A. Baga.<\/p>\n<p>Art\u0117jant\u012f tre\u010diadien\u012f \u201e\u017dalgirio\u201c laukia i\u0161vyka \u012f Marijampol\u0119, kur lygos lyderi\u0173 akistatoje \u017eais su Marijampol\u0117s \u201eS\u016bduva\u201c.<\/p>\n<p>Kitas rungtynes Vilniuje \u201e\u017dalgiris\u201c \u017eais rugpj\u016b\u010dio 20 d. su \u201eRiteriais\u201c \u2013 tai bus pastarosios ekipos nam\u0173 rungtyn\u0117s. Rugpj\u016b\u010dio 27 d. \u201e\u017dalgirio\u201c laukia UEFA Europos lygos dvikova, o rugs\u0117jo 12 d. \u2013 \u201eHegelmann LFF taur\u0117s\u201c ketvirtfinalis.<\/p>\n<p>&nbsp;<\/p>\n","protected":false},"excerpt":{"rendered":"<p>\u0160e\u0161t\u0105 pergal\u0119 i\u0161 eil\u0117s i\u0161kovojusio ir \u012f A lygos turnyro lentel\u0117s vir\u0161\u0173 pakilusio Vilniaus \u201e\u017dalgirio\u201c treneris Aliaksejus Baga teig\u0117 galvojantis tik apie ta\u0161kus ir artimiausias\u2026<\/p>\n","protected":false},"author":4,"featured_media":0,"comment_status":"closed","ping_status":"closed","sticky":false,"template":"","format":"standard","meta":{"_acf_changed":false,"footnotes":""},"categories":[87],"class_list":["post-2647","post","type-post","status-publish","format-standard","hentry","category-zalgiris"],"acf":[],"yoast_head":"<!-- This site is optimized with the Yoast SEO plugin v26.8 - https:\/\/yoast.com\/product\/yoast-seo-wordpress\/ -->\n<title>\u012e lentel\u0117s vir\u0161\u0173 kilstel\u0117jusi pergal\u0117 - viena sunkiausi\u0173 - FK \u017dalgiris<\/title>\n<meta name=\"robots\" content=\"index, follow, max-snippet:-1, max-image-preview:large, max-video-preview:-1\" \/>\n<link rel=\"canonical\" href=\"https:\/\/fkzalgiris.lt\/i-lenteles-virsu-kilstelejusi-pergale-viena-sunkiausiu\/\" \/>\n<meta property=\"og:locale\" content=\"lt_LT\" \/>\n<meta property=\"og:type\" content=\"article\" \/>\n<meta property=\"og:title\" content=\"\u012e lentel\u0117s vir\u0161\u0173 kilstel\u0117jusi pergal\u0117 - viena sunkiausi\u0173 - FK \u017dalgiris\" \/>\n<meta property=\"og:description\" content=\"\u0160e\u0161t\u0105 pergal\u0119 i\u0161 eil\u0117s i\u0161kovojusio ir \u012f A lygos turnyro lentel\u0117s vir\u0161\u0173 pakilusio Vilniaus \u201e\u017dalgirio\u201c treneris Aliaksejus Baga teig\u0117 galvojantis tik apie ta\u0161kus ir artimiausias\u2026\" \/>\n<meta property=\"og:url\" content=\"https:\/\/fkzalgiris.lt\/i-lenteles-virsu-kilstelejusi-pergale-viena-sunkiausiu\/\" \/>\n<meta property=\"og:site_name\" content=\"FK \u017dalgiris\" \/>\n<meta property=\"article:publisher\" content=\"https:\/\/www.facebook.com\/fkzalgiris\/\" \/>\n<meta property=\"article:published_time\" content=\"2020-08-08T07:01:07+00:00\" \/>\n<meta property=\"article:modified_time\" content=\"2020-08-11T10:54:40+00:00\" \/>\n<meta property=\"og:image\" content=\"https:\/\/fkzalgiris.lt\/wp-content\/uploads\/2024\/02\/social-horiz_Zalgiris_logo_2024.png\" \/>\n\t<meta property=\"og:image:width\" content=\"3356\" \/>\n\t<meta property=\"og:image:height\" content=\"2259\" \/>\n\t<meta property=\"og:image:type\" content=\"image\/png\" \/>\n<meta name=\"author\" content=\"J\" \/>\n<meta name=\"twitter:card\" content=\"summary_large_image\" \/>\n<meta name=\"twitter:creator\" content=\"@fkzalgiris\" \/>\n<meta name=\"twitter:site\" content=\"@fkzalgiris\" \/>\n<meta name=\"twitter:label1\" content=\"Written by\" \/>\n\t<meta name=\"twitter:data1\" content=\"J\" \/>\n\t<meta name=\"twitter:label2\" content=\"Est. reading time\" \/>\n\t<meta name=\"twitter:data2\" content=\"3 minut\u0117s\" \/>\n<script type=\"application\/ld+json\" class=\"yoast-schema-graph\">{\"@context\":\"https:\/\/schema.org\",\"@graph\":[{\"@type\":\"Article\",\"@id\":\"https:\/\/fkzalgiris.lt\/i-lenteles-virsu-kilstelejusi-pergale-viena-sunkiausiu\/#article\",\"isPartOf\":{\"@id\":\"https:\/\/fkzalgiris.lt\/i-lenteles-virsu-kilstelejusi-pergale-viena-sunkiausiu\/\"},\"author\":{\"name\":\"J\",\"@id\":\"https:\/\/fkzalgiris.lt\/#\/schema\/person\/8604babbba794a7d8767be324a3eaac8\"},\"headline\":\"\u012e lentel\u0117s vir\u0161\u0173 kilstel\u0117jusi pergal\u0117 &#8211; viena sunkiausi\u0173\",\"datePublished\":\"2020-08-08T07:01:07+00:00\",\"dateModified\":\"2020-08-11T10:54:40+00:00\",\"mainEntityOfPage\":{\"@id\":\"https:\/\/fkzalgiris.lt\/i-lenteles-virsu-kilstelejusi-pergale-viena-sunkiausiu\/\"},\"wordCount\":571,\"publisher\":{\"@id\":\"https:\/\/fkzalgiris.lt\/#organization\"},\"articleSection\":[\"\u017dalgiris\"],\"inLanguage\":\"lt-LT\"},{\"@type\":\"WebPage\",\"@id\":\"https:\/\/fkzalgiris.lt\/i-lenteles-virsu-kilstelejusi-pergale-viena-sunkiausiu\/\",\"url\":\"https:\/\/fkzalgiris.lt\/i-lenteles-virsu-kilstelejusi-pergale-viena-sunkiausiu\/\",\"name\":\"\u012e lentel\u0117s vir\u0161\u0173 kilstel\u0117jusi pergal\u0117 - viena sunkiausi\u0173 - FK \u017dalgiris\",\"isPartOf\":{\"@id\":\"https:\/\/fkzalgiris.lt\/#website\"},\"datePublished\":\"2020-08-08T07:01:07+00:00\",\"dateModified\":\"2020-08-11T10:54:40+00:00\",\"breadcrumb\":{\"@id\":\"https:\/\/fkzalgiris.lt\/i-lenteles-virsu-kilstelejusi-pergale-viena-sunkiausiu\/#breadcrumb\"},\"inLanguage\":\"lt-LT\",\"potentialAction\":[{\"@type\":\"ReadAction\",\"target\":[\"https:\/\/fkzalgiris.lt\/i-lenteles-virsu-kilstelejusi-pergale-viena-sunkiausiu\/\"]}]},{\"@type\":\"BreadcrumbList\",\"@id\":\"https:\/\/fkzalgiris.lt\/i-lenteles-virsu-kilstelejusi-pergale-viena-sunkiausiu\/#breadcrumb\",\"itemListElement\":[{\"@type\":\"ListItem\",\"position\":1,\"name\":\"Home\",\"item\":\"https:\/\/fkzalgiris.lt\/\"},{\"@type\":\"ListItem\",\"position\":2,\"name\":\"\u012e lentel\u0117s vir\u0161\u0173 kilstel\u0117jusi pergal\u0117 &#8211; viena sunkiausi\u0173\"}]},{\"@type\":\"WebSite\",\"@id\":\"https:\/\/fkzalgiris.lt\/#website\",\"url\":\"https:\/\/fkzalgiris.lt\/\",\"name\":\"FK \u017dalgiris\",\"description\":\"oficiali Vilniaus \u201e\u017dalgirio\u201c futbolo klubo svetain\u0117\",\"publisher\":{\"@id\":\"https:\/\/fkzalgiris.lt\/#organization\"},\"potentialAction\":[{\"@type\":\"SearchAction\",\"target\":{\"@type\":\"EntryPoint\",\"urlTemplate\":\"https:\/\/fkzalgiris.lt\/?s={search_term_string}\"},\"query-input\":{\"@type\":\"PropertyValueSpecification\",\"valueRequired\":true,\"valueName\":\"search_term_string\"}}],\"inLanguage\":\"lt-LT\"},{\"@type\":\"Organization\",\"@id\":\"https:\/\/fkzalgiris.lt\/#organization\",\"name\":\"FK \u017dalgiris\",\"url\":\"https:\/\/fkzalgiris.lt\/\",\"logo\":{\"@type\":\"ImageObject\",\"inLanguage\":\"lt-LT\",\"@id\":\"https:\/\/fkzalgiris.lt\/#\/schema\/logo\/image\/\",\"url\":\"https:\/\/fkzalgiris.lt\/wp-content\/uploads\/2024\/01\/horiz-FK-Zalgiris-logo-2015.png\",\"contentUrl\":\"https:\/\/fkzalgiris.lt\/wp-content\/uploads\/2024\/01\/horiz-FK-Zalgiris-logo-2015.png\",\"width\":3073,\"height\":2048,\"caption\":\"FK \u017dalgiris\"},\"image\":{\"@id\":\"https:\/\/fkzalgiris.lt\/#\/schema\/logo\/image\/\"},\"sameAs\":[\"https:\/\/www.facebook.com\/fkzalgiris\/\",\"https:\/\/x.com\/fkzalgiris\",\"https:\/\/www.instagram.com\/fkzalgiris\/\",\"https:\/\/www.youtube.com\/channel\/UC1ag8JLxGirltMUoLlzfZLA\"]},{\"@type\":\"Person\",\"@id\":\"https:\/\/fkzalgiris.lt\/#\/schema\/person\/8604babbba794a7d8767be324a3eaac8\",\"name\":\"J\"}]}<\/script>\n<!-- \/ Yoast SEO plugin. -->","yoast_head_json":{"title":"\u012e lentel\u0117s vir\u0161\u0173 kilstel\u0117jusi pergal\u0117 - viena sunkiausi\u0173 - FK \u017dalgiris","robots":{"index":"index","follow":"follow","max-snippet":"max-snippet:-1","max-image-preview":"max-image-preview:large","max-video-preview":"max-video-preview:-1"},"canonical":"https:\/\/fkzalgiris.lt\/i-lenteles-virsu-kilstelejusi-pergale-viena-sunkiausiu\/","og_locale":"lt_LT","og_type":"article","og_title":"\u012e lentel\u0117s vir\u0161\u0173 kilstel\u0117jusi pergal\u0117 - viena sunkiausi\u0173 - FK \u017dalgiris","og_description":"\u0160e\u0161t\u0105 pergal\u0119 i\u0161 eil\u0117s i\u0161kovojusio ir \u012f A lygos turnyro lentel\u0117s vir\u0161\u0173 pakilusio Vilniaus \u201e\u017dalgirio\u201c treneris Aliaksejus Baga teig\u0117 galvojantis tik apie ta\u0161kus ir artimiausias\u2026","og_url":"https:\/\/fkzalgiris.lt\/i-lenteles-virsu-kilstelejusi-pergale-viena-sunkiausiu\/","og_site_name":"FK \u017dalgiris","article_publisher":"https:\/\/www.facebook.com\/fkzalgiris\/","article_published_time":"2020-08-08T07:01:07+00:00","article_modified_time":"2020-08-11T10:54:40+00:00","og_image":[{"width":3356,"height":2259,"url":"https:\/\/fkzalgiris.lt\/wp-content\/uploads\/2024\/02\/social-horiz_Zalgiris_logo_2024.png","type":"image\/png"}],"author":"J","twitter_card":"summary_large_image","twitter_creator":"@fkzalgiris","twitter_site":"@fkzalgiris","twitter_misc":{"Written by":"J","Est. reading time":"3 minut\u0117s"},"schema":{"@context":"https:\/\/schema.org","@graph":[{"@type":"Article","@id":"https:\/\/fkzalgiris.lt\/i-lenteles-virsu-kilstelejusi-pergale-viena-sunkiausiu\/#article","isPartOf":{"@id":"https:\/\/fkzalgiris.lt\/i-lenteles-virsu-kilstelejusi-pergale-viena-sunkiausiu\/"},"author":{"name":"J","@id":"https:\/\/fkzalgiris.lt\/#\/schema\/person\/8604babbba794a7d8767be324a3eaac8"},"headline":"\u012e lentel\u0117s vir\u0161\u0173 kilstel\u0117jusi pergal\u0117 &#8211; viena sunkiausi\u0173","datePublished":"2020-08-08T07:01:07+00:00","dateModified":"2020-08-11T10:54:40+00:00","mainEntityOfPage":{"@id":"https:\/\/fkzalgiris.lt\/i-lenteles-virsu-kilstelejusi-pergale-viena-sunkiausiu\/"},"wordCount":571,"publisher":{"@id":"https:\/\/fkzalgiris.lt\/#organization"},"articleSection":["\u017dalgiris"],"inLanguage":"lt-LT"},{"@type":"WebPage","@id":"https:\/\/fkzalgiris.lt\/i-lenteles-virsu-kilstelejusi-pergale-viena-sunkiausiu\/","url":"https:\/\/fkzalgiris.lt\/i-lenteles-virsu-kilstelejusi-pergale-viena-sunkiausiu\/","name":"\u012e lentel\u0117s vir\u0161\u0173 kilstel\u0117jusi pergal\u0117 - viena sunkiausi\u0173 - FK \u017dalgiris","isPartOf":{"@id":"https:\/\/fkzalgiris.lt\/#website"},"datePublished":"2020-08-08T07:01:07+00:00","dateModified":"2020-08-11T10:54:40+00:00","breadcrumb":{"@id":"https:\/\/fkzalgiris.lt\/i-lenteles-virsu-kilstelejusi-pergale-viena-sunkiausiu\/#breadcrumb"},"inLanguage":"lt-LT","potentialAction":[{"@type":"ReadAction","target":["https:\/\/fkzalgiris.lt\/i-lenteles-virsu-kilstelejusi-pergale-viena-sunkiausiu\/"]}]},{"@type":"BreadcrumbList","@id":"https:\/\/fkzalgiris.lt\/i-lenteles-virsu-kilstelejusi-pergale-viena-sunkiausiu\/#breadcrumb","itemListElement":[{"@type":"ListItem","position":1,"name":"Home","item":"https:\/\/fkzalgiris.lt\/"},{"@type":"ListItem","position":2,"name":"\u012e lentel\u0117s vir\u0161\u0173 kilstel\u0117jusi pergal\u0117 &#8211; viena sunkiausi\u0173"}]},{"@type":"WebSite","@id":"https:\/\/fkzalgiris.lt\/#website","url":"https:\/\/fkzalgiris.lt\/","name":"FK \u017dalgiris","description":"oficiali Vilniaus \u201e\u017dalgirio\u201c futbolo klubo svetain\u0117","publisher":{"@id":"https:\/\/fkzalgiris.lt\/#organization"},"potentialAction":[{"@type":"SearchAction","target":{"@type":"EntryPoint","urlTemplate":"https:\/\/fkzalgiris.lt\/?s={search_term_string}"},"query-input":{"@type":"PropertyValueSpecification","valueRequired":true,"valueName":"search_term_string"}}],"inLanguage":"lt-LT"},{"@type":"Organization","@id":"https:\/\/fkzalgiris.lt\/#organization","name":"FK \u017dalgiris","url":"https:\/\/fkzalgiris.lt\/","logo":{"@type":"ImageObject","inLanguage":"lt-LT","@id":"https:\/\/fkzalgiris.lt\/#\/schema\/logo\/image\/","url":"https:\/\/fkzalgiris.lt\/wp-content\/uploads\/2024\/01\/horiz-FK-Zalgiris-logo-2015.png","contentUrl":"https:\/\/fkzalgiris.lt\/wp-content\/uploads\/2024\/01\/horiz-FK-Zalgiris-logo-2015.png","width":3073,"height":2048,"caption":"FK \u017dalgiris"},"image":{"@id":"https:\/\/fkzalgiris.lt\/#\/schema\/logo\/image\/"},"sameAs":["https:\/\/www.facebook.com\/fkzalgiris\/","https:\/\/x.com\/fkzalgiris","https:\/\/www.instagram.com\/fkzalgiris\/","https:\/\/www.youtube.com\/channel\/UC1ag8JLxGirltMUoLlzfZLA"]},{"@type":"Person","@id":"https:\/\/fkzalgiris.lt\/#\/schema\/person\/8604babbba794a7d8767be324a3eaac8","name":"J"}]}},"_links":{"self":[{"href":"https:\/\/fkzalgiris.lt\/api\/wp\/v2\/posts\/2647","targetHints":{"allow":["GET"]}}],"collection":[{"href":"https:\/\/fkzalgiris.lt\/api\/wp\/v2\/posts"}],"about":[{"href":"https:\/\/fkzalgiris.lt\/api\/wp\/v2\/types\/post"}],"author":[{"embeddable":true,"href":"https:\/\/fkzalgiris.lt\/api\/wp\/v2\/users\/4"}],"replies":[{"embeddable":true,"href":"https:\/\/fkzalgiris.lt\/api\/wp\/v2\/comments?post=2647"}],"version-history":[{"count":6,"href":"https:\/\/fkzalgiris.lt\/api\/wp\/v2\/posts\/2647\/revisions"}],"predecessor-version":[{"id":2696,"href":"https:\/\/fkzalgiris.lt\/api\/wp\/v2\/posts\/2647\/revisions\/2696"}],"wp:attachment":[{"href":"https:\/\/fkzalgiris.lt\/api\/wp\/v2\/media?parent=2647"}],"wp:term":[{"taxonomy":"category","embeddable":true,"href":"https:\/\/fkzalgiris.lt\/api\/wp\/v2\/categories?post=2647"}],"curies":[{"name":"wp","href":"https:\/\/api.w.org\/{rel}","templated":true}]}}