{"id":2561,"date":"2020-07-31T10:12:56","date_gmt":"2020-07-31T07:12:56","guid":{"rendered":"https:\/\/fkzalgiris.lt\/?p=2561"},"modified":"2020-08-03T11:38:52","modified_gmt":"2020-08-03T08:38:52","slug":"a-baga-sekmadieni-sieksime-atsirevansuoti-kaunieciams","status":"publish","type":"post","link":"https:\/\/fkzalgiris.lt\/a-baga-sekmadieni-sieksime-atsirevansuoti-kaunieciams\/","title":{"rendered":"A.Baga: \u201eSekmadien\u012f sieksime revan\u0161o\u201c"},"content":{"rendered":"<p>Sekmadien\u012f Vilniuje \u201e\u017dalgirio\u201c futbolininkai namie priims \u201eKauno \u017dalgirio\u201c komand\u0105. Paskutin\u012f kart\u0105 komandos susitiko bir\u017eelio 24 dien\u0105 taip pat Vilniuje, ir po itin permainingos ir nuo\u017emios kovos rezultatu\u00a0<strong>3:2<\/strong>\u00a0(2:0) pergal\u0119 pasiek\u0117 Kauno komanda.<\/p>\n<p>2019-\u0173j\u0173 met\u0173 sezone Vilniaus \u201e\u017dalgirio\u201c ir \u201eKauno \u017dalgirio\u201c komandos i\u0161 viso susitiko penkis kartus ir visus kartus pergal\u0119 \u0161vent\u0117 vilnie\u010diai. \u0160iais metais Vilniaus ir Kauno ekipos tarpusavyje \u017eaid\u0117 du kartus ir pasidalijo po pergal\u0119.<\/p>\n<p>Vilnie\u010di\u0173 strategas Aliaksejus Baga prie\u0161 rungtynes sako, kad \u201e\u017dalgiris\u201c Vilniuje sieks tik pergal\u0117s ir revan\u0161o.<\/p>\n<p>\u201eRuo\u0161iam\u0117s labai atsakingai. Pasirengti dvikovai su kaunie\u010diais turime tris dienas. Visi supranta, kad jie yra stipri komanda ir m\u016bs\u0173 laukia fizi\u0161kai sunkios rungtyn\u0117s. Bet visi \u017eaid\u0117jai yra gerai nusiteik\u0119 ir treniruot\u0117se atiduoda visas j\u0117gas. \u017dinoma, kad sieksime tik vieno \u2013 atsirevan\u0161uoti kaunie\u010diams\u201c, \u2013 sako A. Baga.<\/p>\n<p>Paskutiniame ture Vilniaus \u201e\u017dalgirio\u201c futbolininkai rezultatu 2:1 Panev\u0117\u017eyje palau\u017e\u0117 vietos \u201ePanev\u0117\u017eio\u201c komand\u0105, o kaunie\u010diai namie rezultatu 2:3 tur\u0117jo pripa\u017einti Garg\u017ed\u0173 \u201eBangos\u201c komandos prana\u0161um\u0105.<\/p>\n<p>&nbsp;<\/p>\n","protected":false},"excerpt":{"rendered":"<p>Sekmadien\u012f Vilniuje \u201e\u017dalgirio\u201c futbolininkai namie priims \u201eKauno \u017dalgirio\u201c komand\u0105. Paskutin\u012f kart\u0105 komandos susitiko bir\u017eelio 24 dien\u0105 taip pat Vilniuje, ir po itin permainingos ir nuo\u017emios\u2026<\/p>\n","protected":false},"author":2,"featured_media":0,"comment_status":"closed","ping_status":"closed","sticky":false,"template":"","format":"standard","meta":{"_acf_changed":false,"footnotes":""},"categories":[87],"class_list":["post-2561","post","type-post","status-publish","format-standard","hentry","category-zalgiris"],"acf":[],"yoast_head":"<!-- This site is optimized with the Yoast SEO plugin v26.8 - https:\/\/yoast.com\/product\/yoast-seo-wordpress\/ -->\n<title>A.Baga: \u201eSekmadien\u012f sieksime revan\u0161o\u201c - FK \u017dalgiris<\/title>\n<meta name=\"robots\" content=\"index, follow, max-snippet:-1, max-image-preview:large, max-video-preview:-1\" \/>\n<link rel=\"canonical\" href=\"https:\/\/fkzalgiris.lt\/a-baga-sekmadieni-sieksime-atsirevansuoti-kaunieciams\/\" \/>\n<meta property=\"og:locale\" content=\"lt_LT\" \/>\n<meta property=\"og:type\" content=\"article\" \/>\n<meta property=\"og:title\" content=\"A.Baga: \u201eSekmadien\u012f sieksime revan\u0161o\u201c - FK \u017dalgiris\" \/>\n<meta property=\"og:description\" content=\"Sekmadien\u012f Vilniuje \u201e\u017dalgirio\u201c futbolininkai namie priims \u201eKauno \u017dalgirio\u201c komand\u0105. Paskutin\u012f kart\u0105 komandos susitiko bir\u017eelio 24 dien\u0105 taip pat Vilniuje, ir po itin permainingos ir nuo\u017emios\u2026\" \/>\n<meta property=\"og:url\" content=\"https:\/\/fkzalgiris.lt\/a-baga-sekmadieni-sieksime-atsirevansuoti-kaunieciams\/\" \/>\n<meta property=\"og:site_name\" content=\"FK \u017dalgiris\" \/>\n<meta property=\"article:publisher\" content=\"https:\/\/www.facebook.com\/fkzalgiris\/\" \/>\n<meta property=\"article:published_time\" content=\"2020-07-31T07:12:56+00:00\" \/>\n<meta property=\"article:modified_time\" content=\"2020-08-03T08:38:52+00:00\" \/>\n<meta property=\"og:image\" content=\"https:\/\/fkzalgiris.lt\/wp-content\/uploads\/2024\/02\/social-horiz_Zalgiris_logo_2024.png\" \/>\n\t<meta property=\"og:image:width\" content=\"3356\" \/>\n\t<meta property=\"og:image:height\" content=\"2259\" \/>\n\t<meta property=\"og:image:type\" content=\"image\/png\" \/>\n<meta name=\"author\" content=\"Paulius Jakelis\" \/>\n<meta name=\"twitter:card\" content=\"summary_large_image\" \/>\n<meta name=\"twitter:creator\" content=\"@fkzalgiris\" \/>\n<meta name=\"twitter:site\" content=\"@fkzalgiris\" \/>\n<meta name=\"twitter:label1\" content=\"Written by\" \/>\n\t<meta name=\"twitter:data1\" content=\"Paulius Jakelis\" \/>\n\t<meta name=\"twitter:label2\" content=\"Est. reading time\" \/>\n\t<meta name=\"twitter:data2\" content=\"1 minut\u0117\" \/>\n<script type=\"application\/ld+json\" class=\"yoast-schema-graph\">{\"@context\":\"https:\/\/schema.org\",\"@graph\":[{\"@type\":\"Article\",\"@id\":\"https:\/\/fkzalgiris.lt\/a-baga-sekmadieni-sieksime-atsirevansuoti-kaunieciams\/#article\",\"isPartOf\":{\"@id\":\"https:\/\/fkzalgiris.lt\/a-baga-sekmadieni-sieksime-atsirevansuoti-kaunieciams\/\"},\"author\":{\"name\":\"Paulius Jakelis\",\"@id\":\"https:\/\/fkzalgiris.lt\/#\/schema\/person\/1a5f07a0e55e2ff329320abdc2f2e953\"},\"headline\":\"A.Baga: \u201eSekmadien\u012f sieksime revan\u0161o\u201c\",\"datePublished\":\"2020-07-31T07:12:56+00:00\",\"dateModified\":\"2020-08-03T08:38:52+00:00\",\"mainEntityOfPage\":{\"@id\":\"https:\/\/fkzalgiris.lt\/a-baga-sekmadieni-sieksime-atsirevansuoti-kaunieciams\/\"},\"wordCount\":176,\"publisher\":{\"@id\":\"https:\/\/fkzalgiris.lt\/#organization\"},\"articleSection\":[\"\u017dalgiris\"],\"inLanguage\":\"lt-LT\"},{\"@type\":\"WebPage\",\"@id\":\"https:\/\/fkzalgiris.lt\/a-baga-sekmadieni-sieksime-atsirevansuoti-kaunieciams\/\",\"url\":\"https:\/\/fkzalgiris.lt\/a-baga-sekmadieni-sieksime-atsirevansuoti-kaunieciams\/\",\"name\":\"A.Baga: \u201eSekmadien\u012f sieksime revan\u0161o\u201c - FK \u017dalgiris\",\"isPartOf\":{\"@id\":\"https:\/\/fkzalgiris.lt\/#website\"},\"datePublished\":\"2020-07-31T07:12:56+00:00\",\"dateModified\":\"2020-08-03T08:38:52+00:00\",\"breadcrumb\":{\"@id\":\"https:\/\/fkzalgiris.lt\/a-baga-sekmadieni-sieksime-atsirevansuoti-kaunieciams\/#breadcrumb\"},\"inLanguage\":\"lt-LT\",\"potentialAction\":[{\"@type\":\"ReadAction\",\"target\":[\"https:\/\/fkzalgiris.lt\/a-baga-sekmadieni-sieksime-atsirevansuoti-kaunieciams\/\"]}]},{\"@type\":\"BreadcrumbList\",\"@id\":\"https:\/\/fkzalgiris.lt\/a-baga-sekmadieni-sieksime-atsirevansuoti-kaunieciams\/#breadcrumb\",\"itemListElement\":[{\"@type\":\"ListItem\",\"position\":1,\"name\":\"Home\",\"item\":\"https:\/\/fkzalgiris.lt\/\"},{\"@type\":\"ListItem\",\"position\":2,\"name\":\"A.Baga: \u201eSekmadien\u012f sieksime revan\u0161o\u201c\"}]},{\"@type\":\"WebSite\",\"@id\":\"https:\/\/fkzalgiris.lt\/#website\",\"url\":\"https:\/\/fkzalgiris.lt\/\",\"name\":\"FK \u017dalgiris\",\"description\":\"oficiali Vilniaus \u201e\u017dalgirio\u201c futbolo klubo svetain\u0117\",\"publisher\":{\"@id\":\"https:\/\/fkzalgiris.lt\/#organization\"},\"potentialAction\":[{\"@type\":\"SearchAction\",\"target\":{\"@type\":\"EntryPoint\",\"urlTemplate\":\"https:\/\/fkzalgiris.lt\/?s={search_term_string}\"},\"query-input\":{\"@type\":\"PropertyValueSpecification\",\"valueRequired\":true,\"valueName\":\"search_term_string\"}}],\"inLanguage\":\"lt-LT\"},{\"@type\":\"Organization\",\"@id\":\"https:\/\/fkzalgiris.lt\/#organization\",\"name\":\"FK \u017dalgiris\",\"url\":\"https:\/\/fkzalgiris.lt\/\",\"logo\":{\"@type\":\"ImageObject\",\"inLanguage\":\"lt-LT\",\"@id\":\"https:\/\/fkzalgiris.lt\/#\/schema\/logo\/image\/\",\"url\":\"https:\/\/fkzalgiris.lt\/wp-content\/uploads\/2024\/01\/horiz-FK-Zalgiris-logo-2015.png\",\"contentUrl\":\"https:\/\/fkzalgiris.lt\/wp-content\/uploads\/2024\/01\/horiz-FK-Zalgiris-logo-2015.png\",\"width\":3073,\"height\":2048,\"caption\":\"FK \u017dalgiris\"},\"image\":{\"@id\":\"https:\/\/fkzalgiris.lt\/#\/schema\/logo\/image\/\"},\"sameAs\":[\"https:\/\/www.facebook.com\/fkzalgiris\/\",\"https:\/\/x.com\/fkzalgiris\",\"https:\/\/www.instagram.com\/fkzalgiris\/\",\"https:\/\/www.youtube.com\/channel\/UC1ag8JLxGirltMUoLlzfZLA\"]},{\"@type\":\"Person\",\"@id\":\"https:\/\/fkzalgiris.lt\/#\/schema\/person\/1a5f07a0e55e2ff329320abdc2f2e953\",\"name\":\"Paulius Jakelis\"}]}<\/script>\n<!-- \/ Yoast SEO plugin. -->","yoast_head_json":{"title":"A.Baga: \u201eSekmadien\u012f sieksime revan\u0161o\u201c - FK \u017dalgiris","robots":{"index":"index","follow":"follow","max-snippet":"max-snippet:-1","max-image-preview":"max-image-preview:large","max-video-preview":"max-video-preview:-1"},"canonical":"https:\/\/fkzalgiris.lt\/a-baga-sekmadieni-sieksime-atsirevansuoti-kaunieciams\/","og_locale":"lt_LT","og_type":"article","og_title":"A.Baga: \u201eSekmadien\u012f sieksime revan\u0161o\u201c - FK \u017dalgiris","og_description":"Sekmadien\u012f Vilniuje \u201e\u017dalgirio\u201c futbolininkai namie priims \u201eKauno \u017dalgirio\u201c komand\u0105. Paskutin\u012f kart\u0105 komandos susitiko bir\u017eelio 24 dien\u0105 taip pat Vilniuje, ir po itin permainingos ir nuo\u017emios\u2026","og_url":"https:\/\/fkzalgiris.lt\/a-baga-sekmadieni-sieksime-atsirevansuoti-kaunieciams\/","og_site_name":"FK \u017dalgiris","article_publisher":"https:\/\/www.facebook.com\/fkzalgiris\/","article_published_time":"2020-07-31T07:12:56+00:00","article_modified_time":"2020-08-03T08:38:52+00:00","og_image":[{"width":3356,"height":2259,"url":"https:\/\/fkzalgiris.lt\/wp-content\/uploads\/2024\/02\/social-horiz_Zalgiris_logo_2024.png","type":"image\/png"}],"author":"Paulius Jakelis","twitter_card":"summary_large_image","twitter_creator":"@fkzalgiris","twitter_site":"@fkzalgiris","twitter_misc":{"Written by":"Paulius Jakelis","Est. reading time":"1 minut\u0117"},"schema":{"@context":"https:\/\/schema.org","@graph":[{"@type":"Article","@id":"https:\/\/fkzalgiris.lt\/a-baga-sekmadieni-sieksime-atsirevansuoti-kaunieciams\/#article","isPartOf":{"@id":"https:\/\/fkzalgiris.lt\/a-baga-sekmadieni-sieksime-atsirevansuoti-kaunieciams\/"},"author":{"name":"Paulius Jakelis","@id":"https:\/\/fkzalgiris.lt\/#\/schema\/person\/1a5f07a0e55e2ff329320abdc2f2e953"},"headline":"A.Baga: \u201eSekmadien\u012f sieksime revan\u0161o\u201c","datePublished":"2020-07-31T07:12:56+00:00","dateModified":"2020-08-03T08:38:52+00:00","mainEntityOfPage":{"@id":"https:\/\/fkzalgiris.lt\/a-baga-sekmadieni-sieksime-atsirevansuoti-kaunieciams\/"},"wordCount":176,"publisher":{"@id":"https:\/\/fkzalgiris.lt\/#organization"},"articleSection":["\u017dalgiris"],"inLanguage":"lt-LT"},{"@type":"WebPage","@id":"https:\/\/fkzalgiris.lt\/a-baga-sekmadieni-sieksime-atsirevansuoti-kaunieciams\/","url":"https:\/\/fkzalgiris.lt\/a-baga-sekmadieni-sieksime-atsirevansuoti-kaunieciams\/","name":"A.Baga: \u201eSekmadien\u012f sieksime revan\u0161o\u201c - FK \u017dalgiris","isPartOf":{"@id":"https:\/\/fkzalgiris.lt\/#website"},"datePublished":"2020-07-31T07:12:56+00:00","dateModified":"2020-08-03T08:38:52+00:00","breadcrumb":{"@id":"https:\/\/fkzalgiris.lt\/a-baga-sekmadieni-sieksime-atsirevansuoti-kaunieciams\/#breadcrumb"},"inLanguage":"lt-LT","potentialAction":[{"@type":"ReadAction","target":["https:\/\/fkzalgiris.lt\/a-baga-sekmadieni-sieksime-atsirevansuoti-kaunieciams\/"]}]},{"@type":"BreadcrumbList","@id":"https:\/\/fkzalgiris.lt\/a-baga-sekmadieni-sieksime-atsirevansuoti-kaunieciams\/#breadcrumb","itemListElement":[{"@type":"ListItem","position":1,"name":"Home","item":"https:\/\/fkzalgiris.lt\/"},{"@type":"ListItem","position":2,"name":"A.Baga: \u201eSekmadien\u012f sieksime revan\u0161o\u201c"}]},{"@type":"WebSite","@id":"https:\/\/fkzalgiris.lt\/#website","url":"https:\/\/fkzalgiris.lt\/","name":"FK \u017dalgiris","description":"oficiali Vilniaus \u201e\u017dalgirio\u201c futbolo klubo svetain\u0117","publisher":{"@id":"https:\/\/fkzalgiris.lt\/#organization"},"potentialAction":[{"@type":"SearchAction","target":{"@type":"EntryPoint","urlTemplate":"https:\/\/fkzalgiris.lt\/?s={search_term_string}"},"query-input":{"@type":"PropertyValueSpecification","valueRequired":true,"valueName":"search_term_string"}}],"inLanguage":"lt-LT"},{"@type":"Organization","@id":"https:\/\/fkzalgiris.lt\/#organization","name":"FK \u017dalgiris","url":"https:\/\/fkzalgiris.lt\/","logo":{"@type":"ImageObject","inLanguage":"lt-LT","@id":"https:\/\/fkzalgiris.lt\/#\/schema\/logo\/image\/","url":"https:\/\/fkzalgiris.lt\/wp-content\/uploads\/2024\/01\/horiz-FK-Zalgiris-logo-2015.png","contentUrl":"https:\/\/fkzalgiris.lt\/wp-content\/uploads\/2024\/01\/horiz-FK-Zalgiris-logo-2015.png","width":3073,"height":2048,"caption":"FK \u017dalgiris"},"image":{"@id":"https:\/\/fkzalgiris.lt\/#\/schema\/logo\/image\/"},"sameAs":["https:\/\/www.facebook.com\/fkzalgiris\/","https:\/\/x.com\/fkzalgiris","https:\/\/www.instagram.com\/fkzalgiris\/","https:\/\/www.youtube.com\/channel\/UC1ag8JLxGirltMUoLlzfZLA"]},{"@type":"Person","@id":"https:\/\/fkzalgiris.lt\/#\/schema\/person\/1a5f07a0e55e2ff329320abdc2f2e953","name":"Paulius Jakelis"}]}},"_links":{"self":[{"href":"https:\/\/fkzalgiris.lt\/api\/wp\/v2\/posts\/2561","targetHints":{"allow":["GET"]}}],"collection":[{"href":"https:\/\/fkzalgiris.lt\/api\/wp\/v2\/posts"}],"about":[{"href":"https:\/\/fkzalgiris.lt\/api\/wp\/v2\/types\/post"}],"author":[{"embeddable":true,"href":"https:\/\/fkzalgiris.lt\/api\/wp\/v2\/users\/2"}],"replies":[{"embeddable":true,"href":"https:\/\/fkzalgiris.lt\/api\/wp\/v2\/comments?post=2561"}],"version-history":[{"count":5,"href":"https:\/\/fkzalgiris.lt\/api\/wp\/v2\/posts\/2561\/revisions"}],"predecessor-version":[{"id":2591,"href":"https:\/\/fkzalgiris.lt\/api\/wp\/v2\/posts\/2561\/revisions\/2591"}],"wp:attachment":[{"href":"https:\/\/fkzalgiris.lt\/api\/wp\/v2\/media?parent=2561"}],"wp:term":[{"taxonomy":"category","embeddable":true,"href":"https:\/\/fkzalgiris.lt\/api\/wp\/v2\/categories?post=2561"}],"curies":[{"name":"wp","href":"https:\/\/api.w.org\/{rel}","templated":true}]}}