{"id":2476,"date":"2020-07-07T11:00:54","date_gmt":"2020-07-07T08:00:54","guid":{"rendered":"https:\/\/fkzalgiris.lt\/?p=2476"},"modified":"2020-07-07T11:00:54","modified_gmt":"2020-07-07T08:00:54","slug":"zalgiris-susitiks-su-fa-siauliai-komanda","status":"publish","type":"post","link":"https:\/\/fkzalgiris.lt\/zalgiris-susitiks-su-fa-siauliai-komanda\/","title":{"rendered":"\u201e\u017dalgiris\u201c susitiks su FA \u201e\u0160iauliai\u201c komanda"},"content":{"rendered":"<p>Antradienio vakar\u0105 \u201e\u017dalgirio\u201c futbolininkai pradeda kovas Hegelmann LFF taur\u0117s var\u017eybose bei \u0160iauliuose susitiks su FA \u201e\u0160iauliai\u201c komanda. Vilnie\u010di\u0173 strategas Aliaksejus Baga sako, kad rungtyni\u0173 metu svarbu tinkamai nusiteikti bei nenuvertinti var\u017eovo.<\/p>\n<p>\u201e\u0160iauli\u0173 komanda \u017eaid\u017eia greit\u0105 futbol\u0105, daug b\u0117ga. Tokiose rungtyn\u0117se labai svarbu neprarasti \u017eaidimo kontrol\u0117s, kadangi net ir ma\u017eiausia klaida gali lemti pralaim\u0117jim\u0105, o taur\u0117s var\u017eybose tokie dalykai yra gana da\u017eni. \u017dinoma, \u017eaisime ant nat\u016bralios dangos, tod\u0117l teks \u017eaid\u0117jams prisitaikyti prie kitoki\u0173 s\u0105lyg\u0173 nei esame \u012fprat\u0119\u201c, &#8211; sako A. Baga.<\/p>\n<p>I futbolo lygoje rungtyniaujantis FA \u201e\u0160iauliai\u201c klubas \u0161iuo metu 14 komand\u0173 turnyre po penki\u0173 tur\u0173 u\u017eima septint\u0105j\u0105 viet\u0105 (2 pergal\u0117s, 1 lygiosios ir patirti du pralaim\u0117jimai).<\/p>\n<p>Nuo 1991 \u2013 \u0173j\u0173 met\u0173 \u201e\u017dalgirio\u201c klubas LFF taur\u0119 yra i\u0161kovoj\u0119s net 12 kart\u0173, o paskutin\u012f kart\u0105 triumfavo 2018 \u2013 tais metais finale rezultatu 3:0 nugal\u0117j\u0119 jau neegzistuojan\u010di\u0105 Kauno \u201eStumbro\u201c komand\u0105. 2019 \u2013 tais metais \u017ealgirie\u010diai LFF taur\u0117s var\u017eybose i\u0161 kovos pasitrauk\u0117 pusfinalyje rezultatu 4:2 pralaim\u0117j\u0119 Marijampol\u0117s \u201eS\u016bduvos\u201c futbolininkams.<\/p>\n","protected":false},"excerpt":{"rendered":"<p>Antradienio vakar\u0105 \u201e\u017dalgirio\u201c futbolininkai pradeda kovas Hegelmann LFF taur\u0117s var\u017eybose bei \u0160iauliuose susitiks su FA \u201e\u0160iauliai\u201c komanda. Vilnie\u010di\u0173 strategas Aliaksejus Baga sako, kad rungtyni\u0173 metu\u2026<\/p>\n","protected":false},"author":2,"featured_media":0,"comment_status":"closed","ping_status":"closed","sticky":false,"template":"","format":"standard","meta":{"_acf_changed":false,"footnotes":""},"categories":[87],"class_list":["post-2476","post","type-post","status-publish","format-standard","hentry","category-zalgiris"],"acf":[],"yoast_head":"<!-- This site is optimized with the Yoast SEO plugin v26.8 - https:\/\/yoast.com\/product\/yoast-seo-wordpress\/ -->\n<title>\u201e\u017dalgiris\u201c susitiks su FA \u201e\u0160iauliai\u201c komanda - FK \u017dalgiris<\/title>\n<meta name=\"robots\" content=\"index, follow, max-snippet:-1, max-image-preview:large, max-video-preview:-1\" \/>\n<link rel=\"canonical\" href=\"https:\/\/fkzalgiris.lt\/zalgiris-susitiks-su-fa-siauliai-komanda\/\" \/>\n<meta property=\"og:locale\" content=\"lt_LT\" \/>\n<meta property=\"og:type\" content=\"article\" \/>\n<meta property=\"og:title\" content=\"\u201e\u017dalgiris\u201c susitiks su FA \u201e\u0160iauliai\u201c komanda - FK \u017dalgiris\" \/>\n<meta property=\"og:description\" content=\"Antradienio vakar\u0105 \u201e\u017dalgirio\u201c futbolininkai pradeda kovas Hegelmann LFF taur\u0117s var\u017eybose bei \u0160iauliuose susitiks su FA \u201e\u0160iauliai\u201c komanda. Vilnie\u010di\u0173 strategas Aliaksejus Baga sako, kad rungtyni\u0173 metu\u2026\" \/>\n<meta property=\"og:url\" content=\"https:\/\/fkzalgiris.lt\/zalgiris-susitiks-su-fa-siauliai-komanda\/\" \/>\n<meta property=\"og:site_name\" content=\"FK \u017dalgiris\" \/>\n<meta property=\"article:publisher\" content=\"https:\/\/www.facebook.com\/fkzalgiris\/\" \/>\n<meta property=\"article:published_time\" content=\"2020-07-07T08:00:54+00:00\" \/>\n<meta property=\"og:image\" content=\"https:\/\/fkzalgiris.lt\/wp-content\/uploads\/2024\/02\/social-horiz_Zalgiris_logo_2024.png\" \/>\n\t<meta property=\"og:image:width\" content=\"3356\" \/>\n\t<meta property=\"og:image:height\" content=\"2259\" \/>\n\t<meta property=\"og:image:type\" content=\"image\/png\" \/>\n<meta name=\"author\" content=\"Paulius Jakelis\" \/>\n<meta name=\"twitter:card\" content=\"summary_large_image\" \/>\n<meta name=\"twitter:creator\" content=\"@fkzalgiris\" \/>\n<meta name=\"twitter:site\" content=\"@fkzalgiris\" \/>\n<meta name=\"twitter:label1\" content=\"Written by\" \/>\n\t<meta name=\"twitter:data1\" content=\"Paulius Jakelis\" \/>\n\t<meta name=\"twitter:label2\" content=\"Est. reading time\" \/>\n\t<meta name=\"twitter:data2\" content=\"1 minut\u0117\" \/>\n<script type=\"application\/ld+json\" class=\"yoast-schema-graph\">{\"@context\":\"https:\/\/schema.org\",\"@graph\":[{\"@type\":\"Article\",\"@id\":\"https:\/\/fkzalgiris.lt\/zalgiris-susitiks-su-fa-siauliai-komanda\/#article\",\"isPartOf\":{\"@id\":\"https:\/\/fkzalgiris.lt\/zalgiris-susitiks-su-fa-siauliai-komanda\/\"},\"author\":{\"name\":\"Paulius Jakelis\",\"@id\":\"https:\/\/fkzalgiris.lt\/#\/schema\/person\/1a5f07a0e55e2ff329320abdc2f2e953\"},\"headline\":\"\u201e\u017dalgiris\u201c susitiks su FA \u201e\u0160iauliai\u201c komanda\",\"datePublished\":\"2020-07-07T08:00:54+00:00\",\"mainEntityOfPage\":{\"@id\":\"https:\/\/fkzalgiris.lt\/zalgiris-susitiks-su-fa-siauliai-komanda\/\"},\"wordCount\":180,\"publisher\":{\"@id\":\"https:\/\/fkzalgiris.lt\/#organization\"},\"articleSection\":[\"\u017dalgiris\"],\"inLanguage\":\"lt-LT\"},{\"@type\":\"WebPage\",\"@id\":\"https:\/\/fkzalgiris.lt\/zalgiris-susitiks-su-fa-siauliai-komanda\/\",\"url\":\"https:\/\/fkzalgiris.lt\/zalgiris-susitiks-su-fa-siauliai-komanda\/\",\"name\":\"\u201e\u017dalgiris\u201c susitiks su FA \u201e\u0160iauliai\u201c komanda - FK \u017dalgiris\",\"isPartOf\":{\"@id\":\"https:\/\/fkzalgiris.lt\/#website\"},\"datePublished\":\"2020-07-07T08:00:54+00:00\",\"breadcrumb\":{\"@id\":\"https:\/\/fkzalgiris.lt\/zalgiris-susitiks-su-fa-siauliai-komanda\/#breadcrumb\"},\"inLanguage\":\"lt-LT\",\"potentialAction\":[{\"@type\":\"ReadAction\",\"target\":[\"https:\/\/fkzalgiris.lt\/zalgiris-susitiks-su-fa-siauliai-komanda\/\"]}]},{\"@type\":\"BreadcrumbList\",\"@id\":\"https:\/\/fkzalgiris.lt\/zalgiris-susitiks-su-fa-siauliai-komanda\/#breadcrumb\",\"itemListElement\":[{\"@type\":\"ListItem\",\"position\":1,\"name\":\"Home\",\"item\":\"https:\/\/fkzalgiris.lt\/\"},{\"@type\":\"ListItem\",\"position\":2,\"name\":\"\u201e\u017dalgiris\u201c susitiks su FA \u201e\u0160iauliai\u201c komanda\"}]},{\"@type\":\"WebSite\",\"@id\":\"https:\/\/fkzalgiris.lt\/#website\",\"url\":\"https:\/\/fkzalgiris.lt\/\",\"name\":\"FK \u017dalgiris\",\"description\":\"oficiali Vilniaus \u201e\u017dalgirio\u201c futbolo klubo svetain\u0117\",\"publisher\":{\"@id\":\"https:\/\/fkzalgiris.lt\/#organization\"},\"potentialAction\":[{\"@type\":\"SearchAction\",\"target\":{\"@type\":\"EntryPoint\",\"urlTemplate\":\"https:\/\/fkzalgiris.lt\/?s={search_term_string}\"},\"query-input\":{\"@type\":\"PropertyValueSpecification\",\"valueRequired\":true,\"valueName\":\"search_term_string\"}}],\"inLanguage\":\"lt-LT\"},{\"@type\":\"Organization\",\"@id\":\"https:\/\/fkzalgiris.lt\/#organization\",\"name\":\"FK \u017dalgiris\",\"url\":\"https:\/\/fkzalgiris.lt\/\",\"logo\":{\"@type\":\"ImageObject\",\"inLanguage\":\"lt-LT\",\"@id\":\"https:\/\/fkzalgiris.lt\/#\/schema\/logo\/image\/\",\"url\":\"https:\/\/fkzalgiris.lt\/wp-content\/uploads\/2024\/01\/horiz-FK-Zalgiris-logo-2015.png\",\"contentUrl\":\"https:\/\/fkzalgiris.lt\/wp-content\/uploads\/2024\/01\/horiz-FK-Zalgiris-logo-2015.png\",\"width\":3073,\"height\":2048,\"caption\":\"FK \u017dalgiris\"},\"image\":{\"@id\":\"https:\/\/fkzalgiris.lt\/#\/schema\/logo\/image\/\"},\"sameAs\":[\"https:\/\/www.facebook.com\/fkzalgiris\/\",\"https:\/\/x.com\/fkzalgiris\",\"https:\/\/www.instagram.com\/fkzalgiris\/\",\"https:\/\/www.youtube.com\/channel\/UC1ag8JLxGirltMUoLlzfZLA\"]},{\"@type\":\"Person\",\"@id\":\"https:\/\/fkzalgiris.lt\/#\/schema\/person\/1a5f07a0e55e2ff329320abdc2f2e953\",\"name\":\"Paulius Jakelis\"}]}<\/script>\n<!-- \/ Yoast SEO plugin. -->","yoast_head_json":{"title":"\u201e\u017dalgiris\u201c susitiks su FA \u201e\u0160iauliai\u201c komanda - FK \u017dalgiris","robots":{"index":"index","follow":"follow","max-snippet":"max-snippet:-1","max-image-preview":"max-image-preview:large","max-video-preview":"max-video-preview:-1"},"canonical":"https:\/\/fkzalgiris.lt\/zalgiris-susitiks-su-fa-siauliai-komanda\/","og_locale":"lt_LT","og_type":"article","og_title":"\u201e\u017dalgiris\u201c susitiks su FA \u201e\u0160iauliai\u201c komanda - FK \u017dalgiris","og_description":"Antradienio vakar\u0105 \u201e\u017dalgirio\u201c futbolininkai pradeda kovas Hegelmann LFF taur\u0117s var\u017eybose bei \u0160iauliuose susitiks su FA \u201e\u0160iauliai\u201c komanda. Vilnie\u010di\u0173 strategas Aliaksejus Baga sako, kad rungtyni\u0173 metu\u2026","og_url":"https:\/\/fkzalgiris.lt\/zalgiris-susitiks-su-fa-siauliai-komanda\/","og_site_name":"FK \u017dalgiris","article_publisher":"https:\/\/www.facebook.com\/fkzalgiris\/","article_published_time":"2020-07-07T08:00:54+00:00","og_image":[{"width":3356,"height":2259,"url":"https:\/\/fkzalgiris.lt\/wp-content\/uploads\/2024\/02\/social-horiz_Zalgiris_logo_2024.png","type":"image\/png"}],"author":"Paulius Jakelis","twitter_card":"summary_large_image","twitter_creator":"@fkzalgiris","twitter_site":"@fkzalgiris","twitter_misc":{"Written by":"Paulius Jakelis","Est. reading time":"1 minut\u0117"},"schema":{"@context":"https:\/\/schema.org","@graph":[{"@type":"Article","@id":"https:\/\/fkzalgiris.lt\/zalgiris-susitiks-su-fa-siauliai-komanda\/#article","isPartOf":{"@id":"https:\/\/fkzalgiris.lt\/zalgiris-susitiks-su-fa-siauliai-komanda\/"},"author":{"name":"Paulius Jakelis","@id":"https:\/\/fkzalgiris.lt\/#\/schema\/person\/1a5f07a0e55e2ff329320abdc2f2e953"},"headline":"\u201e\u017dalgiris\u201c susitiks su FA \u201e\u0160iauliai\u201c komanda","datePublished":"2020-07-07T08:00:54+00:00","mainEntityOfPage":{"@id":"https:\/\/fkzalgiris.lt\/zalgiris-susitiks-su-fa-siauliai-komanda\/"},"wordCount":180,"publisher":{"@id":"https:\/\/fkzalgiris.lt\/#organization"},"articleSection":["\u017dalgiris"],"inLanguage":"lt-LT"},{"@type":"WebPage","@id":"https:\/\/fkzalgiris.lt\/zalgiris-susitiks-su-fa-siauliai-komanda\/","url":"https:\/\/fkzalgiris.lt\/zalgiris-susitiks-su-fa-siauliai-komanda\/","name":"\u201e\u017dalgiris\u201c susitiks su FA \u201e\u0160iauliai\u201c komanda - FK \u017dalgiris","isPartOf":{"@id":"https:\/\/fkzalgiris.lt\/#website"},"datePublished":"2020-07-07T08:00:54+00:00","breadcrumb":{"@id":"https:\/\/fkzalgiris.lt\/zalgiris-susitiks-su-fa-siauliai-komanda\/#breadcrumb"},"inLanguage":"lt-LT","potentialAction":[{"@type":"ReadAction","target":["https:\/\/fkzalgiris.lt\/zalgiris-susitiks-su-fa-siauliai-komanda\/"]}]},{"@type":"BreadcrumbList","@id":"https:\/\/fkzalgiris.lt\/zalgiris-susitiks-su-fa-siauliai-komanda\/#breadcrumb","itemListElement":[{"@type":"ListItem","position":1,"name":"Home","item":"https:\/\/fkzalgiris.lt\/"},{"@type":"ListItem","position":2,"name":"\u201e\u017dalgiris\u201c susitiks su FA \u201e\u0160iauliai\u201c komanda"}]},{"@type":"WebSite","@id":"https:\/\/fkzalgiris.lt\/#website","url":"https:\/\/fkzalgiris.lt\/","name":"FK \u017dalgiris","description":"oficiali Vilniaus \u201e\u017dalgirio\u201c futbolo klubo svetain\u0117","publisher":{"@id":"https:\/\/fkzalgiris.lt\/#organization"},"potentialAction":[{"@type":"SearchAction","target":{"@type":"EntryPoint","urlTemplate":"https:\/\/fkzalgiris.lt\/?s={search_term_string}"},"query-input":{"@type":"PropertyValueSpecification","valueRequired":true,"valueName":"search_term_string"}}],"inLanguage":"lt-LT"},{"@type":"Organization","@id":"https:\/\/fkzalgiris.lt\/#organization","name":"FK \u017dalgiris","url":"https:\/\/fkzalgiris.lt\/","logo":{"@type":"ImageObject","inLanguage":"lt-LT","@id":"https:\/\/fkzalgiris.lt\/#\/schema\/logo\/image\/","url":"https:\/\/fkzalgiris.lt\/wp-content\/uploads\/2024\/01\/horiz-FK-Zalgiris-logo-2015.png","contentUrl":"https:\/\/fkzalgiris.lt\/wp-content\/uploads\/2024\/01\/horiz-FK-Zalgiris-logo-2015.png","width":3073,"height":2048,"caption":"FK \u017dalgiris"},"image":{"@id":"https:\/\/fkzalgiris.lt\/#\/schema\/logo\/image\/"},"sameAs":["https:\/\/www.facebook.com\/fkzalgiris\/","https:\/\/x.com\/fkzalgiris","https:\/\/www.instagram.com\/fkzalgiris\/","https:\/\/www.youtube.com\/channel\/UC1ag8JLxGirltMUoLlzfZLA"]},{"@type":"Person","@id":"https:\/\/fkzalgiris.lt\/#\/schema\/person\/1a5f07a0e55e2ff329320abdc2f2e953","name":"Paulius Jakelis"}]}},"_links":{"self":[{"href":"https:\/\/fkzalgiris.lt\/api\/wp\/v2\/posts\/2476","targetHints":{"allow":["GET"]}}],"collection":[{"href":"https:\/\/fkzalgiris.lt\/api\/wp\/v2\/posts"}],"about":[{"href":"https:\/\/fkzalgiris.lt\/api\/wp\/v2\/types\/post"}],"author":[{"embeddable":true,"href":"https:\/\/fkzalgiris.lt\/api\/wp\/v2\/users\/2"}],"replies":[{"embeddable":true,"href":"https:\/\/fkzalgiris.lt\/api\/wp\/v2\/comments?post=2476"}],"version-history":[{"count":1,"href":"https:\/\/fkzalgiris.lt\/api\/wp\/v2\/posts\/2476\/revisions"}],"predecessor-version":[{"id":2477,"href":"https:\/\/fkzalgiris.lt\/api\/wp\/v2\/posts\/2476\/revisions\/2477"}],"wp:attachment":[{"href":"https:\/\/fkzalgiris.lt\/api\/wp\/v2\/media?parent=2476"}],"wp:term":[{"taxonomy":"category","embeddable":true,"href":"https:\/\/fkzalgiris.lt\/api\/wp\/v2\/categories?post=2476"}],"curies":[{"name":"wp","href":"https:\/\/api.w.org\/{rel}","templated":true}]}}