{"id":2465,"date":"2020-07-02T16:29:47","date_gmt":"2020-07-02T13:29:47","guid":{"rendered":"https:\/\/fkzalgiris.lt\/?p=2465"},"modified":"2020-07-03T09:23:12","modified_gmt":"2020-07-03T06:23:12","slug":"vilnieciai-namie-priims-gargzdu-bangos-futbolininkus","status":"publish","type":"post","link":"https:\/\/fkzalgiris.lt\/vilnieciai-namie-priims-gargzdu-bangos-futbolininkus\/","title":{"rendered":"Vilnie\u010diai namie priims Garg\u017ed\u0173 \u201eBangos\u201c futbolininkus"},"content":{"rendered":"<p>Futbolo klubas \u201e\u017dalgiris\u201c penktadienio vakar\u0105 Vilniuje A lygos a\u0161tuntojo turo rungtyn\u0117se susikaus su \u012f auk\u0161\u010diausi\u0105 Lietuvos futbolo lyg\u0105 gr\u012f\u017eusia Garg\u017ed\u0173 \u201eBangos\u201c komanda. Bir\u017eelio 13 dien\u0105 po pirmos \u0161\u012f sezon\u0105 komand\u0173 akistatos Garg\u017eduose pergal\u0119 minimalia persvara 1:0 \u0161vent\u0117 \u201e\u017dalgirio\u201c futbolininkai.<\/p>\n<p>Pergaling\u0105 \u012fvart\u012f rungtyn\u0117se peln\u0119s \u201e\u017dalgirio\u201c ir Lietuvos rinktin\u0117s saugas Domantas \u0160imkus teigia, kad po triu\u0161kinan\u010dios pergal\u0117s prie\u0161 \u201eRiterius\u201c komanda \u012fgijo dar daugiau pasitik\u0117jimo, ta\u010diau kalb\u0117ti apie lengvas rungtynes b\u016bt\u0173 naivu.<\/p>\n<p>\u201eEsame labai gerai nusiteik\u0119, ypa\u010d po pergal\u0117s prie\u0161 \u201eRiterius\u201c. Tur\u0117jome vien\u0105 laisv\u0105 dien\u0105, bet \u201eBanga\u201c yra stipri komanda. Pirmose rungtyn\u0117se mums pavyko juos nugal\u0117ti, ta\u010diau kova buvo sunki ir pergal\u0119 l\u0117m\u0117 tik vienas \u012fvartis. Smagu, kad tose rungtyn\u0117se pasi\u017eym\u0117jau ir pelniau \u012fvart\u012f, bet tai jau praeitis \u2013 dabar bus svarbiausia laikytis \u017eaidimo plano\u201c, \u2013 sako D. \u0160imkus.<\/p>\n<div class=\"embed-responsive embed-responsive-16by9 mb-4\"><iframe title=\"GOALS | \u012eVAR\u010cIAI | BANGA 0-1 \u017dALGIRIS | Domanto \u0160imkaus pergalingas \u012fvartis \u012f &quot;Bangos&quot; vartus\" src=\"https:\/\/www.youtube.com\/embed\/eBt_WBNB1h8?feature=oembed\" frameborder=\"0\" allow=\"accelerometer; autoplay; clipboard-write; encrypted-media; gyroscope; picture-in-picture; web-share\" referrerpolicy=\"strict-origin-when-cross-origin\" allowfullscreen><\/iframe> <\/div>\n<p>Anot D. \u0160imkaus, \u201eBangos\u201c komanda turi ne vien\u0105 auk\u0161tos klas\u0117s \u017eaid\u0117j\u0105, bet did\u017eiausia garg\u017edi\u0161ki\u0173 stipryb\u0117 \u2013 komandinis \u017eaidimas: \u201eJie stipr\u016bs kaip komanda, kovoja vienas u\u017e kit\u0105 kiekviename aik\u0161t\u0117s metre. Manau, kad tai esminiai dalykai, kurie jiems leid\u017eia pasiekti rezultat\u0105.\u201c<\/p>\n<p>Vis svarbesniu \u017eaid\u0117ju \u017ealgirie\u010di\u0173 komandoje tampantis kanadietis Richlordas Enninas sako, kad po pergal\u0117s prie\u0161 \u201eRiterius\u201c negalima atsipalaiduoti: \u201eNors ir nugal\u0117jome \u201eRiterius\u201c dideliu skirtumu, vis d\u0117lto negalime atsipalaiduoti ir turime su lygiai tokiu pat nusiteikimu kautis ir su \u201eBanga\u201c. Turime laim\u0117ti ir turnyrin\u0117je lentel\u0117je stengtis pasivyti \u201eS\u016bduvos\u201c futbolininkus.\u201c<\/p>\n<p>Nuo 1998-\u0173j\u0173 met\u0173 Vilniaus \u201e\u017dalgirio\u201c futbolininkai prie\u0161 garg\u017edi\u0161kius yra pasiek\u0119 net 24 pergales, dar \u0161e\u0161erios rungtyn\u0117s baig\u0117si lygiosiomis, o \u201eBanga\u201c vienintel\u0119 pergal\u0119 pasiek\u0117 2010 metais LFF taur\u0117s rungtyn\u0117se po vienuolikos metr\u0173 baudini\u0173 serijos Vilniuje \u012fveik\u0119 vilnie\u010dius rezultaltu (1:1) ir (2:3).<\/p>\n<p>O visus futbolo gerb\u0117jus kvie\u010diame liepos 3 dien\u0105 atvykti \u012f LFF stadion\u0105, kur kovosime su Garg\u017ed\u0173 \u201eBangos\u201c komanda. Bilietus \u012fsigyti galite <a href=\"https:\/\/www.bilietai.lt\/lit\/renginiai\/sportas\/futbolas\/a-lyga-fk-zalgiris-fk-banga-311172\/?fbclid=IwAR05lD26jQplTJHgZynkSUEJswN6iBH9S5d2MVME3DCut9Pt4lFuf1lZXf0\">Bilietai.lt<\/a> svetain\u0117je. Rungtyni\u0173 prad\u017eia &#8211; 18 val.<\/p>\n","protected":false},"excerpt":{"rendered":"<p>Futbolo klubas \u201e\u017dalgiris\u201c penktadienio vakar\u0105 Vilniuje A lygos a\u0161tuntojo turo rungtyn\u0117se susikaus su \u012f auk\u0161\u010diausi\u0105 Lietuvos futbolo lyg\u0105 gr\u012f\u017eusia Garg\u017ed\u0173 \u201eBangos\u201c komanda. Bir\u017eelio 13 dien\u0105\u2026<\/p>\n","protected":false},"author":2,"featured_media":0,"comment_status":"closed","ping_status":"closed","sticky":false,"template":"","format":"standard","meta":{"_acf_changed":false,"footnotes":""},"categories":[87],"class_list":["post-2465","post","type-post","status-publish","format-standard","hentry","category-zalgiris"],"acf":[],"yoast_head":"<!-- This site is optimized with the Yoast SEO plugin v26.8 - https:\/\/yoast.com\/product\/yoast-seo-wordpress\/ -->\n<title>Vilnie\u010diai namie priims Garg\u017ed\u0173 \u201eBangos\u201c futbolininkus - FK \u017dalgiris<\/title>\n<meta name=\"robots\" content=\"index, follow, max-snippet:-1, max-image-preview:large, max-video-preview:-1\" \/>\n<link rel=\"canonical\" href=\"https:\/\/fkzalgiris.lt\/vilnieciai-namie-priims-gargzdu-bangos-futbolininkus\/\" \/>\n<meta property=\"og:locale\" content=\"lt_LT\" \/>\n<meta property=\"og:type\" content=\"article\" \/>\n<meta property=\"og:title\" content=\"Vilnie\u010diai namie priims Garg\u017ed\u0173 \u201eBangos\u201c futbolininkus - FK \u017dalgiris\" \/>\n<meta property=\"og:description\" content=\"Futbolo klubas \u201e\u017dalgiris\u201c penktadienio vakar\u0105 Vilniuje A lygos a\u0161tuntojo turo rungtyn\u0117se susikaus su \u012f auk\u0161\u010diausi\u0105 Lietuvos futbolo lyg\u0105 gr\u012f\u017eusia Garg\u017ed\u0173 \u201eBangos\u201c komanda. Bir\u017eelio 13 dien\u0105\u2026\" \/>\n<meta property=\"og:url\" content=\"https:\/\/fkzalgiris.lt\/vilnieciai-namie-priims-gargzdu-bangos-futbolininkus\/\" \/>\n<meta property=\"og:site_name\" content=\"FK \u017dalgiris\" \/>\n<meta property=\"article:publisher\" content=\"https:\/\/www.facebook.com\/fkzalgiris\/\" \/>\n<meta property=\"article:published_time\" content=\"2020-07-02T13:29:47+00:00\" \/>\n<meta property=\"article:modified_time\" content=\"2020-07-03T06:23:12+00:00\" \/>\n<meta property=\"og:image\" content=\"https:\/\/fkzalgiris.lt\/wp-content\/uploads\/2024\/02\/social-horiz_Zalgiris_logo_2024.png\" \/>\n\t<meta property=\"og:image:width\" content=\"3356\" \/>\n\t<meta property=\"og:image:height\" content=\"2259\" \/>\n\t<meta property=\"og:image:type\" content=\"image\/png\" \/>\n<meta name=\"author\" content=\"Paulius Jakelis\" \/>\n<meta name=\"twitter:card\" content=\"summary_large_image\" \/>\n<meta name=\"twitter:creator\" content=\"@fkzalgiris\" \/>\n<meta name=\"twitter:site\" content=\"@fkzalgiris\" \/>\n<meta name=\"twitter:label1\" content=\"Written by\" \/>\n\t<meta name=\"twitter:data1\" content=\"Paulius Jakelis\" \/>\n\t<meta name=\"twitter:label2\" content=\"Est. reading time\" \/>\n\t<meta name=\"twitter:data2\" content=\"2 minut\u0117s\" \/>\n<script type=\"application\/ld+json\" class=\"yoast-schema-graph\">{\"@context\":\"https:\/\/schema.org\",\"@graph\":[{\"@type\":\"Article\",\"@id\":\"https:\/\/fkzalgiris.lt\/vilnieciai-namie-priims-gargzdu-bangos-futbolininkus\/#article\",\"isPartOf\":{\"@id\":\"https:\/\/fkzalgiris.lt\/vilnieciai-namie-priims-gargzdu-bangos-futbolininkus\/\"},\"author\":{\"name\":\"Paulius Jakelis\",\"@id\":\"https:\/\/fkzalgiris.lt\/#\/schema\/person\/1a5f07a0e55e2ff329320abdc2f2e953\"},\"headline\":\"Vilnie\u010diai namie priims Garg\u017ed\u0173 \u201eBangos\u201c futbolininkus\",\"datePublished\":\"2020-07-02T13:29:47+00:00\",\"dateModified\":\"2020-07-03T06:23:12+00:00\",\"mainEntityOfPage\":{\"@id\":\"https:\/\/fkzalgiris.lt\/vilnieciai-namie-priims-gargzdu-bangos-futbolininkus\/\"},\"wordCount\":345,\"publisher\":{\"@id\":\"https:\/\/fkzalgiris.lt\/#organization\"},\"articleSection\":[\"\u017dalgiris\"],\"inLanguage\":\"lt-LT\"},{\"@type\":\"WebPage\",\"@id\":\"https:\/\/fkzalgiris.lt\/vilnieciai-namie-priims-gargzdu-bangos-futbolininkus\/\",\"url\":\"https:\/\/fkzalgiris.lt\/vilnieciai-namie-priims-gargzdu-bangos-futbolininkus\/\",\"name\":\"Vilnie\u010diai namie priims Garg\u017ed\u0173 \u201eBangos\u201c futbolininkus - FK \u017dalgiris\",\"isPartOf\":{\"@id\":\"https:\/\/fkzalgiris.lt\/#website\"},\"datePublished\":\"2020-07-02T13:29:47+00:00\",\"dateModified\":\"2020-07-03T06:23:12+00:00\",\"breadcrumb\":{\"@id\":\"https:\/\/fkzalgiris.lt\/vilnieciai-namie-priims-gargzdu-bangos-futbolininkus\/#breadcrumb\"},\"inLanguage\":\"lt-LT\",\"potentialAction\":[{\"@type\":\"ReadAction\",\"target\":[\"https:\/\/fkzalgiris.lt\/vilnieciai-namie-priims-gargzdu-bangos-futbolininkus\/\"]}]},{\"@type\":\"BreadcrumbList\",\"@id\":\"https:\/\/fkzalgiris.lt\/vilnieciai-namie-priims-gargzdu-bangos-futbolininkus\/#breadcrumb\",\"itemListElement\":[{\"@type\":\"ListItem\",\"position\":1,\"name\":\"Home\",\"item\":\"https:\/\/fkzalgiris.lt\/\"},{\"@type\":\"ListItem\",\"position\":2,\"name\":\"Vilnie\u010diai namie priims Garg\u017ed\u0173 \u201eBangos\u201c futbolininkus\"}]},{\"@type\":\"WebSite\",\"@id\":\"https:\/\/fkzalgiris.lt\/#website\",\"url\":\"https:\/\/fkzalgiris.lt\/\",\"name\":\"FK \u017dalgiris\",\"description\":\"oficiali Vilniaus \u201e\u017dalgirio\u201c futbolo klubo svetain\u0117\",\"publisher\":{\"@id\":\"https:\/\/fkzalgiris.lt\/#organization\"},\"potentialAction\":[{\"@type\":\"SearchAction\",\"target\":{\"@type\":\"EntryPoint\",\"urlTemplate\":\"https:\/\/fkzalgiris.lt\/?s={search_term_string}\"},\"query-input\":{\"@type\":\"PropertyValueSpecification\",\"valueRequired\":true,\"valueName\":\"search_term_string\"}}],\"inLanguage\":\"lt-LT\"},{\"@type\":\"Organization\",\"@id\":\"https:\/\/fkzalgiris.lt\/#organization\",\"name\":\"FK \u017dalgiris\",\"url\":\"https:\/\/fkzalgiris.lt\/\",\"logo\":{\"@type\":\"ImageObject\",\"inLanguage\":\"lt-LT\",\"@id\":\"https:\/\/fkzalgiris.lt\/#\/schema\/logo\/image\/\",\"url\":\"https:\/\/fkzalgiris.lt\/wp-content\/uploads\/2024\/01\/horiz-FK-Zalgiris-logo-2015.png\",\"contentUrl\":\"https:\/\/fkzalgiris.lt\/wp-content\/uploads\/2024\/01\/horiz-FK-Zalgiris-logo-2015.png\",\"width\":3073,\"height\":2048,\"caption\":\"FK \u017dalgiris\"},\"image\":{\"@id\":\"https:\/\/fkzalgiris.lt\/#\/schema\/logo\/image\/\"},\"sameAs\":[\"https:\/\/www.facebook.com\/fkzalgiris\/\",\"https:\/\/x.com\/fkzalgiris\",\"https:\/\/www.instagram.com\/fkzalgiris\/\",\"https:\/\/www.youtube.com\/channel\/UC1ag8JLxGirltMUoLlzfZLA\"]},{\"@type\":\"Person\",\"@id\":\"https:\/\/fkzalgiris.lt\/#\/schema\/person\/1a5f07a0e55e2ff329320abdc2f2e953\",\"name\":\"Paulius Jakelis\"}]}<\/script>\n<!-- \/ Yoast SEO plugin. -->","yoast_head_json":{"title":"Vilnie\u010diai namie priims Garg\u017ed\u0173 \u201eBangos\u201c futbolininkus - FK \u017dalgiris","robots":{"index":"index","follow":"follow","max-snippet":"max-snippet:-1","max-image-preview":"max-image-preview:large","max-video-preview":"max-video-preview:-1"},"canonical":"https:\/\/fkzalgiris.lt\/vilnieciai-namie-priims-gargzdu-bangos-futbolininkus\/","og_locale":"lt_LT","og_type":"article","og_title":"Vilnie\u010diai namie priims Garg\u017ed\u0173 \u201eBangos\u201c futbolininkus - FK \u017dalgiris","og_description":"Futbolo klubas \u201e\u017dalgiris\u201c penktadienio vakar\u0105 Vilniuje A lygos a\u0161tuntojo turo rungtyn\u0117se susikaus su \u012f auk\u0161\u010diausi\u0105 Lietuvos futbolo lyg\u0105 gr\u012f\u017eusia Garg\u017ed\u0173 \u201eBangos\u201c komanda. Bir\u017eelio 13 dien\u0105\u2026","og_url":"https:\/\/fkzalgiris.lt\/vilnieciai-namie-priims-gargzdu-bangos-futbolininkus\/","og_site_name":"FK \u017dalgiris","article_publisher":"https:\/\/www.facebook.com\/fkzalgiris\/","article_published_time":"2020-07-02T13:29:47+00:00","article_modified_time":"2020-07-03T06:23:12+00:00","og_image":[{"width":3356,"height":2259,"url":"https:\/\/fkzalgiris.lt\/wp-content\/uploads\/2024\/02\/social-horiz_Zalgiris_logo_2024.png","type":"image\/png"}],"author":"Paulius Jakelis","twitter_card":"summary_large_image","twitter_creator":"@fkzalgiris","twitter_site":"@fkzalgiris","twitter_misc":{"Written by":"Paulius Jakelis","Est. reading time":"2 minut\u0117s"},"schema":{"@context":"https:\/\/schema.org","@graph":[{"@type":"Article","@id":"https:\/\/fkzalgiris.lt\/vilnieciai-namie-priims-gargzdu-bangos-futbolininkus\/#article","isPartOf":{"@id":"https:\/\/fkzalgiris.lt\/vilnieciai-namie-priims-gargzdu-bangos-futbolininkus\/"},"author":{"name":"Paulius Jakelis","@id":"https:\/\/fkzalgiris.lt\/#\/schema\/person\/1a5f07a0e55e2ff329320abdc2f2e953"},"headline":"Vilnie\u010diai namie priims Garg\u017ed\u0173 \u201eBangos\u201c futbolininkus","datePublished":"2020-07-02T13:29:47+00:00","dateModified":"2020-07-03T06:23:12+00:00","mainEntityOfPage":{"@id":"https:\/\/fkzalgiris.lt\/vilnieciai-namie-priims-gargzdu-bangos-futbolininkus\/"},"wordCount":345,"publisher":{"@id":"https:\/\/fkzalgiris.lt\/#organization"},"articleSection":["\u017dalgiris"],"inLanguage":"lt-LT"},{"@type":"WebPage","@id":"https:\/\/fkzalgiris.lt\/vilnieciai-namie-priims-gargzdu-bangos-futbolininkus\/","url":"https:\/\/fkzalgiris.lt\/vilnieciai-namie-priims-gargzdu-bangos-futbolininkus\/","name":"Vilnie\u010diai namie priims Garg\u017ed\u0173 \u201eBangos\u201c futbolininkus - FK \u017dalgiris","isPartOf":{"@id":"https:\/\/fkzalgiris.lt\/#website"},"datePublished":"2020-07-02T13:29:47+00:00","dateModified":"2020-07-03T06:23:12+00:00","breadcrumb":{"@id":"https:\/\/fkzalgiris.lt\/vilnieciai-namie-priims-gargzdu-bangos-futbolininkus\/#breadcrumb"},"inLanguage":"lt-LT","potentialAction":[{"@type":"ReadAction","target":["https:\/\/fkzalgiris.lt\/vilnieciai-namie-priims-gargzdu-bangos-futbolininkus\/"]}]},{"@type":"BreadcrumbList","@id":"https:\/\/fkzalgiris.lt\/vilnieciai-namie-priims-gargzdu-bangos-futbolininkus\/#breadcrumb","itemListElement":[{"@type":"ListItem","position":1,"name":"Home","item":"https:\/\/fkzalgiris.lt\/"},{"@type":"ListItem","position":2,"name":"Vilnie\u010diai namie priims Garg\u017ed\u0173 \u201eBangos\u201c futbolininkus"}]},{"@type":"WebSite","@id":"https:\/\/fkzalgiris.lt\/#website","url":"https:\/\/fkzalgiris.lt\/","name":"FK \u017dalgiris","description":"oficiali Vilniaus \u201e\u017dalgirio\u201c futbolo klubo svetain\u0117","publisher":{"@id":"https:\/\/fkzalgiris.lt\/#organization"},"potentialAction":[{"@type":"SearchAction","target":{"@type":"EntryPoint","urlTemplate":"https:\/\/fkzalgiris.lt\/?s={search_term_string}"},"query-input":{"@type":"PropertyValueSpecification","valueRequired":true,"valueName":"search_term_string"}}],"inLanguage":"lt-LT"},{"@type":"Organization","@id":"https:\/\/fkzalgiris.lt\/#organization","name":"FK \u017dalgiris","url":"https:\/\/fkzalgiris.lt\/","logo":{"@type":"ImageObject","inLanguage":"lt-LT","@id":"https:\/\/fkzalgiris.lt\/#\/schema\/logo\/image\/","url":"https:\/\/fkzalgiris.lt\/wp-content\/uploads\/2024\/01\/horiz-FK-Zalgiris-logo-2015.png","contentUrl":"https:\/\/fkzalgiris.lt\/wp-content\/uploads\/2024\/01\/horiz-FK-Zalgiris-logo-2015.png","width":3073,"height":2048,"caption":"FK \u017dalgiris"},"image":{"@id":"https:\/\/fkzalgiris.lt\/#\/schema\/logo\/image\/"},"sameAs":["https:\/\/www.facebook.com\/fkzalgiris\/","https:\/\/x.com\/fkzalgiris","https:\/\/www.instagram.com\/fkzalgiris\/","https:\/\/www.youtube.com\/channel\/UC1ag8JLxGirltMUoLlzfZLA"]},{"@type":"Person","@id":"https:\/\/fkzalgiris.lt\/#\/schema\/person\/1a5f07a0e55e2ff329320abdc2f2e953","name":"Paulius Jakelis"}]}},"_links":{"self":[{"href":"https:\/\/fkzalgiris.lt\/api\/wp\/v2\/posts\/2465","targetHints":{"allow":["GET"]}}],"collection":[{"href":"https:\/\/fkzalgiris.lt\/api\/wp\/v2\/posts"}],"about":[{"href":"https:\/\/fkzalgiris.lt\/api\/wp\/v2\/types\/post"}],"author":[{"embeddable":true,"href":"https:\/\/fkzalgiris.lt\/api\/wp\/v2\/users\/2"}],"replies":[{"embeddable":true,"href":"https:\/\/fkzalgiris.lt\/api\/wp\/v2\/comments?post=2465"}],"version-history":[{"count":3,"href":"https:\/\/fkzalgiris.lt\/api\/wp\/v2\/posts\/2465\/revisions"}],"predecessor-version":[{"id":2469,"href":"https:\/\/fkzalgiris.lt\/api\/wp\/v2\/posts\/2465\/revisions\/2469"}],"wp:attachment":[{"href":"https:\/\/fkzalgiris.lt\/api\/wp\/v2\/media?parent=2465"}],"wp:term":[{"taxonomy":"category","embeddable":true,"href":"https:\/\/fkzalgiris.lt\/api\/wp\/v2\/categories?post=2465"}],"curies":[{"name":"wp","href":"https:\/\/api.w.org\/{rel}","templated":true}]}}