{"id":2353,"date":"2020-06-08T12:08:45","date_gmt":"2020-06-08T09:08:45","guid":{"rendered":"https:\/\/fkzalgiris.lt\/?p=2353"},"modified":"2020-06-08T12:09:58","modified_gmt":"2020-06-08T09:09:58","slug":"h-videmontas-puolejo-pozicijoje-galeciau-zaisti-ir-dazniau","status":"publish","type":"post","link":"https:\/\/fkzalgiris.lt\/h-videmontas-puolejo-pozicijoje-galeciau-zaisti-ir-dazniau\/","title":{"rendered":"H. Videmontas: \u201ePuol\u0117jo pozicijoje gal\u0117\u010diau \u017eaisti ir da\u017eniau\u201c"},"content":{"rendered":"<p>Vilniaus \u201e\u017dalgirio\u201c futbolininkai \u0161e\u0161tadien\u012f Kaune rezultatu 1:0 nugal\u0117jo \u201eKauno \u017dalgirio\u201c futbolininkus. Pergaling\u0105 \u012fvart\u012f 43 minut\u0119 peln\u0117 pranc\u016bzas Hugo Videmontas, kuris \u0161iose rungtyn\u0117se \u017eaid\u0117 sau kiek ne\u012fprastoje puol\u0117jo pozicijoje. Futbolininkas sako, kad \u017eaisti atakos smaigalyje jam pradeda patikti vis labiau.<\/p>\n<div class=\"embed-responsive embed-responsive-16by9 mb-4\"><iframe title=\"H. Videmontas: \u201ePuol\u0117jo pozicijoje gal\u0117\u010diau \u017eaisti ir da\u017eniau\u201c\" src=\"https:\/\/www.youtube.com\/embed\/bnidRK7sBro?feature=oembed\" frameborder=\"0\" allow=\"accelerometer; autoplay; clipboard-write; encrypted-media; gyroscope; picture-in-picture; web-share\" referrerpolicy=\"strict-origin-when-cross-origin\" allowfullscreen><\/iframe> <\/div>\n<p>\u201eKeliose draugi\u0161kose rungtyn\u0117se esu \u017eaid\u0119s puol\u0117jo pozicijoje ir pelniau kelis \u012fvar\u010dius. \u017dinoma, \u0161iandien susiklost\u0117 tokia situacija, kad negal\u0117jo pad\u0117ti pagrindiniai m\u016bs\u0173 komandos puol\u0117jai. Bet jeigu treneris ir ateityje lieps man \u017eaisti puol\u0117ju \u2013 tikrai b\u016bsiu tuo labai patenkintas ir, tikiuosi, mu\u0161iu ir daugiau \u012fvar\u010di\u0173\u201c, \u2013 sako H. Videmontas.<\/p>\n<p>Per rungtynes i\u0161 viso buvo parodyta net 14 korteli\u0173, o du futbolininkai pa\u0161alinti i\u0161 aik\u0161t\u0117s. H.\u00a0Videmontas \u012fsitikin\u0119s, kad toki\u0105 situacij\u0105 l\u0117m\u0117 rungtyni\u0173 svarba: \u201eBuvome pasireng\u0119 \u017eaisti tok\u012f futbol\u0105 ir \u017einojome, kad m\u016bs\u0173 laukia sunkios ir sud\u0117tingos rungtyn\u0117s. Buvo daug \u012ftampos ir kovos, bet svarbiausia pasiekta pergal\u0117 ir i\u0161kovoti trys ta\u0161kai.\u201c<\/p>\n<p>H.Videmontas sako, kad po sud\u0117ting\u0173 rungtyni\u0173 poilsiui daug laiko nebus, nes jau bir\u017eelio 13 dien\u0105 laukia dvikova su Garg\u017ed\u0173 \u201eBangos\u201c futbolininkais: \u201eVien\u0105 dien\u0105 skirsime poilsiui, nes buvo tikrai sunkios rungtyn\u0117s ir ma\u010do pabaigoje visi \u017eaid\u0117jai buvo i\u0161sek\u0119 tiek fizi\u0161kai, tiek ir morali\u0161kai. Bet poilsiui daug laiko skirti negal\u0117sime, nes prad\u0117sime ruo\u0161tis rungtyn\u0117ms su \u201eBanga\u201c. Tai yra labai stipri komanda, kurioje daug paj\u0117gi\u0173 \u017eaid\u0117j\u0173, ir Garg\u017eduose m\u016bs\u0173 lauks tikrai sunkus i\u0161\u0161\u016bkis.\u201c<\/p>\n","protected":false},"excerpt":{"rendered":"<p>Vilniaus \u201e\u017dalgirio\u201c futbolininkai \u0161e\u0161tadien\u012f Kaune rezultatu 1:0 nugal\u0117jo \u201eKauno \u017dalgirio\u201c futbolininkus. Pergaling\u0105 \u012fvart\u012f 43 minut\u0119 peln\u0117 pranc\u016bzas Hugo Videmontas, kuris \u0161iose rungtyn\u0117se \u017eaid\u0117 sau kiek\u2026<\/p>\n","protected":false},"author":2,"featured_media":0,"comment_status":"closed","ping_status":"closed","sticky":false,"template":"","format":"standard","meta":{"_acf_changed":false,"footnotes":""},"categories":[87],"class_list":["post-2353","post","type-post","status-publish","format-standard","hentry","category-zalgiris"],"acf":[],"yoast_head":"<!-- This site is optimized with the Yoast SEO plugin v26.8 - https:\/\/yoast.com\/product\/yoast-seo-wordpress\/ -->\n<title>H. Videmontas: \u201ePuol\u0117jo pozicijoje gal\u0117\u010diau \u017eaisti ir da\u017eniau\u201c - FK \u017dalgiris<\/title>\n<meta name=\"robots\" content=\"index, follow, max-snippet:-1, max-image-preview:large, max-video-preview:-1\" \/>\n<link rel=\"canonical\" href=\"https:\/\/fkzalgiris.lt\/h-videmontas-puolejo-pozicijoje-galeciau-zaisti-ir-dazniau\/\" \/>\n<meta property=\"og:locale\" content=\"lt_LT\" \/>\n<meta property=\"og:type\" content=\"article\" \/>\n<meta property=\"og:title\" content=\"H. Videmontas: \u201ePuol\u0117jo pozicijoje gal\u0117\u010diau \u017eaisti ir da\u017eniau\u201c - FK \u017dalgiris\" \/>\n<meta property=\"og:description\" content=\"Vilniaus \u201e\u017dalgirio\u201c futbolininkai \u0161e\u0161tadien\u012f Kaune rezultatu 1:0 nugal\u0117jo \u201eKauno \u017dalgirio\u201c futbolininkus. Pergaling\u0105 \u012fvart\u012f 43 minut\u0119 peln\u0117 pranc\u016bzas Hugo Videmontas, kuris \u0161iose rungtyn\u0117se \u017eaid\u0117 sau kiek\u2026\" \/>\n<meta property=\"og:url\" content=\"https:\/\/fkzalgiris.lt\/h-videmontas-puolejo-pozicijoje-galeciau-zaisti-ir-dazniau\/\" \/>\n<meta property=\"og:site_name\" content=\"FK \u017dalgiris\" \/>\n<meta property=\"article:publisher\" content=\"https:\/\/www.facebook.com\/fkzalgiris\/\" \/>\n<meta property=\"article:published_time\" content=\"2020-06-08T09:08:45+00:00\" \/>\n<meta property=\"article:modified_time\" content=\"2020-06-08T09:09:58+00:00\" \/>\n<meta property=\"og:image\" content=\"https:\/\/fkzalgiris.lt\/wp-content\/uploads\/2024\/02\/social-horiz_Zalgiris_logo_2024.png\" \/>\n\t<meta property=\"og:image:width\" content=\"3356\" \/>\n\t<meta property=\"og:image:height\" content=\"2259\" \/>\n\t<meta property=\"og:image:type\" content=\"image\/png\" \/>\n<meta name=\"author\" content=\"Paulius Jakelis\" \/>\n<meta name=\"twitter:card\" content=\"summary_large_image\" \/>\n<meta name=\"twitter:creator\" content=\"@fkzalgiris\" \/>\n<meta name=\"twitter:site\" content=\"@fkzalgiris\" \/>\n<meta name=\"twitter:label1\" content=\"Written by\" \/>\n\t<meta name=\"twitter:data1\" content=\"Paulius Jakelis\" \/>\n\t<meta name=\"twitter:label2\" content=\"Est. reading time\" \/>\n\t<meta name=\"twitter:data2\" content=\"1 minut\u0117\" \/>\n<script type=\"application\/ld+json\" class=\"yoast-schema-graph\">{\"@context\":\"https:\/\/schema.org\",\"@graph\":[{\"@type\":\"Article\",\"@id\":\"https:\/\/fkzalgiris.lt\/h-videmontas-puolejo-pozicijoje-galeciau-zaisti-ir-dazniau\/#article\",\"isPartOf\":{\"@id\":\"https:\/\/fkzalgiris.lt\/h-videmontas-puolejo-pozicijoje-galeciau-zaisti-ir-dazniau\/\"},\"author\":{\"name\":\"Paulius Jakelis\",\"@id\":\"https:\/\/fkzalgiris.lt\/#\/schema\/person\/1a5f07a0e55e2ff329320abdc2f2e953\"},\"headline\":\"H. Videmontas: \u201ePuol\u0117jo pozicijoje gal\u0117\u010diau \u017eaisti ir da\u017eniau\u201c\",\"datePublished\":\"2020-06-08T09:08:45+00:00\",\"dateModified\":\"2020-06-08T09:09:58+00:00\",\"mainEntityOfPage\":{\"@id\":\"https:\/\/fkzalgiris.lt\/h-videmontas-puolejo-pozicijoje-galeciau-zaisti-ir-dazniau\/\"},\"wordCount\":271,\"publisher\":{\"@id\":\"https:\/\/fkzalgiris.lt\/#organization\"},\"articleSection\":[\"\u017dalgiris\"],\"inLanguage\":\"lt-LT\"},{\"@type\":\"WebPage\",\"@id\":\"https:\/\/fkzalgiris.lt\/h-videmontas-puolejo-pozicijoje-galeciau-zaisti-ir-dazniau\/\",\"url\":\"https:\/\/fkzalgiris.lt\/h-videmontas-puolejo-pozicijoje-galeciau-zaisti-ir-dazniau\/\",\"name\":\"H. Videmontas: \u201ePuol\u0117jo pozicijoje gal\u0117\u010diau \u017eaisti ir da\u017eniau\u201c - FK \u017dalgiris\",\"isPartOf\":{\"@id\":\"https:\/\/fkzalgiris.lt\/#website\"},\"datePublished\":\"2020-06-08T09:08:45+00:00\",\"dateModified\":\"2020-06-08T09:09:58+00:00\",\"breadcrumb\":{\"@id\":\"https:\/\/fkzalgiris.lt\/h-videmontas-puolejo-pozicijoje-galeciau-zaisti-ir-dazniau\/#breadcrumb\"},\"inLanguage\":\"lt-LT\",\"potentialAction\":[{\"@type\":\"ReadAction\",\"target\":[\"https:\/\/fkzalgiris.lt\/h-videmontas-puolejo-pozicijoje-galeciau-zaisti-ir-dazniau\/\"]}]},{\"@type\":\"BreadcrumbList\",\"@id\":\"https:\/\/fkzalgiris.lt\/h-videmontas-puolejo-pozicijoje-galeciau-zaisti-ir-dazniau\/#breadcrumb\",\"itemListElement\":[{\"@type\":\"ListItem\",\"position\":1,\"name\":\"Home\",\"item\":\"https:\/\/fkzalgiris.lt\/\"},{\"@type\":\"ListItem\",\"position\":2,\"name\":\"H. Videmontas: \u201ePuol\u0117jo pozicijoje gal\u0117\u010diau \u017eaisti ir da\u017eniau\u201c\"}]},{\"@type\":\"WebSite\",\"@id\":\"https:\/\/fkzalgiris.lt\/#website\",\"url\":\"https:\/\/fkzalgiris.lt\/\",\"name\":\"FK \u017dalgiris\",\"description\":\"oficiali Vilniaus \u201e\u017dalgirio\u201c futbolo klubo svetain\u0117\",\"publisher\":{\"@id\":\"https:\/\/fkzalgiris.lt\/#organization\"},\"potentialAction\":[{\"@type\":\"SearchAction\",\"target\":{\"@type\":\"EntryPoint\",\"urlTemplate\":\"https:\/\/fkzalgiris.lt\/?s={search_term_string}\"},\"query-input\":{\"@type\":\"PropertyValueSpecification\",\"valueRequired\":true,\"valueName\":\"search_term_string\"}}],\"inLanguage\":\"lt-LT\"},{\"@type\":\"Organization\",\"@id\":\"https:\/\/fkzalgiris.lt\/#organization\",\"name\":\"FK \u017dalgiris\",\"url\":\"https:\/\/fkzalgiris.lt\/\",\"logo\":{\"@type\":\"ImageObject\",\"inLanguage\":\"lt-LT\",\"@id\":\"https:\/\/fkzalgiris.lt\/#\/schema\/logo\/image\/\",\"url\":\"https:\/\/fkzalgiris.lt\/wp-content\/uploads\/2024\/01\/horiz-FK-Zalgiris-logo-2015.png\",\"contentUrl\":\"https:\/\/fkzalgiris.lt\/wp-content\/uploads\/2024\/01\/horiz-FK-Zalgiris-logo-2015.png\",\"width\":3073,\"height\":2048,\"caption\":\"FK \u017dalgiris\"},\"image\":{\"@id\":\"https:\/\/fkzalgiris.lt\/#\/schema\/logo\/image\/\"},\"sameAs\":[\"https:\/\/www.facebook.com\/fkzalgiris\/\",\"https:\/\/x.com\/fkzalgiris\",\"https:\/\/www.instagram.com\/fkzalgiris\/\",\"https:\/\/www.youtube.com\/channel\/UC1ag8JLxGirltMUoLlzfZLA\"]},{\"@type\":\"Person\",\"@id\":\"https:\/\/fkzalgiris.lt\/#\/schema\/person\/1a5f07a0e55e2ff329320abdc2f2e953\",\"name\":\"Paulius Jakelis\"}]}<\/script>\n<!-- \/ Yoast SEO plugin. -->","yoast_head_json":{"title":"H. Videmontas: \u201ePuol\u0117jo pozicijoje gal\u0117\u010diau \u017eaisti ir da\u017eniau\u201c - FK \u017dalgiris","robots":{"index":"index","follow":"follow","max-snippet":"max-snippet:-1","max-image-preview":"max-image-preview:large","max-video-preview":"max-video-preview:-1"},"canonical":"https:\/\/fkzalgiris.lt\/h-videmontas-puolejo-pozicijoje-galeciau-zaisti-ir-dazniau\/","og_locale":"lt_LT","og_type":"article","og_title":"H. Videmontas: \u201ePuol\u0117jo pozicijoje gal\u0117\u010diau \u017eaisti ir da\u017eniau\u201c - FK \u017dalgiris","og_description":"Vilniaus \u201e\u017dalgirio\u201c futbolininkai \u0161e\u0161tadien\u012f Kaune rezultatu 1:0 nugal\u0117jo \u201eKauno \u017dalgirio\u201c futbolininkus. Pergaling\u0105 \u012fvart\u012f 43 minut\u0119 peln\u0117 pranc\u016bzas Hugo Videmontas, kuris \u0161iose rungtyn\u0117se \u017eaid\u0117 sau kiek\u2026","og_url":"https:\/\/fkzalgiris.lt\/h-videmontas-puolejo-pozicijoje-galeciau-zaisti-ir-dazniau\/","og_site_name":"FK \u017dalgiris","article_publisher":"https:\/\/www.facebook.com\/fkzalgiris\/","article_published_time":"2020-06-08T09:08:45+00:00","article_modified_time":"2020-06-08T09:09:58+00:00","og_image":[{"width":3356,"height":2259,"url":"https:\/\/fkzalgiris.lt\/wp-content\/uploads\/2024\/02\/social-horiz_Zalgiris_logo_2024.png","type":"image\/png"}],"author":"Paulius Jakelis","twitter_card":"summary_large_image","twitter_creator":"@fkzalgiris","twitter_site":"@fkzalgiris","twitter_misc":{"Written by":"Paulius Jakelis","Est. reading time":"1 minut\u0117"},"schema":{"@context":"https:\/\/schema.org","@graph":[{"@type":"Article","@id":"https:\/\/fkzalgiris.lt\/h-videmontas-puolejo-pozicijoje-galeciau-zaisti-ir-dazniau\/#article","isPartOf":{"@id":"https:\/\/fkzalgiris.lt\/h-videmontas-puolejo-pozicijoje-galeciau-zaisti-ir-dazniau\/"},"author":{"name":"Paulius Jakelis","@id":"https:\/\/fkzalgiris.lt\/#\/schema\/person\/1a5f07a0e55e2ff329320abdc2f2e953"},"headline":"H. Videmontas: \u201ePuol\u0117jo pozicijoje gal\u0117\u010diau \u017eaisti ir da\u017eniau\u201c","datePublished":"2020-06-08T09:08:45+00:00","dateModified":"2020-06-08T09:09:58+00:00","mainEntityOfPage":{"@id":"https:\/\/fkzalgiris.lt\/h-videmontas-puolejo-pozicijoje-galeciau-zaisti-ir-dazniau\/"},"wordCount":271,"publisher":{"@id":"https:\/\/fkzalgiris.lt\/#organization"},"articleSection":["\u017dalgiris"],"inLanguage":"lt-LT"},{"@type":"WebPage","@id":"https:\/\/fkzalgiris.lt\/h-videmontas-puolejo-pozicijoje-galeciau-zaisti-ir-dazniau\/","url":"https:\/\/fkzalgiris.lt\/h-videmontas-puolejo-pozicijoje-galeciau-zaisti-ir-dazniau\/","name":"H. Videmontas: \u201ePuol\u0117jo pozicijoje gal\u0117\u010diau \u017eaisti ir da\u017eniau\u201c - FK \u017dalgiris","isPartOf":{"@id":"https:\/\/fkzalgiris.lt\/#website"},"datePublished":"2020-06-08T09:08:45+00:00","dateModified":"2020-06-08T09:09:58+00:00","breadcrumb":{"@id":"https:\/\/fkzalgiris.lt\/h-videmontas-puolejo-pozicijoje-galeciau-zaisti-ir-dazniau\/#breadcrumb"},"inLanguage":"lt-LT","potentialAction":[{"@type":"ReadAction","target":["https:\/\/fkzalgiris.lt\/h-videmontas-puolejo-pozicijoje-galeciau-zaisti-ir-dazniau\/"]}]},{"@type":"BreadcrumbList","@id":"https:\/\/fkzalgiris.lt\/h-videmontas-puolejo-pozicijoje-galeciau-zaisti-ir-dazniau\/#breadcrumb","itemListElement":[{"@type":"ListItem","position":1,"name":"Home","item":"https:\/\/fkzalgiris.lt\/"},{"@type":"ListItem","position":2,"name":"H. Videmontas: \u201ePuol\u0117jo pozicijoje gal\u0117\u010diau \u017eaisti ir da\u017eniau\u201c"}]},{"@type":"WebSite","@id":"https:\/\/fkzalgiris.lt\/#website","url":"https:\/\/fkzalgiris.lt\/","name":"FK \u017dalgiris","description":"oficiali Vilniaus \u201e\u017dalgirio\u201c futbolo klubo svetain\u0117","publisher":{"@id":"https:\/\/fkzalgiris.lt\/#organization"},"potentialAction":[{"@type":"SearchAction","target":{"@type":"EntryPoint","urlTemplate":"https:\/\/fkzalgiris.lt\/?s={search_term_string}"},"query-input":{"@type":"PropertyValueSpecification","valueRequired":true,"valueName":"search_term_string"}}],"inLanguage":"lt-LT"},{"@type":"Organization","@id":"https:\/\/fkzalgiris.lt\/#organization","name":"FK \u017dalgiris","url":"https:\/\/fkzalgiris.lt\/","logo":{"@type":"ImageObject","inLanguage":"lt-LT","@id":"https:\/\/fkzalgiris.lt\/#\/schema\/logo\/image\/","url":"https:\/\/fkzalgiris.lt\/wp-content\/uploads\/2024\/01\/horiz-FK-Zalgiris-logo-2015.png","contentUrl":"https:\/\/fkzalgiris.lt\/wp-content\/uploads\/2024\/01\/horiz-FK-Zalgiris-logo-2015.png","width":3073,"height":2048,"caption":"FK \u017dalgiris"},"image":{"@id":"https:\/\/fkzalgiris.lt\/#\/schema\/logo\/image\/"},"sameAs":["https:\/\/www.facebook.com\/fkzalgiris\/","https:\/\/x.com\/fkzalgiris","https:\/\/www.instagram.com\/fkzalgiris\/","https:\/\/www.youtube.com\/channel\/UC1ag8JLxGirltMUoLlzfZLA"]},{"@type":"Person","@id":"https:\/\/fkzalgiris.lt\/#\/schema\/person\/1a5f07a0e55e2ff329320abdc2f2e953","name":"Paulius Jakelis"}]}},"_links":{"self":[{"href":"https:\/\/fkzalgiris.lt\/api\/wp\/v2\/posts\/2353","targetHints":{"allow":["GET"]}}],"collection":[{"href":"https:\/\/fkzalgiris.lt\/api\/wp\/v2\/posts"}],"about":[{"href":"https:\/\/fkzalgiris.lt\/api\/wp\/v2\/types\/post"}],"author":[{"embeddable":true,"href":"https:\/\/fkzalgiris.lt\/api\/wp\/v2\/users\/2"}],"replies":[{"embeddable":true,"href":"https:\/\/fkzalgiris.lt\/api\/wp\/v2\/comments?post=2353"}],"version-history":[{"count":2,"href":"https:\/\/fkzalgiris.lt\/api\/wp\/v2\/posts\/2353\/revisions"}],"predecessor-version":[{"id":2357,"href":"https:\/\/fkzalgiris.lt\/api\/wp\/v2\/posts\/2353\/revisions\/2357"}],"wp:attachment":[{"href":"https:\/\/fkzalgiris.lt\/api\/wp\/v2\/media?parent=2353"}],"wp:term":[{"taxonomy":"category","embeddable":true,"href":"https:\/\/fkzalgiris.lt\/api\/wp\/v2\/categories?post=2353"}],"curies":[{"name":"wp","href":"https:\/\/api.w.org\/{rel}","templated":true}]}}