{"id":2346,"date":"2020-06-05T11:08:04","date_gmt":"2020-06-05T08:08:04","guid":{"rendered":"https:\/\/fkzalgiris.lt\/?p=2346"},"modified":"2020-06-05T11:08:04","modified_gmt":"2020-06-05T08:08:04","slug":"vilniaus-zalgirio-treneris-musu-laukia-sunki-dvikova","status":"publish","type":"post","link":"https:\/\/fkzalgiris.lt\/vilniaus-zalgirio-treneris-musu-laukia-sunki-dvikova\/","title":{"rendered":"Vilniaus \u201e\u017dalgirio\u201c treneris: \u201eM\u016bs\u0173 laukia sunki dvikova\u201c"},"content":{"rendered":"<p>Vilniaus \u201e\u017dalgirio\u201c ir \u201eKauno \u017dalgirio\u201c futbolinink\u0173 susitikimu \u0161e\u0161tadien\u012f Kaune prasid\u0117s tre\u010diasis A lygos turas. Antrojo turo rungtyn\u0117se tiek Vilniaus komanda, tiek kaunie\u010diai patyr\u0117 pralaim\u0117jimus \u2013 Vilniaus \u201e\u017dalgiris\u201c nusileido \u201eRiteri\u0173\u201c klubui, o \u201eKauno \u017dalgiris\u201c pralaim\u0117jo dabartiniams \u010dempionams \u2013 \u201eS\u016bduvos\u201c futbolininkams.<\/p>\n<p>Gyvai \u201eS\u016bduvos\u201c ir \u201eKauno \u017dalgirio\u201c rungtynes steb\u0117j\u0119s vilnie\u010di\u0173 strategas Aliaksejus Baga sako, kad jo aukl\u0117tini\u0173 Kaune lauks nelengvas i\u0161\u0161\u016bkis: \u201eKauno \u017dalgiris\u201c yra tikrai stipri komanda, ji turi ai\u0161k\u0173 \u017eaidimo brai\u017e\u0105. Komandoje yra puikus jaun\u0173 ir patyrusi\u0173 futbolinink\u0173 balansas.\u201c<\/p>\n<div class=\"embed-responsive embed-responsive-16by9 mb-4\"><iframe title=\"A. Baga: \u201eM\u016bs\u0173 laukia sunki dvikova\u201c\" src=\"https:\/\/www.youtube.com\/embed\/jYPHRSPjabc?feature=oembed\" frameborder=\"0\" allow=\"accelerometer; autoplay; clipboard-write; encrypted-media; gyroscope; picture-in-picture; web-share\" referrerpolicy=\"strict-origin-when-cross-origin\" allowfullscreen><\/iframe> <\/div>\n<p>Treneris priduria, kad rungtyn\u0117se Kaune aik\u0161t\u0117je gali pasirodyti ir po traum\u0173 sveikstantys futbolininkai: \u201eNenor\u0117\u010diau detalizuoti, bet dalis anks\u010diau traumuot\u0173 futbolinink\u0173 jau dabar treniruojasi su komanda visa j\u0117ga. Dar turime vien\u0105 dien\u0105, \u017ei\u016br\u0117sime, kaip visi jau\u010diasi, \u2013 pasikeitim\u0173, palyginti su rungtyn\u0117mis su \u201eRiteriais\u201c, tikrai gali b\u016bti. Be to, reikia nepamir\u0161ti, kad rungtyn\u0117s Kaune vyks ant nat\u016bralios vejos, ir visiems \u017eaid\u0117jams taip greit prisitaikyti prie poky\u010di\u0173 n\u0117ra paprasta.\u201c<\/p>\n<p>\u201e\u017dalgirio\u201c gyn\u0117jas serbas Nemanja Ljubisavljevi\u010dius sako, kad pasiekti pergal\u0119 Kaune nebus lengva: \u201eI\u0161 rungtyni\u0173 tikiuosi tik vieno \u2013 pergal\u0117s. Rungtyn\u0117s bus tikrai sunkios, nes tiek mes, tiek ir kaunie\u010diai tur\u0117jome ilg\u0105 trij\u0173 m\u0117nesi\u0173 pauz\u0119, o pirmosios rungtyn\u0117s po pertraukos neparod\u0117 tikrojo vis\u0173 paj\u0117gumo.\u201c<\/p>\n<div class=\"embed-responsive embed-responsive-16by9 mb-4\"><iframe title=\"Nemanja Ljubisavljevi\u010dius: &quot;Rungtyn\u0117se su &quot;Kauno \u017dalgiriu&quot; tikiuosi tik pergal\u0117s&quot;\" src=\"https:\/\/www.youtube.com\/embed\/mEyQ3_K5dN4?feature=oembed\" frameborder=\"0\" allow=\"accelerometer; autoplay; clipboard-write; encrypted-media; gyroscope; picture-in-picture; web-share\" referrerpolicy=\"strict-origin-when-cross-origin\" allowfullscreen><\/iframe> <\/div>\n<p>N. Ljubisavljevi\u010dius mano, kad Vilniaus \u201e\u017dalgiris\u201c \u2013 paj\u0117gesn\u0117 komanda: \u201eManau, kad esame geresn\u0117 komanda u\u017e \u201eKauno \u017dalgir\u012f\u201c, bet jeigu aik\u0161t\u0117je neatiduosime vis\u0173 j\u0117g\u0173 \u2013 pergal\u0117s tikrai nepasieksime.\u201c<\/p>\n<p>&nbsp;<\/p>\n","protected":false},"excerpt":{"rendered":"<p>Vilniaus \u201e\u017dalgirio\u201c ir \u201eKauno \u017dalgirio\u201c futbolinink\u0173 susitikimu \u0161e\u0161tadien\u012f Kaune prasid\u0117s tre\u010diasis A lygos turas. Antrojo turo rungtyn\u0117se tiek Vilniaus komanda, tiek kaunie\u010diai patyr\u0117 pralaim\u0117jimus \u2013\u2026<\/p>\n","protected":false},"author":2,"featured_media":0,"comment_status":"closed","ping_status":"closed","sticky":false,"template":"","format":"standard","meta":{"_acf_changed":false,"footnotes":""},"categories":[87],"class_list":["post-2346","post","type-post","status-publish","format-standard","hentry","category-zalgiris"],"acf":[],"yoast_head":"<!-- This site is optimized with the Yoast SEO plugin v26.8 - https:\/\/yoast.com\/product\/yoast-seo-wordpress\/ -->\n<title>Vilniaus \u201e\u017dalgirio\u201c treneris: \u201eM\u016bs\u0173 laukia sunki dvikova\u201c - FK \u017dalgiris<\/title>\n<meta name=\"robots\" content=\"index, follow, max-snippet:-1, max-image-preview:large, max-video-preview:-1\" \/>\n<link rel=\"canonical\" href=\"https:\/\/fkzalgiris.lt\/vilniaus-zalgirio-treneris-musu-laukia-sunki-dvikova\/\" \/>\n<meta property=\"og:locale\" content=\"lt_LT\" \/>\n<meta property=\"og:type\" content=\"article\" \/>\n<meta property=\"og:title\" content=\"Vilniaus \u201e\u017dalgirio\u201c treneris: \u201eM\u016bs\u0173 laukia sunki dvikova\u201c - FK \u017dalgiris\" \/>\n<meta property=\"og:description\" content=\"Vilniaus \u201e\u017dalgirio\u201c ir \u201eKauno \u017dalgirio\u201c futbolinink\u0173 susitikimu \u0161e\u0161tadien\u012f Kaune prasid\u0117s tre\u010diasis A lygos turas. Antrojo turo rungtyn\u0117se tiek Vilniaus komanda, tiek kaunie\u010diai patyr\u0117 pralaim\u0117jimus \u2013\u2026\" \/>\n<meta property=\"og:url\" content=\"https:\/\/fkzalgiris.lt\/vilniaus-zalgirio-treneris-musu-laukia-sunki-dvikova\/\" \/>\n<meta property=\"og:site_name\" content=\"FK \u017dalgiris\" \/>\n<meta property=\"article:publisher\" content=\"https:\/\/www.facebook.com\/fkzalgiris\/\" \/>\n<meta property=\"article:published_time\" content=\"2020-06-05T08:08:04+00:00\" \/>\n<meta property=\"og:image\" content=\"https:\/\/fkzalgiris.lt\/wp-content\/uploads\/2024\/02\/social-horiz_Zalgiris_logo_2024.png\" \/>\n\t<meta property=\"og:image:width\" content=\"3356\" \/>\n\t<meta property=\"og:image:height\" content=\"2259\" \/>\n\t<meta property=\"og:image:type\" content=\"image\/png\" \/>\n<meta name=\"author\" content=\"Paulius Jakelis\" \/>\n<meta name=\"twitter:card\" content=\"summary_large_image\" \/>\n<meta name=\"twitter:creator\" content=\"@fkzalgiris\" \/>\n<meta name=\"twitter:site\" content=\"@fkzalgiris\" \/>\n<meta name=\"twitter:label1\" content=\"Written by\" \/>\n\t<meta name=\"twitter:data1\" content=\"Paulius Jakelis\" \/>\n\t<meta name=\"twitter:label2\" content=\"Est. reading time\" \/>\n\t<meta name=\"twitter:data2\" content=\"1 minut\u0117\" \/>\n<script type=\"application\/ld+json\" class=\"yoast-schema-graph\">{\"@context\":\"https:\/\/schema.org\",\"@graph\":[{\"@type\":\"Article\",\"@id\":\"https:\/\/fkzalgiris.lt\/vilniaus-zalgirio-treneris-musu-laukia-sunki-dvikova\/#article\",\"isPartOf\":{\"@id\":\"https:\/\/fkzalgiris.lt\/vilniaus-zalgirio-treneris-musu-laukia-sunki-dvikova\/\"},\"author\":{\"name\":\"Paulius Jakelis\",\"@id\":\"https:\/\/fkzalgiris.lt\/#\/schema\/person\/1a5f07a0e55e2ff329320abdc2f2e953\"},\"headline\":\"Vilniaus \u201e\u017dalgirio\u201c treneris: \u201eM\u016bs\u0173 laukia sunki dvikova\u201c\",\"datePublished\":\"2020-06-05T08:08:04+00:00\",\"mainEntityOfPage\":{\"@id\":\"https:\/\/fkzalgiris.lt\/vilniaus-zalgirio-treneris-musu-laukia-sunki-dvikova\/\"},\"wordCount\":283,\"publisher\":{\"@id\":\"https:\/\/fkzalgiris.lt\/#organization\"},\"articleSection\":[\"\u017dalgiris\"],\"inLanguage\":\"lt-LT\"},{\"@type\":\"WebPage\",\"@id\":\"https:\/\/fkzalgiris.lt\/vilniaus-zalgirio-treneris-musu-laukia-sunki-dvikova\/\",\"url\":\"https:\/\/fkzalgiris.lt\/vilniaus-zalgirio-treneris-musu-laukia-sunki-dvikova\/\",\"name\":\"Vilniaus \u201e\u017dalgirio\u201c treneris: \u201eM\u016bs\u0173 laukia sunki dvikova\u201c - FK \u017dalgiris\",\"isPartOf\":{\"@id\":\"https:\/\/fkzalgiris.lt\/#website\"},\"datePublished\":\"2020-06-05T08:08:04+00:00\",\"breadcrumb\":{\"@id\":\"https:\/\/fkzalgiris.lt\/vilniaus-zalgirio-treneris-musu-laukia-sunki-dvikova\/#breadcrumb\"},\"inLanguage\":\"lt-LT\",\"potentialAction\":[{\"@type\":\"ReadAction\",\"target\":[\"https:\/\/fkzalgiris.lt\/vilniaus-zalgirio-treneris-musu-laukia-sunki-dvikova\/\"]}]},{\"@type\":\"BreadcrumbList\",\"@id\":\"https:\/\/fkzalgiris.lt\/vilniaus-zalgirio-treneris-musu-laukia-sunki-dvikova\/#breadcrumb\",\"itemListElement\":[{\"@type\":\"ListItem\",\"position\":1,\"name\":\"Home\",\"item\":\"https:\/\/fkzalgiris.lt\/\"},{\"@type\":\"ListItem\",\"position\":2,\"name\":\"Vilniaus \u201e\u017dalgirio\u201c treneris: \u201eM\u016bs\u0173 laukia sunki dvikova\u201c\"}]},{\"@type\":\"WebSite\",\"@id\":\"https:\/\/fkzalgiris.lt\/#website\",\"url\":\"https:\/\/fkzalgiris.lt\/\",\"name\":\"FK \u017dalgiris\",\"description\":\"oficiali Vilniaus \u201e\u017dalgirio\u201c futbolo klubo svetain\u0117\",\"publisher\":{\"@id\":\"https:\/\/fkzalgiris.lt\/#organization\"},\"potentialAction\":[{\"@type\":\"SearchAction\",\"target\":{\"@type\":\"EntryPoint\",\"urlTemplate\":\"https:\/\/fkzalgiris.lt\/?s={search_term_string}\"},\"query-input\":{\"@type\":\"PropertyValueSpecification\",\"valueRequired\":true,\"valueName\":\"search_term_string\"}}],\"inLanguage\":\"lt-LT\"},{\"@type\":\"Organization\",\"@id\":\"https:\/\/fkzalgiris.lt\/#organization\",\"name\":\"FK \u017dalgiris\",\"url\":\"https:\/\/fkzalgiris.lt\/\",\"logo\":{\"@type\":\"ImageObject\",\"inLanguage\":\"lt-LT\",\"@id\":\"https:\/\/fkzalgiris.lt\/#\/schema\/logo\/image\/\",\"url\":\"https:\/\/fkzalgiris.lt\/wp-content\/uploads\/2024\/01\/horiz-FK-Zalgiris-logo-2015.png\",\"contentUrl\":\"https:\/\/fkzalgiris.lt\/wp-content\/uploads\/2024\/01\/horiz-FK-Zalgiris-logo-2015.png\",\"width\":3073,\"height\":2048,\"caption\":\"FK \u017dalgiris\"},\"image\":{\"@id\":\"https:\/\/fkzalgiris.lt\/#\/schema\/logo\/image\/\"},\"sameAs\":[\"https:\/\/www.facebook.com\/fkzalgiris\/\",\"https:\/\/x.com\/fkzalgiris\",\"https:\/\/www.instagram.com\/fkzalgiris\/\",\"https:\/\/www.youtube.com\/channel\/UC1ag8JLxGirltMUoLlzfZLA\"]},{\"@type\":\"Person\",\"@id\":\"https:\/\/fkzalgiris.lt\/#\/schema\/person\/1a5f07a0e55e2ff329320abdc2f2e953\",\"name\":\"Paulius Jakelis\"}]}<\/script>\n<!-- \/ Yoast SEO plugin. -->","yoast_head_json":{"title":"Vilniaus \u201e\u017dalgirio\u201c treneris: \u201eM\u016bs\u0173 laukia sunki dvikova\u201c - FK \u017dalgiris","robots":{"index":"index","follow":"follow","max-snippet":"max-snippet:-1","max-image-preview":"max-image-preview:large","max-video-preview":"max-video-preview:-1"},"canonical":"https:\/\/fkzalgiris.lt\/vilniaus-zalgirio-treneris-musu-laukia-sunki-dvikova\/","og_locale":"lt_LT","og_type":"article","og_title":"Vilniaus \u201e\u017dalgirio\u201c treneris: \u201eM\u016bs\u0173 laukia sunki dvikova\u201c - FK \u017dalgiris","og_description":"Vilniaus \u201e\u017dalgirio\u201c ir \u201eKauno \u017dalgirio\u201c futbolinink\u0173 susitikimu \u0161e\u0161tadien\u012f Kaune prasid\u0117s tre\u010diasis A lygos turas. Antrojo turo rungtyn\u0117se tiek Vilniaus komanda, tiek kaunie\u010diai patyr\u0117 pralaim\u0117jimus \u2013\u2026","og_url":"https:\/\/fkzalgiris.lt\/vilniaus-zalgirio-treneris-musu-laukia-sunki-dvikova\/","og_site_name":"FK \u017dalgiris","article_publisher":"https:\/\/www.facebook.com\/fkzalgiris\/","article_published_time":"2020-06-05T08:08:04+00:00","og_image":[{"width":3356,"height":2259,"url":"https:\/\/fkzalgiris.lt\/wp-content\/uploads\/2024\/02\/social-horiz_Zalgiris_logo_2024.png","type":"image\/png"}],"author":"Paulius Jakelis","twitter_card":"summary_large_image","twitter_creator":"@fkzalgiris","twitter_site":"@fkzalgiris","twitter_misc":{"Written by":"Paulius Jakelis","Est. reading time":"1 minut\u0117"},"schema":{"@context":"https:\/\/schema.org","@graph":[{"@type":"Article","@id":"https:\/\/fkzalgiris.lt\/vilniaus-zalgirio-treneris-musu-laukia-sunki-dvikova\/#article","isPartOf":{"@id":"https:\/\/fkzalgiris.lt\/vilniaus-zalgirio-treneris-musu-laukia-sunki-dvikova\/"},"author":{"name":"Paulius Jakelis","@id":"https:\/\/fkzalgiris.lt\/#\/schema\/person\/1a5f07a0e55e2ff329320abdc2f2e953"},"headline":"Vilniaus \u201e\u017dalgirio\u201c treneris: \u201eM\u016bs\u0173 laukia sunki dvikova\u201c","datePublished":"2020-06-05T08:08:04+00:00","mainEntityOfPage":{"@id":"https:\/\/fkzalgiris.lt\/vilniaus-zalgirio-treneris-musu-laukia-sunki-dvikova\/"},"wordCount":283,"publisher":{"@id":"https:\/\/fkzalgiris.lt\/#organization"},"articleSection":["\u017dalgiris"],"inLanguage":"lt-LT"},{"@type":"WebPage","@id":"https:\/\/fkzalgiris.lt\/vilniaus-zalgirio-treneris-musu-laukia-sunki-dvikova\/","url":"https:\/\/fkzalgiris.lt\/vilniaus-zalgirio-treneris-musu-laukia-sunki-dvikova\/","name":"Vilniaus \u201e\u017dalgirio\u201c treneris: \u201eM\u016bs\u0173 laukia sunki dvikova\u201c - FK \u017dalgiris","isPartOf":{"@id":"https:\/\/fkzalgiris.lt\/#website"},"datePublished":"2020-06-05T08:08:04+00:00","breadcrumb":{"@id":"https:\/\/fkzalgiris.lt\/vilniaus-zalgirio-treneris-musu-laukia-sunki-dvikova\/#breadcrumb"},"inLanguage":"lt-LT","potentialAction":[{"@type":"ReadAction","target":["https:\/\/fkzalgiris.lt\/vilniaus-zalgirio-treneris-musu-laukia-sunki-dvikova\/"]}]},{"@type":"BreadcrumbList","@id":"https:\/\/fkzalgiris.lt\/vilniaus-zalgirio-treneris-musu-laukia-sunki-dvikova\/#breadcrumb","itemListElement":[{"@type":"ListItem","position":1,"name":"Home","item":"https:\/\/fkzalgiris.lt\/"},{"@type":"ListItem","position":2,"name":"Vilniaus \u201e\u017dalgirio\u201c treneris: \u201eM\u016bs\u0173 laukia sunki dvikova\u201c"}]},{"@type":"WebSite","@id":"https:\/\/fkzalgiris.lt\/#website","url":"https:\/\/fkzalgiris.lt\/","name":"FK \u017dalgiris","description":"oficiali Vilniaus \u201e\u017dalgirio\u201c futbolo klubo svetain\u0117","publisher":{"@id":"https:\/\/fkzalgiris.lt\/#organization"},"potentialAction":[{"@type":"SearchAction","target":{"@type":"EntryPoint","urlTemplate":"https:\/\/fkzalgiris.lt\/?s={search_term_string}"},"query-input":{"@type":"PropertyValueSpecification","valueRequired":true,"valueName":"search_term_string"}}],"inLanguage":"lt-LT"},{"@type":"Organization","@id":"https:\/\/fkzalgiris.lt\/#organization","name":"FK \u017dalgiris","url":"https:\/\/fkzalgiris.lt\/","logo":{"@type":"ImageObject","inLanguage":"lt-LT","@id":"https:\/\/fkzalgiris.lt\/#\/schema\/logo\/image\/","url":"https:\/\/fkzalgiris.lt\/wp-content\/uploads\/2024\/01\/horiz-FK-Zalgiris-logo-2015.png","contentUrl":"https:\/\/fkzalgiris.lt\/wp-content\/uploads\/2024\/01\/horiz-FK-Zalgiris-logo-2015.png","width":3073,"height":2048,"caption":"FK \u017dalgiris"},"image":{"@id":"https:\/\/fkzalgiris.lt\/#\/schema\/logo\/image\/"},"sameAs":["https:\/\/www.facebook.com\/fkzalgiris\/","https:\/\/x.com\/fkzalgiris","https:\/\/www.instagram.com\/fkzalgiris\/","https:\/\/www.youtube.com\/channel\/UC1ag8JLxGirltMUoLlzfZLA"]},{"@type":"Person","@id":"https:\/\/fkzalgiris.lt\/#\/schema\/person\/1a5f07a0e55e2ff329320abdc2f2e953","name":"Paulius Jakelis"}]}},"_links":{"self":[{"href":"https:\/\/fkzalgiris.lt\/api\/wp\/v2\/posts\/2346","targetHints":{"allow":["GET"]}}],"collection":[{"href":"https:\/\/fkzalgiris.lt\/api\/wp\/v2\/posts"}],"about":[{"href":"https:\/\/fkzalgiris.lt\/api\/wp\/v2\/types\/post"}],"author":[{"embeddable":true,"href":"https:\/\/fkzalgiris.lt\/api\/wp\/v2\/users\/2"}],"replies":[{"embeddable":true,"href":"https:\/\/fkzalgiris.lt\/api\/wp\/v2\/comments?post=2346"}],"version-history":[{"count":1,"href":"https:\/\/fkzalgiris.lt\/api\/wp\/v2\/posts\/2346\/revisions"}],"predecessor-version":[{"id":2348,"href":"https:\/\/fkzalgiris.lt\/api\/wp\/v2\/posts\/2346\/revisions\/2348"}],"wp:attachment":[{"href":"https:\/\/fkzalgiris.lt\/api\/wp\/v2\/media?parent=2346"}],"wp:term":[{"taxonomy":"category","embeddable":true,"href":"https:\/\/fkzalgiris.lt\/api\/wp\/v2\/categories?post=2346"}],"curies":[{"name":"wp","href":"https:\/\/api.w.org\/{rel}","templated":true}]}}