{"id":2324,"date":"2020-05-30T19:55:44","date_gmt":"2020-05-30T16:55:44","guid":{"rendered":"https:\/\/fkzalgiris.lt\/?p=2324"},"modified":"2020-05-30T21:23:41","modified_gmt":"2020-05-30T18:23:41","slug":"zalgirieciai-patyre-pirmaja-nesekme","status":"publish","type":"post","link":"https:\/\/fkzalgiris.lt\/zalgirieciai-patyre-pirmaja-nesekme\/","title":{"rendered":"\u017dalgirie\u010diai patyr\u0117 pirm\u0105j\u012f pralaim\u0117jim\u0105 A lygoje"},"content":{"rendered":"<p>Vilniaus \u201e\u017dalgirio\u201c futbolininkai patyr\u0117 pirm\u0105j\u012f pralaim\u0117jim\u0105 A lygos sezone namuose rezultatu 0:1 nusileid\u0119 kitai sostin\u0117s ekipai \u2013 \u201eRiteriams\u201c. Pergaling\u0105 \u012fvart\u012f 20 \u2013 t\u0105j\u0105 minut\u0119 peln\u0117 \u201eRiteri\u0173\u201c \u017eaid\u0117jas Justinas Marazas.<\/p>\n<div class=\"embed-responsive embed-responsive-16by9 mb-4\"><iframe title=\"Aliaksej Baga: \u201eEmocijos buvo pirmoje vietoje, o ne \u017eaidimas\u201c (2020-05-30)\" src=\"https:\/\/www.youtube.com\/embed\/_O3E72Nleqc?feature=oembed\" frameborder=\"0\" allow=\"accelerometer; autoplay; clipboard-write; encrypted-media; gyroscope; picture-in-picture; web-share\" referrerpolicy=\"strict-origin-when-cross-origin\" allowfullscreen><\/iframe> <\/div>\n<p>\u201e\u017dalgirio\u201c strategas Aliaksejus Baga po rungtyni\u0173 sak\u0117, kad komandai nepavyko i\u0161naudoti susikurt\u0173 prog\u0173:<\/p>\n<p>\u201eLabai lauktos rungtyn\u0117s. Tiek mes, tiek turb\u016bt ir visos kitos komandos pasiilgo futbolo. Galb\u016bt pirmame k\u0117linyje emocij\u0173 buvo daugiau nei \u017eaidimo. Po pertraukos m\u016bs\u0173 \u017eaidimas pager\u0117jo \u2013 \u017eaid\u0117me solid\u017eiau ir agresyviau, bet nepavyko i\u0161naudoti n\u0117 vienos progos. Reikia pamin\u0117ti, kad puikiai \u017eaid\u0117 prie\u0161inink\u0173 komandos vartininkas, kuris ne kart\u0105 gelb\u0117jo savo komand\u0105. Galb\u016bt mums pritr\u016bko meistri\u0161kumo, kai kur \u2013 s\u0117km\u0117s. Puolime ne\u017eaid\u0117me labai agresyviai. Yra kur tobul\u0117ti ir k\u0105 taisyti\u201c, &#8211; sak\u0117 A. Baga.<\/p>\n<p>Po dviej\u0173 tur\u0173 Vilniaus \u201e\u017dalgirio\u201c ir \u201eRiteri\u0173\u201c komandos A lygoje yra surinkusios po tris ta\u0161kus. Pirmajame ture \u201e\u017dalgiris\u201c namuose 4:0 sutriu\u0161kino \u201ePanev\u0117\u017e\u012f\u201c, o \u201eRiteriai\u201c namuose 0:3 pralaim\u0117jo \u201eKauno \u017dalgiriui\u201c.<\/p>\n<p>Rungtyni\u0173 ap\u017evalga<\/p>\n<div class=\"embed-responsive embed-responsive-16by9 mb-4\"><iframe title=\"2 turo santrauka: \u201e\u017dalgiris\u201c \u2013 \u201eRiteriai\u201c (2020-05-30)\" src=\"https:\/\/www.youtube.com\/embed\/GrwbAjUG7nU?feature=oembed\" frameborder=\"0\" allow=\"accelerometer; autoplay; clipboard-write; encrypted-media; gyroscope; picture-in-picture; web-share\" referrerpolicy=\"strict-origin-when-cross-origin\" allowfullscreen><\/iframe> <\/div>\n<p>&nbsp;<\/p>\n","protected":false},"excerpt":{"rendered":"<p>Vilniaus \u201e\u017dalgirio\u201c futbolininkai patyr\u0117 pirm\u0105j\u012f pralaim\u0117jim\u0105 A lygos sezone namuose rezultatu 0:1 nusileid\u0119 kitai sostin\u0117s ekipai \u2013 \u201eRiteriams\u201c. Pergaling\u0105 \u012fvart\u012f 20 \u2013 t\u0105j\u0105 minut\u0119 peln\u0117\u2026<\/p>\n","protected":false},"author":2,"featured_media":0,"comment_status":"closed","ping_status":"closed","sticky":false,"template":"","format":"standard","meta":{"_acf_changed":false,"footnotes":""},"categories":[87],"class_list":["post-2324","post","type-post","status-publish","format-standard","hentry","category-zalgiris"],"acf":[],"yoast_head":"<!-- This site is optimized with the Yoast SEO plugin v26.8 - https:\/\/yoast.com\/product\/yoast-seo-wordpress\/ -->\n<title>\u017dalgirie\u010diai patyr\u0117 pirm\u0105j\u012f pralaim\u0117jim\u0105 A lygoje - FK \u017dalgiris<\/title>\n<meta name=\"robots\" content=\"index, follow, max-snippet:-1, max-image-preview:large, max-video-preview:-1\" \/>\n<link rel=\"canonical\" href=\"https:\/\/fkzalgiris.lt\/zalgirieciai-patyre-pirmaja-nesekme\/\" \/>\n<meta property=\"og:locale\" content=\"lt_LT\" \/>\n<meta property=\"og:type\" content=\"article\" \/>\n<meta property=\"og:title\" content=\"\u017dalgirie\u010diai patyr\u0117 pirm\u0105j\u012f pralaim\u0117jim\u0105 A lygoje - FK \u017dalgiris\" \/>\n<meta property=\"og:description\" content=\"Vilniaus \u201e\u017dalgirio\u201c futbolininkai patyr\u0117 pirm\u0105j\u012f pralaim\u0117jim\u0105 A lygos sezone namuose rezultatu 0:1 nusileid\u0119 kitai sostin\u0117s ekipai \u2013 \u201eRiteriams\u201c. Pergaling\u0105 \u012fvart\u012f 20 \u2013 t\u0105j\u0105 minut\u0119 peln\u0117\u2026\" \/>\n<meta property=\"og:url\" content=\"https:\/\/fkzalgiris.lt\/zalgirieciai-patyre-pirmaja-nesekme\/\" \/>\n<meta property=\"og:site_name\" content=\"FK \u017dalgiris\" \/>\n<meta property=\"article:publisher\" content=\"https:\/\/www.facebook.com\/fkzalgiris\/\" \/>\n<meta property=\"article:published_time\" content=\"2020-05-30T16:55:44+00:00\" \/>\n<meta property=\"article:modified_time\" content=\"2020-05-30T18:23:41+00:00\" \/>\n<meta property=\"og:image\" content=\"https:\/\/fkzalgiris.lt\/wp-content\/uploads\/2024\/02\/social-horiz_Zalgiris_logo_2024.png\" \/>\n\t<meta property=\"og:image:width\" content=\"3356\" \/>\n\t<meta property=\"og:image:height\" content=\"2259\" \/>\n\t<meta property=\"og:image:type\" content=\"image\/png\" \/>\n<meta name=\"author\" content=\"Paulius Jakelis\" \/>\n<meta name=\"twitter:card\" content=\"summary_large_image\" \/>\n<meta name=\"twitter:creator\" content=\"@fkzalgiris\" \/>\n<meta name=\"twitter:site\" content=\"@fkzalgiris\" \/>\n<meta name=\"twitter:label1\" content=\"Written by\" \/>\n\t<meta name=\"twitter:data1\" content=\"Paulius Jakelis\" \/>\n\t<meta name=\"twitter:label2\" content=\"Est. reading time\" \/>\n\t<meta name=\"twitter:data2\" content=\"1 minut\u0117\" \/>\n<script type=\"application\/ld+json\" class=\"yoast-schema-graph\">{\"@context\":\"https:\/\/schema.org\",\"@graph\":[{\"@type\":\"Article\",\"@id\":\"https:\/\/fkzalgiris.lt\/zalgirieciai-patyre-pirmaja-nesekme\/#article\",\"isPartOf\":{\"@id\":\"https:\/\/fkzalgiris.lt\/zalgirieciai-patyre-pirmaja-nesekme\/\"},\"author\":{\"name\":\"Paulius Jakelis\",\"@id\":\"https:\/\/fkzalgiris.lt\/#\/schema\/person\/1a5f07a0e55e2ff329320abdc2f2e953\"},\"headline\":\"\u017dalgirie\u010diai patyr\u0117 pirm\u0105j\u012f pralaim\u0117jim\u0105 A lygoje\",\"datePublished\":\"2020-05-30T16:55:44+00:00\",\"dateModified\":\"2020-05-30T18:23:41+00:00\",\"mainEntityOfPage\":{\"@id\":\"https:\/\/fkzalgiris.lt\/zalgirieciai-patyre-pirmaja-nesekme\/\"},\"wordCount\":199,\"publisher\":{\"@id\":\"https:\/\/fkzalgiris.lt\/#organization\"},\"articleSection\":[\"\u017dalgiris\"],\"inLanguage\":\"lt-LT\"},{\"@type\":\"WebPage\",\"@id\":\"https:\/\/fkzalgiris.lt\/zalgirieciai-patyre-pirmaja-nesekme\/\",\"url\":\"https:\/\/fkzalgiris.lt\/zalgirieciai-patyre-pirmaja-nesekme\/\",\"name\":\"\u017dalgirie\u010diai patyr\u0117 pirm\u0105j\u012f pralaim\u0117jim\u0105 A lygoje - FK \u017dalgiris\",\"isPartOf\":{\"@id\":\"https:\/\/fkzalgiris.lt\/#website\"},\"datePublished\":\"2020-05-30T16:55:44+00:00\",\"dateModified\":\"2020-05-30T18:23:41+00:00\",\"breadcrumb\":{\"@id\":\"https:\/\/fkzalgiris.lt\/zalgirieciai-patyre-pirmaja-nesekme\/#breadcrumb\"},\"inLanguage\":\"lt-LT\",\"potentialAction\":[{\"@type\":\"ReadAction\",\"target\":[\"https:\/\/fkzalgiris.lt\/zalgirieciai-patyre-pirmaja-nesekme\/\"]}]},{\"@type\":\"BreadcrumbList\",\"@id\":\"https:\/\/fkzalgiris.lt\/zalgirieciai-patyre-pirmaja-nesekme\/#breadcrumb\",\"itemListElement\":[{\"@type\":\"ListItem\",\"position\":1,\"name\":\"Home\",\"item\":\"https:\/\/fkzalgiris.lt\/\"},{\"@type\":\"ListItem\",\"position\":2,\"name\":\"\u017dalgirie\u010diai patyr\u0117 pirm\u0105j\u012f pralaim\u0117jim\u0105 A lygoje\"}]},{\"@type\":\"WebSite\",\"@id\":\"https:\/\/fkzalgiris.lt\/#website\",\"url\":\"https:\/\/fkzalgiris.lt\/\",\"name\":\"FK \u017dalgiris\",\"description\":\"oficiali Vilniaus \u201e\u017dalgirio\u201c futbolo klubo svetain\u0117\",\"publisher\":{\"@id\":\"https:\/\/fkzalgiris.lt\/#organization\"},\"potentialAction\":[{\"@type\":\"SearchAction\",\"target\":{\"@type\":\"EntryPoint\",\"urlTemplate\":\"https:\/\/fkzalgiris.lt\/?s={search_term_string}\"},\"query-input\":{\"@type\":\"PropertyValueSpecification\",\"valueRequired\":true,\"valueName\":\"search_term_string\"}}],\"inLanguage\":\"lt-LT\"},{\"@type\":\"Organization\",\"@id\":\"https:\/\/fkzalgiris.lt\/#organization\",\"name\":\"FK \u017dalgiris\",\"url\":\"https:\/\/fkzalgiris.lt\/\",\"logo\":{\"@type\":\"ImageObject\",\"inLanguage\":\"lt-LT\",\"@id\":\"https:\/\/fkzalgiris.lt\/#\/schema\/logo\/image\/\",\"url\":\"https:\/\/fkzalgiris.lt\/wp-content\/uploads\/2024\/01\/horiz-FK-Zalgiris-logo-2015.png\",\"contentUrl\":\"https:\/\/fkzalgiris.lt\/wp-content\/uploads\/2024\/01\/horiz-FK-Zalgiris-logo-2015.png\",\"width\":3073,\"height\":2048,\"caption\":\"FK \u017dalgiris\"},\"image\":{\"@id\":\"https:\/\/fkzalgiris.lt\/#\/schema\/logo\/image\/\"},\"sameAs\":[\"https:\/\/www.facebook.com\/fkzalgiris\/\",\"https:\/\/x.com\/fkzalgiris\",\"https:\/\/www.instagram.com\/fkzalgiris\/\",\"https:\/\/www.youtube.com\/channel\/UC1ag8JLxGirltMUoLlzfZLA\"]},{\"@type\":\"Person\",\"@id\":\"https:\/\/fkzalgiris.lt\/#\/schema\/person\/1a5f07a0e55e2ff329320abdc2f2e953\",\"name\":\"Paulius Jakelis\"}]}<\/script>\n<!-- \/ Yoast SEO plugin. -->","yoast_head_json":{"title":"\u017dalgirie\u010diai patyr\u0117 pirm\u0105j\u012f pralaim\u0117jim\u0105 A lygoje - FK \u017dalgiris","robots":{"index":"index","follow":"follow","max-snippet":"max-snippet:-1","max-image-preview":"max-image-preview:large","max-video-preview":"max-video-preview:-1"},"canonical":"https:\/\/fkzalgiris.lt\/zalgirieciai-patyre-pirmaja-nesekme\/","og_locale":"lt_LT","og_type":"article","og_title":"\u017dalgirie\u010diai patyr\u0117 pirm\u0105j\u012f pralaim\u0117jim\u0105 A lygoje - FK \u017dalgiris","og_description":"Vilniaus \u201e\u017dalgirio\u201c futbolininkai patyr\u0117 pirm\u0105j\u012f pralaim\u0117jim\u0105 A lygos sezone namuose rezultatu 0:1 nusileid\u0119 kitai sostin\u0117s ekipai \u2013 \u201eRiteriams\u201c. Pergaling\u0105 \u012fvart\u012f 20 \u2013 t\u0105j\u0105 minut\u0119 peln\u0117\u2026","og_url":"https:\/\/fkzalgiris.lt\/zalgirieciai-patyre-pirmaja-nesekme\/","og_site_name":"FK \u017dalgiris","article_publisher":"https:\/\/www.facebook.com\/fkzalgiris\/","article_published_time":"2020-05-30T16:55:44+00:00","article_modified_time":"2020-05-30T18:23:41+00:00","og_image":[{"width":3356,"height":2259,"url":"https:\/\/fkzalgiris.lt\/wp-content\/uploads\/2024\/02\/social-horiz_Zalgiris_logo_2024.png","type":"image\/png"}],"author":"Paulius Jakelis","twitter_card":"summary_large_image","twitter_creator":"@fkzalgiris","twitter_site":"@fkzalgiris","twitter_misc":{"Written by":"Paulius Jakelis","Est. reading time":"1 minut\u0117"},"schema":{"@context":"https:\/\/schema.org","@graph":[{"@type":"Article","@id":"https:\/\/fkzalgiris.lt\/zalgirieciai-patyre-pirmaja-nesekme\/#article","isPartOf":{"@id":"https:\/\/fkzalgiris.lt\/zalgirieciai-patyre-pirmaja-nesekme\/"},"author":{"name":"Paulius Jakelis","@id":"https:\/\/fkzalgiris.lt\/#\/schema\/person\/1a5f07a0e55e2ff329320abdc2f2e953"},"headline":"\u017dalgirie\u010diai patyr\u0117 pirm\u0105j\u012f pralaim\u0117jim\u0105 A lygoje","datePublished":"2020-05-30T16:55:44+00:00","dateModified":"2020-05-30T18:23:41+00:00","mainEntityOfPage":{"@id":"https:\/\/fkzalgiris.lt\/zalgirieciai-patyre-pirmaja-nesekme\/"},"wordCount":199,"publisher":{"@id":"https:\/\/fkzalgiris.lt\/#organization"},"articleSection":["\u017dalgiris"],"inLanguage":"lt-LT"},{"@type":"WebPage","@id":"https:\/\/fkzalgiris.lt\/zalgirieciai-patyre-pirmaja-nesekme\/","url":"https:\/\/fkzalgiris.lt\/zalgirieciai-patyre-pirmaja-nesekme\/","name":"\u017dalgirie\u010diai patyr\u0117 pirm\u0105j\u012f pralaim\u0117jim\u0105 A lygoje - FK \u017dalgiris","isPartOf":{"@id":"https:\/\/fkzalgiris.lt\/#website"},"datePublished":"2020-05-30T16:55:44+00:00","dateModified":"2020-05-30T18:23:41+00:00","breadcrumb":{"@id":"https:\/\/fkzalgiris.lt\/zalgirieciai-patyre-pirmaja-nesekme\/#breadcrumb"},"inLanguage":"lt-LT","potentialAction":[{"@type":"ReadAction","target":["https:\/\/fkzalgiris.lt\/zalgirieciai-patyre-pirmaja-nesekme\/"]}]},{"@type":"BreadcrumbList","@id":"https:\/\/fkzalgiris.lt\/zalgirieciai-patyre-pirmaja-nesekme\/#breadcrumb","itemListElement":[{"@type":"ListItem","position":1,"name":"Home","item":"https:\/\/fkzalgiris.lt\/"},{"@type":"ListItem","position":2,"name":"\u017dalgirie\u010diai patyr\u0117 pirm\u0105j\u012f pralaim\u0117jim\u0105 A lygoje"}]},{"@type":"WebSite","@id":"https:\/\/fkzalgiris.lt\/#website","url":"https:\/\/fkzalgiris.lt\/","name":"FK \u017dalgiris","description":"oficiali Vilniaus \u201e\u017dalgirio\u201c futbolo klubo svetain\u0117","publisher":{"@id":"https:\/\/fkzalgiris.lt\/#organization"},"potentialAction":[{"@type":"SearchAction","target":{"@type":"EntryPoint","urlTemplate":"https:\/\/fkzalgiris.lt\/?s={search_term_string}"},"query-input":{"@type":"PropertyValueSpecification","valueRequired":true,"valueName":"search_term_string"}}],"inLanguage":"lt-LT"},{"@type":"Organization","@id":"https:\/\/fkzalgiris.lt\/#organization","name":"FK \u017dalgiris","url":"https:\/\/fkzalgiris.lt\/","logo":{"@type":"ImageObject","inLanguage":"lt-LT","@id":"https:\/\/fkzalgiris.lt\/#\/schema\/logo\/image\/","url":"https:\/\/fkzalgiris.lt\/wp-content\/uploads\/2024\/01\/horiz-FK-Zalgiris-logo-2015.png","contentUrl":"https:\/\/fkzalgiris.lt\/wp-content\/uploads\/2024\/01\/horiz-FK-Zalgiris-logo-2015.png","width":3073,"height":2048,"caption":"FK \u017dalgiris"},"image":{"@id":"https:\/\/fkzalgiris.lt\/#\/schema\/logo\/image\/"},"sameAs":["https:\/\/www.facebook.com\/fkzalgiris\/","https:\/\/x.com\/fkzalgiris","https:\/\/www.instagram.com\/fkzalgiris\/","https:\/\/www.youtube.com\/channel\/UC1ag8JLxGirltMUoLlzfZLA"]},{"@type":"Person","@id":"https:\/\/fkzalgiris.lt\/#\/schema\/person\/1a5f07a0e55e2ff329320abdc2f2e953","name":"Paulius Jakelis"}]}},"_links":{"self":[{"href":"https:\/\/fkzalgiris.lt\/api\/wp\/v2\/posts\/2324","targetHints":{"allow":["GET"]}}],"collection":[{"href":"https:\/\/fkzalgiris.lt\/api\/wp\/v2\/posts"}],"about":[{"href":"https:\/\/fkzalgiris.lt\/api\/wp\/v2\/types\/post"}],"author":[{"embeddable":true,"href":"https:\/\/fkzalgiris.lt\/api\/wp\/v2\/users\/2"}],"replies":[{"embeddable":true,"href":"https:\/\/fkzalgiris.lt\/api\/wp\/v2\/comments?post=2324"}],"version-history":[{"count":10,"href":"https:\/\/fkzalgiris.lt\/api\/wp\/v2\/posts\/2324\/revisions"}],"predecessor-version":[{"id":2337,"href":"https:\/\/fkzalgiris.lt\/api\/wp\/v2\/posts\/2324\/revisions\/2337"}],"wp:attachment":[{"href":"https:\/\/fkzalgiris.lt\/api\/wp\/v2\/media?parent=2324"}],"wp:term":[{"taxonomy":"category","embeddable":true,"href":"https:\/\/fkzalgiris.lt\/api\/wp\/v2\/categories?post=2324"}],"curies":[{"name":"wp","href":"https:\/\/api.w.org\/{rel}","templated":true}]}}