{"id":2316,"date":"2020-05-28T10:29:02","date_gmt":"2020-05-28T07:29:02","guid":{"rendered":"https:\/\/fkzalgiris.lt\/?p=2316"},"modified":"2020-05-28T10:30:37","modified_gmt":"2020-05-28T07:30:37","slug":"m-vorobjovas-praejusiame-sezone-riteriai-mums-buvo-nepalankus-varzovas","status":"publish","type":"post","link":"https:\/\/fkzalgiris.lt\/m-vorobjovas-praejusiame-sezone-riteriai-mums-buvo-nepalankus-varzovas\/","title":{"rendered":"M. Vorobjovas: \u201ePra\u0117jusiame sezone \u201eRiteriai\u201c mums buvo nepalankus var\u017eovas\u201c"},"content":{"rendered":"<p>Vilniaus \u201e\u017dalgirio\u201c ir Lietuvos nacionalin\u0117s vyr\u0173 futbolo rinktin\u0117s saugas Modestas Vorobjovas \u012fsitikin\u0119s, kad \u0161\u012f sezon\u0105 nepasikartos pra\u0117jusi\u0173 met\u0173 kov\u0173 su \u201eRiteriais\u201c scenarijus, kai \u017ealgirie\u010diai i\u0161 penki\u0173 susitikim\u0173 laim\u0117jo tik vien\u0105, dvejos rungtyn\u0117s pasibaig\u0117 lygiosiomis, o dvejose pergal\u0119 \u0161vent\u0117 \u201eRiteriai\u201c.<\/p>\n<div class=\"embed-responsive embed-responsive-16by9 mb-4\"><iframe title=\"M. Vorobjovas: \u201ePra\u0117jusiame sezone \u201eRiteriai\u201c mums buvo nepalankus var\u017eovas\u201cs\" src=\"https:\/\/www.youtube.com\/embed\/aOh9pf4Uz7A?feature=oembed\" frameborder=\"0\" allow=\"accelerometer; autoplay; clipboard-write; encrypted-media; gyroscope; picture-in-picture; web-share\" referrerpolicy=\"strict-origin-when-cross-origin\" allowfullscreen><\/iframe> <\/div>\n<p>\u201eTaip, \u201eRiteriai\u201c pra\u0117jusiame sezone mums buvo nepalankus var\u017eovas, bet \u0161iemet su jais dar ne\u017eaid\u0117me. Labai tikiuosi, kad atsinaujinus\u012f sezon\u0105 prad\u0117sime pergale prie\u0161 juos\u201c, \u2013 sako M. Vorobjovas.<\/p>\n<p>Pirmajame ture Vilniaus \u201e\u017dalgirio\u201c futbolininkai rezultatu 4:0 sutriu\u0161kino \u201ePanev\u0117\u017eio\u201c futbolininkus, o \u201eRiteriai\u201c namie rezultatu 0:3 tur\u0117jo pripa\u017einti \u201eKauno \u017dalgirio\u201c futbolinink\u0173 prana\u0161um\u0105.<\/p>\n<p>M. Vorobjovas pasakoja, kad pasiruo\u0161imas atsinaujinan\u010dioms A lygos kovoms vyksta pana\u0161iai, kaip ir pasiruo\u0161imas naujam sezonui: \u201eViskas vyksta labai pana\u0161iai. Lygiai taip pat, kaip ir po ilgos pertraukos prie\u0161 sezon\u0105. Ruo\u0161iam\u0117s palaipsniui ir neforsuodami didiname kr\u016bv\u012f.\u201c<\/p>\n<p>Paklaustas, kaip komandai sekasi analizuoti var\u017eovus, M. Vorobjovas sako, kad \u0161iuo metu daugiau d\u0117mesio reikia skirti savo \u017eaidimui: \u201eTurime daug labiau koncentruotis \u012f save. Tiek mes, tiek ir var\u017eovai neturime daug informacijos vieni apie kitus. Tod\u0117l turime susitelkti \u012f savo \u017eaidim\u0105 ir viskas priklauso tik nuo m\u016bs\u0173 pa\u010di\u0173.\u201c<\/p>\n<p>D\u0117l COVID-19 pirmosios Vilniaus \u201e\u017dalgirio\u201c rungtyn\u0117s bus \u017eaid\u017eiamos tu\u0161\u010diame stadione. Vis d\u0117lto M. Vorobjovas tikisi, kad jau netolimoje ateityje futbolo i\u0161siilg\u0119 lietuviai u\u017epildys stadionus: \u201eU\u017esienyje rungtyn\u0117s be \u017ei\u016brov\u0173 atrodo gana keistai. M\u016bs\u0173 atveju viskas yra kiek kitaip, nes jau netrukus \u017ei\u016brovai gal\u0117s gr\u012f\u017eti \u012f stadionus.\u201c<\/p>\n<p>Nuo bir\u017eelio 1 d. Vyriausyb\u0117 leido atvirose erdv\u0117se vykstan\u010diuose sporto renginiuose priimti iki 300 \u017ei\u016brov\u0173.<\/p>\n<p>Gegu\u017e\u0117s 30 d. transliacija i\u0161 sostin\u0117s LFF stadiono per \u201eDelfi TV\u201c prasid\u0117s 14.40 val.<\/p>\n","protected":false},"excerpt":{"rendered":"<p>Vilniaus \u201e\u017dalgirio\u201c ir Lietuvos nacionalin\u0117s vyr\u0173 futbolo rinktin\u0117s saugas Modestas Vorobjovas \u012fsitikin\u0119s, kad \u0161\u012f sezon\u0105 nepasikartos pra\u0117jusi\u0173 met\u0173 kov\u0173 su \u201eRiteriais\u201c scenarijus, kai \u017ealgirie\u010diai i\u0161\u2026<\/p>\n","protected":false},"author":2,"featured_media":0,"comment_status":"closed","ping_status":"closed","sticky":false,"template":"","format":"standard","meta":{"_acf_changed":false,"footnotes":""},"categories":[87],"class_list":["post-2316","post","type-post","status-publish","format-standard","hentry","category-zalgiris"],"acf":[],"yoast_head":"<!-- This site is optimized with the Yoast SEO plugin v26.8 - https:\/\/yoast.com\/product\/yoast-seo-wordpress\/ -->\n<title>M. Vorobjovas: \u201ePra\u0117jusiame sezone \u201eRiteriai\u201c mums buvo nepalankus var\u017eovas\u201c - FK \u017dalgiris<\/title>\n<meta name=\"robots\" content=\"index, follow, max-snippet:-1, max-image-preview:large, max-video-preview:-1\" \/>\n<link rel=\"canonical\" href=\"https:\/\/fkzalgiris.lt\/m-vorobjovas-praejusiame-sezone-riteriai-mums-buvo-nepalankus-varzovas\/\" \/>\n<meta property=\"og:locale\" content=\"lt_LT\" \/>\n<meta property=\"og:type\" content=\"article\" \/>\n<meta property=\"og:title\" content=\"M. Vorobjovas: \u201ePra\u0117jusiame sezone \u201eRiteriai\u201c mums buvo nepalankus var\u017eovas\u201c - FK \u017dalgiris\" \/>\n<meta property=\"og:description\" content=\"Vilniaus \u201e\u017dalgirio\u201c ir Lietuvos nacionalin\u0117s vyr\u0173 futbolo rinktin\u0117s saugas Modestas Vorobjovas \u012fsitikin\u0119s, kad \u0161\u012f sezon\u0105 nepasikartos pra\u0117jusi\u0173 met\u0173 kov\u0173 su \u201eRiteriais\u201c scenarijus, kai \u017ealgirie\u010diai i\u0161\u2026\" \/>\n<meta property=\"og:url\" content=\"https:\/\/fkzalgiris.lt\/m-vorobjovas-praejusiame-sezone-riteriai-mums-buvo-nepalankus-varzovas\/\" \/>\n<meta property=\"og:site_name\" content=\"FK \u017dalgiris\" \/>\n<meta property=\"article:publisher\" content=\"https:\/\/www.facebook.com\/fkzalgiris\/\" \/>\n<meta property=\"article:published_time\" content=\"2020-05-28T07:29:02+00:00\" \/>\n<meta property=\"article:modified_time\" content=\"2020-05-28T07:30:37+00:00\" \/>\n<meta property=\"og:image\" content=\"https:\/\/fkzalgiris.lt\/wp-content\/uploads\/2024\/02\/social-horiz_Zalgiris_logo_2024.png\" \/>\n\t<meta property=\"og:image:width\" content=\"3356\" \/>\n\t<meta property=\"og:image:height\" content=\"2259\" \/>\n\t<meta property=\"og:image:type\" content=\"image\/png\" \/>\n<meta name=\"author\" content=\"Paulius Jakelis\" \/>\n<meta name=\"twitter:card\" content=\"summary_large_image\" \/>\n<meta name=\"twitter:creator\" content=\"@fkzalgiris\" \/>\n<meta name=\"twitter:site\" content=\"@fkzalgiris\" \/>\n<meta name=\"twitter:label1\" content=\"Written by\" \/>\n\t<meta name=\"twitter:data1\" content=\"Paulius Jakelis\" \/>\n\t<meta name=\"twitter:label2\" content=\"Est. reading time\" \/>\n\t<meta name=\"twitter:data2\" content=\"1 minut\u0117\" \/>\n<script type=\"application\/ld+json\" class=\"yoast-schema-graph\">{\"@context\":\"https:\/\/schema.org\",\"@graph\":[{\"@type\":\"Article\",\"@id\":\"https:\/\/fkzalgiris.lt\/m-vorobjovas-praejusiame-sezone-riteriai-mums-buvo-nepalankus-varzovas\/#article\",\"isPartOf\":{\"@id\":\"https:\/\/fkzalgiris.lt\/m-vorobjovas-praejusiame-sezone-riteriai-mums-buvo-nepalankus-varzovas\/\"},\"author\":{\"name\":\"Paulius Jakelis\",\"@id\":\"https:\/\/fkzalgiris.lt\/#\/schema\/person\/1a5f07a0e55e2ff329320abdc2f2e953\"},\"headline\":\"M. Vorobjovas: \u201ePra\u0117jusiame sezone \u201eRiteriai\u201c mums buvo nepalankus var\u017eovas\u201c\",\"datePublished\":\"2020-05-28T07:29:02+00:00\",\"dateModified\":\"2020-05-28T07:30:37+00:00\",\"mainEntityOfPage\":{\"@id\":\"https:\/\/fkzalgiris.lt\/m-vorobjovas-praejusiame-sezone-riteriai-mums-buvo-nepalankus-varzovas\/\"},\"wordCount\":309,\"publisher\":{\"@id\":\"https:\/\/fkzalgiris.lt\/#organization\"},\"articleSection\":[\"\u017dalgiris\"],\"inLanguage\":\"lt-LT\"},{\"@type\":\"WebPage\",\"@id\":\"https:\/\/fkzalgiris.lt\/m-vorobjovas-praejusiame-sezone-riteriai-mums-buvo-nepalankus-varzovas\/\",\"url\":\"https:\/\/fkzalgiris.lt\/m-vorobjovas-praejusiame-sezone-riteriai-mums-buvo-nepalankus-varzovas\/\",\"name\":\"M. Vorobjovas: \u201ePra\u0117jusiame sezone \u201eRiteriai\u201c mums buvo nepalankus var\u017eovas\u201c - FK \u017dalgiris\",\"isPartOf\":{\"@id\":\"https:\/\/fkzalgiris.lt\/#website\"},\"datePublished\":\"2020-05-28T07:29:02+00:00\",\"dateModified\":\"2020-05-28T07:30:37+00:00\",\"breadcrumb\":{\"@id\":\"https:\/\/fkzalgiris.lt\/m-vorobjovas-praejusiame-sezone-riteriai-mums-buvo-nepalankus-varzovas\/#breadcrumb\"},\"inLanguage\":\"lt-LT\",\"potentialAction\":[{\"@type\":\"ReadAction\",\"target\":[\"https:\/\/fkzalgiris.lt\/m-vorobjovas-praejusiame-sezone-riteriai-mums-buvo-nepalankus-varzovas\/\"]}]},{\"@type\":\"BreadcrumbList\",\"@id\":\"https:\/\/fkzalgiris.lt\/m-vorobjovas-praejusiame-sezone-riteriai-mums-buvo-nepalankus-varzovas\/#breadcrumb\",\"itemListElement\":[{\"@type\":\"ListItem\",\"position\":1,\"name\":\"Home\",\"item\":\"https:\/\/fkzalgiris.lt\/\"},{\"@type\":\"ListItem\",\"position\":2,\"name\":\"M. Vorobjovas: \u201ePra\u0117jusiame sezone \u201eRiteriai\u201c mums buvo nepalankus var\u017eovas\u201c\"}]},{\"@type\":\"WebSite\",\"@id\":\"https:\/\/fkzalgiris.lt\/#website\",\"url\":\"https:\/\/fkzalgiris.lt\/\",\"name\":\"FK \u017dalgiris\",\"description\":\"oficiali Vilniaus \u201e\u017dalgirio\u201c futbolo klubo svetain\u0117\",\"publisher\":{\"@id\":\"https:\/\/fkzalgiris.lt\/#organization\"},\"potentialAction\":[{\"@type\":\"SearchAction\",\"target\":{\"@type\":\"EntryPoint\",\"urlTemplate\":\"https:\/\/fkzalgiris.lt\/?s={search_term_string}\"},\"query-input\":{\"@type\":\"PropertyValueSpecification\",\"valueRequired\":true,\"valueName\":\"search_term_string\"}}],\"inLanguage\":\"lt-LT\"},{\"@type\":\"Organization\",\"@id\":\"https:\/\/fkzalgiris.lt\/#organization\",\"name\":\"FK \u017dalgiris\",\"url\":\"https:\/\/fkzalgiris.lt\/\",\"logo\":{\"@type\":\"ImageObject\",\"inLanguage\":\"lt-LT\",\"@id\":\"https:\/\/fkzalgiris.lt\/#\/schema\/logo\/image\/\",\"url\":\"https:\/\/fkzalgiris.lt\/wp-content\/uploads\/2024\/01\/horiz-FK-Zalgiris-logo-2015.png\",\"contentUrl\":\"https:\/\/fkzalgiris.lt\/wp-content\/uploads\/2024\/01\/horiz-FK-Zalgiris-logo-2015.png\",\"width\":3073,\"height\":2048,\"caption\":\"FK \u017dalgiris\"},\"image\":{\"@id\":\"https:\/\/fkzalgiris.lt\/#\/schema\/logo\/image\/\"},\"sameAs\":[\"https:\/\/www.facebook.com\/fkzalgiris\/\",\"https:\/\/x.com\/fkzalgiris\",\"https:\/\/www.instagram.com\/fkzalgiris\/\",\"https:\/\/www.youtube.com\/channel\/UC1ag8JLxGirltMUoLlzfZLA\"]},{\"@type\":\"Person\",\"@id\":\"https:\/\/fkzalgiris.lt\/#\/schema\/person\/1a5f07a0e55e2ff329320abdc2f2e953\",\"name\":\"Paulius Jakelis\"}]}<\/script>\n<!-- \/ Yoast SEO plugin. -->","yoast_head_json":{"title":"M. Vorobjovas: \u201ePra\u0117jusiame sezone \u201eRiteriai\u201c mums buvo nepalankus var\u017eovas\u201c - FK \u017dalgiris","robots":{"index":"index","follow":"follow","max-snippet":"max-snippet:-1","max-image-preview":"max-image-preview:large","max-video-preview":"max-video-preview:-1"},"canonical":"https:\/\/fkzalgiris.lt\/m-vorobjovas-praejusiame-sezone-riteriai-mums-buvo-nepalankus-varzovas\/","og_locale":"lt_LT","og_type":"article","og_title":"M. Vorobjovas: \u201ePra\u0117jusiame sezone \u201eRiteriai\u201c mums buvo nepalankus var\u017eovas\u201c - FK \u017dalgiris","og_description":"Vilniaus \u201e\u017dalgirio\u201c ir Lietuvos nacionalin\u0117s vyr\u0173 futbolo rinktin\u0117s saugas Modestas Vorobjovas \u012fsitikin\u0119s, kad \u0161\u012f sezon\u0105 nepasikartos pra\u0117jusi\u0173 met\u0173 kov\u0173 su \u201eRiteriais\u201c scenarijus, kai \u017ealgirie\u010diai i\u0161\u2026","og_url":"https:\/\/fkzalgiris.lt\/m-vorobjovas-praejusiame-sezone-riteriai-mums-buvo-nepalankus-varzovas\/","og_site_name":"FK \u017dalgiris","article_publisher":"https:\/\/www.facebook.com\/fkzalgiris\/","article_published_time":"2020-05-28T07:29:02+00:00","article_modified_time":"2020-05-28T07:30:37+00:00","og_image":[{"width":3356,"height":2259,"url":"https:\/\/fkzalgiris.lt\/wp-content\/uploads\/2024\/02\/social-horiz_Zalgiris_logo_2024.png","type":"image\/png"}],"author":"Paulius Jakelis","twitter_card":"summary_large_image","twitter_creator":"@fkzalgiris","twitter_site":"@fkzalgiris","twitter_misc":{"Written by":"Paulius Jakelis","Est. reading time":"1 minut\u0117"},"schema":{"@context":"https:\/\/schema.org","@graph":[{"@type":"Article","@id":"https:\/\/fkzalgiris.lt\/m-vorobjovas-praejusiame-sezone-riteriai-mums-buvo-nepalankus-varzovas\/#article","isPartOf":{"@id":"https:\/\/fkzalgiris.lt\/m-vorobjovas-praejusiame-sezone-riteriai-mums-buvo-nepalankus-varzovas\/"},"author":{"name":"Paulius Jakelis","@id":"https:\/\/fkzalgiris.lt\/#\/schema\/person\/1a5f07a0e55e2ff329320abdc2f2e953"},"headline":"M. Vorobjovas: \u201ePra\u0117jusiame sezone \u201eRiteriai\u201c mums buvo nepalankus var\u017eovas\u201c","datePublished":"2020-05-28T07:29:02+00:00","dateModified":"2020-05-28T07:30:37+00:00","mainEntityOfPage":{"@id":"https:\/\/fkzalgiris.lt\/m-vorobjovas-praejusiame-sezone-riteriai-mums-buvo-nepalankus-varzovas\/"},"wordCount":309,"publisher":{"@id":"https:\/\/fkzalgiris.lt\/#organization"},"articleSection":["\u017dalgiris"],"inLanguage":"lt-LT"},{"@type":"WebPage","@id":"https:\/\/fkzalgiris.lt\/m-vorobjovas-praejusiame-sezone-riteriai-mums-buvo-nepalankus-varzovas\/","url":"https:\/\/fkzalgiris.lt\/m-vorobjovas-praejusiame-sezone-riteriai-mums-buvo-nepalankus-varzovas\/","name":"M. Vorobjovas: \u201ePra\u0117jusiame sezone \u201eRiteriai\u201c mums buvo nepalankus var\u017eovas\u201c - FK \u017dalgiris","isPartOf":{"@id":"https:\/\/fkzalgiris.lt\/#website"},"datePublished":"2020-05-28T07:29:02+00:00","dateModified":"2020-05-28T07:30:37+00:00","breadcrumb":{"@id":"https:\/\/fkzalgiris.lt\/m-vorobjovas-praejusiame-sezone-riteriai-mums-buvo-nepalankus-varzovas\/#breadcrumb"},"inLanguage":"lt-LT","potentialAction":[{"@type":"ReadAction","target":["https:\/\/fkzalgiris.lt\/m-vorobjovas-praejusiame-sezone-riteriai-mums-buvo-nepalankus-varzovas\/"]}]},{"@type":"BreadcrumbList","@id":"https:\/\/fkzalgiris.lt\/m-vorobjovas-praejusiame-sezone-riteriai-mums-buvo-nepalankus-varzovas\/#breadcrumb","itemListElement":[{"@type":"ListItem","position":1,"name":"Home","item":"https:\/\/fkzalgiris.lt\/"},{"@type":"ListItem","position":2,"name":"M. Vorobjovas: \u201ePra\u0117jusiame sezone \u201eRiteriai\u201c mums buvo nepalankus var\u017eovas\u201c"}]},{"@type":"WebSite","@id":"https:\/\/fkzalgiris.lt\/#website","url":"https:\/\/fkzalgiris.lt\/","name":"FK \u017dalgiris","description":"oficiali Vilniaus \u201e\u017dalgirio\u201c futbolo klubo svetain\u0117","publisher":{"@id":"https:\/\/fkzalgiris.lt\/#organization"},"potentialAction":[{"@type":"SearchAction","target":{"@type":"EntryPoint","urlTemplate":"https:\/\/fkzalgiris.lt\/?s={search_term_string}"},"query-input":{"@type":"PropertyValueSpecification","valueRequired":true,"valueName":"search_term_string"}}],"inLanguage":"lt-LT"},{"@type":"Organization","@id":"https:\/\/fkzalgiris.lt\/#organization","name":"FK \u017dalgiris","url":"https:\/\/fkzalgiris.lt\/","logo":{"@type":"ImageObject","inLanguage":"lt-LT","@id":"https:\/\/fkzalgiris.lt\/#\/schema\/logo\/image\/","url":"https:\/\/fkzalgiris.lt\/wp-content\/uploads\/2024\/01\/horiz-FK-Zalgiris-logo-2015.png","contentUrl":"https:\/\/fkzalgiris.lt\/wp-content\/uploads\/2024\/01\/horiz-FK-Zalgiris-logo-2015.png","width":3073,"height":2048,"caption":"FK \u017dalgiris"},"image":{"@id":"https:\/\/fkzalgiris.lt\/#\/schema\/logo\/image\/"},"sameAs":["https:\/\/www.facebook.com\/fkzalgiris\/","https:\/\/x.com\/fkzalgiris","https:\/\/www.instagram.com\/fkzalgiris\/","https:\/\/www.youtube.com\/channel\/UC1ag8JLxGirltMUoLlzfZLA"]},{"@type":"Person","@id":"https:\/\/fkzalgiris.lt\/#\/schema\/person\/1a5f07a0e55e2ff329320abdc2f2e953","name":"Paulius Jakelis"}]}},"_links":{"self":[{"href":"https:\/\/fkzalgiris.lt\/api\/wp\/v2\/posts\/2316","targetHints":{"allow":["GET"]}}],"collection":[{"href":"https:\/\/fkzalgiris.lt\/api\/wp\/v2\/posts"}],"about":[{"href":"https:\/\/fkzalgiris.lt\/api\/wp\/v2\/types\/post"}],"author":[{"embeddable":true,"href":"https:\/\/fkzalgiris.lt\/api\/wp\/v2\/users\/2"}],"replies":[{"embeddable":true,"href":"https:\/\/fkzalgiris.lt\/api\/wp\/v2\/comments?post=2316"}],"version-history":[{"count":2,"href":"https:\/\/fkzalgiris.lt\/api\/wp\/v2\/posts\/2316\/revisions"}],"predecessor-version":[{"id":2321,"href":"https:\/\/fkzalgiris.lt\/api\/wp\/v2\/posts\/2316\/revisions\/2321"}],"wp:attachment":[{"href":"https:\/\/fkzalgiris.lt\/api\/wp\/v2\/media?parent=2316"}],"wp:term":[{"taxonomy":"category","embeddable":true,"href":"https:\/\/fkzalgiris.lt\/api\/wp\/v2\/categories?post=2316"}],"curies":[{"name":"wp","href":"https:\/\/api.w.org\/{rel}","templated":true}]}}