{"id":2304,"date":"2020-05-27T10:42:41","date_gmt":"2020-05-27T07:42:41","guid":{"rendered":"https:\/\/fkzalgiris.lt\/?p=2304"},"modified":"2020-05-27T18:22:40","modified_gmt":"2020-05-27T15:22:40","slug":"deividas-semberas-palieka-vilniaus-zalgiri","status":"publish","type":"post","link":"https:\/\/fkzalgiris.lt\/deividas-semberas-palieka-vilniaus-zalgiri\/","title":{"rendered":"Deividas \u0160emberas palieka \u201e\u017dalgir\u012f\u201c"},"content":{"rendered":"<p>Nuo 2018-\u0173j\u0173 met\u0173 lapkri\u010dio m\u0117nesio futbolo klube \u201e\u017dalgiris\u201c sporto operacij\u0173 direktoriaus pareigas \u0117j\u0119s legendinis Lietuvos futbolininkas Deividas \u0160emberas palieka sostin\u0117s klub\u0105.<\/p>\n<p>Futbolo klubo \u201e\u017dalgiris\u201c direktor\u0117 Vilma Venslovaitien\u0117 d\u0117koja Deividui \u0160emberui u\u017e visus \u201e\u017dalgirio\u201c organizacijoje praleistus metus\u00a0ir linki kuo did\u017eiausios s\u0117km\u0117s tolesn\u0117je veikloje.<\/p>\n<p>\u201eDeividas yra tikras \u017ealgirietis ir klubo vardu noriu jam pad\u0117koti u\u017e vis\u0105 darb\u0105, kur\u012f jis padar\u0117 tiek gindamas \u201e\u017dalgirio\u201c garb\u0119 aik\u0161t\u0117je, tiek ir paskutiniu metu dirbdamas administracijoje\u201c, \u2013 sako V. Venslovaitien\u0117.<\/p>\n<p>D. \u0160emberas Vilniaus \u201e\u017dalgirio\u201c klube prad\u0117jo savo, kaip profesionalo, karjer\u0105. 1996-aisiais metais jis debiutavo \u201e\u017dalgirio\u201c antrojoje komandoje, o 1997-\u0173j\u0173 met\u0173 sezone pateko \u012f pagrindin\u0119 \u201e\u017dalgirio\u201c sud\u0117t\u012f. V\u0117liau D. \u0160emberas rungtyniavo Maskvos \u201eDinamo\u201c, Maskvos \u201eCSKA\u201c ir Vladikaukazo \u201eAlania\u201c klubuose. Profesionalaus futbolininko karjer\u0105 D. \u0160emberas baig\u0117 \u201e\u017dalgiryje\u201c \u2013 2014 ir 2015 metais su\u017eaid\u0117 53 rungtynes ir peln\u0117 7 \u012fvar\u010dius.<\/p>\n<p>D. \u0160emberas Lietuvos nacionalin\u0117je vyr\u0173 futbolo rinktin\u0117je su\u017eaid\u0117 82 ma\u010dus.<\/p>\n","protected":false},"excerpt":{"rendered":"<p>Nuo 2018-\u0173j\u0173 met\u0173 lapkri\u010dio m\u0117nesio futbolo klube \u201e\u017dalgiris\u201c sporto operacij\u0173 direktoriaus pareigas \u0117j\u0119s legendinis Lietuvos futbolininkas Deividas \u0160emberas palieka sostin\u0117s klub\u0105. Futbolo klubo \u201e\u017dalgiris\u201c direktor\u0117\u2026<\/p>\n","protected":false},"author":2,"featured_media":0,"comment_status":"closed","ping_status":"closed","sticky":false,"template":"","format":"standard","meta":{"_acf_changed":false,"footnotes":""},"categories":[87],"class_list":["post-2304","post","type-post","status-publish","format-standard","hentry","category-zalgiris"],"acf":[],"yoast_head":"<!-- This site is optimized with the Yoast SEO plugin v26.8 - https:\/\/yoast.com\/product\/yoast-seo-wordpress\/ -->\n<title>Deividas \u0160emberas palieka \u201e\u017dalgir\u012f\u201c - FK \u017dalgiris<\/title>\n<meta name=\"robots\" content=\"index, follow, max-snippet:-1, max-image-preview:large, max-video-preview:-1\" \/>\n<link rel=\"canonical\" href=\"https:\/\/fkzalgiris.lt\/deividas-semberas-palieka-vilniaus-zalgiri\/\" \/>\n<meta property=\"og:locale\" content=\"lt_LT\" \/>\n<meta property=\"og:type\" content=\"article\" \/>\n<meta property=\"og:title\" content=\"Deividas \u0160emberas palieka \u201e\u017dalgir\u012f\u201c - FK \u017dalgiris\" \/>\n<meta property=\"og:description\" content=\"Nuo 2018-\u0173j\u0173 met\u0173 lapkri\u010dio m\u0117nesio futbolo klube \u201e\u017dalgiris\u201c sporto operacij\u0173 direktoriaus pareigas \u0117j\u0119s legendinis Lietuvos futbolininkas Deividas \u0160emberas palieka sostin\u0117s klub\u0105. Futbolo klubo \u201e\u017dalgiris\u201c direktor\u0117\u2026\" \/>\n<meta property=\"og:url\" content=\"https:\/\/fkzalgiris.lt\/deividas-semberas-palieka-vilniaus-zalgiri\/\" \/>\n<meta property=\"og:site_name\" content=\"FK \u017dalgiris\" \/>\n<meta property=\"article:publisher\" content=\"https:\/\/www.facebook.com\/fkzalgiris\/\" \/>\n<meta property=\"article:published_time\" content=\"2020-05-27T07:42:41+00:00\" \/>\n<meta property=\"article:modified_time\" content=\"2020-05-27T15:22:40+00:00\" \/>\n<meta property=\"og:image\" content=\"https:\/\/fkzalgiris.lt\/wp-content\/uploads\/2024\/02\/social-horiz_Zalgiris_logo_2024.png\" \/>\n\t<meta property=\"og:image:width\" content=\"3356\" \/>\n\t<meta property=\"og:image:height\" content=\"2259\" \/>\n\t<meta property=\"og:image:type\" content=\"image\/png\" \/>\n<meta name=\"author\" content=\"Paulius Jakelis\" \/>\n<meta name=\"twitter:card\" content=\"summary_large_image\" \/>\n<meta name=\"twitter:creator\" content=\"@fkzalgiris\" \/>\n<meta name=\"twitter:site\" content=\"@fkzalgiris\" \/>\n<meta name=\"twitter:label1\" content=\"Written by\" \/>\n\t<meta name=\"twitter:data1\" content=\"Paulius Jakelis\" \/>\n\t<meta name=\"twitter:label2\" content=\"Est. reading time\" \/>\n\t<meta name=\"twitter:data2\" content=\"1 minut\u0117\" \/>\n<script type=\"application\/ld+json\" class=\"yoast-schema-graph\">{\"@context\":\"https:\/\/schema.org\",\"@graph\":[{\"@type\":\"Article\",\"@id\":\"https:\/\/fkzalgiris.lt\/deividas-semberas-palieka-vilniaus-zalgiri\/#article\",\"isPartOf\":{\"@id\":\"https:\/\/fkzalgiris.lt\/deividas-semberas-palieka-vilniaus-zalgiri\/\"},\"author\":{\"name\":\"Paulius Jakelis\",\"@id\":\"https:\/\/fkzalgiris.lt\/#\/schema\/person\/1a5f07a0e55e2ff329320abdc2f2e953\"},\"headline\":\"Deividas \u0160emberas palieka \u201e\u017dalgir\u012f\u201c\",\"datePublished\":\"2020-05-27T07:42:41+00:00\",\"dateModified\":\"2020-05-27T15:22:40+00:00\",\"mainEntityOfPage\":{\"@id\":\"https:\/\/fkzalgiris.lt\/deividas-semberas-palieka-vilniaus-zalgiri\/\"},\"wordCount\":160,\"publisher\":{\"@id\":\"https:\/\/fkzalgiris.lt\/#organization\"},\"articleSection\":[\"\u017dalgiris\"],\"inLanguage\":\"lt-LT\"},{\"@type\":\"WebPage\",\"@id\":\"https:\/\/fkzalgiris.lt\/deividas-semberas-palieka-vilniaus-zalgiri\/\",\"url\":\"https:\/\/fkzalgiris.lt\/deividas-semberas-palieka-vilniaus-zalgiri\/\",\"name\":\"Deividas \u0160emberas palieka \u201e\u017dalgir\u012f\u201c - FK \u017dalgiris\",\"isPartOf\":{\"@id\":\"https:\/\/fkzalgiris.lt\/#website\"},\"datePublished\":\"2020-05-27T07:42:41+00:00\",\"dateModified\":\"2020-05-27T15:22:40+00:00\",\"breadcrumb\":{\"@id\":\"https:\/\/fkzalgiris.lt\/deividas-semberas-palieka-vilniaus-zalgiri\/#breadcrumb\"},\"inLanguage\":\"lt-LT\",\"potentialAction\":[{\"@type\":\"ReadAction\",\"target\":[\"https:\/\/fkzalgiris.lt\/deividas-semberas-palieka-vilniaus-zalgiri\/\"]}]},{\"@type\":\"BreadcrumbList\",\"@id\":\"https:\/\/fkzalgiris.lt\/deividas-semberas-palieka-vilniaus-zalgiri\/#breadcrumb\",\"itemListElement\":[{\"@type\":\"ListItem\",\"position\":1,\"name\":\"Home\",\"item\":\"https:\/\/fkzalgiris.lt\/\"},{\"@type\":\"ListItem\",\"position\":2,\"name\":\"Deividas \u0160emberas palieka \u201e\u017dalgir\u012f\u201c\"}]},{\"@type\":\"WebSite\",\"@id\":\"https:\/\/fkzalgiris.lt\/#website\",\"url\":\"https:\/\/fkzalgiris.lt\/\",\"name\":\"FK \u017dalgiris\",\"description\":\"oficiali Vilniaus \u201e\u017dalgirio\u201c futbolo klubo svetain\u0117\",\"publisher\":{\"@id\":\"https:\/\/fkzalgiris.lt\/#organization\"},\"potentialAction\":[{\"@type\":\"SearchAction\",\"target\":{\"@type\":\"EntryPoint\",\"urlTemplate\":\"https:\/\/fkzalgiris.lt\/?s={search_term_string}\"},\"query-input\":{\"@type\":\"PropertyValueSpecification\",\"valueRequired\":true,\"valueName\":\"search_term_string\"}}],\"inLanguage\":\"lt-LT\"},{\"@type\":\"Organization\",\"@id\":\"https:\/\/fkzalgiris.lt\/#organization\",\"name\":\"FK \u017dalgiris\",\"url\":\"https:\/\/fkzalgiris.lt\/\",\"logo\":{\"@type\":\"ImageObject\",\"inLanguage\":\"lt-LT\",\"@id\":\"https:\/\/fkzalgiris.lt\/#\/schema\/logo\/image\/\",\"url\":\"https:\/\/fkzalgiris.lt\/wp-content\/uploads\/2024\/01\/horiz-FK-Zalgiris-logo-2015.png\",\"contentUrl\":\"https:\/\/fkzalgiris.lt\/wp-content\/uploads\/2024\/01\/horiz-FK-Zalgiris-logo-2015.png\",\"width\":3073,\"height\":2048,\"caption\":\"FK \u017dalgiris\"},\"image\":{\"@id\":\"https:\/\/fkzalgiris.lt\/#\/schema\/logo\/image\/\"},\"sameAs\":[\"https:\/\/www.facebook.com\/fkzalgiris\/\",\"https:\/\/x.com\/fkzalgiris\",\"https:\/\/www.instagram.com\/fkzalgiris\/\",\"https:\/\/www.youtube.com\/channel\/UC1ag8JLxGirltMUoLlzfZLA\"]},{\"@type\":\"Person\",\"@id\":\"https:\/\/fkzalgiris.lt\/#\/schema\/person\/1a5f07a0e55e2ff329320abdc2f2e953\",\"name\":\"Paulius Jakelis\"}]}<\/script>\n<!-- \/ Yoast SEO plugin. -->","yoast_head_json":{"title":"Deividas \u0160emberas palieka \u201e\u017dalgir\u012f\u201c - FK \u017dalgiris","robots":{"index":"index","follow":"follow","max-snippet":"max-snippet:-1","max-image-preview":"max-image-preview:large","max-video-preview":"max-video-preview:-1"},"canonical":"https:\/\/fkzalgiris.lt\/deividas-semberas-palieka-vilniaus-zalgiri\/","og_locale":"lt_LT","og_type":"article","og_title":"Deividas \u0160emberas palieka \u201e\u017dalgir\u012f\u201c - FK \u017dalgiris","og_description":"Nuo 2018-\u0173j\u0173 met\u0173 lapkri\u010dio m\u0117nesio futbolo klube \u201e\u017dalgiris\u201c sporto operacij\u0173 direktoriaus pareigas \u0117j\u0119s legendinis Lietuvos futbolininkas Deividas \u0160emberas palieka sostin\u0117s klub\u0105. Futbolo klubo \u201e\u017dalgiris\u201c direktor\u0117\u2026","og_url":"https:\/\/fkzalgiris.lt\/deividas-semberas-palieka-vilniaus-zalgiri\/","og_site_name":"FK \u017dalgiris","article_publisher":"https:\/\/www.facebook.com\/fkzalgiris\/","article_published_time":"2020-05-27T07:42:41+00:00","article_modified_time":"2020-05-27T15:22:40+00:00","og_image":[{"width":3356,"height":2259,"url":"https:\/\/fkzalgiris.lt\/wp-content\/uploads\/2024\/02\/social-horiz_Zalgiris_logo_2024.png","type":"image\/png"}],"author":"Paulius Jakelis","twitter_card":"summary_large_image","twitter_creator":"@fkzalgiris","twitter_site":"@fkzalgiris","twitter_misc":{"Written by":"Paulius Jakelis","Est. reading time":"1 minut\u0117"},"schema":{"@context":"https:\/\/schema.org","@graph":[{"@type":"Article","@id":"https:\/\/fkzalgiris.lt\/deividas-semberas-palieka-vilniaus-zalgiri\/#article","isPartOf":{"@id":"https:\/\/fkzalgiris.lt\/deividas-semberas-palieka-vilniaus-zalgiri\/"},"author":{"name":"Paulius Jakelis","@id":"https:\/\/fkzalgiris.lt\/#\/schema\/person\/1a5f07a0e55e2ff329320abdc2f2e953"},"headline":"Deividas \u0160emberas palieka \u201e\u017dalgir\u012f\u201c","datePublished":"2020-05-27T07:42:41+00:00","dateModified":"2020-05-27T15:22:40+00:00","mainEntityOfPage":{"@id":"https:\/\/fkzalgiris.lt\/deividas-semberas-palieka-vilniaus-zalgiri\/"},"wordCount":160,"publisher":{"@id":"https:\/\/fkzalgiris.lt\/#organization"},"articleSection":["\u017dalgiris"],"inLanguage":"lt-LT"},{"@type":"WebPage","@id":"https:\/\/fkzalgiris.lt\/deividas-semberas-palieka-vilniaus-zalgiri\/","url":"https:\/\/fkzalgiris.lt\/deividas-semberas-palieka-vilniaus-zalgiri\/","name":"Deividas \u0160emberas palieka \u201e\u017dalgir\u012f\u201c - FK \u017dalgiris","isPartOf":{"@id":"https:\/\/fkzalgiris.lt\/#website"},"datePublished":"2020-05-27T07:42:41+00:00","dateModified":"2020-05-27T15:22:40+00:00","breadcrumb":{"@id":"https:\/\/fkzalgiris.lt\/deividas-semberas-palieka-vilniaus-zalgiri\/#breadcrumb"},"inLanguage":"lt-LT","potentialAction":[{"@type":"ReadAction","target":["https:\/\/fkzalgiris.lt\/deividas-semberas-palieka-vilniaus-zalgiri\/"]}]},{"@type":"BreadcrumbList","@id":"https:\/\/fkzalgiris.lt\/deividas-semberas-palieka-vilniaus-zalgiri\/#breadcrumb","itemListElement":[{"@type":"ListItem","position":1,"name":"Home","item":"https:\/\/fkzalgiris.lt\/"},{"@type":"ListItem","position":2,"name":"Deividas \u0160emberas palieka \u201e\u017dalgir\u012f\u201c"}]},{"@type":"WebSite","@id":"https:\/\/fkzalgiris.lt\/#website","url":"https:\/\/fkzalgiris.lt\/","name":"FK \u017dalgiris","description":"oficiali Vilniaus \u201e\u017dalgirio\u201c futbolo klubo svetain\u0117","publisher":{"@id":"https:\/\/fkzalgiris.lt\/#organization"},"potentialAction":[{"@type":"SearchAction","target":{"@type":"EntryPoint","urlTemplate":"https:\/\/fkzalgiris.lt\/?s={search_term_string}"},"query-input":{"@type":"PropertyValueSpecification","valueRequired":true,"valueName":"search_term_string"}}],"inLanguage":"lt-LT"},{"@type":"Organization","@id":"https:\/\/fkzalgiris.lt\/#organization","name":"FK \u017dalgiris","url":"https:\/\/fkzalgiris.lt\/","logo":{"@type":"ImageObject","inLanguage":"lt-LT","@id":"https:\/\/fkzalgiris.lt\/#\/schema\/logo\/image\/","url":"https:\/\/fkzalgiris.lt\/wp-content\/uploads\/2024\/01\/horiz-FK-Zalgiris-logo-2015.png","contentUrl":"https:\/\/fkzalgiris.lt\/wp-content\/uploads\/2024\/01\/horiz-FK-Zalgiris-logo-2015.png","width":3073,"height":2048,"caption":"FK \u017dalgiris"},"image":{"@id":"https:\/\/fkzalgiris.lt\/#\/schema\/logo\/image\/"},"sameAs":["https:\/\/www.facebook.com\/fkzalgiris\/","https:\/\/x.com\/fkzalgiris","https:\/\/www.instagram.com\/fkzalgiris\/","https:\/\/www.youtube.com\/channel\/UC1ag8JLxGirltMUoLlzfZLA"]},{"@type":"Person","@id":"https:\/\/fkzalgiris.lt\/#\/schema\/person\/1a5f07a0e55e2ff329320abdc2f2e953","name":"Paulius Jakelis"}]}},"_links":{"self":[{"href":"https:\/\/fkzalgiris.lt\/api\/wp\/v2\/posts\/2304","targetHints":{"allow":["GET"]}}],"collection":[{"href":"https:\/\/fkzalgiris.lt\/api\/wp\/v2\/posts"}],"about":[{"href":"https:\/\/fkzalgiris.lt\/api\/wp\/v2\/types\/post"}],"author":[{"embeddable":true,"href":"https:\/\/fkzalgiris.lt\/api\/wp\/v2\/users\/2"}],"replies":[{"embeddable":true,"href":"https:\/\/fkzalgiris.lt\/api\/wp\/v2\/comments?post=2304"}],"version-history":[{"count":8,"href":"https:\/\/fkzalgiris.lt\/api\/wp\/v2\/posts\/2304\/revisions"}],"predecessor-version":[{"id":2315,"href":"https:\/\/fkzalgiris.lt\/api\/wp\/v2\/posts\/2304\/revisions\/2315"}],"wp:attachment":[{"href":"https:\/\/fkzalgiris.lt\/api\/wp\/v2\/media?parent=2304"}],"wp:term":[{"taxonomy":"category","embeddable":true,"href":"https:\/\/fkzalgiris.lt\/api\/wp\/v2\/categories?post=2304"}],"curies":[{"name":"wp","href":"https:\/\/api.w.org\/{rel}","templated":true}]}}