{"id":2299,"date":"2020-05-27T13:18:25","date_gmt":"2020-05-27T10:18:25","guid":{"rendered":"https:\/\/fkzalgiris.lt\/?p=2299"},"modified":"2020-05-27T14:42:16","modified_gmt":"2020-05-27T11:42:16","slug":"m-kuklys-i-rungtynes-su-riteriais-visada-zengiame-su-papildomomis-emocijomis","status":"publish","type":"post","link":"https:\/\/fkzalgiris.lt\/m-kuklys-i-rungtynes-su-riteriais-visada-zengiame-su-papildomomis-emocijomis\/","title":{"rendered":"M. Kuklys: \u201e\u012e rungtynes su \u201eRiteriais\u201c visada \u017eengiame su papildomomis emocijomis\u201c"},"content":{"rendered":"<p>\u0160e\u0161tadienis \u2013 neeilin\u0117 diena lietuvi\u0161ko futbolo m\u0117g\u0117jams. Po daugiau kaip dviej\u0173 m\u0117nesi\u0173 pertraukos \u012f stadionus gr\u012f\u017eta A lyga, o pirmose rungtyn\u0117se Vilniuje \u012f aik\u0161t\u0119 i\u0161b\u0117gs ir susikaus Vilniaus \u201e\u017dalgirio\u201c ir \u201eRiteri\u0173\u201c futbolo klubai. Rungtyn\u0117s bus tiesiogiai transliuojamos internetu per \u201eDelfi TV\u201c.<\/p>\n<div class=\"embed-responsive embed-responsive-16by9 mb-4\"><iframe title=\"M. Kuklys: \u201e\u012e rungtynes su \u201eRiteriais\u201c visada \u017eengiame su papildomomis emocijomis\u201c\" src=\"https:\/\/www.youtube.com\/embed\/vthuoJVldVA?feature=oembed\" frameborder=\"0\" allow=\"accelerometer; autoplay; clipboard-write; encrypted-media; gyroscope; picture-in-picture; web-share\" referrerpolicy=\"strict-origin-when-cross-origin\" allowfullscreen><\/iframe> <\/div>\n<p>Vilniaus \u201e\u017dalgirio\u201c ir Lietuvos nacionalin\u0117s futbolo rinktin\u0117s saugas Mantas Kuklys sako, kad \u0161e\u0161tadien\u012f laukia sunki dvikova ir papildomo nusiteikimo komandai tikrai nereikia.<\/p>\n<p>\u201e\u012e rungtynes su \u201eRiteriais\u201c visada \u017eengiame su papildomomis emocijomis, nes \u201eRiteriai\u201c mums \u2013 principinis var\u017eovas. Mums tikrai nereikia ypatingai nusiteikti \u2013 komanda visada yra gerai pasiruo\u0161usi. Su jais visada b\u016bna sunku \u017eaisti, ir nemanau, kad \u0161\u012f kart\u0105 bus lengviau. Jie tikrai bus motyvuoti ir i\u0161eis pasiruo\u0161\u0119 \u017eaisti visu \u0161imtu procent\u0173 \u2013 tikrai bus labai sunku, nes tai pirmos rungtyn\u0117s po karantino\u201c, \u2013 sako M. Kuklys.<\/p>\n<p>Pra\u0117jus\u012f sezon\u0105 Vilniaus \u201e\u017dalgirio\u201c futbolininkai i\u0161 penkeri\u0173 rungtyni\u0173 su \u201eRiteriais\u201c laim\u0117jo tik vienas, dvejas su\u017eaid\u0117 lygiosiomis, o dvejose pergal\u0119 \u0161vent\u0117 \u201eRiteriai\u201c.<\/p>\n<p>Vilniaus \u201e\u017dalgirio\u201c futbolininkai pirm\u0105j\u0105 treniruot\u0119 po karantino paskelbimo sureng\u0117 baland\u017eio m\u0117nesio pabaigoje. M. Kuklys \u012fsitikin\u0119s, kad pasiruo\u0161ti rungtyn\u0117ms laiko buvo pakankamai.<\/p>\n<p>\u201eTur\u0117jome tikrai nema\u017eai laiko \u2013 beveik keturias savaites, ir tai yra pakankamas laikas. Gali tr\u016bkti \u017eaidybin\u0117s praktikos, nes netur\u0117jome var\u017eov\u0173, su kuriais gal\u0117tume su\u017eaisti draugi\u0161kas rungtynes. Bet vertindamas, kad tokia situacija yra visur, manau, kad esame neblogai pasiruo\u0161\u0119 ir visk\u0105 pamatysime \u0161e\u0161tadien\u012f\u201c, \u2013 sako M. Kuklys.<\/p>\n<p>Futbolininkas pasakoja, kad sunku analizuoti var\u017eov\u0173 taktik\u0105, nes jie yra su\u017eaid\u0119 tik vienas rungtynes: \u201e\u017di\u016br\u0117jome tik rungtynes, kurios buvo prie\u0161 karantin\u0105. (Red. pastaba. \u201eRiteriai\u201c rezultatu 0:3 pralaim\u0117jo \u201eKauno \u017dalgirio\u201c futbolo klubui.) Bet viskas kei\u010diasi, ir pasiruo\u0161imas dabar visai kitoks, nes tai pirmos tokios rungtyn\u0117s.\u201c<\/p>\n<p>Gegu\u017e\u0117s 30 d. rungtyn\u0117s vyks be \u017ei\u016brov\u0173. Anot M. Kuklio, visiems futbolininkams labai tr\u016bks \u201ePiet\u0173 IV\u201c palaikymo.<\/p>\n<p>\u201eMums tr\u016bks \u201ePiet\u0173 IV\u201c palaikymo. Bus keista \u017eaisti tu\u0161\u010diame stadione, kartais tai gali atrodyti kaip treniruo\u010di\u0173 pob\u016bd\u017eio rungtyn\u0117s, bet tokia yra situacija, ir visas pasaulis tai supranta \u2013 Lietuva ne i\u0161imtis. I\u0161 prad\u017ei\u0173 bus sunku, bet, manau, po savait\u0117s ar keli\u0173 viskas susitvarkys ir \u017emon\u0117s gal\u0117s gr\u012f\u017eti \u012f stadionus\u201c, \u2013 sako M. Kuklys.<\/p>\n<p>&nbsp;<\/p>\n<p>&nbsp;<\/p>\n","protected":false},"excerpt":{"rendered":"<p>\u0160e\u0161tadienis \u2013 neeilin\u0117 diena lietuvi\u0161ko futbolo m\u0117g\u0117jams. Po daugiau kaip dviej\u0173 m\u0117nesi\u0173 pertraukos \u012f stadionus gr\u012f\u017eta A lyga, o pirmose rungtyn\u0117se Vilniuje \u012f aik\u0161t\u0119 i\u0161b\u0117gs\u2026<\/p>\n","protected":false},"author":2,"featured_media":0,"comment_status":"closed","ping_status":"closed","sticky":false,"template":"","format":"standard","meta":{"_acf_changed":false,"footnotes":""},"categories":[87],"class_list":["post-2299","post","type-post","status-publish","format-standard","hentry","category-zalgiris"],"acf":[],"yoast_head":"<!-- This site is optimized with the Yoast SEO plugin v26.8 - https:\/\/yoast.com\/product\/yoast-seo-wordpress\/ -->\n<title>M. Kuklys: \u201e\u012e rungtynes su \u201eRiteriais\u201c visada \u017eengiame su papildomomis emocijomis\u201c - FK \u017dalgiris<\/title>\n<meta name=\"robots\" content=\"index, follow, max-snippet:-1, max-image-preview:large, max-video-preview:-1\" \/>\n<link rel=\"canonical\" href=\"https:\/\/fkzalgiris.lt\/m-kuklys-i-rungtynes-su-riteriais-visada-zengiame-su-papildomomis-emocijomis\/\" \/>\n<meta property=\"og:locale\" content=\"lt_LT\" \/>\n<meta property=\"og:type\" content=\"article\" \/>\n<meta property=\"og:title\" content=\"M. Kuklys: \u201e\u012e rungtynes su \u201eRiteriais\u201c visada \u017eengiame su papildomomis emocijomis\u201c - FK \u017dalgiris\" \/>\n<meta property=\"og:description\" content=\"\u0160e\u0161tadienis \u2013 neeilin\u0117 diena lietuvi\u0161ko futbolo m\u0117g\u0117jams. Po daugiau kaip dviej\u0173 m\u0117nesi\u0173 pertraukos \u012f stadionus gr\u012f\u017eta A lyga, o pirmose rungtyn\u0117se Vilniuje \u012f aik\u0161t\u0119 i\u0161b\u0117gs\u2026\" \/>\n<meta property=\"og:url\" content=\"https:\/\/fkzalgiris.lt\/m-kuklys-i-rungtynes-su-riteriais-visada-zengiame-su-papildomomis-emocijomis\/\" \/>\n<meta property=\"og:site_name\" content=\"FK \u017dalgiris\" \/>\n<meta property=\"article:publisher\" content=\"https:\/\/www.facebook.com\/fkzalgiris\/\" \/>\n<meta property=\"article:published_time\" content=\"2020-05-27T10:18:25+00:00\" \/>\n<meta property=\"article:modified_time\" content=\"2020-05-27T11:42:16+00:00\" \/>\n<meta property=\"og:image\" content=\"https:\/\/fkzalgiris.lt\/wp-content\/uploads\/2024\/02\/social-horiz_Zalgiris_logo_2024.png\" \/>\n\t<meta property=\"og:image:width\" content=\"3356\" \/>\n\t<meta property=\"og:image:height\" content=\"2259\" \/>\n\t<meta property=\"og:image:type\" content=\"image\/png\" \/>\n<meta name=\"author\" content=\"Paulius Jakelis\" \/>\n<meta name=\"twitter:card\" content=\"summary_large_image\" \/>\n<meta name=\"twitter:creator\" content=\"@fkzalgiris\" \/>\n<meta name=\"twitter:site\" content=\"@fkzalgiris\" \/>\n<meta name=\"twitter:label1\" content=\"Written by\" \/>\n\t<meta name=\"twitter:data1\" content=\"Paulius Jakelis\" \/>\n\t<meta name=\"twitter:label2\" content=\"Est. reading time\" \/>\n\t<meta name=\"twitter:data2\" content=\"2 minut\u0117s\" \/>\n<script type=\"application\/ld+json\" class=\"yoast-schema-graph\">{\"@context\":\"https:\/\/schema.org\",\"@graph\":[{\"@type\":\"Article\",\"@id\":\"https:\/\/fkzalgiris.lt\/m-kuklys-i-rungtynes-su-riteriais-visada-zengiame-su-papildomomis-emocijomis\/#article\",\"isPartOf\":{\"@id\":\"https:\/\/fkzalgiris.lt\/m-kuklys-i-rungtynes-su-riteriais-visada-zengiame-su-papildomomis-emocijomis\/\"},\"author\":{\"name\":\"Paulius Jakelis\",\"@id\":\"https:\/\/fkzalgiris.lt\/#\/schema\/person\/1a5f07a0e55e2ff329320abdc2f2e953\"},\"headline\":\"M. Kuklys: \u201e\u012e rungtynes su \u201eRiteriais\u201c visada \u017eengiame su papildomomis emocijomis\u201c\",\"datePublished\":\"2020-05-27T10:18:25+00:00\",\"dateModified\":\"2020-05-27T11:42:16+00:00\",\"mainEntityOfPage\":{\"@id\":\"https:\/\/fkzalgiris.lt\/m-kuklys-i-rungtynes-su-riteriais-visada-zengiame-su-papildomomis-emocijomis\/\"},\"wordCount\":394,\"publisher\":{\"@id\":\"https:\/\/fkzalgiris.lt\/#organization\"},\"articleSection\":[\"\u017dalgiris\"],\"inLanguage\":\"lt-LT\"},{\"@type\":\"WebPage\",\"@id\":\"https:\/\/fkzalgiris.lt\/m-kuklys-i-rungtynes-su-riteriais-visada-zengiame-su-papildomomis-emocijomis\/\",\"url\":\"https:\/\/fkzalgiris.lt\/m-kuklys-i-rungtynes-su-riteriais-visada-zengiame-su-papildomomis-emocijomis\/\",\"name\":\"M. Kuklys: \u201e\u012e rungtynes su \u201eRiteriais\u201c visada \u017eengiame su papildomomis emocijomis\u201c - FK \u017dalgiris\",\"isPartOf\":{\"@id\":\"https:\/\/fkzalgiris.lt\/#website\"},\"datePublished\":\"2020-05-27T10:18:25+00:00\",\"dateModified\":\"2020-05-27T11:42:16+00:00\",\"breadcrumb\":{\"@id\":\"https:\/\/fkzalgiris.lt\/m-kuklys-i-rungtynes-su-riteriais-visada-zengiame-su-papildomomis-emocijomis\/#breadcrumb\"},\"inLanguage\":\"lt-LT\",\"potentialAction\":[{\"@type\":\"ReadAction\",\"target\":[\"https:\/\/fkzalgiris.lt\/m-kuklys-i-rungtynes-su-riteriais-visada-zengiame-su-papildomomis-emocijomis\/\"]}]},{\"@type\":\"BreadcrumbList\",\"@id\":\"https:\/\/fkzalgiris.lt\/m-kuklys-i-rungtynes-su-riteriais-visada-zengiame-su-papildomomis-emocijomis\/#breadcrumb\",\"itemListElement\":[{\"@type\":\"ListItem\",\"position\":1,\"name\":\"Home\",\"item\":\"https:\/\/fkzalgiris.lt\/\"},{\"@type\":\"ListItem\",\"position\":2,\"name\":\"M. Kuklys: \u201e\u012e rungtynes su \u201eRiteriais\u201c visada \u017eengiame su papildomomis emocijomis\u201c\"}]},{\"@type\":\"WebSite\",\"@id\":\"https:\/\/fkzalgiris.lt\/#website\",\"url\":\"https:\/\/fkzalgiris.lt\/\",\"name\":\"FK \u017dalgiris\",\"description\":\"oficiali Vilniaus \u201e\u017dalgirio\u201c futbolo klubo svetain\u0117\",\"publisher\":{\"@id\":\"https:\/\/fkzalgiris.lt\/#organization\"},\"potentialAction\":[{\"@type\":\"SearchAction\",\"target\":{\"@type\":\"EntryPoint\",\"urlTemplate\":\"https:\/\/fkzalgiris.lt\/?s={search_term_string}\"},\"query-input\":{\"@type\":\"PropertyValueSpecification\",\"valueRequired\":true,\"valueName\":\"search_term_string\"}}],\"inLanguage\":\"lt-LT\"},{\"@type\":\"Organization\",\"@id\":\"https:\/\/fkzalgiris.lt\/#organization\",\"name\":\"FK \u017dalgiris\",\"url\":\"https:\/\/fkzalgiris.lt\/\",\"logo\":{\"@type\":\"ImageObject\",\"inLanguage\":\"lt-LT\",\"@id\":\"https:\/\/fkzalgiris.lt\/#\/schema\/logo\/image\/\",\"url\":\"https:\/\/fkzalgiris.lt\/wp-content\/uploads\/2024\/01\/horiz-FK-Zalgiris-logo-2015.png\",\"contentUrl\":\"https:\/\/fkzalgiris.lt\/wp-content\/uploads\/2024\/01\/horiz-FK-Zalgiris-logo-2015.png\",\"width\":3073,\"height\":2048,\"caption\":\"FK \u017dalgiris\"},\"image\":{\"@id\":\"https:\/\/fkzalgiris.lt\/#\/schema\/logo\/image\/\"},\"sameAs\":[\"https:\/\/www.facebook.com\/fkzalgiris\/\",\"https:\/\/x.com\/fkzalgiris\",\"https:\/\/www.instagram.com\/fkzalgiris\/\",\"https:\/\/www.youtube.com\/channel\/UC1ag8JLxGirltMUoLlzfZLA\"]},{\"@type\":\"Person\",\"@id\":\"https:\/\/fkzalgiris.lt\/#\/schema\/person\/1a5f07a0e55e2ff329320abdc2f2e953\",\"name\":\"Paulius Jakelis\"}]}<\/script>\n<!-- \/ Yoast SEO plugin. -->","yoast_head_json":{"title":"M. Kuklys: \u201e\u012e rungtynes su \u201eRiteriais\u201c visada \u017eengiame su papildomomis emocijomis\u201c - FK \u017dalgiris","robots":{"index":"index","follow":"follow","max-snippet":"max-snippet:-1","max-image-preview":"max-image-preview:large","max-video-preview":"max-video-preview:-1"},"canonical":"https:\/\/fkzalgiris.lt\/m-kuklys-i-rungtynes-su-riteriais-visada-zengiame-su-papildomomis-emocijomis\/","og_locale":"lt_LT","og_type":"article","og_title":"M. Kuklys: \u201e\u012e rungtynes su \u201eRiteriais\u201c visada \u017eengiame su papildomomis emocijomis\u201c - FK \u017dalgiris","og_description":"\u0160e\u0161tadienis \u2013 neeilin\u0117 diena lietuvi\u0161ko futbolo m\u0117g\u0117jams. Po daugiau kaip dviej\u0173 m\u0117nesi\u0173 pertraukos \u012f stadionus gr\u012f\u017eta A lyga, o pirmose rungtyn\u0117se Vilniuje \u012f aik\u0161t\u0119 i\u0161b\u0117gs\u2026","og_url":"https:\/\/fkzalgiris.lt\/m-kuklys-i-rungtynes-su-riteriais-visada-zengiame-su-papildomomis-emocijomis\/","og_site_name":"FK \u017dalgiris","article_publisher":"https:\/\/www.facebook.com\/fkzalgiris\/","article_published_time":"2020-05-27T10:18:25+00:00","article_modified_time":"2020-05-27T11:42:16+00:00","og_image":[{"width":3356,"height":2259,"url":"https:\/\/fkzalgiris.lt\/wp-content\/uploads\/2024\/02\/social-horiz_Zalgiris_logo_2024.png","type":"image\/png"}],"author":"Paulius Jakelis","twitter_card":"summary_large_image","twitter_creator":"@fkzalgiris","twitter_site":"@fkzalgiris","twitter_misc":{"Written by":"Paulius Jakelis","Est. reading time":"2 minut\u0117s"},"schema":{"@context":"https:\/\/schema.org","@graph":[{"@type":"Article","@id":"https:\/\/fkzalgiris.lt\/m-kuklys-i-rungtynes-su-riteriais-visada-zengiame-su-papildomomis-emocijomis\/#article","isPartOf":{"@id":"https:\/\/fkzalgiris.lt\/m-kuklys-i-rungtynes-su-riteriais-visada-zengiame-su-papildomomis-emocijomis\/"},"author":{"name":"Paulius Jakelis","@id":"https:\/\/fkzalgiris.lt\/#\/schema\/person\/1a5f07a0e55e2ff329320abdc2f2e953"},"headline":"M. Kuklys: \u201e\u012e rungtynes su \u201eRiteriais\u201c visada \u017eengiame su papildomomis emocijomis\u201c","datePublished":"2020-05-27T10:18:25+00:00","dateModified":"2020-05-27T11:42:16+00:00","mainEntityOfPage":{"@id":"https:\/\/fkzalgiris.lt\/m-kuklys-i-rungtynes-su-riteriais-visada-zengiame-su-papildomomis-emocijomis\/"},"wordCount":394,"publisher":{"@id":"https:\/\/fkzalgiris.lt\/#organization"},"articleSection":["\u017dalgiris"],"inLanguage":"lt-LT"},{"@type":"WebPage","@id":"https:\/\/fkzalgiris.lt\/m-kuklys-i-rungtynes-su-riteriais-visada-zengiame-su-papildomomis-emocijomis\/","url":"https:\/\/fkzalgiris.lt\/m-kuklys-i-rungtynes-su-riteriais-visada-zengiame-su-papildomomis-emocijomis\/","name":"M. Kuklys: \u201e\u012e rungtynes su \u201eRiteriais\u201c visada \u017eengiame su papildomomis emocijomis\u201c - FK \u017dalgiris","isPartOf":{"@id":"https:\/\/fkzalgiris.lt\/#website"},"datePublished":"2020-05-27T10:18:25+00:00","dateModified":"2020-05-27T11:42:16+00:00","breadcrumb":{"@id":"https:\/\/fkzalgiris.lt\/m-kuklys-i-rungtynes-su-riteriais-visada-zengiame-su-papildomomis-emocijomis\/#breadcrumb"},"inLanguage":"lt-LT","potentialAction":[{"@type":"ReadAction","target":["https:\/\/fkzalgiris.lt\/m-kuklys-i-rungtynes-su-riteriais-visada-zengiame-su-papildomomis-emocijomis\/"]}]},{"@type":"BreadcrumbList","@id":"https:\/\/fkzalgiris.lt\/m-kuklys-i-rungtynes-su-riteriais-visada-zengiame-su-papildomomis-emocijomis\/#breadcrumb","itemListElement":[{"@type":"ListItem","position":1,"name":"Home","item":"https:\/\/fkzalgiris.lt\/"},{"@type":"ListItem","position":2,"name":"M. Kuklys: \u201e\u012e rungtynes su \u201eRiteriais\u201c visada \u017eengiame su papildomomis emocijomis\u201c"}]},{"@type":"WebSite","@id":"https:\/\/fkzalgiris.lt\/#website","url":"https:\/\/fkzalgiris.lt\/","name":"FK \u017dalgiris","description":"oficiali Vilniaus \u201e\u017dalgirio\u201c futbolo klubo svetain\u0117","publisher":{"@id":"https:\/\/fkzalgiris.lt\/#organization"},"potentialAction":[{"@type":"SearchAction","target":{"@type":"EntryPoint","urlTemplate":"https:\/\/fkzalgiris.lt\/?s={search_term_string}"},"query-input":{"@type":"PropertyValueSpecification","valueRequired":true,"valueName":"search_term_string"}}],"inLanguage":"lt-LT"},{"@type":"Organization","@id":"https:\/\/fkzalgiris.lt\/#organization","name":"FK \u017dalgiris","url":"https:\/\/fkzalgiris.lt\/","logo":{"@type":"ImageObject","inLanguage":"lt-LT","@id":"https:\/\/fkzalgiris.lt\/#\/schema\/logo\/image\/","url":"https:\/\/fkzalgiris.lt\/wp-content\/uploads\/2024\/01\/horiz-FK-Zalgiris-logo-2015.png","contentUrl":"https:\/\/fkzalgiris.lt\/wp-content\/uploads\/2024\/01\/horiz-FK-Zalgiris-logo-2015.png","width":3073,"height":2048,"caption":"FK \u017dalgiris"},"image":{"@id":"https:\/\/fkzalgiris.lt\/#\/schema\/logo\/image\/"},"sameAs":["https:\/\/www.facebook.com\/fkzalgiris\/","https:\/\/x.com\/fkzalgiris","https:\/\/www.instagram.com\/fkzalgiris\/","https:\/\/www.youtube.com\/channel\/UC1ag8JLxGirltMUoLlzfZLA"]},{"@type":"Person","@id":"https:\/\/fkzalgiris.lt\/#\/schema\/person\/1a5f07a0e55e2ff329320abdc2f2e953","name":"Paulius Jakelis"}]}},"_links":{"self":[{"href":"https:\/\/fkzalgiris.lt\/api\/wp\/v2\/posts\/2299","targetHints":{"allow":["GET"]}}],"collection":[{"href":"https:\/\/fkzalgiris.lt\/api\/wp\/v2\/posts"}],"about":[{"href":"https:\/\/fkzalgiris.lt\/api\/wp\/v2\/types\/post"}],"author":[{"embeddable":true,"href":"https:\/\/fkzalgiris.lt\/api\/wp\/v2\/users\/2"}],"replies":[{"embeddable":true,"href":"https:\/\/fkzalgiris.lt\/api\/wp\/v2\/comments?post=2299"}],"version-history":[{"count":3,"href":"https:\/\/fkzalgiris.lt\/api\/wp\/v2\/posts\/2299\/revisions"}],"predecessor-version":[{"id":2303,"href":"https:\/\/fkzalgiris.lt\/api\/wp\/v2\/posts\/2299\/revisions\/2303"}],"wp:attachment":[{"href":"https:\/\/fkzalgiris.lt\/api\/wp\/v2\/media?parent=2299"}],"wp:term":[{"taxonomy":"category","embeddable":true,"href":"https:\/\/fkzalgiris.lt\/api\/wp\/v2\/categories?post=2299"}],"curies":[{"name":"wp","href":"https:\/\/api.w.org\/{rel}","templated":true}]}}