{"id":2285,"date":"2020-05-22T11:46:01","date_gmt":"2020-05-22T08:46:01","guid":{"rendered":"https:\/\/fkzalgiris.lt\/?p=2285"},"modified":"2020-05-22T12:19:08","modified_gmt":"2020-05-22T09:19:08","slug":"a-baga-apie-sumazejusi-a-lygos-rungtyniu-skaiciu-kruvis-bus-tikrai-didelis","status":"publish","type":"post","link":"https:\/\/fkzalgiris.lt\/a-baga-apie-sumazejusi-a-lygos-rungtyniu-skaiciu-kruvis-bus-tikrai-didelis\/","title":{"rendered":"A.Baga apie atsinaujinant\u012f sezon\u0105: \u201eKr\u016bvis bus tikrai didelis\u201c"},"content":{"rendered":"<p>Tre\u010diadien\u012f patvirtintas naujas A lygos tvarkara\u0161tis ir nuspr\u0119sta trumpinti jos \u010dempionato sezon\u0105. I\u0161 suplanuot\u0173 \u0161e\u0161i\u0173 rat\u0173 bus su\u017eaisti keturi. Vilniaus \u201e\u017dalgirio\u201c treneris Aliaksejus Baga nemano, kad d\u0117l suma\u017e\u0117jusio rungtyni\u0173 skai\u010diaus \u017eaid\u0117jai gaus ma\u017eiau prog\u0173 pasireik\u0161ti aik\u0161t\u0117je.<\/p>\n<p>\u201eReikia nepamir\u0161ti, kad dar bus \u017eaid\u017eiamos LFF taur\u0117s, Europos lygos var\u017eybos \u2013 nesvarbu, kokiu formatu vyks \u0161is turnyras. Be to, m\u016bs\u0173 komandoje yra \u017eaid\u0117j\u0173, kurie atstovauja ir Lietuvos nacionalinei rinktinei. Rungtyni\u0173 bus u\u017etektinai \u2013 visi tur\u0117s galimyb\u0119 pa\u017eaisti ir kr\u016bvis bus tikrai didelis\u201c, \u2013 sako Vilniaus \u201e\u017dalgirio\u201c strategas.<\/p>\n<p>A lygos antrojo turo rungtynes \u017ealgirie\u010diai po dviej\u0173 m\u0117nesi\u0173 pertraukos gegu\u017e\u0117s 30 d. namie \u017eais su \u201eRiteri\u0173\u201c klubu. Tre\u010diajame ture vilnie\u010diai Kaune susikaus su \u201eKauno \u017dalgirio\u201c futbolo klubu. Pirmoji dvikova su dabartiniais Lietuvos \u010dempionais Marijampol\u0117s \u201eS\u016bduvos\u201c futbolininkais vyks bir\u017eelio 20 d. Marijampol\u0117je.<\/p>\n<p>Lietuvos futbolo federacijos (LFF) Nepaprast\u0173 atvej\u0173 komitetas taip pat patvirtino penki\u0173 keitim\u0173 taisykl\u0119, kuri galios tik 2020\u20132021 m. sezone. A. Baga sako, kad toks sprendimas duos naudos futbolininkams.<\/p>\n<p>\u201eTikrai ne\u012fprasta situacija su penkiais keitimais, bet tur\u0117sime prie to prisitaikyti. Manau, kad profesionaliems futbolininkams tai bus naudinga, nes po tokios ilgos pertraukos yra didel\u0117 traum\u0173 rizika. Kitas svarbus dalykas \u2013 Lietuvoje beveik visos rungtyn\u0117s yra \u017eaid\u017eiamos ant sintetin\u0117s dangos, o tai yra papildomas kr\u016bvis s\u0105nariams ir raumenims. \u0160is pakeitimas tikrai i\u0161eis \u012f naud\u0105\u201c, \u2013 sako A. Baga.<\/p>\n<p><strong>VIDEO\u00a0<\/strong><\/p>\n<div class=\"embed-responsive embed-responsive-16by9 mb-4\"><iframe title=\"A.Baga apie atsinaujinant\u012f sezon\u0105: \u201eKr\u016bvis bus tikrai didelis\u201c\" src=\"https:\/\/www.youtube.com\/embed\/aEd0UMYKQ8c?feature=oembed\" frameborder=\"0\" allow=\"accelerometer; autoplay; clipboard-write; encrypted-media; gyroscope; picture-in-picture; web-share\" referrerpolicy=\"strict-origin-when-cross-origin\" allowfullscreen><\/iframe> <\/div>\n","protected":false},"excerpt":{"rendered":"<p>Tre\u010diadien\u012f patvirtintas naujas A lygos tvarkara\u0161tis ir nuspr\u0119sta trumpinti jos \u010dempionato sezon\u0105. I\u0161 suplanuot\u0173 \u0161e\u0161i\u0173 rat\u0173 bus su\u017eaisti keturi. Vilniaus \u201e\u017dalgirio\u201c treneris Aliaksejus Baga nemano,\u2026<\/p>\n","protected":false},"author":2,"featured_media":0,"comment_status":"closed","ping_status":"closed","sticky":false,"template":"","format":"standard","meta":{"_acf_changed":false,"footnotes":""},"categories":[87],"class_list":["post-2285","post","type-post","status-publish","format-standard","hentry","category-zalgiris"],"acf":[],"yoast_head":"<!-- This site is optimized with the Yoast SEO plugin v26.8 - https:\/\/yoast.com\/product\/yoast-seo-wordpress\/ -->\n<title>A.Baga apie atsinaujinant\u012f sezon\u0105: \u201eKr\u016bvis bus tikrai didelis\u201c - FK \u017dalgiris<\/title>\n<meta name=\"robots\" content=\"index, follow, max-snippet:-1, max-image-preview:large, max-video-preview:-1\" \/>\n<link rel=\"canonical\" href=\"https:\/\/fkzalgiris.lt\/a-baga-apie-sumazejusi-a-lygos-rungtyniu-skaiciu-kruvis-bus-tikrai-didelis\/\" \/>\n<meta property=\"og:locale\" content=\"lt_LT\" \/>\n<meta property=\"og:type\" content=\"article\" \/>\n<meta property=\"og:title\" content=\"A.Baga apie atsinaujinant\u012f sezon\u0105: \u201eKr\u016bvis bus tikrai didelis\u201c - FK \u017dalgiris\" \/>\n<meta property=\"og:description\" content=\"Tre\u010diadien\u012f patvirtintas naujas A lygos tvarkara\u0161tis ir nuspr\u0119sta trumpinti jos \u010dempionato sezon\u0105. I\u0161 suplanuot\u0173 \u0161e\u0161i\u0173 rat\u0173 bus su\u017eaisti keturi. Vilniaus \u201e\u017dalgirio\u201c treneris Aliaksejus Baga nemano,\u2026\" \/>\n<meta property=\"og:url\" content=\"https:\/\/fkzalgiris.lt\/a-baga-apie-sumazejusi-a-lygos-rungtyniu-skaiciu-kruvis-bus-tikrai-didelis\/\" \/>\n<meta property=\"og:site_name\" content=\"FK \u017dalgiris\" \/>\n<meta property=\"article:publisher\" content=\"https:\/\/www.facebook.com\/fkzalgiris\/\" \/>\n<meta property=\"article:published_time\" content=\"2020-05-22T08:46:01+00:00\" \/>\n<meta property=\"article:modified_time\" content=\"2020-05-22T09:19:08+00:00\" \/>\n<meta property=\"og:image\" content=\"https:\/\/fkzalgiris.lt\/wp-content\/uploads\/2024\/02\/social-horiz_Zalgiris_logo_2024.png\" \/>\n\t<meta property=\"og:image:width\" content=\"3356\" \/>\n\t<meta property=\"og:image:height\" content=\"2259\" \/>\n\t<meta property=\"og:image:type\" content=\"image\/png\" \/>\n<meta name=\"author\" content=\"Paulius Jakelis\" \/>\n<meta name=\"twitter:card\" content=\"summary_large_image\" \/>\n<meta name=\"twitter:creator\" content=\"@fkzalgiris\" \/>\n<meta name=\"twitter:site\" content=\"@fkzalgiris\" \/>\n<meta name=\"twitter:label1\" content=\"Written by\" \/>\n\t<meta name=\"twitter:data1\" content=\"Paulius Jakelis\" \/>\n\t<meta name=\"twitter:label2\" content=\"Est. reading time\" \/>\n\t<meta name=\"twitter:data2\" content=\"1 minut\u0117\" \/>\n<script type=\"application\/ld+json\" class=\"yoast-schema-graph\">{\"@context\":\"https:\/\/schema.org\",\"@graph\":[{\"@type\":\"Article\",\"@id\":\"https:\/\/fkzalgiris.lt\/a-baga-apie-sumazejusi-a-lygos-rungtyniu-skaiciu-kruvis-bus-tikrai-didelis\/#article\",\"isPartOf\":{\"@id\":\"https:\/\/fkzalgiris.lt\/a-baga-apie-sumazejusi-a-lygos-rungtyniu-skaiciu-kruvis-bus-tikrai-didelis\/\"},\"author\":{\"name\":\"Paulius Jakelis\",\"@id\":\"https:\/\/fkzalgiris.lt\/#\/schema\/person\/1a5f07a0e55e2ff329320abdc2f2e953\"},\"headline\":\"A.Baga apie atsinaujinant\u012f sezon\u0105: \u201eKr\u016bvis bus tikrai didelis\u201c\",\"datePublished\":\"2020-05-22T08:46:01+00:00\",\"dateModified\":\"2020-05-22T09:19:08+00:00\",\"mainEntityOfPage\":{\"@id\":\"https:\/\/fkzalgiris.lt\/a-baga-apie-sumazejusi-a-lygos-rungtyniu-skaiciu-kruvis-bus-tikrai-didelis\/\"},\"wordCount\":265,\"publisher\":{\"@id\":\"https:\/\/fkzalgiris.lt\/#organization\"},\"articleSection\":[\"\u017dalgiris\"],\"inLanguage\":\"lt-LT\"},{\"@type\":\"WebPage\",\"@id\":\"https:\/\/fkzalgiris.lt\/a-baga-apie-sumazejusi-a-lygos-rungtyniu-skaiciu-kruvis-bus-tikrai-didelis\/\",\"url\":\"https:\/\/fkzalgiris.lt\/a-baga-apie-sumazejusi-a-lygos-rungtyniu-skaiciu-kruvis-bus-tikrai-didelis\/\",\"name\":\"A.Baga apie atsinaujinant\u012f sezon\u0105: \u201eKr\u016bvis bus tikrai didelis\u201c - FK \u017dalgiris\",\"isPartOf\":{\"@id\":\"https:\/\/fkzalgiris.lt\/#website\"},\"datePublished\":\"2020-05-22T08:46:01+00:00\",\"dateModified\":\"2020-05-22T09:19:08+00:00\",\"breadcrumb\":{\"@id\":\"https:\/\/fkzalgiris.lt\/a-baga-apie-sumazejusi-a-lygos-rungtyniu-skaiciu-kruvis-bus-tikrai-didelis\/#breadcrumb\"},\"inLanguage\":\"lt-LT\",\"potentialAction\":[{\"@type\":\"ReadAction\",\"target\":[\"https:\/\/fkzalgiris.lt\/a-baga-apie-sumazejusi-a-lygos-rungtyniu-skaiciu-kruvis-bus-tikrai-didelis\/\"]}]},{\"@type\":\"BreadcrumbList\",\"@id\":\"https:\/\/fkzalgiris.lt\/a-baga-apie-sumazejusi-a-lygos-rungtyniu-skaiciu-kruvis-bus-tikrai-didelis\/#breadcrumb\",\"itemListElement\":[{\"@type\":\"ListItem\",\"position\":1,\"name\":\"Home\",\"item\":\"https:\/\/fkzalgiris.lt\/\"},{\"@type\":\"ListItem\",\"position\":2,\"name\":\"A.Baga apie atsinaujinant\u012f sezon\u0105: \u201eKr\u016bvis bus tikrai didelis\u201c\"}]},{\"@type\":\"WebSite\",\"@id\":\"https:\/\/fkzalgiris.lt\/#website\",\"url\":\"https:\/\/fkzalgiris.lt\/\",\"name\":\"FK \u017dalgiris\",\"description\":\"oficiali Vilniaus \u201e\u017dalgirio\u201c futbolo klubo svetain\u0117\",\"publisher\":{\"@id\":\"https:\/\/fkzalgiris.lt\/#organization\"},\"potentialAction\":[{\"@type\":\"SearchAction\",\"target\":{\"@type\":\"EntryPoint\",\"urlTemplate\":\"https:\/\/fkzalgiris.lt\/?s={search_term_string}\"},\"query-input\":{\"@type\":\"PropertyValueSpecification\",\"valueRequired\":true,\"valueName\":\"search_term_string\"}}],\"inLanguage\":\"lt-LT\"},{\"@type\":\"Organization\",\"@id\":\"https:\/\/fkzalgiris.lt\/#organization\",\"name\":\"FK \u017dalgiris\",\"url\":\"https:\/\/fkzalgiris.lt\/\",\"logo\":{\"@type\":\"ImageObject\",\"inLanguage\":\"lt-LT\",\"@id\":\"https:\/\/fkzalgiris.lt\/#\/schema\/logo\/image\/\",\"url\":\"https:\/\/fkzalgiris.lt\/wp-content\/uploads\/2024\/01\/horiz-FK-Zalgiris-logo-2015.png\",\"contentUrl\":\"https:\/\/fkzalgiris.lt\/wp-content\/uploads\/2024\/01\/horiz-FK-Zalgiris-logo-2015.png\",\"width\":3073,\"height\":2048,\"caption\":\"FK \u017dalgiris\"},\"image\":{\"@id\":\"https:\/\/fkzalgiris.lt\/#\/schema\/logo\/image\/\"},\"sameAs\":[\"https:\/\/www.facebook.com\/fkzalgiris\/\",\"https:\/\/x.com\/fkzalgiris\",\"https:\/\/www.instagram.com\/fkzalgiris\/\",\"https:\/\/www.youtube.com\/channel\/UC1ag8JLxGirltMUoLlzfZLA\"]},{\"@type\":\"Person\",\"@id\":\"https:\/\/fkzalgiris.lt\/#\/schema\/person\/1a5f07a0e55e2ff329320abdc2f2e953\",\"name\":\"Paulius Jakelis\"}]}<\/script>\n<!-- \/ Yoast SEO plugin. -->","yoast_head_json":{"title":"A.Baga apie atsinaujinant\u012f sezon\u0105: \u201eKr\u016bvis bus tikrai didelis\u201c - FK \u017dalgiris","robots":{"index":"index","follow":"follow","max-snippet":"max-snippet:-1","max-image-preview":"max-image-preview:large","max-video-preview":"max-video-preview:-1"},"canonical":"https:\/\/fkzalgiris.lt\/a-baga-apie-sumazejusi-a-lygos-rungtyniu-skaiciu-kruvis-bus-tikrai-didelis\/","og_locale":"lt_LT","og_type":"article","og_title":"A.Baga apie atsinaujinant\u012f sezon\u0105: \u201eKr\u016bvis bus tikrai didelis\u201c - FK \u017dalgiris","og_description":"Tre\u010diadien\u012f patvirtintas naujas A lygos tvarkara\u0161tis ir nuspr\u0119sta trumpinti jos \u010dempionato sezon\u0105. I\u0161 suplanuot\u0173 \u0161e\u0161i\u0173 rat\u0173 bus su\u017eaisti keturi. Vilniaus \u201e\u017dalgirio\u201c treneris Aliaksejus Baga nemano,\u2026","og_url":"https:\/\/fkzalgiris.lt\/a-baga-apie-sumazejusi-a-lygos-rungtyniu-skaiciu-kruvis-bus-tikrai-didelis\/","og_site_name":"FK \u017dalgiris","article_publisher":"https:\/\/www.facebook.com\/fkzalgiris\/","article_published_time":"2020-05-22T08:46:01+00:00","article_modified_time":"2020-05-22T09:19:08+00:00","og_image":[{"width":3356,"height":2259,"url":"https:\/\/fkzalgiris.lt\/wp-content\/uploads\/2024\/02\/social-horiz_Zalgiris_logo_2024.png","type":"image\/png"}],"author":"Paulius Jakelis","twitter_card":"summary_large_image","twitter_creator":"@fkzalgiris","twitter_site":"@fkzalgiris","twitter_misc":{"Written by":"Paulius Jakelis","Est. reading time":"1 minut\u0117"},"schema":{"@context":"https:\/\/schema.org","@graph":[{"@type":"Article","@id":"https:\/\/fkzalgiris.lt\/a-baga-apie-sumazejusi-a-lygos-rungtyniu-skaiciu-kruvis-bus-tikrai-didelis\/#article","isPartOf":{"@id":"https:\/\/fkzalgiris.lt\/a-baga-apie-sumazejusi-a-lygos-rungtyniu-skaiciu-kruvis-bus-tikrai-didelis\/"},"author":{"name":"Paulius Jakelis","@id":"https:\/\/fkzalgiris.lt\/#\/schema\/person\/1a5f07a0e55e2ff329320abdc2f2e953"},"headline":"A.Baga apie atsinaujinant\u012f sezon\u0105: \u201eKr\u016bvis bus tikrai didelis\u201c","datePublished":"2020-05-22T08:46:01+00:00","dateModified":"2020-05-22T09:19:08+00:00","mainEntityOfPage":{"@id":"https:\/\/fkzalgiris.lt\/a-baga-apie-sumazejusi-a-lygos-rungtyniu-skaiciu-kruvis-bus-tikrai-didelis\/"},"wordCount":265,"publisher":{"@id":"https:\/\/fkzalgiris.lt\/#organization"},"articleSection":["\u017dalgiris"],"inLanguage":"lt-LT"},{"@type":"WebPage","@id":"https:\/\/fkzalgiris.lt\/a-baga-apie-sumazejusi-a-lygos-rungtyniu-skaiciu-kruvis-bus-tikrai-didelis\/","url":"https:\/\/fkzalgiris.lt\/a-baga-apie-sumazejusi-a-lygos-rungtyniu-skaiciu-kruvis-bus-tikrai-didelis\/","name":"A.Baga apie atsinaujinant\u012f sezon\u0105: \u201eKr\u016bvis bus tikrai didelis\u201c - FK \u017dalgiris","isPartOf":{"@id":"https:\/\/fkzalgiris.lt\/#website"},"datePublished":"2020-05-22T08:46:01+00:00","dateModified":"2020-05-22T09:19:08+00:00","breadcrumb":{"@id":"https:\/\/fkzalgiris.lt\/a-baga-apie-sumazejusi-a-lygos-rungtyniu-skaiciu-kruvis-bus-tikrai-didelis\/#breadcrumb"},"inLanguage":"lt-LT","potentialAction":[{"@type":"ReadAction","target":["https:\/\/fkzalgiris.lt\/a-baga-apie-sumazejusi-a-lygos-rungtyniu-skaiciu-kruvis-bus-tikrai-didelis\/"]}]},{"@type":"BreadcrumbList","@id":"https:\/\/fkzalgiris.lt\/a-baga-apie-sumazejusi-a-lygos-rungtyniu-skaiciu-kruvis-bus-tikrai-didelis\/#breadcrumb","itemListElement":[{"@type":"ListItem","position":1,"name":"Home","item":"https:\/\/fkzalgiris.lt\/"},{"@type":"ListItem","position":2,"name":"A.Baga apie atsinaujinant\u012f sezon\u0105: \u201eKr\u016bvis bus tikrai didelis\u201c"}]},{"@type":"WebSite","@id":"https:\/\/fkzalgiris.lt\/#website","url":"https:\/\/fkzalgiris.lt\/","name":"FK \u017dalgiris","description":"oficiali Vilniaus \u201e\u017dalgirio\u201c futbolo klubo svetain\u0117","publisher":{"@id":"https:\/\/fkzalgiris.lt\/#organization"},"potentialAction":[{"@type":"SearchAction","target":{"@type":"EntryPoint","urlTemplate":"https:\/\/fkzalgiris.lt\/?s={search_term_string}"},"query-input":{"@type":"PropertyValueSpecification","valueRequired":true,"valueName":"search_term_string"}}],"inLanguage":"lt-LT"},{"@type":"Organization","@id":"https:\/\/fkzalgiris.lt\/#organization","name":"FK \u017dalgiris","url":"https:\/\/fkzalgiris.lt\/","logo":{"@type":"ImageObject","inLanguage":"lt-LT","@id":"https:\/\/fkzalgiris.lt\/#\/schema\/logo\/image\/","url":"https:\/\/fkzalgiris.lt\/wp-content\/uploads\/2024\/01\/horiz-FK-Zalgiris-logo-2015.png","contentUrl":"https:\/\/fkzalgiris.lt\/wp-content\/uploads\/2024\/01\/horiz-FK-Zalgiris-logo-2015.png","width":3073,"height":2048,"caption":"FK \u017dalgiris"},"image":{"@id":"https:\/\/fkzalgiris.lt\/#\/schema\/logo\/image\/"},"sameAs":["https:\/\/www.facebook.com\/fkzalgiris\/","https:\/\/x.com\/fkzalgiris","https:\/\/www.instagram.com\/fkzalgiris\/","https:\/\/www.youtube.com\/channel\/UC1ag8JLxGirltMUoLlzfZLA"]},{"@type":"Person","@id":"https:\/\/fkzalgiris.lt\/#\/schema\/person\/1a5f07a0e55e2ff329320abdc2f2e953","name":"Paulius Jakelis"}]}},"_links":{"self":[{"href":"https:\/\/fkzalgiris.lt\/api\/wp\/v2\/posts\/2285","targetHints":{"allow":["GET"]}}],"collection":[{"href":"https:\/\/fkzalgiris.lt\/api\/wp\/v2\/posts"}],"about":[{"href":"https:\/\/fkzalgiris.lt\/api\/wp\/v2\/types\/post"}],"author":[{"embeddable":true,"href":"https:\/\/fkzalgiris.lt\/api\/wp\/v2\/users\/2"}],"replies":[{"embeddable":true,"href":"https:\/\/fkzalgiris.lt\/api\/wp\/v2\/comments?post=2285"}],"version-history":[{"count":9,"href":"https:\/\/fkzalgiris.lt\/api\/wp\/v2\/posts\/2285\/revisions"}],"predecessor-version":[{"id":2295,"href":"https:\/\/fkzalgiris.lt\/api\/wp\/v2\/posts\/2285\/revisions\/2295"}],"wp:attachment":[{"href":"https:\/\/fkzalgiris.lt\/api\/wp\/v2\/media?parent=2285"}],"wp:term":[{"taxonomy":"category","embeddable":true,"href":"https:\/\/fkzalgiris.lt\/api\/wp\/v2\/categories?post=2285"}],"curies":[{"name":"wp","href":"https:\/\/api.w.org\/{rel}","templated":true}]}}