{"id":22754,"date":"2026-04-09T16:21:36","date_gmt":"2026-04-09T13:21:36","guid":{"rendered":"https:\/\/fkzalgiris.lt\/?p=22754"},"modified":"2026-04-09T18:29:59","modified_gmt":"2026-04-09T15:29:59","slug":"nauja-aistra-atrades-m-vareika-apie-lukescius-armeniska-virtuve-idealus-ir-svajone","status":"publish","type":"post","link":"https:\/\/fkzalgiris.lt\/nauja-aistra-atrades-m-vareika-apie-lukescius-armeniska-virtuve-idealus-ir-svajone\/","title":{"rendered":"Nauj\u0105 aistr\u0105 atrad\u0119s M.Vareika \u2013 apie l\u016bkes\u010dius, arm\u0117ni\u0161k\u0105 virtuv\u0119, idealus ir svajon\u0119"},"content":{"rendered":"<p><span style=\"font-weight: 400;\">Matas Vareika labai konkre\u010diai, nedaug\u017eod\u017eiaudamas kalba apie savo galimybes ir siekius futbole. O \u0161tai pasakodamas apie nauj\u0105 laisvalaikio pom\u0117g\u012f \u2013 stalo tenis\u0105, arba Arm\u0117nijos virtuv\u0119, Vilniaus \u201e\u017dalgirio\u201c futbolininkas atskleid\u017eia vis\u0105 savo i\u0161kalb\u0105, pagyvint\u0105 humoru.<\/span><\/p>\n<p><span style=\"font-weight: 400;\">\u201e\u012emu\u0161i ar ne\u012fmu\u0161i. Viskas labai paprasta. Jeigu \u012fmu\u0161ei \u2013 gerai, laim\u0117jome \u2013 gerai. Ne\u012fmu\u0161ei ir nelaim\u0117jome \u2013 blogai. A\u0161 manau, labai paprastas sportas \u2013 \u012fmu\u0161k, laim\u0117k, visi laimingi. O ne\u012fmu\u0161i \u2013 gausi \u017einu\u010di\u0173 <em>Instagrame<\/em>\u201c, \u2013 taip apie kriterijus, kuriais vertina savo \u017eaidim\u0105, sako po daugiau nei dvej\u0173 met\u0173 pertraukos \u012f FK \u201e\u017dalgiris\u201c sugr\u012f\u017e\u0119s 26-eri\u0173 saugas.<\/span><\/p>\n<p><span style=\"font-weight: 400;\">Jis \u0161\u012f sezon\u0105 jau sp\u0117jo pasirodyti aik\u0161t\u0117je per \u201eToplygos\u201c rungtynes Raudondvaryje su Kauno rajono \u201eHegelmann\u201c (\u017eaid\u0117 nuo 61 min.), ta\u010diau d\u0117l traumos buvo priverstas praleisti dvikov\u0105 Vilniuje su \u0161alies \u010dempionu \u201eKauno \u017dalgiriu\u201c.<\/span><\/p>\n<p><img loading=\"lazy\" decoding=\"async\" class=\"alignnone wp-image-22787\" src=\"https:\/\/fkzalgiris.lt\/wp-content\/uploads\/2026\/04\/55174713099_3e73c391f8_o-1024x682.jpg\" alt=\"\" width=\"650\" height=\"433\" srcset=\"https:\/\/fkzalgiris.lt\/wp-content\/uploads\/2026\/04\/55174713099_3e73c391f8_o-1024x682.jpg 1024w, https:\/\/fkzalgiris.lt\/wp-content\/uploads\/2026\/04\/55174713099_3e73c391f8_o-300x200.jpg 300w, https:\/\/fkzalgiris.lt\/wp-content\/uploads\/2026\/04\/55174713099_3e73c391f8_o-768x512.jpg 768w, https:\/\/fkzalgiris.lt\/wp-content\/uploads\/2026\/04\/55174713099_3e73c391f8_o-1536x1023.jpg 1536w, https:\/\/fkzalgiris.lt\/wp-content\/uploads\/2026\/04\/55174713099_3e73c391f8_o-2048x1365.jpg 2048w, https:\/\/fkzalgiris.lt\/wp-content\/uploads\/2026\/04\/55174713099_3e73c391f8_o-150x100.jpg 150w, https:\/\/fkzalgiris.lt\/wp-content\/uploads\/2026\/04\/55174713099_3e73c391f8_o-840x560.jpg 840w, https:\/\/fkzalgiris.lt\/wp-content\/uploads\/2026\/04\/55174713099_3e73c391f8_o-570x380.jpg 570w, https:\/\/fkzalgiris.lt\/wp-content\/uploads\/2026\/04\/55174713099_3e73c391f8_o-30x20.jpg 30w\" sizes=\"auto, (max-width: 650px) 100vw, 650px\" \/><\/p>\n<p><span style=\"font-weight: 400;\">Vis\u0105 pra\u0117jus\u012f sezon\u0105 ir \u0161i\u0173 met\u0173 prad\u017eioje M. Vareika rungtyniavo viename stipriausi\u0173 Arm\u0117nijos klub\u0173 Jerevano \u201ePyunik\u201c. Kovo m\u0117nes\u012f, prie\u0161 u\u017esidarant vadinamajam per\u0117jim\u0173 langui, FK \u201e\u017dalgiris\u201c i\u0161sinuomojo gerai pa\u017e\u012fstam\u0105 \u017eaid\u0117j\u0105, kuris Vilniaus ekipoje rungtyniavo nuo 2019 iki 2023 m., su ja triskart tapo \u0161alies \u010dempionu. Per 36 rungtynes tuomet\u0117je A lygoje su \u017ealiai-balta apranga jis pasi\u017eym\u0117jo penkiais \u012fvar\u010diais. Pirmuosius du peln\u0117 viename ma\u010de \u2013 2019 m. liepos 5 d. akistatoje su sostin\u0117s \u201eRiteriais\u201c. B\u016btent M. Vareikos tiksl\u016bs sm\u016bgiai t\u0105syk pad\u0117jo \u201e\u017dalgiriui\u201c i\u0161pl\u0117\u0161ti pergal\u0119 2:1.<\/span><\/p>\n<p><span style=\"font-weight: 400;\">\u201ePo t\u0173 rungtyni\u0173 \u201ePiet\u0173 IV\u201c skandavo \u2013 Matas Vareika. Tai visam gyvenimui \u012fstrigo\u201c, \u2013 sugr\u012f\u017e\u0119s \u012f FK \u201e\u017dalgiris\u201c prisimin\u0117 i\u0161 Jonavos kil\u0119s futbolininkas.<\/span><\/p>\n<p><span style=\"font-weight: 400;\">\u0160\u012fsyk \u012f pokalb\u012f prie\u0161 kameras M. Vareika at\u0117jo po atkaklios dvikovos su komandos draugu. \u201eKlube turime teniso stal\u0105. Prie jo tarp m\u016bs\u0173 vyksta labai ar\u0161ios kovos. At\u0117jau k\u0105 tik po pralaim\u0117jimo Pauliui (<\/span><i><span style=\"font-weight: 400;\">Golubickui<\/span><\/i><span style=\"font-weight: 400;\">), tai esu piktas. Tod\u0117l interviu gali b\u016bti agresyvus\u201c, \u2013 parei\u0161k\u0117 \u017ealgirietis ir \u0161yptel\u0117jo.<\/span><\/p>\n<p><b>\u2013 Matai, kas geriausias stalo tenisininkas \u201e\u017dalgiryje\u201c?<\/b><\/p>\n<p><span style=\"font-weight: 400;\">\u2013 A\u0161 geriausias. Bet kartais ir lazda i\u0161\u0161auna. Kaip Pauliukas i\u0161\u0161ov\u0117. Bet \u0161iaip a\u0161 save laikau geriausiu, vienareik\u0161mi\u0161kai.<\/span><\/p>\n<p><b>\u2013 Rezultatai tai rodo ar tik laikai save geriausiu?<\/b><\/p>\n<p><span style=\"font-weight: 400;\">\u2013 Nutyl\u0117sime \u0161it\u0105 fakt\u0105.<\/span><\/p>\n<p><b>\u2013 Ar \u017eaid\u017eiate i\u0161 ka\u017eko? Gal yra kokia nors susiformavusi tradicija?<\/b><\/p>\n<p><span style=\"font-weight: 400;\">\u2013 Yra. I\u0161 vakarien\u0117s \u017eaid\u0117me su gerbiamu vartininku Vincentu (\u0160arkausku). Tai galiu pasakyti \u2013 Vincentai, vakarien\u0117s lauksiu, a\u010di\u016b. Laim\u0117jau vakarien\u0119. Man didesn\u0117 motyvacija, kai \u017eaid\u017eiame i\u0161 ka\u017eko. Dabar su Pauliumi \u017eaid\u0117me \u0161iaip, tai pralaim\u0117jau. Bet kai jau reikia \u017eaisti i\u0161 vakarieni\u0173, a\u0161 \u012fjungiu \u017ev\u0117ries re\u017eim\u0105.<\/span><\/p>\n<p><b>\u2013 Ar stalo tenisas \u2013 antras m\u0117gstamiausias po futbolo sportas, ar dar \u017eaid\u017eiate ka\u017ek\u0105?<\/b><\/p>\n<p><span style=\"font-weight: 400;\">\u2013 \u010cia nauja aistra, nes stovi stalas, stovi var\u017eovas. Ko daugiau reikia? Daugiau n\u0117ra ka\u017eko \u0161alia. Futbolas ir stalo tenisas.<\/span><\/p>\n<p><b>\u2013 Tai pakalb\u0117kime apie futbol\u0105. Po sugr\u012f\u017eimo \u012f \u201e\u017dalgir\u012f\u201c jau sp\u0117jote apsivilkti aprang\u0105 ir \u012fb\u0117gti \u012f aik\u0161t\u0119. Koks jausmas?<\/b><\/p>\n<p><span style=\"font-weight: 400;\">\u2013 Na, kai nelaim\u0117jome, tai toks ir jausmelis. Pus\u0117tinas. \u0160iaip smagu sugr\u012f\u017eti.<\/span><\/p>\n<p><b>\u2013 Steb\u0117jote \u201e\u017dalgirio\u201c sezono start\u0105. Kaip j\u012f vertinate? Kok\u012f \u012fsp\u016bd\u012f susidar\u0117te apie komand\u0105, \u012f kuri\u0105 atvykote?<\/b><\/p>\n<p><span style=\"font-weight: 400;\">\u2013 Dvejop\u0105. Kaip ir gerai, bet kaip ir ka\u017eko norisi daugiau. Svarbiausia i\u0161 prad\u017ei\u0173 tuos ta\u0161kus susirinkti. Ai\u0161ku, ir \u017eaidim\u0105 reikia gerinti. Bet, manau, viskas, palaipsniui \u2013 po truput\u012f pasieksime tai, ko norime.<\/span><\/p>\n<p><b>\u2013 Potencialas didelis, reikia laiko?<\/b><\/p>\n<p><span style=\"font-weight: 400;\">\u2013 Taip, b\u016btent. Potencialas yra. Svarbu, kad yra i\u0161 ko daryti. Jeigu neb\u016bt\u0173 i\u0161 ko, tada jau kilt\u0173 problema. Dabar matau \u2013 yra i\u0161 ko.<\/span><\/p>\n<p><b>\u2013 Kod\u0117l trauk\u0117 \u017ei\u016br\u0117ti \u201e\u017dalgirio\u201c sezono start\u0105, nors tuo metu buvote dar kitos komandos dalis?<\/b><\/p>\n<p><span style=\"font-weight: 400;\">\u2013 Tai a\u0161 vis\u0105 laik\u0105 \u017ei\u016briu \u201e\u017dalgir\u012f\u201c. Tiesiog k\u0105 veikti tame u\u017esienyje? \u017di\u016briu \u201eToplyg\u0105\u201c, dar ir jos \u201eFantasy\u201c lygoje \u017eaid\u017eiu. Yra pas mane veik\u0117j\u0173, kurie man ta\u0161k\u0173 nene\u0161a. Pavard\u0117mis nemin\u0117siu. Gal pa\u010diam save jau reik\u0117s \u012ftraukt \u012f komand\u0105. Nebus tada k\u0105 kaltinti.<\/span><\/p>\n<p><b>\u2013 Ar tikrai Arm\u0117nijoje daugiau n\u0117ra k\u0105 veikti?<\/b><\/p>\n<p><span style=\"font-weight: 400;\">\u2013 Ai\u0161ku yra. Atva\u017eiuokite \u012f Arm\u0117nij\u0105 pavalgyti. Maistas&#8230;\u00a0 Lietuviams reikia truput\u012f patobul\u0117ti, lyginant su Arm\u0117nija. M\u0117syt\u0117 mink\u0161ta,<\/span><i><span style=\"font-weight: 400;\"> i\u0161grilinta<\/span><\/i><span style=\"font-weight: 400;\"> \u2013 de\u0161imt bal\u0173 i\u0161 de\u0161imties. Ko daugiau reikia, jeigu gera m\u0117sa?\u00a0 Arm\u0117ni\u0161ki \u0161a\u0161lykai \u2013 rim\u010diausi.<\/span><\/p>\n<p><b>\u2013 Su kuo j\u016bs\u0173 m\u0117gstamiausi\u0105 \u0161a\u0161lyk\u0105 patiekdavo Arm\u0117nijoje?<\/b><\/p>\n<p><span style=\"font-weight: 400;\">\u2013 Jie ten tok\u012f savo <\/span><i><span style=\"font-weight: 400;\">lava\u0161\u0105<\/span><\/i><span style=\"font-weight: 400;\"> turi. Tikrai geras. Bulvy\u010di\u0173 dar \u0161alia pasiimi ir viskas \u2013 kaip dievas s\u0117di, valgai.\u00a0 Kainos nesikand\u017eioja.<\/span><\/p>\n<p><span style=\"font-weight: 400;\">Kai \u010dia gr\u012f\u017eau, pama\u010diau kainas, ypa\u010d kuro, nesupratau, kur atsid\u016briau.<\/span><\/p>\n<p><b>\u2013 Tai dabar gal daug \u017eingsni\u0173 surenkate?<\/b><\/p>\n<p><span style=\"font-weight: 400;\">\u2013 Taip, daug. Jau gal paspirtuk\u0105 reik\u0117s pirkti. Su ma\u0161ina labai prabangiai gaunasi.<\/span><\/p>\n<p><b>\u2013 Nebent elektromobilis.<\/b><\/p>\n<p><span style=\"font-weight: 400;\">\u2013 Nepatinka man jie \u2013 garso n\u0117ra. Ne ma\u0161inos man tos <\/span><i><span style=\"font-weight: 400;\">teslos.<\/span><\/i><\/p>\n<p><b>\u2013 K\u0105, be valgymo, dar veikti Arm\u0117nijoje?<\/b><\/p>\n<p><span style=\"font-weight: 400;\">\u2013 Jerevanas \u2013 gra\u017eus miestas. Centre labai gra\u017eu, yra gra\u017ei\u0173 senovini\u0173 pastat\u0173, parkeli\u0173.<\/span><\/p>\n<p><span style=\"font-weight: 400;\">Bet kai pava\u017eiuoju toliau nuo centro, viskas atrodo tarsi sugr\u012f\u017eus 50 met\u0173 atgal. O centre viskas labai tvarkinga. Jeigu \u012f Arm\u0117nij\u0105 \u2013 \u012f centr\u0105 ir \u0161a\u0161lyk\u0173. Aplinkui neva\u017ein\u0117ti.<\/span><\/p>\n<p><b>\u2013 Kod\u0117l? Ten pavojinga?<\/b><\/p>\n<p><span style=\"font-weight: 400;\">\u2013 Ne. \u0160iaip \u017emon\u0117s superdraugi\u0161ki, ka\u017ekoki\u0173 incident\u0173 gatv\u0117se ar pana\u0161i\u0173 dalyk\u0173 n\u0117ra. \u0160alis \u2013 labai draugi\u0161ka, \u017emon\u0117s \u017eiauriai \u0161ilti. Patirtis man patiko.<\/span><\/p>\n<p><b>\u2013 O futbolininkus atpa\u017e\u012fsta \u2013 m\u0117gsta, gerbia?<\/b><\/p>\n<p><span style=\"font-weight: 400;\">\u2013 Jeigu u\u017esidedi trening\u0105 su klubo \u017eenklu \u2013 taip. Bet \u0161iaip tai ne, nelabai.<\/span><\/p>\n<p><b>\u2013 K\u0105 keis\u010diausio mat\u0117te Arm\u0117nijoje? Pava\u017eiavus tuos 50 kilometr\u0173 nuo centro?<\/b><\/p>\n<p><span style=\"font-weight: 400;\">\u2013 Karv\u0117s gatv\u0117mis vaik\u0161to, niekas j\u0173 nepri\u017ei\u016bri. Per\u0117jos n\u0117ra, bet sustoji praleisti karvut\u0119. Dar ka\u017ekada daug j\u0173 buvo, tai pastov\u0117jome, kol suvaik\u0161\u010diojo, nepajudinsi juk j\u0173.<\/span><\/p>\n<p><img loading=\"lazy\" decoding=\"async\" class=\"alignnone size-large wp-image-22788\" src=\"https:\/\/fkzalgiris.lt\/wp-content\/uploads\/2026\/04\/Vareika2-1024x515.png\" alt=\"\" width=\"1024\" height=\"515\" srcset=\"https:\/\/fkzalgiris.lt\/wp-content\/uploads\/2026\/04\/Vareika2-1024x515.png 1024w, https:\/\/fkzalgiris.lt\/wp-content\/uploads\/2026\/04\/Vareika2-300x151.png 300w, https:\/\/fkzalgiris.lt\/wp-content\/uploads\/2026\/04\/Vareika2-768x387.png 768w, https:\/\/fkzalgiris.lt\/wp-content\/uploads\/2026\/04\/Vareika2-1536x773.png 1536w, https:\/\/fkzalgiris.lt\/wp-content\/uploads\/2026\/04\/Vareika2-2048x1031.png 2048w, https:\/\/fkzalgiris.lt\/wp-content\/uploads\/2026\/04\/Vareika2-200x100.png 200w, https:\/\/fkzalgiris.lt\/wp-content\/uploads\/2026\/04\/Vareika2-30x15.png 30w\" sizes=\"auto, (max-width: 1024px) 100vw, 1024px\" \/><\/p>\n<p><b>\u2013 Kaip \u012fvyko j\u016bs\u0173 sugr\u012f\u017eimas \u012f \u201e\u017dalgir\u012f\u201c i\u0161 Arm\u0117nijos?<\/b><\/p>\n<p><span style=\"font-weight: 400;\">\u2013 Vienas skambutis ir gr\u012f\u017eau. Paklaus\u0117, ar noriu. Noriu. Ir viskas. \u0160iaip tas \u201enoriu\u201c \u2013 viena. Bet u\u017ekulisini\u0173 daug dalyk\u0173 buvo, kad pavykt\u0173 \u0161is atvykimas. Nema\u017eai reik\u0117jo \u012fd\u0117ti pastang\u0173, daug pokalbi\u0173 buvo, bet, svarbiausia, pavyko viskas.<\/span><\/p>\n<p><b>\u2013 Apsid\u017eiaug\u0117te,\u00a0 kai pavyko?<\/b><\/p>\n<p><span style=\"font-weight: 400;\">\u2013 \u017diauriai apsid\u017eiaugiau.<\/span><\/p>\n<p><b>\u2013 Turb\u016bt ir l\u016bkes\u010di\u0173 su jumis siejama nema\u017eai. Ar jau\u010diate tai? Juk buvote paskutinis komandos papildymas prie\u0161 u\u017esidarant per\u0117jim\u0173 langui.<\/b><\/p>\n<p><span style=\"font-weight: 400;\">\u2013 A\u0161 pats sau didelius l\u016bkes\u010dius turiu, tai man kit\u0173 l\u016bkes\u010diai nelabai \u012fdom\u016bs. Turiu j\u0173 daug, tai \u017ei\u016br\u0117sime.<\/span><\/p>\n<p><b>\u2013 Pagal kokius kriterijus save vertinate?<\/b><\/p>\n<p><span style=\"font-weight: 400;\">\u2013 \u012emu\u0161i ar ne\u012fmu\u0161i. Viskas labai paprasta. Jeigu \u012fmu\u0161ei \u2013 gerai, laim\u0117jome \u2013 gerai. Ne\u012fmu\u0161ei ir nelaim\u0117jome \u2013 blogai.<\/span><\/p>\n<p><span style=\"font-weight: 400;\">A\u0161 manau, labai paprastas sportas \u2013 \u012fmu\u0161k, laim\u0117k, visi bus laimingi. O ne\u012fmu\u0161i \u2013 gausi \u017einu\u010di\u0173 instagrame.<\/span><\/p>\n<p><b>\u2013 Pasigilinkime \u012f prisiminimus i\u0161 pirm\u0173 sezon\u0173 \u201e\u017dalgiryje\u201c. Vienas i\u0161 toki\u0173, apie kuriuos esate kalb\u0117j\u0119s \u2013 du \u012fvar\u010diai per vien\u0105 ma\u010d\u0105.<\/b><\/p>\n<p><span style=\"font-weight: 400;\">\u2013 Tai apskritai pirmieji mano \u012fvar\u010diai profesionaliame futbole.<\/span><\/p>\n<p><b>\u2013 Tada \u012f aik\u0161t\u0119 \u012f\u0117jote 71 minut\u0119. Koks buvo jausmas?<\/b><\/p>\n<p><span style=\"font-weight: 400;\">\u2013 Eiti \u012f aik\u0161t\u0119 jau nebuvo naujiena. \u012emu\u0161ti \u012fvart\u012f buvo naujiena.<\/span><\/p>\n<p><span style=\"font-weight: 400;\">Tuo metu mes pralaimin\u0117jome nulis vienas. Pagalvojau \u2013 viskas, reikia daryti ka\u017ek\u0105. Prie\u0161 einant \u012f aik\u0161t\u0119 treneris, o jis buvo rusakalbis, rusi\u0161kai pasak\u0117 \u2013 parodyk, k\u0105 gali. Tiek supratau. U\u017eteko, parod\u017eiau. \u012esp\u016bdinga diena buvo, nes \u012fmu\u0161ti pirm\u0105 \u012fvart\u012f vis tiek labai smagu. \u012esivaizduoju, taip yra kiekvienam \u2013 augi, lauki galimyb\u0117s profesionaliame futbole \u012fmu\u0161ti pirm\u0105 \u012fvart\u012f. O dar du \u012fkali, padarai i\u0161 0:1 \u012f 2:1, laimime. Fanai dar paskandavo.<\/span><\/p>\n<p><b>\u2013 Tada u\u017esimezg\u0117 j\u016bs\u0173 santykis su \u201ePiet\u0173 IV\u201c.<\/b><\/p>\n<p><span style=\"font-weight: 400;\">\u2013 Taip.<\/span><\/p>\n<p><b>\u2013 Sunku nusileisti kartais i\u0161 tos auk\u0161tumos, kai i\u0161eini, vien\u0105 \u012fmu\u0161i, antr\u0105.<\/b><\/p>\n<p><span style=\"font-weight: 400;\">\u05aa\u2013 Tai va. Su\u017eaidi tokias <\/span><i><span style=\"font-weight: 400;\">bombines<\/span><\/i><span style=\"font-weight: 400;\"> rungtynes, o kitose i\u0161eini \u2013 ir apie niek\u0105. V\u0117l gr\u012f\u017eti \u012f realyb\u0119, v\u0117l dirbi. Viskas labai greitai \u2013 i\u0161 vir\u0161aus \u012f apa\u010di\u0105.<\/span><\/p>\n<p><img loading=\"lazy\" decoding=\"async\" class=\"alignnone wp-image-22791\" src=\"https:\/\/fkzalgiris.lt\/wp-content\/uploads\/2026\/04\/foto-Elvis-Zaldaris-@elviszaldaris-zaldaris.lt-8-1024x683.jpg\" alt=\"\" width=\"650\" height=\"433\" srcset=\"https:\/\/fkzalgiris.lt\/wp-content\/uploads\/2026\/04\/foto-Elvis-Zaldaris-@elviszaldaris-zaldaris.lt-8-1024x683.jpg 1024w, https:\/\/fkzalgiris.lt\/wp-content\/uploads\/2026\/04\/foto-Elvis-Zaldaris-@elviszaldaris-zaldaris.lt-8-300x200.jpg 300w, https:\/\/fkzalgiris.lt\/wp-content\/uploads\/2026\/04\/foto-Elvis-Zaldaris-@elviszaldaris-zaldaris.lt-8-768x512.jpg 768w, https:\/\/fkzalgiris.lt\/wp-content\/uploads\/2026\/04\/foto-Elvis-Zaldaris-@elviszaldaris-zaldaris.lt-8-1536x1024.jpg 1536w, https:\/\/fkzalgiris.lt\/wp-content\/uploads\/2026\/04\/foto-Elvis-Zaldaris-@elviszaldaris-zaldaris.lt-8-150x100.jpg 150w, https:\/\/fkzalgiris.lt\/wp-content\/uploads\/2026\/04\/foto-Elvis-Zaldaris-@elviszaldaris-zaldaris.lt-8-840x560.jpg 840w, https:\/\/fkzalgiris.lt\/wp-content\/uploads\/2026\/04\/foto-Elvis-Zaldaris-@elviszaldaris-zaldaris.lt-8-570x380.jpg 570w, https:\/\/fkzalgiris.lt\/wp-content\/uploads\/2026\/04\/foto-Elvis-Zaldaris-@elviszaldaris-zaldaris.lt-8-30x20.jpg 30w, https:\/\/fkzalgiris.lt\/wp-content\/uploads\/2026\/04\/foto-Elvis-Zaldaris-@elviszaldaris-zaldaris.lt-8.jpg 2048w\" sizes=\"auto, (max-width: 650px) 100vw, 650px\" \/><\/p>\n<p><b>\u2013 Da\u017enai b\u016bna, kad \u017eaid\u0117jas tarsi lieka tose gerose rungtyn\u0117se. Tada kyla problem\u0173 d\u0117l charakterio, gal dar ka\u017eko.<\/b><\/p>\n<p><span style=\"font-weight: 400;\">\u2013 N\u0117ra laiko likti. Bet dar labai gerai, kad ne tik apa\u010dioje gali greitai atsidurti, bet gali ir i\u0161 apa\u010dios labai greitai \u012f vir\u0161\u0173 pakilti. Balansas yra.<\/span><\/p>\n<p><b>\u2013 Gr\u012f\u017etame \u012f dar ankstesnius laikus, vaikyst\u0117s futbol\u0105. Kaip jis atsirado gyvenime, kada prasid\u0117jo ir gim\u0117 ta svajon\u0117 pirm\u0105 \u012fvart\u012f \u012fmu\u0161ti?<\/b><\/p>\n<p><span style=\"font-weight: 400;\">\u2013 2008 metais, kai vyko Europos \u010dempionatas Austrijoje ir \u0160veicarijoje. Ispanai finale laim\u0117jo prie\u0161 vokie\u010dius. Tai mano pirmas pamatytas \u010dempionatas.<\/span><\/p>\n<p><b>\u2013 Pergaling\u0105 \u012fvart\u012f tada peln\u0117 Fernando Torresas.<\/b><\/p>\n<p><span style=\"font-weight: 400;\">\u2013 Taip. O jis \u2013 mano m\u0117gstamiausias \u017eaid\u0117jas. Taip viskas ir susid\u0117jo.<\/span><\/p>\n<p><span style=\"font-weight: 400;\">Kieme u\u017esimezg\u0117 tas futboliukas ir nuo ten prasid\u0117jo. Nu\u0117jau \u012f treniruotes Jonavoje ir viskas \u2013 \u017eaid\u017eiame futbol\u0105.<\/span><\/p>\n<p><b>\u2013 Koki\u0105 tur\u0117jote pirm\u0105 svajon\u0119 futbole? Pirmos da\u017eniausiai b\u016bna did\u017eiausios. Gal \u017eaisti ten, kur ir Fernando Torresas?<\/b><\/p>\n<p><span style=\"font-weight: 400;\">\u2013 Taip, pamatei Europos \u010dempionat\u0105 \u2013 viskas, \u017eaisi Europos \u010dempionate su Lietuva.<\/span><\/p>\n<p><b>\u2013 Ispanus tada palaik\u0117te nuo pat Europos \u010dempionato prad\u017eios?<\/b><\/p>\n<p><span style=\"font-weight: 400;\">\u2013 Tada, kai dar \u017ei\u016br\u0117jau, nieko ne\u017einojau. Ispanai laimi, Fernando Torresas \u012fmu\u0161a \u2013 viskas, a\u0161 ispanus palaikau, o Torresas \u2013 mano m\u0117gstamiausias \u017eaid\u0117jas.<\/span><\/p>\n<p><b>\u2013 Taip yra ir dabar?<\/b><\/p>\n<p><span style=\"font-weight: 400;\">\u2013 Dabar\u00a0 jau neturiu m\u0117gstamiausios rinktin\u0117s. Ir m\u0117gstamiausi\u0173 \u017eaid\u0117j\u0173 neb\u0117ra. Dabar \u017ei\u016briu, nes \u0161iaip \u012fdomu, bet ka\u017ek\u0105, kad palaiky\u010diau, tai tiktai klubiniame futbole. \u201eLiverpool\u201c palaikau.<\/span><\/p>\n<p><b>\u2013 Teko man ten neseniai b\u016bti, draugui \u0161alik\u0105 parve\u017eiau.<\/b><\/p>\n<p><span style=\"font-weight: 400;\">\u2013 A\u0161 irgi \u201eAnfielde\u201c buv\u0119s.<\/span><\/p>\n<p><b>\u2013 Koks jausmas ten? Mums reikia nacionalinio stadiono sulaukti ir toki\u0105 atmosfer\u0105 sukurti.<\/b><\/p>\n<p><span style=\"font-weight: 400;\">\u2013 Ten jau kitas lygis. A\u0161 net ne\u017einau, ar \u012fmanoma ka\u017ekada \u010dia mums pasiekti toki\u0105 atmosfer\u0105. Bet po truput\u012f reikia siekti ne\u012fmanomo, o pasieksi maksimum\u0105.<\/span><\/p>\n<p><b>\u2013 Na, jei apie 20 000 susirinkt\u0173 nacionaliniame stadione, jau \u0161is tas b\u016bt\u0173 vis tiek.<\/b><\/p>\n<p><span style=\"font-weight: 400;\">\u2013 Ar turime mes stadion\u0173 su 20 000 viet\u0173?<\/span><\/p>\n<p><b>\u2013 Bus apie 20 000 ateityje, dabar tai tikrai neturime.<\/b><\/p>\n<p><span style=\"font-weight: 400;\">\u2013 A\u0161 jau daug kart\u0173 gird\u0117j\u0119s, kad bus, tai ne\u017einau, ar tikrai bus.<\/span><\/p>\n<p><b>\u2013 A\u0161 dabar va\u017eiavau su taksistu, jam apie 60 met\u0173. Sak\u0117 atsimena, kai prad\u0117jo statyt 1987 metais.<\/b><\/p>\n<p><span style=\"font-weight: 400;\">\u2013 A\u0161 irgi gird\u0117j\u0119s t\u0173 istorij\u0173, kad statomas. Tikiuosi, pasistatys.<\/span><\/p>\n<p><b>\u2013 Taip, dabar jau intensyviai vyksta statybos. Numatyta 19 000 viet\u0173.<\/b><\/p>\n<p><span style=\"font-weight: 400;\">\u2013 Tai va \u2013 pirma pastatyti, tada u\u017epildyti ir u\u017epildytame laim\u0117ti. Viskas \u2013 planas ai\u0161kus.<\/span><\/p>\n<p><b>\u2013 Dar kalbant apie vaikyst\u0117s dievukus \u2013 Fernando Torresas n\u0117ra toks \u012fprastas pasirinkimas. Da\u017eniausiai \u017emon\u0117s rinkdavosi tarp Lionelio Messi ir Cristiano Ronaldo. O j\u016bs tur\u0117jote ka\u017ek\u0105 \u0161alia Torreso, ar laik\u0117te vieninteliu m\u0117gstamiausiu?<\/b><\/p>\n<p><span style=\"font-weight: 400;\">\u2013 Torresas vis\u0105laik patiko. O po to \u2013 kas \u201eLiverpool\u201c geriausiai \u017eaid\u017eia.\u00a0 Philippe Coutinho, Luisas Suarezas, Stevenas Gerrardas. Man pirmiau klubas, po to \u017eaid\u0117j\u0105 renkiesi i\u0161 to klubo.<\/span><\/p>\n<p><b>\u2013 O i\u0161 koki\u0173 futbolinink\u0173 mok\u0117t\u0117s?<\/b><\/p>\n<p><span style=\"font-weight: 400;\">\u2013 Kai \u201eYouTube\u201c atsirado, visi mes vaikai \u012fsijungdavome \u201eNeymar skills\u201c (Neymaro \u012fg\u016bd\u017eiai) ir \u017ei\u016br\u0117davome. Bet matai, kad k\u0105 jis ten padaro, nelabai tu padarysi. Taip buvo vaikyst\u0117je. Manau ir dabar visi \u012fsijungia ir \u017ei\u016bri \u201eRonaldo skills\u201c.<\/span><\/p>\n<p><b>\u2013 Gr\u012f\u017ekime prie \u201e\u017dalgirio\u201c. Aptar\u0117me, kad, kaip sakoma, yra neblogai, bet gali b\u016bti geriau. Kaip \u012fsivaizduojate, kiek gali b\u016bti geriau? K\u0105 Europoje galite nuveikti?<\/b><\/p>\n<p><span style=\"font-weight: 400;\">\u2013 Nuo burt\u0173 labiausiai priklauso. Po j\u0173 ir bus matyti. Eini, stengiesi kuo geriau, bet jeigu gauni <\/span><i><span style=\"font-weight: 400;\">monstri\u0161k\u0105 <\/span><\/i><span style=\"font-weight: 400;\">var\u017eov\u0105, kartais noro neu\u017etenka, jau klas\u0117s kartais pritr\u016bksta.<\/span><\/p>\n<p><span style=\"font-weight: 400;\">Nesuprantu, kai sako, kad\u00a0 va tikslas \u2013 du etapus praeiti. Reikia \u017ei\u016br\u0117ti pagal var\u017eov\u0105. Jeigu \u012fveikiamas \u2013 privalai \u012fveikti. Viskas \u010dia labai paprasta.<\/span><\/p>\n<p><b>\u2013 Bet kartais stipresn\u012f gauti net \u012fdomiau patikrinti j\u0117gas?<\/b><\/p>\n<p><span style=\"font-weight: 400;\">Be abejo. Stambulo \u201eGalatasaray\u201c kai buvo atva\u017eiav\u0119s. Vos <\/span><i><span style=\"font-weight: 400;\">nenune\u0161\u0117m<\/span><\/i><span style=\"font-weight: 400;\">. Stebukl\u0173 b\u016bna futbole. (<\/span><i><span style=\"font-weight: 400;\">2023 m. \u010cempion\u0173 lygos atrankoje \u201e\u017dalgiris\u201c namie su Stambulo klubu su\u017eaid\u0117 2:2, o sve\u010diuose pralaim\u0117jo 0:1<\/span><\/i><span style=\"font-weight: 400;\">).<\/span><\/p>\n<p><b>\u2013 Koks jausmas aik\u0161t\u0117je, kai tuo momentu jauti, kad va tuoj gali \u012fvykti stebuklas, bet vos vos tr\u016bksta.<\/b><\/p>\n<p><span style=\"font-weight: 400;\">\u2013 Tai va \u010dia ir blogiausia, kai jauti, kad gali b\u016bti, o ne\u012fvyksta. Nusivylimas didelis, skaud\u017eiausias. Kai lyg ir netoli, bet i\u0161 tikr\u0173j\u0173 toli.<\/p>\n<p>***<\/p>\n<p>\u201e\u017dalgiris\u201c kitas rungtynes \u017eais baland\u017eio 10 d. Vilniuje prie\u0161 \u201eRiterius\u201c, o baland\u017eio 17 d. susitiks su \u201eBanga\u201c. Bilietus \u012f pastar\u0105sias rungtynes galima \u012fsigyti <a href=\"https:\/\/kakava.lt\/renginys\/top-lygos-rungtynes-fk-zalgiris-gargzdu-banga\/12064\/24948\">Kakava.lt<\/a><\/p>\n<p><\/span><\/p>\n","protected":false},"excerpt":{"rendered":"<p>Matas Vareika labai konkre\u010diai, nedaug\u017eod\u017eiaudamas kalba apie savo galimybes ir siekius futbole. O \u0161tai pasakodamas apie nauj\u0105 laisvalaikio pom\u0117g\u012f \u2013 stalo tenis\u0105, arba Arm\u0117nijos virtuv\u0119,\u2026<\/p>\n","protected":false},"author":4,"featured_media":0,"comment_status":"closed","ping_status":"closed","sticky":false,"template":"","format":"standard","meta":{"_acf_changed":false,"footnotes":""},"categories":[87],"class_list":["post-22754","post","type-post","status-publish","format-standard","hentry","category-zalgiris"],"acf":[],"yoast_head":"<!-- This site is optimized with the Yoast SEO plugin v26.8 - https:\/\/yoast.com\/product\/yoast-seo-wordpress\/ -->\n<title>Nauj\u0105 aistr\u0105 atrad\u0119s M.Vareika \u2013 apie l\u016bkes\u010dius, arm\u0117ni\u0161k\u0105 virtuv\u0119, idealus ir svajon\u0119 - FK \u017dalgiris<\/title>\n<meta name=\"robots\" content=\"index, follow, max-snippet:-1, max-image-preview:large, max-video-preview:-1\" \/>\n<link rel=\"canonical\" href=\"https:\/\/fkzalgiris.lt\/nauja-aistra-atrades-m-vareika-apie-lukescius-armeniska-virtuve-idealus-ir-svajone\/\" \/>\n<meta property=\"og:locale\" content=\"lt_LT\" \/>\n<meta property=\"og:type\" content=\"article\" \/>\n<meta property=\"og:title\" content=\"Nauj\u0105 aistr\u0105 atrad\u0119s M.Vareika \u2013 apie l\u016bkes\u010dius, arm\u0117ni\u0161k\u0105 virtuv\u0119, idealus ir svajon\u0119 - FK \u017dalgiris\" \/>\n<meta property=\"og:description\" content=\"Matas Vareika labai konkre\u010diai, nedaug\u017eod\u017eiaudamas kalba apie savo galimybes ir siekius futbole. O \u0161tai pasakodamas apie nauj\u0105 laisvalaikio pom\u0117g\u012f \u2013 stalo tenis\u0105, arba Arm\u0117nijos virtuv\u0119,\u2026\" \/>\n<meta property=\"og:url\" content=\"https:\/\/fkzalgiris.lt\/nauja-aistra-atrades-m-vareika-apie-lukescius-armeniska-virtuve-idealus-ir-svajone\/\" \/>\n<meta property=\"og:site_name\" content=\"FK \u017dalgiris\" \/>\n<meta property=\"article:publisher\" content=\"https:\/\/www.facebook.com\/fkzalgiris\/\" \/>\n<meta property=\"article:published_time\" content=\"2026-04-09T13:21:36+00:00\" \/>\n<meta property=\"article:modified_time\" content=\"2026-04-09T15:29:59+00:00\" \/>\n<meta property=\"og:image\" content=\"https:\/\/fkzalgiris.lt\/wp-content\/uploads\/2026\/04\/55174713099_3e73c391f8_o-scaled.jpg\" \/>\n\t<meta property=\"og:image:width\" content=\"2560\" \/>\n\t<meta property=\"og:image:height\" content=\"1706\" \/>\n\t<meta property=\"og:image:type\" content=\"image\/jpeg\" \/>\n<meta name=\"author\" content=\"J\" \/>\n<meta name=\"twitter:card\" content=\"summary_large_image\" \/>\n<meta name=\"twitter:creator\" content=\"@fkzalgiris\" \/>\n<meta name=\"twitter:site\" content=\"@fkzalgiris\" \/>\n<meta name=\"twitter:label1\" content=\"Written by\" \/>\n\t<meta name=\"twitter:data1\" content=\"J\" \/>\n\t<meta name=\"twitter:label2\" content=\"Est. reading time\" \/>\n\t<meta name=\"twitter:data2\" content=\"10 minu\u010di\u0173\" \/>\n<script type=\"application\/ld+json\" class=\"yoast-schema-graph\">{\"@context\":\"https:\/\/schema.org\",\"@graph\":[{\"@type\":\"Article\",\"@id\":\"https:\/\/fkzalgiris.lt\/nauja-aistra-atrades-m-vareika-apie-lukescius-armeniska-virtuve-idealus-ir-svajone\/#article\",\"isPartOf\":{\"@id\":\"https:\/\/fkzalgiris.lt\/nauja-aistra-atrades-m-vareika-apie-lukescius-armeniska-virtuve-idealus-ir-svajone\/\"},\"author\":{\"name\":\"J\",\"@id\":\"https:\/\/fkzalgiris.lt\/#\/schema\/person\/8604babbba794a7d8767be324a3eaac8\"},\"headline\":\"Nauj\u0105 aistr\u0105 atrad\u0119s M.Vareika \u2013 apie l\u016bkes\u010dius, arm\u0117ni\u0161k\u0105 virtuv\u0119, idealus ir svajon\u0119\",\"datePublished\":\"2026-04-09T13:21:36+00:00\",\"dateModified\":\"2026-04-09T15:29:59+00:00\",\"mainEntityOfPage\":{\"@id\":\"https:\/\/fkzalgiris.lt\/nauja-aistra-atrades-m-vareika-apie-lukescius-armeniska-virtuve-idealus-ir-svajone\/\"},\"wordCount\":1955,\"publisher\":{\"@id\":\"https:\/\/fkzalgiris.lt\/#organization\"},\"image\":{\"@id\":\"https:\/\/fkzalgiris.lt\/nauja-aistra-atrades-m-vareika-apie-lukescius-armeniska-virtuve-idealus-ir-svajone\/#primaryimage\"},\"thumbnailUrl\":\"https:\/\/fkzalgiris.lt\/wp-content\/uploads\/2026\/04\/55174713099_3e73c391f8_o-1024x682.jpg\",\"articleSection\":[\"\u017dalgiris\"],\"inLanguage\":\"lt-LT\"},{\"@type\":\"WebPage\",\"@id\":\"https:\/\/fkzalgiris.lt\/nauja-aistra-atrades-m-vareika-apie-lukescius-armeniska-virtuve-idealus-ir-svajone\/\",\"url\":\"https:\/\/fkzalgiris.lt\/nauja-aistra-atrades-m-vareika-apie-lukescius-armeniska-virtuve-idealus-ir-svajone\/\",\"name\":\"Nauj\u0105 aistr\u0105 atrad\u0119s M.Vareika \u2013 apie l\u016bkes\u010dius, arm\u0117ni\u0161k\u0105 virtuv\u0119, idealus ir svajon\u0119 - FK \u017dalgiris\",\"isPartOf\":{\"@id\":\"https:\/\/fkzalgiris.lt\/#website\"},\"primaryImageOfPage\":{\"@id\":\"https:\/\/fkzalgiris.lt\/nauja-aistra-atrades-m-vareika-apie-lukescius-armeniska-virtuve-idealus-ir-svajone\/#primaryimage\"},\"image\":{\"@id\":\"https:\/\/fkzalgiris.lt\/nauja-aistra-atrades-m-vareika-apie-lukescius-armeniska-virtuve-idealus-ir-svajone\/#primaryimage\"},\"thumbnailUrl\":\"https:\/\/fkzalgiris.lt\/wp-content\/uploads\/2026\/04\/55174713099_3e73c391f8_o-1024x682.jpg\",\"datePublished\":\"2026-04-09T13:21:36+00:00\",\"dateModified\":\"2026-04-09T15:29:59+00:00\",\"breadcrumb\":{\"@id\":\"https:\/\/fkzalgiris.lt\/nauja-aistra-atrades-m-vareika-apie-lukescius-armeniska-virtuve-idealus-ir-svajone\/#breadcrumb\"},\"inLanguage\":\"lt-LT\",\"potentialAction\":[{\"@type\":\"ReadAction\",\"target\":[\"https:\/\/fkzalgiris.lt\/nauja-aistra-atrades-m-vareika-apie-lukescius-armeniska-virtuve-idealus-ir-svajone\/\"]}]},{\"@type\":\"ImageObject\",\"inLanguage\":\"lt-LT\",\"@id\":\"https:\/\/fkzalgiris.lt\/nauja-aistra-atrades-m-vareika-apie-lukescius-armeniska-virtuve-idealus-ir-svajone\/#primaryimage\",\"url\":\"https:\/\/fkzalgiris.lt\/wp-content\/uploads\/2026\/04\/55174713099_3e73c391f8_o-scaled.jpg\",\"contentUrl\":\"https:\/\/fkzalgiris.lt\/wp-content\/uploads\/2026\/04\/55174713099_3e73c391f8_o-scaled.jpg\",\"width\":2560,\"height\":1706},{\"@type\":\"BreadcrumbList\",\"@id\":\"https:\/\/fkzalgiris.lt\/nauja-aistra-atrades-m-vareika-apie-lukescius-armeniska-virtuve-idealus-ir-svajone\/#breadcrumb\",\"itemListElement\":[{\"@type\":\"ListItem\",\"position\":1,\"name\":\"Home\",\"item\":\"https:\/\/fkzalgiris.lt\/\"},{\"@type\":\"ListItem\",\"position\":2,\"name\":\"Nauj\u0105 aistr\u0105 atrad\u0119s M.Vareika \u2013 apie l\u016bkes\u010dius, arm\u0117ni\u0161k\u0105 virtuv\u0119, idealus ir svajon\u0119\"}]},{\"@type\":\"WebSite\",\"@id\":\"https:\/\/fkzalgiris.lt\/#website\",\"url\":\"https:\/\/fkzalgiris.lt\/\",\"name\":\"FK \u017dalgiris\",\"description\":\"oficiali Vilniaus \u201e\u017dalgirio\u201c futbolo klubo svetain\u0117\",\"publisher\":{\"@id\":\"https:\/\/fkzalgiris.lt\/#organization\"},\"potentialAction\":[{\"@type\":\"SearchAction\",\"target\":{\"@type\":\"EntryPoint\",\"urlTemplate\":\"https:\/\/fkzalgiris.lt\/?s={search_term_string}\"},\"query-input\":{\"@type\":\"PropertyValueSpecification\",\"valueRequired\":true,\"valueName\":\"search_term_string\"}}],\"inLanguage\":\"lt-LT\"},{\"@type\":\"Organization\",\"@id\":\"https:\/\/fkzalgiris.lt\/#organization\",\"name\":\"FK \u017dalgiris\",\"url\":\"https:\/\/fkzalgiris.lt\/\",\"logo\":{\"@type\":\"ImageObject\",\"inLanguage\":\"lt-LT\",\"@id\":\"https:\/\/fkzalgiris.lt\/#\/schema\/logo\/image\/\",\"url\":\"https:\/\/fkzalgiris.lt\/wp-content\/uploads\/2024\/01\/horiz-FK-Zalgiris-logo-2015.png\",\"contentUrl\":\"https:\/\/fkzalgiris.lt\/wp-content\/uploads\/2024\/01\/horiz-FK-Zalgiris-logo-2015.png\",\"width\":3073,\"height\":2048,\"caption\":\"FK \u017dalgiris\"},\"image\":{\"@id\":\"https:\/\/fkzalgiris.lt\/#\/schema\/logo\/image\/\"},\"sameAs\":[\"https:\/\/www.facebook.com\/fkzalgiris\/\",\"https:\/\/x.com\/fkzalgiris\",\"https:\/\/www.instagram.com\/fkzalgiris\/\",\"https:\/\/www.youtube.com\/channel\/UC1ag8JLxGirltMUoLlzfZLA\"]},{\"@type\":\"Person\",\"@id\":\"https:\/\/fkzalgiris.lt\/#\/schema\/person\/8604babbba794a7d8767be324a3eaac8\",\"name\":\"J\"}]}<\/script>\n<!-- \/ Yoast SEO plugin. -->","yoast_head_json":{"title":"Nauj\u0105 aistr\u0105 atrad\u0119s M.Vareika \u2013 apie l\u016bkes\u010dius, arm\u0117ni\u0161k\u0105 virtuv\u0119, idealus ir svajon\u0119 - FK \u017dalgiris","robots":{"index":"index","follow":"follow","max-snippet":"max-snippet:-1","max-image-preview":"max-image-preview:large","max-video-preview":"max-video-preview:-1"},"canonical":"https:\/\/fkzalgiris.lt\/nauja-aistra-atrades-m-vareika-apie-lukescius-armeniska-virtuve-idealus-ir-svajone\/","og_locale":"lt_LT","og_type":"article","og_title":"Nauj\u0105 aistr\u0105 atrad\u0119s M.Vareika \u2013 apie l\u016bkes\u010dius, arm\u0117ni\u0161k\u0105 virtuv\u0119, idealus ir svajon\u0119 - FK \u017dalgiris","og_description":"Matas Vareika labai konkre\u010diai, nedaug\u017eod\u017eiaudamas kalba apie savo galimybes ir siekius futbole. O \u0161tai pasakodamas apie nauj\u0105 laisvalaikio pom\u0117g\u012f \u2013 stalo tenis\u0105, arba Arm\u0117nijos virtuv\u0119,\u2026","og_url":"https:\/\/fkzalgiris.lt\/nauja-aistra-atrades-m-vareika-apie-lukescius-armeniska-virtuve-idealus-ir-svajone\/","og_site_name":"FK \u017dalgiris","article_publisher":"https:\/\/www.facebook.com\/fkzalgiris\/","article_published_time":"2026-04-09T13:21:36+00:00","article_modified_time":"2026-04-09T15:29:59+00:00","og_image":[{"width":2560,"height":1706,"url":"https:\/\/fkzalgiris.lt\/wp-content\/uploads\/2026\/04\/55174713099_3e73c391f8_o-scaled.jpg","type":"image\/jpeg"}],"author":"J","twitter_card":"summary_large_image","twitter_creator":"@fkzalgiris","twitter_site":"@fkzalgiris","twitter_misc":{"Written by":"J","Est. reading time":"10 minu\u010di\u0173"},"schema":{"@context":"https:\/\/schema.org","@graph":[{"@type":"Article","@id":"https:\/\/fkzalgiris.lt\/nauja-aistra-atrades-m-vareika-apie-lukescius-armeniska-virtuve-idealus-ir-svajone\/#article","isPartOf":{"@id":"https:\/\/fkzalgiris.lt\/nauja-aistra-atrades-m-vareika-apie-lukescius-armeniska-virtuve-idealus-ir-svajone\/"},"author":{"name":"J","@id":"https:\/\/fkzalgiris.lt\/#\/schema\/person\/8604babbba794a7d8767be324a3eaac8"},"headline":"Nauj\u0105 aistr\u0105 atrad\u0119s M.Vareika \u2013 apie l\u016bkes\u010dius, arm\u0117ni\u0161k\u0105 virtuv\u0119, idealus ir svajon\u0119","datePublished":"2026-04-09T13:21:36+00:00","dateModified":"2026-04-09T15:29:59+00:00","mainEntityOfPage":{"@id":"https:\/\/fkzalgiris.lt\/nauja-aistra-atrades-m-vareika-apie-lukescius-armeniska-virtuve-idealus-ir-svajone\/"},"wordCount":1955,"publisher":{"@id":"https:\/\/fkzalgiris.lt\/#organization"},"image":{"@id":"https:\/\/fkzalgiris.lt\/nauja-aistra-atrades-m-vareika-apie-lukescius-armeniska-virtuve-idealus-ir-svajone\/#primaryimage"},"thumbnailUrl":"https:\/\/fkzalgiris.lt\/wp-content\/uploads\/2026\/04\/55174713099_3e73c391f8_o-1024x682.jpg","articleSection":["\u017dalgiris"],"inLanguage":"lt-LT"},{"@type":"WebPage","@id":"https:\/\/fkzalgiris.lt\/nauja-aistra-atrades-m-vareika-apie-lukescius-armeniska-virtuve-idealus-ir-svajone\/","url":"https:\/\/fkzalgiris.lt\/nauja-aistra-atrades-m-vareika-apie-lukescius-armeniska-virtuve-idealus-ir-svajone\/","name":"Nauj\u0105 aistr\u0105 atrad\u0119s M.Vareika \u2013 apie l\u016bkes\u010dius, arm\u0117ni\u0161k\u0105 virtuv\u0119, idealus ir svajon\u0119 - FK \u017dalgiris","isPartOf":{"@id":"https:\/\/fkzalgiris.lt\/#website"},"primaryImageOfPage":{"@id":"https:\/\/fkzalgiris.lt\/nauja-aistra-atrades-m-vareika-apie-lukescius-armeniska-virtuve-idealus-ir-svajone\/#primaryimage"},"image":{"@id":"https:\/\/fkzalgiris.lt\/nauja-aistra-atrades-m-vareika-apie-lukescius-armeniska-virtuve-idealus-ir-svajone\/#primaryimage"},"thumbnailUrl":"https:\/\/fkzalgiris.lt\/wp-content\/uploads\/2026\/04\/55174713099_3e73c391f8_o-1024x682.jpg","datePublished":"2026-04-09T13:21:36+00:00","dateModified":"2026-04-09T15:29:59+00:00","breadcrumb":{"@id":"https:\/\/fkzalgiris.lt\/nauja-aistra-atrades-m-vareika-apie-lukescius-armeniska-virtuve-idealus-ir-svajone\/#breadcrumb"},"inLanguage":"lt-LT","potentialAction":[{"@type":"ReadAction","target":["https:\/\/fkzalgiris.lt\/nauja-aistra-atrades-m-vareika-apie-lukescius-armeniska-virtuve-idealus-ir-svajone\/"]}]},{"@type":"ImageObject","inLanguage":"lt-LT","@id":"https:\/\/fkzalgiris.lt\/nauja-aistra-atrades-m-vareika-apie-lukescius-armeniska-virtuve-idealus-ir-svajone\/#primaryimage","url":"https:\/\/fkzalgiris.lt\/wp-content\/uploads\/2026\/04\/55174713099_3e73c391f8_o-scaled.jpg","contentUrl":"https:\/\/fkzalgiris.lt\/wp-content\/uploads\/2026\/04\/55174713099_3e73c391f8_o-scaled.jpg","width":2560,"height":1706},{"@type":"BreadcrumbList","@id":"https:\/\/fkzalgiris.lt\/nauja-aistra-atrades-m-vareika-apie-lukescius-armeniska-virtuve-idealus-ir-svajone\/#breadcrumb","itemListElement":[{"@type":"ListItem","position":1,"name":"Home","item":"https:\/\/fkzalgiris.lt\/"},{"@type":"ListItem","position":2,"name":"Nauj\u0105 aistr\u0105 atrad\u0119s M.Vareika \u2013 apie l\u016bkes\u010dius, arm\u0117ni\u0161k\u0105 virtuv\u0119, idealus ir svajon\u0119"}]},{"@type":"WebSite","@id":"https:\/\/fkzalgiris.lt\/#website","url":"https:\/\/fkzalgiris.lt\/","name":"FK \u017dalgiris","description":"oficiali Vilniaus \u201e\u017dalgirio\u201c futbolo klubo svetain\u0117","publisher":{"@id":"https:\/\/fkzalgiris.lt\/#organization"},"potentialAction":[{"@type":"SearchAction","target":{"@type":"EntryPoint","urlTemplate":"https:\/\/fkzalgiris.lt\/?s={search_term_string}"},"query-input":{"@type":"PropertyValueSpecification","valueRequired":true,"valueName":"search_term_string"}}],"inLanguage":"lt-LT"},{"@type":"Organization","@id":"https:\/\/fkzalgiris.lt\/#organization","name":"FK \u017dalgiris","url":"https:\/\/fkzalgiris.lt\/","logo":{"@type":"ImageObject","inLanguage":"lt-LT","@id":"https:\/\/fkzalgiris.lt\/#\/schema\/logo\/image\/","url":"https:\/\/fkzalgiris.lt\/wp-content\/uploads\/2024\/01\/horiz-FK-Zalgiris-logo-2015.png","contentUrl":"https:\/\/fkzalgiris.lt\/wp-content\/uploads\/2024\/01\/horiz-FK-Zalgiris-logo-2015.png","width":3073,"height":2048,"caption":"FK \u017dalgiris"},"image":{"@id":"https:\/\/fkzalgiris.lt\/#\/schema\/logo\/image\/"},"sameAs":["https:\/\/www.facebook.com\/fkzalgiris\/","https:\/\/x.com\/fkzalgiris","https:\/\/www.instagram.com\/fkzalgiris\/","https:\/\/www.youtube.com\/channel\/UC1ag8JLxGirltMUoLlzfZLA"]},{"@type":"Person","@id":"https:\/\/fkzalgiris.lt\/#\/schema\/person\/8604babbba794a7d8767be324a3eaac8","name":"J"}]}},"_links":{"self":[{"href":"https:\/\/fkzalgiris.lt\/api\/wp\/v2\/posts\/22754","targetHints":{"allow":["GET"]}}],"collection":[{"href":"https:\/\/fkzalgiris.lt\/api\/wp\/v2\/posts"}],"about":[{"href":"https:\/\/fkzalgiris.lt\/api\/wp\/v2\/types\/post"}],"author":[{"embeddable":true,"href":"https:\/\/fkzalgiris.lt\/api\/wp\/v2\/users\/4"}],"replies":[{"embeddable":true,"href":"https:\/\/fkzalgiris.lt\/api\/wp\/v2\/comments?post=22754"}],"version-history":[{"count":10,"href":"https:\/\/fkzalgiris.lt\/api\/wp\/v2\/posts\/22754\/revisions"}],"predecessor-version":[{"id":22793,"href":"https:\/\/fkzalgiris.lt\/api\/wp\/v2\/posts\/22754\/revisions\/22793"}],"wp:attachment":[{"href":"https:\/\/fkzalgiris.lt\/api\/wp\/v2\/media?parent=22754"}],"wp:term":[{"taxonomy":"category","embeddable":true,"href":"https:\/\/fkzalgiris.lt\/api\/wp\/v2\/categories?post=22754"}],"curies":[{"name":"wp","href":"https:\/\/api.w.org\/{rel}","templated":true}]}}