{"id":22572,"date":"2026-04-05T21:02:19","date_gmt":"2026-04-05T18:02:19","guid":{"rendered":"https:\/\/fkzalgiris.lt\/?p=22572"},"modified":"2026-04-05T23:53:24","modified_gmt":"2026-04-05T20:53:24","slug":"rekordini-ziurovu-skaiciu-i-namu-stadiono-tribunas-sukvietes-vilniaus-zalgiris-neatsilaike-pries-salies-cempionus","status":"publish","type":"post","link":"https:\/\/fkzalgiris.lt\/rekordini-ziurovu-skaiciu-i-namu-stadiono-tribunas-sukvietes-vilniaus-zalgiris-neatsilaike-pries-salies-cempionus\/","title":{"rendered":"Rekordin\u012f \u017ei\u016brov\u0173 skai\u010di\u0173 \u012f nam\u0173 stadiono trib\u016bnas sukviet\u0119s Vilniaus \u201e\u017dalgiris\u201c neatsilaik\u0117 prie\u0161 \u0161alies \u010dempionus"},"content":{"rendered":"<p>Net 4644 \u017ei\u016brovai kone sausakim\u0161ai u\u017epild\u0117 Vilniaus \u201e\u017dalgirio\u201c nam\u0173 stadiono trib\u016bnas Velyk\u0173 vakar\u0105 vykusioje vilnie\u010di\u0173 akistatoje su \u201eKauno \u017dalgiriu\u201c. Tai \u2013 \u0161io sezono \u201eToplygos\u201c lankomumo rekordas.<\/p>\n<p>\u012esp\u016bdingoje atmosferoje vykusiame ma\u010de gaisr\u0173 netr\u016bko prie abej\u0173 vart\u0173, ta\u010diau progas \u012fvar\u010diais pavert\u0117 tik \u0161alies \u010dempion\u0173 titul\u0105 ginantys sve\u010diai, i\u0161kovoj\u0119 pergal\u0119 3:0 (1:0).<\/p>\n<p>Su\u017eaidus du pirmojo k\u0117linio tre\u010ddalius atak\u0173 viesul\u0105 \u012fsuko vilnie\u010diai, vien\u0105 po kito k\u016br\u0119 pavojingus momentus prie sve\u010di\u0173 vart\u0173. 36 min. kamuolys po FK \u201e\u017dalgiris\u201c saugo Giedriaus Matulevi\u010diaus sm\u016bgio ir riko\u0161eto atsimu\u0161\u0117 \u012f virpst\u0105.<\/p>\n<p>Per \u0161i\u0105 atkarp\u0105 \u201eKauno \u017dalgirio\u201c treneri\u0173 \u0161tabui teko atlikti keitim\u0105 \u2013 35 min. vietoj susi\u017eeidusio Grato Sirg\u0117do aik\u0161t\u0117je pasirod\u0117 Rokas Lekiatas.<\/p>\n<p>Atmu\u0161in\u0117dami \u0161eiminink\u0173 antpuolius sve\u010diai ne kart\u0105 k\u016br\u0117 kontratakas ir viena j\u0173 44 min. baig\u0117si \u012fvar\u010diu \u2013 po tikslaus Leo Ribeiro perdavimo pasi\u017eym\u0117jo Fabienas Ourega, nuginklav\u0119s pirm\u0105 kart\u0105 \u0161\u012f sezon\u0105 \u201e\u017dalgirio\u201c vartus oficialiame ma\u010de gynus\u012f Vincent\u0105 \u0160arkausk\u0105.<\/p>\n<p><img loading=\"lazy\" decoding=\"async\" class=\"alignnone wp-image-22575 \" src=\"https:\/\/fkzalgiris.lt\/wp-content\/uploads\/2026\/04\/foto-Elvis-Zaldaris-@elviszaldaris-zaldaris.lt-23.jpg\" alt=\"\" width=\"650\" height=\"433\" srcset=\"https:\/\/fkzalgiris.lt\/wp-content\/uploads\/2026\/04\/foto-Elvis-Zaldaris-@elviszaldaris-zaldaris.lt-23.jpg 2048w, https:\/\/fkzalgiris.lt\/wp-content\/uploads\/2026\/04\/foto-Elvis-Zaldaris-@elviszaldaris-zaldaris.lt-23-300x200.jpg 300w, https:\/\/fkzalgiris.lt\/wp-content\/uploads\/2026\/04\/foto-Elvis-Zaldaris-@elviszaldaris-zaldaris.lt-23-1024x683.jpg 1024w, https:\/\/fkzalgiris.lt\/wp-content\/uploads\/2026\/04\/foto-Elvis-Zaldaris-@elviszaldaris-zaldaris.lt-23-768x512.jpg 768w, https:\/\/fkzalgiris.lt\/wp-content\/uploads\/2026\/04\/foto-Elvis-Zaldaris-@elviszaldaris-zaldaris.lt-23-1536x1025.jpg 1536w, https:\/\/fkzalgiris.lt\/wp-content\/uploads\/2026\/04\/foto-Elvis-Zaldaris-@elviszaldaris-zaldaris.lt-23-150x100.jpg 150w, https:\/\/fkzalgiris.lt\/wp-content\/uploads\/2026\/04\/foto-Elvis-Zaldaris-@elviszaldaris-zaldaris.lt-23-840x560.jpg 840w, https:\/\/fkzalgiris.lt\/wp-content\/uploads\/2026\/04\/foto-Elvis-Zaldaris-@elviszaldaris-zaldaris.lt-23-570x380.jpg 570w, https:\/\/fkzalgiris.lt\/wp-content\/uploads\/2026\/04\/foto-Elvis-Zaldaris-@elviszaldaris-zaldaris.lt-23-30x20.jpg 30w\" sizes=\"auto, (max-width: 650px) 100vw, 650px\" \/><\/p>\n<p>Antras \u012fvartis \u012f Vilniaus komandos vartus krito i\u0161kart po pertraukos, antrojo k\u0117linio 18 sek. \u2013 Yukiyoshi Karashimos perdavimu pasinaudojo Amine\u2018as Benchaibas.<\/p>\n<p>57 min. dar vien\u0105 \u012fvart\u012f \u012f \u201eKauno \u017dalgirio\u201c s\u0105skait\u0105 \u012fra\u0161\u0117 L. Ribeiro.<\/p>\n<p>Netrukus vieno pagrindini\u0173 savo \u017eaid\u0117j\u0173 neteko FK \u201e\u017dalgiris\u201c \u2013 po susid\u016brimo su Aldayru Hernandezu rungtyni\u0173 t\u0119sti nebegal\u0117jo G. Matulevi\u010dius. J\u012f pakeit\u0117 Nemanja Mihajlovi\u010dius.<\/p>\n<p>Dar po keli\u0173 minu\u010di\u0173 Sabos Mamaca\u0161vilio sm\u016bgiuotas kamuolys liet\u0117 var\u017eovo koj\u0105 ir atsimu\u0161\u0117 \u012f \u201eKauno \u017dalgirio\u201c vart\u0173 virpst\u0105. \u0160eimininkai sureng\u0117 dar ne vien\u0105 atak\u0105, ta\u010diau pasi\u017eym\u0117ti jiems taip ir nepavyko.<\/p>\n<p>\u201ePirmiausia nor\u0117\u010diau pasveikinti visus su \u0161ventomis Velykomis ir pad\u0117koti taip gausiai susirinkusiems \u017ei\u016brovams bei m\u016bs\u0173 fanams u\u017e palaikym\u0105. Labai gaila, kad \u0161iandien nepavyko pasiekti teigiamo rezultato.<\/p>\n<p>Kalbant apie rungtynes, pirmojo k\u0117linio prad\u017eia buvo sunkesn\u0117, po to \u012fsi\u017eaid\u0117me. Ir tur\u0117jome kelet\u0105 moment\u0173. Ai\u0161ku, reikia stengtis i\u0161naudoti tokias progas. Labai apmaudus \u012fvartis buvo k\u0117linio pabaigoje, kai truput\u0117l\u012f nevykd\u0117me savo susitarim\u0173, var\u017eovai lengvai pab\u0117go ir \u012fmu\u0161\u0117 \u012fvart\u012f mums <em>\u012f r\u016bbin\u0119<\/em>.<\/p>\n<p>Antrojo k\u0117linio prad\u017eia \u2013 antras \u012fvartis. Ir tas antras \u012fvartis, negaliu sakyti, kad u\u017emu\u0161\u0117 mus, bet paveik\u0117 labai stipriai\u201c, \u2013 po rungtyni\u0173 apmaudo nesl\u0117p\u0117 Vilniaus komandos strategas Rolandas D\u017eiauk\u0161tas.<\/p>\n<p>\u012e pirm\u0105sias oficialias \u0161io sezono \u201e\u017dalgirio\u201c rungtynes nam\u0173 stadione susirinkusiems \u017ei\u016brovams prie\u0161 ma\u010d\u0105 ir per jo pertrauk\u0105 ant stadiono stogo koncert\u0105 sureng\u0117 grup\u0117 \u201eBiplan\u201c, gyvenimas vir\u0117 ir pramog\u0173 zonoje, kur tur\u0117jo k\u0105 veikti ir patys ma\u017eiausi futbolo stadiono lankytojai. Per pertrauk\u0105 buvo pagerbtas legendinis Vilniaus klubo futbolininkas Arminas Narbekovas. Jam simbolin\u0119 dovan\u0105 \u012fteik\u0117 FK \u201e\u017dalgiris\u201c prezidentas Andrius Tapinas.<\/p>\n<p>\u201eTai, kas \u0161iandien buvo sukurta u\u017e aik\u0161t\u0117s \u2013 fantastika, bet labai skaudu, kad mes neparodome, ko i\u0161 m\u016bs\u0173 laukia&#8221;, \u2013 sak\u0117 R. D\u017eiauk\u0161tas.<\/p>\n<p>\u201eNors \u017eaid\u0117me ir ne savo stadione, atmosfera buvo puiki\u201c, \u2013 po ma\u010do pripa\u017eino ir vienas sve\u010di\u0173 lyderi\u0173 L. Ribeiro.<\/p>\n<p><img loading=\"lazy\" decoding=\"async\" class=\"alignnone wp-image-22574 \" src=\"https:\/\/fkzalgiris.lt\/wp-content\/uploads\/2026\/04\/foto-Elvis-Zaldaris-@elviszaldaris-zaldaris.lt-1.jpg\" alt=\"\" width=\"650\" height=\"433\" srcset=\"https:\/\/fkzalgiris.lt\/wp-content\/uploads\/2026\/04\/foto-Elvis-Zaldaris-@elviszaldaris-zaldaris.lt-1.jpg 2048w, https:\/\/fkzalgiris.lt\/wp-content\/uploads\/2026\/04\/foto-Elvis-Zaldaris-@elviszaldaris-zaldaris.lt-1-300x200.jpg 300w, https:\/\/fkzalgiris.lt\/wp-content\/uploads\/2026\/04\/foto-Elvis-Zaldaris-@elviszaldaris-zaldaris.lt-1-1024x683.jpg 1024w, https:\/\/fkzalgiris.lt\/wp-content\/uploads\/2026\/04\/foto-Elvis-Zaldaris-@elviszaldaris-zaldaris.lt-1-768x512.jpg 768w, https:\/\/fkzalgiris.lt\/wp-content\/uploads\/2026\/04\/foto-Elvis-Zaldaris-@elviszaldaris-zaldaris.lt-1-1536x1024.jpg 1536w, https:\/\/fkzalgiris.lt\/wp-content\/uploads\/2026\/04\/foto-Elvis-Zaldaris-@elviszaldaris-zaldaris.lt-1-150x100.jpg 150w, https:\/\/fkzalgiris.lt\/wp-content\/uploads\/2026\/04\/foto-Elvis-Zaldaris-@elviszaldaris-zaldaris.lt-1-840x560.jpg 840w, https:\/\/fkzalgiris.lt\/wp-content\/uploads\/2026\/04\/foto-Elvis-Zaldaris-@elviszaldaris-zaldaris.lt-1-570x380.jpg 570w, https:\/\/fkzalgiris.lt\/wp-content\/uploads\/2026\/04\/foto-Elvis-Zaldaris-@elviszaldaris-zaldaris.lt-1-30x20.jpg 30w\" sizes=\"auto, (max-width: 650px) 100vw, 650px\" \/><\/p>\n<p>Po \u0161ios septintojo turo dvikovos \u201eToplygos\u201c lyderis \u201eKauno \u017dalgiris\u201c turi 19 ta\u0161k\u0173, o ketvirtoje vietoje \u017eengiantis FK \u201e\u017dalgiris\u201c yra surink\u0119s 10 ta\u0161k\u0173.<\/p>\n<p>Kitose \u201eToplygos\u201c rungtyn\u0117se Vilniaus \u201e\u017dalgiris\u201c baland\u017eio 10 d. irgi \u017eais savo nam\u0173 stadione su kita sostin\u0117s ekipa \u201eRiteriais\u201c. Tik \u0161\u012f kart\u0105 \u0161eiminink\u0173 teis\u0117s priklausys pastarajai komandai.<\/p>\n<p>Komand\u0173 sud\u0117tys:<\/p>\n<p>Vilniaus \u201e\u017dalgiris\u201c: Vincentas \u0160arkauskas, Petaras Bosan\u010di\u010dius, Jurijus Kendy\u0161as, Saba Mamaca\u0161vilis, Martynas \u0160etkus (81 min. Kajus Bi\u010dka), Grigore Turda, Marko Capanas (46 min. Ovidijus Verbickas), Paulius Golubickas, Giedrius Matulevi\u010dius (62 min. Nemanja Mihajlovi\u010dius), Deividas \u0160e\u0161plaukis (46 min. Bryanas Teixeira), Liviu Antalis (67 min. Nikola Petkovi\u010dius).<\/p>\n<p>\u201eKauno \u017dalgiris\u201c: Tomas \u0160vedkauskas, Nosa Edokpoloras, Aldayras Hernandezas, Joris Moutachy, Antonas Tolordava, Amine\u2018as Benchaibas, Motiejus Burba (70 min. Fiodoras \u010cernychas), Yukiyoshi Karashima (70 min. Franco Baldassarra), Fabienas Ourega (85 min. Damjanas Pavlovi\u010dius), Leo Ribeiro (70 min. Davis Ikauniekas), Gratas Sirg\u0117das (34 min. Rokas Lekiatas).<\/p>\n","protected":false},"excerpt":{"rendered":"<p>Net 4644 \u017ei\u016brovai kone sausakim\u0161ai u\u017epild\u0117 Vilniaus \u201e\u017dalgirio\u201c nam\u0173 stadiono trib\u016bnas Velyk\u0173 vakar\u0105 vykusioje vilnie\u010di\u0173 akistatoje su \u201eKauno \u017dalgiriu\u201c. Tai \u2013 \u0161io sezono \u201eToplygos\u201c lankomumo\u2026<\/p>\n","protected":false},"author":21,"featured_media":0,"comment_status":"closed","ping_status":"closed","sticky":false,"template":"","format":"standard","meta":{"_acf_changed":false,"footnotes":""},"categories":[132,87],"class_list":["post-22572","post","type-post","status-publish","format-standard","hentry","category-lyga","category-zalgiris"],"acf":[],"yoast_head":"<!-- This site is optimized with the Yoast SEO plugin v26.8 - https:\/\/yoast.com\/product\/yoast-seo-wordpress\/ -->\n<title>Rekordin\u012f \u017ei\u016brov\u0173 skai\u010di\u0173 \u012f nam\u0173 stadiono trib\u016bnas sukviet\u0119s Vilniaus \u201e\u017dalgiris\u201c neatsilaik\u0117 prie\u0161 \u0161alies \u010dempionus - FK \u017dalgiris<\/title>\n<meta name=\"robots\" content=\"index, follow, max-snippet:-1, max-image-preview:large, max-video-preview:-1\" \/>\n<link rel=\"canonical\" href=\"https:\/\/fkzalgiris.lt\/rekordini-ziurovu-skaiciu-i-namu-stadiono-tribunas-sukvietes-vilniaus-zalgiris-neatsilaike-pries-salies-cempionus\/\" \/>\n<meta property=\"og:locale\" content=\"lt_LT\" \/>\n<meta property=\"og:type\" content=\"article\" \/>\n<meta property=\"og:title\" content=\"Rekordin\u012f \u017ei\u016brov\u0173 skai\u010di\u0173 \u012f nam\u0173 stadiono trib\u016bnas sukviet\u0119s Vilniaus \u201e\u017dalgiris\u201c neatsilaik\u0117 prie\u0161 \u0161alies \u010dempionus - FK \u017dalgiris\" \/>\n<meta property=\"og:description\" content=\"Net 4644 \u017ei\u016brovai kone sausakim\u0161ai u\u017epild\u0117 Vilniaus \u201e\u017dalgirio\u201c nam\u0173 stadiono trib\u016bnas Velyk\u0173 vakar\u0105 vykusioje vilnie\u010di\u0173 akistatoje su \u201eKauno \u017dalgiriu\u201c. Tai \u2013 \u0161io sezono \u201eToplygos\u201c lankomumo\u2026\" \/>\n<meta property=\"og:url\" content=\"https:\/\/fkzalgiris.lt\/rekordini-ziurovu-skaiciu-i-namu-stadiono-tribunas-sukvietes-vilniaus-zalgiris-neatsilaike-pries-salies-cempionus\/\" \/>\n<meta property=\"og:site_name\" content=\"FK \u017dalgiris\" \/>\n<meta property=\"article:publisher\" content=\"https:\/\/www.facebook.com\/fkzalgiris\/\" \/>\n<meta property=\"article:published_time\" content=\"2026-04-05T18:02:19+00:00\" \/>\n<meta property=\"article:modified_time\" content=\"2026-04-05T20:53:24+00:00\" \/>\n<meta property=\"og:image\" content=\"https:\/\/fkzalgiris.lt\/wp-content\/uploads\/2026\/04\/foto-Elvis-Zaldaris-@elviszaldaris-zaldaris.lt-23-1024x683.jpg\" \/>\n\t<meta property=\"og:image:width\" content=\"1024\" \/>\n\t<meta property=\"og:image:height\" content=\"683\" \/>\n\t<meta property=\"og:image:type\" content=\"image\/jpeg\" \/>\n<meta name=\"author\" content=\"Vytenis Kazlauskas\" \/>\n<meta name=\"twitter:card\" content=\"summary_large_image\" \/>\n<meta name=\"twitter:creator\" content=\"@fkzalgiris\" \/>\n<meta name=\"twitter:site\" content=\"@fkzalgiris\" \/>\n<meta name=\"twitter:label1\" content=\"Written by\" \/>\n\t<meta name=\"twitter:data1\" content=\"Vytenis Kazlauskas\" \/>\n\t<meta name=\"twitter:label2\" content=\"Est. reading time\" \/>\n\t<meta name=\"twitter:data2\" content=\"4 minut\u0117s\" \/>\n<script type=\"application\/ld+json\" class=\"yoast-schema-graph\">{\"@context\":\"https:\/\/schema.org\",\"@graph\":[{\"@type\":\"Article\",\"@id\":\"https:\/\/fkzalgiris.lt\/rekordini-ziurovu-skaiciu-i-namu-stadiono-tribunas-sukvietes-vilniaus-zalgiris-neatsilaike-pries-salies-cempionus\/#article\",\"isPartOf\":{\"@id\":\"https:\/\/fkzalgiris.lt\/rekordini-ziurovu-skaiciu-i-namu-stadiono-tribunas-sukvietes-vilniaus-zalgiris-neatsilaike-pries-salies-cempionus\/\"},\"author\":{\"name\":\"Vytenis Kazlauskas\",\"@id\":\"https:\/\/fkzalgiris.lt\/#\/schema\/person\/4f9d803317bb1803c6736492969126dd\"},\"headline\":\"Rekordin\u012f \u017ei\u016brov\u0173 skai\u010di\u0173 \u012f nam\u0173 stadiono trib\u016bnas sukviet\u0119s Vilniaus \u201e\u017dalgiris\u201c neatsilaik\u0117 prie\u0161 \u0161alies \u010dempionus\",\"datePublished\":\"2026-04-05T18:02:19+00:00\",\"dateModified\":\"2026-04-05T20:53:24+00:00\",\"mainEntityOfPage\":{\"@id\":\"https:\/\/fkzalgiris.lt\/rekordini-ziurovu-skaiciu-i-namu-stadiono-tribunas-sukvietes-vilniaus-zalgiris-neatsilaike-pries-salies-cempionus\/\"},\"wordCount\":645,\"publisher\":{\"@id\":\"https:\/\/fkzalgiris.lt\/#organization\"},\"image\":{\"@id\":\"https:\/\/fkzalgiris.lt\/rekordini-ziurovu-skaiciu-i-namu-stadiono-tribunas-sukvietes-vilniaus-zalgiris-neatsilaike-pries-salies-cempionus\/#primaryimage\"},\"thumbnailUrl\":\"https:\/\/fkzalgiris.lt\/wp-content\/uploads\/2026\/04\/foto-Elvis-Zaldaris-@elviszaldaris-zaldaris.lt-23.jpg\",\"articleSection\":[\"Lyga\",\"\u017dalgiris\"],\"inLanguage\":\"lt-LT\"},{\"@type\":\"WebPage\",\"@id\":\"https:\/\/fkzalgiris.lt\/rekordini-ziurovu-skaiciu-i-namu-stadiono-tribunas-sukvietes-vilniaus-zalgiris-neatsilaike-pries-salies-cempionus\/\",\"url\":\"https:\/\/fkzalgiris.lt\/rekordini-ziurovu-skaiciu-i-namu-stadiono-tribunas-sukvietes-vilniaus-zalgiris-neatsilaike-pries-salies-cempionus\/\",\"name\":\"Rekordin\u012f \u017ei\u016brov\u0173 skai\u010di\u0173 \u012f nam\u0173 stadiono trib\u016bnas sukviet\u0119s Vilniaus \u201e\u017dalgiris\u201c neatsilaik\u0117 prie\u0161 \u0161alies \u010dempionus - FK \u017dalgiris\",\"isPartOf\":{\"@id\":\"https:\/\/fkzalgiris.lt\/#website\"},\"primaryImageOfPage\":{\"@id\":\"https:\/\/fkzalgiris.lt\/rekordini-ziurovu-skaiciu-i-namu-stadiono-tribunas-sukvietes-vilniaus-zalgiris-neatsilaike-pries-salies-cempionus\/#primaryimage\"},\"image\":{\"@id\":\"https:\/\/fkzalgiris.lt\/rekordini-ziurovu-skaiciu-i-namu-stadiono-tribunas-sukvietes-vilniaus-zalgiris-neatsilaike-pries-salies-cempionus\/#primaryimage\"},\"thumbnailUrl\":\"https:\/\/fkzalgiris.lt\/wp-content\/uploads\/2026\/04\/foto-Elvis-Zaldaris-@elviszaldaris-zaldaris.lt-23.jpg\",\"datePublished\":\"2026-04-05T18:02:19+00:00\",\"dateModified\":\"2026-04-05T20:53:24+00:00\",\"breadcrumb\":{\"@id\":\"https:\/\/fkzalgiris.lt\/rekordini-ziurovu-skaiciu-i-namu-stadiono-tribunas-sukvietes-vilniaus-zalgiris-neatsilaike-pries-salies-cempionus\/#breadcrumb\"},\"inLanguage\":\"lt-LT\",\"potentialAction\":[{\"@type\":\"ReadAction\",\"target\":[\"https:\/\/fkzalgiris.lt\/rekordini-ziurovu-skaiciu-i-namu-stadiono-tribunas-sukvietes-vilniaus-zalgiris-neatsilaike-pries-salies-cempionus\/\"]}]},{\"@type\":\"ImageObject\",\"inLanguage\":\"lt-LT\",\"@id\":\"https:\/\/fkzalgiris.lt\/rekordini-ziurovu-skaiciu-i-namu-stadiono-tribunas-sukvietes-vilniaus-zalgiris-neatsilaike-pries-salies-cempionus\/#primaryimage\",\"url\":\"https:\/\/fkzalgiris.lt\/wp-content\/uploads\/2026\/04\/foto-Elvis-Zaldaris-@elviszaldaris-zaldaris.lt-23.jpg\",\"contentUrl\":\"https:\/\/fkzalgiris.lt\/wp-content\/uploads\/2026\/04\/foto-Elvis-Zaldaris-@elviszaldaris-zaldaris.lt-23.jpg\",\"width\":2048,\"height\":1366},{\"@type\":\"BreadcrumbList\",\"@id\":\"https:\/\/fkzalgiris.lt\/rekordini-ziurovu-skaiciu-i-namu-stadiono-tribunas-sukvietes-vilniaus-zalgiris-neatsilaike-pries-salies-cempionus\/#breadcrumb\",\"itemListElement\":[{\"@type\":\"ListItem\",\"position\":1,\"name\":\"Home\",\"item\":\"https:\/\/fkzalgiris.lt\/\"},{\"@type\":\"ListItem\",\"position\":2,\"name\":\"Rekordin\u012f \u017ei\u016brov\u0173 skai\u010di\u0173 \u012f nam\u0173 stadiono trib\u016bnas sukviet\u0119s Vilniaus \u201e\u017dalgiris\u201c neatsilaik\u0117 prie\u0161 \u0161alies \u010dempionus\"}]},{\"@type\":\"WebSite\",\"@id\":\"https:\/\/fkzalgiris.lt\/#website\",\"url\":\"https:\/\/fkzalgiris.lt\/\",\"name\":\"FK \u017dalgiris\",\"description\":\"oficiali Vilniaus \u201e\u017dalgirio\u201c futbolo klubo svetain\u0117\",\"publisher\":{\"@id\":\"https:\/\/fkzalgiris.lt\/#organization\"},\"potentialAction\":[{\"@type\":\"SearchAction\",\"target\":{\"@type\":\"EntryPoint\",\"urlTemplate\":\"https:\/\/fkzalgiris.lt\/?s={search_term_string}\"},\"query-input\":{\"@type\":\"PropertyValueSpecification\",\"valueRequired\":true,\"valueName\":\"search_term_string\"}}],\"inLanguage\":\"lt-LT\"},{\"@type\":\"Organization\",\"@id\":\"https:\/\/fkzalgiris.lt\/#organization\",\"name\":\"FK \u017dalgiris\",\"url\":\"https:\/\/fkzalgiris.lt\/\",\"logo\":{\"@type\":\"ImageObject\",\"inLanguage\":\"lt-LT\",\"@id\":\"https:\/\/fkzalgiris.lt\/#\/schema\/logo\/image\/\",\"url\":\"https:\/\/fkzalgiris.lt\/wp-content\/uploads\/2024\/01\/horiz-FK-Zalgiris-logo-2015.png\",\"contentUrl\":\"https:\/\/fkzalgiris.lt\/wp-content\/uploads\/2024\/01\/horiz-FK-Zalgiris-logo-2015.png\",\"width\":3073,\"height\":2048,\"caption\":\"FK \u017dalgiris\"},\"image\":{\"@id\":\"https:\/\/fkzalgiris.lt\/#\/schema\/logo\/image\/\"},\"sameAs\":[\"https:\/\/www.facebook.com\/fkzalgiris\/\",\"https:\/\/x.com\/fkzalgiris\",\"https:\/\/www.instagram.com\/fkzalgiris\/\",\"https:\/\/www.youtube.com\/channel\/UC1ag8JLxGirltMUoLlzfZLA\"]},{\"@type\":\"Person\",\"@id\":\"https:\/\/fkzalgiris.lt\/#\/schema\/person\/4f9d803317bb1803c6736492969126dd\",\"name\":\"Vytenis Kazlauskas\"}]}<\/script>\n<!-- \/ Yoast SEO plugin. -->","yoast_head_json":{"title":"Rekordin\u012f \u017ei\u016brov\u0173 skai\u010di\u0173 \u012f nam\u0173 stadiono trib\u016bnas sukviet\u0119s Vilniaus \u201e\u017dalgiris\u201c neatsilaik\u0117 prie\u0161 \u0161alies \u010dempionus - FK \u017dalgiris","robots":{"index":"index","follow":"follow","max-snippet":"max-snippet:-1","max-image-preview":"max-image-preview:large","max-video-preview":"max-video-preview:-1"},"canonical":"https:\/\/fkzalgiris.lt\/rekordini-ziurovu-skaiciu-i-namu-stadiono-tribunas-sukvietes-vilniaus-zalgiris-neatsilaike-pries-salies-cempionus\/","og_locale":"lt_LT","og_type":"article","og_title":"Rekordin\u012f \u017ei\u016brov\u0173 skai\u010di\u0173 \u012f nam\u0173 stadiono trib\u016bnas sukviet\u0119s Vilniaus \u201e\u017dalgiris\u201c neatsilaik\u0117 prie\u0161 \u0161alies \u010dempionus - FK \u017dalgiris","og_description":"Net 4644 \u017ei\u016brovai kone sausakim\u0161ai u\u017epild\u0117 Vilniaus \u201e\u017dalgirio\u201c nam\u0173 stadiono trib\u016bnas Velyk\u0173 vakar\u0105 vykusioje vilnie\u010di\u0173 akistatoje su \u201eKauno \u017dalgiriu\u201c. Tai \u2013 \u0161io sezono \u201eToplygos\u201c lankomumo\u2026","og_url":"https:\/\/fkzalgiris.lt\/rekordini-ziurovu-skaiciu-i-namu-stadiono-tribunas-sukvietes-vilniaus-zalgiris-neatsilaike-pries-salies-cempionus\/","og_site_name":"FK \u017dalgiris","article_publisher":"https:\/\/www.facebook.com\/fkzalgiris\/","article_published_time":"2026-04-05T18:02:19+00:00","article_modified_time":"2026-04-05T20:53:24+00:00","og_image":[{"width":1024,"height":683,"url":"https:\/\/fkzalgiris.lt\/wp-content\/uploads\/2026\/04\/foto-Elvis-Zaldaris-@elviszaldaris-zaldaris.lt-23-1024x683.jpg","type":"image\/jpeg"}],"author":"Vytenis Kazlauskas","twitter_card":"summary_large_image","twitter_creator":"@fkzalgiris","twitter_site":"@fkzalgiris","twitter_misc":{"Written by":"Vytenis Kazlauskas","Est. reading time":"4 minut\u0117s"},"schema":{"@context":"https:\/\/schema.org","@graph":[{"@type":"Article","@id":"https:\/\/fkzalgiris.lt\/rekordini-ziurovu-skaiciu-i-namu-stadiono-tribunas-sukvietes-vilniaus-zalgiris-neatsilaike-pries-salies-cempionus\/#article","isPartOf":{"@id":"https:\/\/fkzalgiris.lt\/rekordini-ziurovu-skaiciu-i-namu-stadiono-tribunas-sukvietes-vilniaus-zalgiris-neatsilaike-pries-salies-cempionus\/"},"author":{"name":"Vytenis Kazlauskas","@id":"https:\/\/fkzalgiris.lt\/#\/schema\/person\/4f9d803317bb1803c6736492969126dd"},"headline":"Rekordin\u012f \u017ei\u016brov\u0173 skai\u010di\u0173 \u012f nam\u0173 stadiono trib\u016bnas sukviet\u0119s Vilniaus \u201e\u017dalgiris\u201c neatsilaik\u0117 prie\u0161 \u0161alies \u010dempionus","datePublished":"2026-04-05T18:02:19+00:00","dateModified":"2026-04-05T20:53:24+00:00","mainEntityOfPage":{"@id":"https:\/\/fkzalgiris.lt\/rekordini-ziurovu-skaiciu-i-namu-stadiono-tribunas-sukvietes-vilniaus-zalgiris-neatsilaike-pries-salies-cempionus\/"},"wordCount":645,"publisher":{"@id":"https:\/\/fkzalgiris.lt\/#organization"},"image":{"@id":"https:\/\/fkzalgiris.lt\/rekordini-ziurovu-skaiciu-i-namu-stadiono-tribunas-sukvietes-vilniaus-zalgiris-neatsilaike-pries-salies-cempionus\/#primaryimage"},"thumbnailUrl":"https:\/\/fkzalgiris.lt\/wp-content\/uploads\/2026\/04\/foto-Elvis-Zaldaris-@elviszaldaris-zaldaris.lt-23.jpg","articleSection":["Lyga","\u017dalgiris"],"inLanguage":"lt-LT"},{"@type":"WebPage","@id":"https:\/\/fkzalgiris.lt\/rekordini-ziurovu-skaiciu-i-namu-stadiono-tribunas-sukvietes-vilniaus-zalgiris-neatsilaike-pries-salies-cempionus\/","url":"https:\/\/fkzalgiris.lt\/rekordini-ziurovu-skaiciu-i-namu-stadiono-tribunas-sukvietes-vilniaus-zalgiris-neatsilaike-pries-salies-cempionus\/","name":"Rekordin\u012f \u017ei\u016brov\u0173 skai\u010di\u0173 \u012f nam\u0173 stadiono trib\u016bnas sukviet\u0119s Vilniaus \u201e\u017dalgiris\u201c neatsilaik\u0117 prie\u0161 \u0161alies \u010dempionus - FK \u017dalgiris","isPartOf":{"@id":"https:\/\/fkzalgiris.lt\/#website"},"primaryImageOfPage":{"@id":"https:\/\/fkzalgiris.lt\/rekordini-ziurovu-skaiciu-i-namu-stadiono-tribunas-sukvietes-vilniaus-zalgiris-neatsilaike-pries-salies-cempionus\/#primaryimage"},"image":{"@id":"https:\/\/fkzalgiris.lt\/rekordini-ziurovu-skaiciu-i-namu-stadiono-tribunas-sukvietes-vilniaus-zalgiris-neatsilaike-pries-salies-cempionus\/#primaryimage"},"thumbnailUrl":"https:\/\/fkzalgiris.lt\/wp-content\/uploads\/2026\/04\/foto-Elvis-Zaldaris-@elviszaldaris-zaldaris.lt-23.jpg","datePublished":"2026-04-05T18:02:19+00:00","dateModified":"2026-04-05T20:53:24+00:00","breadcrumb":{"@id":"https:\/\/fkzalgiris.lt\/rekordini-ziurovu-skaiciu-i-namu-stadiono-tribunas-sukvietes-vilniaus-zalgiris-neatsilaike-pries-salies-cempionus\/#breadcrumb"},"inLanguage":"lt-LT","potentialAction":[{"@type":"ReadAction","target":["https:\/\/fkzalgiris.lt\/rekordini-ziurovu-skaiciu-i-namu-stadiono-tribunas-sukvietes-vilniaus-zalgiris-neatsilaike-pries-salies-cempionus\/"]}]},{"@type":"ImageObject","inLanguage":"lt-LT","@id":"https:\/\/fkzalgiris.lt\/rekordini-ziurovu-skaiciu-i-namu-stadiono-tribunas-sukvietes-vilniaus-zalgiris-neatsilaike-pries-salies-cempionus\/#primaryimage","url":"https:\/\/fkzalgiris.lt\/wp-content\/uploads\/2026\/04\/foto-Elvis-Zaldaris-@elviszaldaris-zaldaris.lt-23.jpg","contentUrl":"https:\/\/fkzalgiris.lt\/wp-content\/uploads\/2026\/04\/foto-Elvis-Zaldaris-@elviszaldaris-zaldaris.lt-23.jpg","width":2048,"height":1366},{"@type":"BreadcrumbList","@id":"https:\/\/fkzalgiris.lt\/rekordini-ziurovu-skaiciu-i-namu-stadiono-tribunas-sukvietes-vilniaus-zalgiris-neatsilaike-pries-salies-cempionus\/#breadcrumb","itemListElement":[{"@type":"ListItem","position":1,"name":"Home","item":"https:\/\/fkzalgiris.lt\/"},{"@type":"ListItem","position":2,"name":"Rekordin\u012f \u017ei\u016brov\u0173 skai\u010di\u0173 \u012f nam\u0173 stadiono trib\u016bnas sukviet\u0119s Vilniaus \u201e\u017dalgiris\u201c neatsilaik\u0117 prie\u0161 \u0161alies \u010dempionus"}]},{"@type":"WebSite","@id":"https:\/\/fkzalgiris.lt\/#website","url":"https:\/\/fkzalgiris.lt\/","name":"FK \u017dalgiris","description":"oficiali Vilniaus \u201e\u017dalgirio\u201c futbolo klubo svetain\u0117","publisher":{"@id":"https:\/\/fkzalgiris.lt\/#organization"},"potentialAction":[{"@type":"SearchAction","target":{"@type":"EntryPoint","urlTemplate":"https:\/\/fkzalgiris.lt\/?s={search_term_string}"},"query-input":{"@type":"PropertyValueSpecification","valueRequired":true,"valueName":"search_term_string"}}],"inLanguage":"lt-LT"},{"@type":"Organization","@id":"https:\/\/fkzalgiris.lt\/#organization","name":"FK \u017dalgiris","url":"https:\/\/fkzalgiris.lt\/","logo":{"@type":"ImageObject","inLanguage":"lt-LT","@id":"https:\/\/fkzalgiris.lt\/#\/schema\/logo\/image\/","url":"https:\/\/fkzalgiris.lt\/wp-content\/uploads\/2024\/01\/horiz-FK-Zalgiris-logo-2015.png","contentUrl":"https:\/\/fkzalgiris.lt\/wp-content\/uploads\/2024\/01\/horiz-FK-Zalgiris-logo-2015.png","width":3073,"height":2048,"caption":"FK \u017dalgiris"},"image":{"@id":"https:\/\/fkzalgiris.lt\/#\/schema\/logo\/image\/"},"sameAs":["https:\/\/www.facebook.com\/fkzalgiris\/","https:\/\/x.com\/fkzalgiris","https:\/\/www.instagram.com\/fkzalgiris\/","https:\/\/www.youtube.com\/channel\/UC1ag8JLxGirltMUoLlzfZLA"]},{"@type":"Person","@id":"https:\/\/fkzalgiris.lt\/#\/schema\/person\/4f9d803317bb1803c6736492969126dd","name":"Vytenis Kazlauskas"}]}},"_links":{"self":[{"href":"https:\/\/fkzalgiris.lt\/api\/wp\/v2\/posts\/22572","targetHints":{"allow":["GET"]}}],"collection":[{"href":"https:\/\/fkzalgiris.lt\/api\/wp\/v2\/posts"}],"about":[{"href":"https:\/\/fkzalgiris.lt\/api\/wp\/v2\/types\/post"}],"author":[{"embeddable":true,"href":"https:\/\/fkzalgiris.lt\/api\/wp\/v2\/users\/21"}],"replies":[{"embeddable":true,"href":"https:\/\/fkzalgiris.lt\/api\/wp\/v2\/comments?post=22572"}],"version-history":[{"count":11,"href":"https:\/\/fkzalgiris.lt\/api\/wp\/v2\/posts\/22572\/revisions"}],"predecessor-version":[{"id":22587,"href":"https:\/\/fkzalgiris.lt\/api\/wp\/v2\/posts\/22572\/revisions\/22587"}],"wp:attachment":[{"href":"https:\/\/fkzalgiris.lt\/api\/wp\/v2\/media?parent=22572"}],"wp:term":[{"taxonomy":"category","embeddable":true,"href":"https:\/\/fkzalgiris.lt\/api\/wp\/v2\/categories?post=22572"}],"curies":[{"name":"wp","href":"https:\/\/api.w.org\/{rel}","templated":true}]}}