{"id":2242,"date":"2020-05-09T11:04:52","date_gmt":"2020-05-09T08:04:52","guid":{"rendered":"https:\/\/fkzalgiris.lt\/?p=2242"},"modified":"2020-05-09T12:22:37","modified_gmt":"2020-05-09T09:22:37","slug":"k-uzela-nori-zingti-dar-viena-zingsni-i-prieki","status":"publish","type":"post","link":"https:\/\/fkzalgiris.lt\/k-uzela-nori-zingti-dar-viena-zingsni-i-prieki\/","title":{"rendered":"K.Uz\u0117la nori \u017eengti dar vien\u0105 \u017eingsn\u012f \u012f priek\u012f\u00a0"},"content":{"rendered":"<h4>Pra\u0117jusi\u0173 met\u0173 vasar\u0105 i\u0161 Italijos SPAL klubo \u012f \u201e\u017dalgir\u012f\u201c sugr\u012f\u017e\u0119s Karolis Uz\u0117la \u0161iame sezone nesiruo\u0161ia sustoti.<\/h4>\n<p>Perspektyviam futbolininkui 2019-\u0173j\u0173 sezono antroji pus\u0117 buvo s\u0117kminga. Nors klubas netapo \u0161alies \u010dempionu, ta\u010diau tuomet dar 19-metis gavo daug \u017eaidybinio laiko ir netgi \u012fmu\u0161\u0117 \u012fvart\u012f UEFA Europos lygos turnyre.<\/p>\n<p>I\u0161bandytas \u012fvairiose pozicijose \u0161iemet Karolis jau\u010diasi u\u017esigr\u016bdin\u0119s ir nesibaimina didel\u0117s konkurencijos aik\u0161t\u0117s viduryje, kur d\u0117l minu\u010di\u0173 jam teks konkuruoti su Mantu Kukliu, Modestu Vorobjovu ir Domantu \u0160imkumi.<\/p>\n<p>\u201eB\u016bdamas akademijoje steb\u0117jau M. Kuklio \u017eaidim\u0105 ir juo \u017eav\u0117jausi. Tada jis buvo vienas mano ideal\u0173. Dabar turiu galimyb\u0119 rungtyniauti kartu. Jis man padeda savo patarimais, u\u017e k\u0105 esu labai d\u0117kingas. \u017dinau, kad d\u0117l vietos aik\u0161t\u0117je teks sunkiai kovoti treniruot\u0117se, ta\u010diau konkurencija yra reikalinga. Jos nesibaiminu ir tikiu savo galimyb\u0117mis\u201c, &#8211; fkzalgiris.lt pasakoja K. Uz\u0117la.<\/p>\n<p>Lietuvos futbolo federacijos geriausi\u0173j\u0173 apdovanojimuose K. Uz\u0117la buvo tarp kandidat\u0173 tapti geriausiu met\u0173 jaunuoju Lietuvos futbolininku. Tai \u2013 tarsi dar vienas \u012frodymas, kad \u017eaid\u0117jas yra teisingame kelyje.<\/p>\n<p>\u201eNors komandiniai tikslai visada yra svarbiausi, ta\u010diau meluo\u010diau sakydamas, kad man n\u0117ra malonu. \u017dinoma, smagu, kai tave \u012fvertina, bet tai nerei\u0161kia, kad jau ka\u017ek\u0105 \u012frod\u017eiau ir galiu sustoti. \u0160iemet norime i\u0161kovoti visus titulus, \u012frodyti, jog esame stipriausi Lietuvoje. Tai mano ir visos komandos motyvacija\u201c, &#8211; sako jis.<\/p>\n<p>Po pusantro m\u0117nesio trukusios pauz\u0117s \u017ealgirie\u010diai jau lieja prakait\u0105 treniruot\u0117se, kur komandai vadovauja baltarusis Aliaksejus Baga. \u0160io trenerio darbas jaunajam \u017ealgirie\u010diui labai imponuoja.<\/p>\n<p>\u201eNe veltui Baltarusijoje jis vadinamas treneriu \u201estand-up\u2018eriu\u201c. Tikrai palaiko labai ger\u0105 klimat\u0105 komandoje, m\u0117gsta pajuokauti, pabendrauti su \u017eaid\u0117jais. Manau, kad m\u016bs\u0173 kolektyvui puikiai sekasi atrasti bendr\u0105 kalb\u0105 su treneriu, o tai labai svarbu siekiant u\u017esibr\u0117\u017et\u0173 tiksl\u0173\u201c, &#8211; atvirauja saugas.<\/p>\n<p>Daugiau Karolio min\u010di\u0173 apie sezono start\u0105, tikslus, dabartin\u0119 situacij\u0105 ir rungtynes Europoje \u2013 video reporta\u017ee.<\/p>\n","protected":false},"excerpt":{"rendered":"<p>Pra\u0117jusi\u0173 met\u0173 vasar\u0105 i\u0161 Italijos SPAL klubo \u012f \u201e\u017dalgir\u012f\u201c sugr\u012f\u017e\u0119s Karolis Uz\u0117la \u0161iame sezone nesiruo\u0161ia sustoti. Perspektyviam futbolininkui 2019-\u0173j\u0173 sezono antroji pus\u0117 buvo s\u0117kminga. Nors\u2026<\/p>\n","protected":false},"author":2,"featured_media":0,"comment_status":"closed","ping_status":"closed","sticky":false,"template":"","format":"standard","meta":{"_acf_changed":false,"footnotes":""},"categories":[87],"class_list":["post-2242","post","type-post","status-publish","format-standard","hentry","category-zalgiris"],"acf":[],"yoast_head":"<!-- This site is optimized with the Yoast SEO plugin v26.8 - https:\/\/yoast.com\/product\/yoast-seo-wordpress\/ -->\n<title>K.Uz\u0117la nori \u017eengti dar vien\u0105 \u017eingsn\u012f \u012f priek\u012f\u00a0 - FK \u017dalgiris<\/title>\n<meta name=\"robots\" content=\"index, follow, max-snippet:-1, max-image-preview:large, max-video-preview:-1\" \/>\n<link rel=\"canonical\" href=\"https:\/\/fkzalgiris.lt\/k-uzela-nori-zingti-dar-viena-zingsni-i-prieki\/\" \/>\n<meta property=\"og:locale\" content=\"lt_LT\" \/>\n<meta property=\"og:type\" content=\"article\" \/>\n<meta property=\"og:title\" content=\"K.Uz\u0117la nori \u017eengti dar vien\u0105 \u017eingsn\u012f \u012f priek\u012f\u00a0 - FK \u017dalgiris\" \/>\n<meta property=\"og:description\" content=\"Pra\u0117jusi\u0173 met\u0173 vasar\u0105 i\u0161 Italijos SPAL klubo \u012f \u201e\u017dalgir\u012f\u201c sugr\u012f\u017e\u0119s Karolis Uz\u0117la \u0161iame sezone nesiruo\u0161ia sustoti. Perspektyviam futbolininkui 2019-\u0173j\u0173 sezono antroji pus\u0117 buvo s\u0117kminga. Nors\u2026\" \/>\n<meta property=\"og:url\" content=\"https:\/\/fkzalgiris.lt\/k-uzela-nori-zingti-dar-viena-zingsni-i-prieki\/\" \/>\n<meta property=\"og:site_name\" content=\"FK \u017dalgiris\" \/>\n<meta property=\"article:publisher\" content=\"https:\/\/www.facebook.com\/fkzalgiris\/\" \/>\n<meta property=\"article:published_time\" content=\"2020-05-09T08:04:52+00:00\" \/>\n<meta property=\"article:modified_time\" content=\"2020-05-09T09:22:37+00:00\" \/>\n<meta property=\"og:image\" content=\"https:\/\/fkzalgiris.lt\/wp-content\/uploads\/2024\/02\/social-horiz_Zalgiris_logo_2024.png\" \/>\n\t<meta property=\"og:image:width\" content=\"3356\" \/>\n\t<meta property=\"og:image:height\" content=\"2259\" \/>\n\t<meta property=\"og:image:type\" content=\"image\/png\" \/>\n<meta name=\"author\" content=\"Paulius Jakelis\" \/>\n<meta name=\"twitter:card\" content=\"summary_large_image\" \/>\n<meta name=\"twitter:creator\" content=\"@fkzalgiris\" \/>\n<meta name=\"twitter:site\" content=\"@fkzalgiris\" \/>\n<meta name=\"twitter:label1\" content=\"Written by\" \/>\n\t<meta name=\"twitter:data1\" content=\"Paulius Jakelis\" \/>\n\t<meta name=\"twitter:label2\" content=\"Est. reading time\" \/>\n\t<meta name=\"twitter:data2\" content=\"2 minut\u0117s\" \/>\n<script type=\"application\/ld+json\" class=\"yoast-schema-graph\">{\"@context\":\"https:\/\/schema.org\",\"@graph\":[{\"@type\":\"Article\",\"@id\":\"https:\/\/fkzalgiris.lt\/k-uzela-nori-zingti-dar-viena-zingsni-i-prieki\/#article\",\"isPartOf\":{\"@id\":\"https:\/\/fkzalgiris.lt\/k-uzela-nori-zingti-dar-viena-zingsni-i-prieki\/\"},\"author\":{\"name\":\"Paulius Jakelis\",\"@id\":\"https:\/\/fkzalgiris.lt\/#\/schema\/person\/1a5f07a0e55e2ff329320abdc2f2e953\"},\"headline\":\"K.Uz\u0117la nori \u017eengti dar vien\u0105 \u017eingsn\u012f \u012f priek\u012f\u00a0\",\"datePublished\":\"2020-05-09T08:04:52+00:00\",\"dateModified\":\"2020-05-09T09:22:37+00:00\",\"mainEntityOfPage\":{\"@id\":\"https:\/\/fkzalgiris.lt\/k-uzela-nori-zingti-dar-viena-zingsni-i-prieki\/\"},\"wordCount\":335,\"publisher\":{\"@id\":\"https:\/\/fkzalgiris.lt\/#organization\"},\"articleSection\":[\"\u017dalgiris\"],\"inLanguage\":\"lt-LT\"},{\"@type\":\"WebPage\",\"@id\":\"https:\/\/fkzalgiris.lt\/k-uzela-nori-zingti-dar-viena-zingsni-i-prieki\/\",\"url\":\"https:\/\/fkzalgiris.lt\/k-uzela-nori-zingti-dar-viena-zingsni-i-prieki\/\",\"name\":\"K.Uz\u0117la nori \u017eengti dar vien\u0105 \u017eingsn\u012f \u012f priek\u012f\u00a0 - FK \u017dalgiris\",\"isPartOf\":{\"@id\":\"https:\/\/fkzalgiris.lt\/#website\"},\"datePublished\":\"2020-05-09T08:04:52+00:00\",\"dateModified\":\"2020-05-09T09:22:37+00:00\",\"breadcrumb\":{\"@id\":\"https:\/\/fkzalgiris.lt\/k-uzela-nori-zingti-dar-viena-zingsni-i-prieki\/#breadcrumb\"},\"inLanguage\":\"lt-LT\",\"potentialAction\":[{\"@type\":\"ReadAction\",\"target\":[\"https:\/\/fkzalgiris.lt\/k-uzela-nori-zingti-dar-viena-zingsni-i-prieki\/\"]}]},{\"@type\":\"BreadcrumbList\",\"@id\":\"https:\/\/fkzalgiris.lt\/k-uzela-nori-zingti-dar-viena-zingsni-i-prieki\/#breadcrumb\",\"itemListElement\":[{\"@type\":\"ListItem\",\"position\":1,\"name\":\"Home\",\"item\":\"https:\/\/fkzalgiris.lt\/\"},{\"@type\":\"ListItem\",\"position\":2,\"name\":\"K.Uz\u0117la nori \u017eengti dar vien\u0105 \u017eingsn\u012f \u012f priek\u012f\u00a0\"}]},{\"@type\":\"WebSite\",\"@id\":\"https:\/\/fkzalgiris.lt\/#website\",\"url\":\"https:\/\/fkzalgiris.lt\/\",\"name\":\"FK \u017dalgiris\",\"description\":\"oficiali Vilniaus \u201e\u017dalgirio\u201c futbolo klubo svetain\u0117\",\"publisher\":{\"@id\":\"https:\/\/fkzalgiris.lt\/#organization\"},\"potentialAction\":[{\"@type\":\"SearchAction\",\"target\":{\"@type\":\"EntryPoint\",\"urlTemplate\":\"https:\/\/fkzalgiris.lt\/?s={search_term_string}\"},\"query-input\":{\"@type\":\"PropertyValueSpecification\",\"valueRequired\":true,\"valueName\":\"search_term_string\"}}],\"inLanguage\":\"lt-LT\"},{\"@type\":\"Organization\",\"@id\":\"https:\/\/fkzalgiris.lt\/#organization\",\"name\":\"FK \u017dalgiris\",\"url\":\"https:\/\/fkzalgiris.lt\/\",\"logo\":{\"@type\":\"ImageObject\",\"inLanguage\":\"lt-LT\",\"@id\":\"https:\/\/fkzalgiris.lt\/#\/schema\/logo\/image\/\",\"url\":\"https:\/\/fkzalgiris.lt\/wp-content\/uploads\/2024\/01\/horiz-FK-Zalgiris-logo-2015.png\",\"contentUrl\":\"https:\/\/fkzalgiris.lt\/wp-content\/uploads\/2024\/01\/horiz-FK-Zalgiris-logo-2015.png\",\"width\":3073,\"height\":2048,\"caption\":\"FK \u017dalgiris\"},\"image\":{\"@id\":\"https:\/\/fkzalgiris.lt\/#\/schema\/logo\/image\/\"},\"sameAs\":[\"https:\/\/www.facebook.com\/fkzalgiris\/\",\"https:\/\/x.com\/fkzalgiris\",\"https:\/\/www.instagram.com\/fkzalgiris\/\",\"https:\/\/www.youtube.com\/channel\/UC1ag8JLxGirltMUoLlzfZLA\"]},{\"@type\":\"Person\",\"@id\":\"https:\/\/fkzalgiris.lt\/#\/schema\/person\/1a5f07a0e55e2ff329320abdc2f2e953\",\"name\":\"Paulius Jakelis\"}]}<\/script>\n<!-- \/ Yoast SEO plugin. -->","yoast_head_json":{"title":"K.Uz\u0117la nori \u017eengti dar vien\u0105 \u017eingsn\u012f \u012f priek\u012f\u00a0 - FK \u017dalgiris","robots":{"index":"index","follow":"follow","max-snippet":"max-snippet:-1","max-image-preview":"max-image-preview:large","max-video-preview":"max-video-preview:-1"},"canonical":"https:\/\/fkzalgiris.lt\/k-uzela-nori-zingti-dar-viena-zingsni-i-prieki\/","og_locale":"lt_LT","og_type":"article","og_title":"K.Uz\u0117la nori \u017eengti dar vien\u0105 \u017eingsn\u012f \u012f priek\u012f\u00a0 - FK \u017dalgiris","og_description":"Pra\u0117jusi\u0173 met\u0173 vasar\u0105 i\u0161 Italijos SPAL klubo \u012f \u201e\u017dalgir\u012f\u201c sugr\u012f\u017e\u0119s Karolis Uz\u0117la \u0161iame sezone nesiruo\u0161ia sustoti. Perspektyviam futbolininkui 2019-\u0173j\u0173 sezono antroji pus\u0117 buvo s\u0117kminga. Nors\u2026","og_url":"https:\/\/fkzalgiris.lt\/k-uzela-nori-zingti-dar-viena-zingsni-i-prieki\/","og_site_name":"FK \u017dalgiris","article_publisher":"https:\/\/www.facebook.com\/fkzalgiris\/","article_published_time":"2020-05-09T08:04:52+00:00","article_modified_time":"2020-05-09T09:22:37+00:00","og_image":[{"width":3356,"height":2259,"url":"https:\/\/fkzalgiris.lt\/wp-content\/uploads\/2024\/02\/social-horiz_Zalgiris_logo_2024.png","type":"image\/png"}],"author":"Paulius Jakelis","twitter_card":"summary_large_image","twitter_creator":"@fkzalgiris","twitter_site":"@fkzalgiris","twitter_misc":{"Written by":"Paulius Jakelis","Est. reading time":"2 minut\u0117s"},"schema":{"@context":"https:\/\/schema.org","@graph":[{"@type":"Article","@id":"https:\/\/fkzalgiris.lt\/k-uzela-nori-zingti-dar-viena-zingsni-i-prieki\/#article","isPartOf":{"@id":"https:\/\/fkzalgiris.lt\/k-uzela-nori-zingti-dar-viena-zingsni-i-prieki\/"},"author":{"name":"Paulius Jakelis","@id":"https:\/\/fkzalgiris.lt\/#\/schema\/person\/1a5f07a0e55e2ff329320abdc2f2e953"},"headline":"K.Uz\u0117la nori \u017eengti dar vien\u0105 \u017eingsn\u012f \u012f priek\u012f\u00a0","datePublished":"2020-05-09T08:04:52+00:00","dateModified":"2020-05-09T09:22:37+00:00","mainEntityOfPage":{"@id":"https:\/\/fkzalgiris.lt\/k-uzela-nori-zingti-dar-viena-zingsni-i-prieki\/"},"wordCount":335,"publisher":{"@id":"https:\/\/fkzalgiris.lt\/#organization"},"articleSection":["\u017dalgiris"],"inLanguage":"lt-LT"},{"@type":"WebPage","@id":"https:\/\/fkzalgiris.lt\/k-uzela-nori-zingti-dar-viena-zingsni-i-prieki\/","url":"https:\/\/fkzalgiris.lt\/k-uzela-nori-zingti-dar-viena-zingsni-i-prieki\/","name":"K.Uz\u0117la nori \u017eengti dar vien\u0105 \u017eingsn\u012f \u012f priek\u012f\u00a0 - FK \u017dalgiris","isPartOf":{"@id":"https:\/\/fkzalgiris.lt\/#website"},"datePublished":"2020-05-09T08:04:52+00:00","dateModified":"2020-05-09T09:22:37+00:00","breadcrumb":{"@id":"https:\/\/fkzalgiris.lt\/k-uzela-nori-zingti-dar-viena-zingsni-i-prieki\/#breadcrumb"},"inLanguage":"lt-LT","potentialAction":[{"@type":"ReadAction","target":["https:\/\/fkzalgiris.lt\/k-uzela-nori-zingti-dar-viena-zingsni-i-prieki\/"]}]},{"@type":"BreadcrumbList","@id":"https:\/\/fkzalgiris.lt\/k-uzela-nori-zingti-dar-viena-zingsni-i-prieki\/#breadcrumb","itemListElement":[{"@type":"ListItem","position":1,"name":"Home","item":"https:\/\/fkzalgiris.lt\/"},{"@type":"ListItem","position":2,"name":"K.Uz\u0117la nori \u017eengti dar vien\u0105 \u017eingsn\u012f \u012f priek\u012f\u00a0"}]},{"@type":"WebSite","@id":"https:\/\/fkzalgiris.lt\/#website","url":"https:\/\/fkzalgiris.lt\/","name":"FK \u017dalgiris","description":"oficiali Vilniaus \u201e\u017dalgirio\u201c futbolo klubo svetain\u0117","publisher":{"@id":"https:\/\/fkzalgiris.lt\/#organization"},"potentialAction":[{"@type":"SearchAction","target":{"@type":"EntryPoint","urlTemplate":"https:\/\/fkzalgiris.lt\/?s={search_term_string}"},"query-input":{"@type":"PropertyValueSpecification","valueRequired":true,"valueName":"search_term_string"}}],"inLanguage":"lt-LT"},{"@type":"Organization","@id":"https:\/\/fkzalgiris.lt\/#organization","name":"FK \u017dalgiris","url":"https:\/\/fkzalgiris.lt\/","logo":{"@type":"ImageObject","inLanguage":"lt-LT","@id":"https:\/\/fkzalgiris.lt\/#\/schema\/logo\/image\/","url":"https:\/\/fkzalgiris.lt\/wp-content\/uploads\/2024\/01\/horiz-FK-Zalgiris-logo-2015.png","contentUrl":"https:\/\/fkzalgiris.lt\/wp-content\/uploads\/2024\/01\/horiz-FK-Zalgiris-logo-2015.png","width":3073,"height":2048,"caption":"FK \u017dalgiris"},"image":{"@id":"https:\/\/fkzalgiris.lt\/#\/schema\/logo\/image\/"},"sameAs":["https:\/\/www.facebook.com\/fkzalgiris\/","https:\/\/x.com\/fkzalgiris","https:\/\/www.instagram.com\/fkzalgiris\/","https:\/\/www.youtube.com\/channel\/UC1ag8JLxGirltMUoLlzfZLA"]},{"@type":"Person","@id":"https:\/\/fkzalgiris.lt\/#\/schema\/person\/1a5f07a0e55e2ff329320abdc2f2e953","name":"Paulius Jakelis"}]}},"_links":{"self":[{"href":"https:\/\/fkzalgiris.lt\/api\/wp\/v2\/posts\/2242","targetHints":{"allow":["GET"]}}],"collection":[{"href":"https:\/\/fkzalgiris.lt\/api\/wp\/v2\/posts"}],"about":[{"href":"https:\/\/fkzalgiris.lt\/api\/wp\/v2\/types\/post"}],"author":[{"embeddable":true,"href":"https:\/\/fkzalgiris.lt\/api\/wp\/v2\/users\/2"}],"replies":[{"embeddable":true,"href":"https:\/\/fkzalgiris.lt\/api\/wp\/v2\/comments?post=2242"}],"version-history":[{"count":2,"href":"https:\/\/fkzalgiris.lt\/api\/wp\/v2\/posts\/2242\/revisions"}],"predecessor-version":[{"id":2245,"href":"https:\/\/fkzalgiris.lt\/api\/wp\/v2\/posts\/2242\/revisions\/2245"}],"wp:attachment":[{"href":"https:\/\/fkzalgiris.lt\/api\/wp\/v2\/media?parent=2242"}],"wp:term":[{"taxonomy":"category","embeddable":true,"href":"https:\/\/fkzalgiris.lt\/api\/wp\/v2\/categories?post=2242"}],"curies":[{"name":"wp","href":"https:\/\/api.w.org\/{rel}","templated":true}]}}