{"id":21667,"date":"2026-03-23T23:12:13","date_gmt":"2026-03-23T21:12:13","guid":{"rendered":"https:\/\/fkzalgiris.lt\/?p=21667"},"modified":"2026-03-23T23:13:34","modified_gmt":"2026-03-23T21:13:34","slug":"raudonvaryje-lygiosiomis-suzaide-ir-moteru-komanda","status":"publish","type":"post","link":"https:\/\/fkzalgiris.lt\/raudonvaryje-lygiosiomis-suzaide-ir-moteru-komanda\/","title":{"rendered":"Raudondvaryje lygiosiomis su\u017eaid\u0117 ir moter\u0173 komanda"},"content":{"rendered":"<p data-start=\"305\" data-end=\"431\">Vilniaus FK \u201e\u017dalgiris\u201c moter\u0173 komanda antrajame Moter\u0173 A lygos ture i\u0161vykoje su\u017eaid\u0117 lygiosiomis 0:0 su Kauno rajono FA ekipa.<\/p>\n<p data-start=\"433\" data-end=\"575\">Pra\u0117jus\u012f sezon\u0105 abi komandos var\u017e\u0117si d\u0117l 4-osios vietos turnyro lentel\u0117je, o tuomet \u0161ioje kovoje prana\u0161esn\u0117s buvo labiau patyrusios kauniet\u0117s.<\/p>\n<p data-start=\"577\" data-end=\"673\">\u0160iemet vilniet\u0117s var\u017eov\u0117ms jau nenusileido patirtimi ir \u012f Raudondvar\u012f atvyko siekdamos pergal\u0117s.<\/p>\n<p data-start=\"675\" data-end=\"906\">Komandai \u0161iose rungtyn\u0117se negal\u0117jo pad\u0117ti \u012f Lietuvos WU-17 rinktin\u0119 pakviestos T\u0117ja Banelyt\u0117 ir Agata Kairyt\u0117 bei traum\u0105 patyrusi Aneta Chwojnicka. Lolita \u017di\u017eyt\u0117 rungtyniavo nepaisydama ligos, ta\u010diau k\u0117linio viduryje buvo pakeista.<\/p>\n<p data-start=\"908\" data-end=\"1126\">Rungtyni\u0173 Raudondvaryje prad\u017eioje kiek aktyviau atakavo \u0161eiminink\u0117s, kurios por\u0105 kart\u0173 suk\u016br\u0117 nema\u017e\u0105 gr\u0117sm\u0119. Ta\u010diau k\u0117liniui \u012fpus\u0117jus \u201e\u017dalgiris\u201c \u012fsi\u017eaid\u0117, per\u0117m\u0117 iniciatyv\u0105 ir vis da\u017eniau \u0117m\u0117 grasinti var\u017eovi\u0173 vartams.<\/p>\n<p data-start=\"1128\" data-end=\"1312\">Pirmajame k\u0117linyje pavojingais sm\u016bgiais var\u017eovi\u0173 vartams grasino Aust\u0117ja Pocevi\u010di\u016bt\u0117, Valerijaa Postol ir Karina Klevinskait\u0117, ta\u010diau kaunie\u010di\u0173 vartinink\u0117 Ema Daujot\u0117 \u017eaid\u0117 u\u017etikrintai.<\/p>\n<p data-start=\"1314\" data-end=\"1589\">Po pertraukos \u201e\u017dalgiris\u201c ir toliau ie\u0161kojo kelio \u012f vartus. Po standartini\u0173 situacij\u0173 prog\u0173 tur\u0117jo Greta Valikonien\u0117 ir A. Pocevi\u010di\u016bt\u0117, ta\u010diau joms i\u0161 arti pasi\u017eym\u0117ti nepavyko. Ar\u010diausiai tikslo buvo Irinos Topal tolimas sm\u016bgis, po kurio kamuolys sudrebino vart\u0173 konstrukcij\u0105.<\/p>\n<p data-start=\"1591\" data-end=\"1721\">Nors \u012fvar\u010di\u0173 Raudondvaryje pelnyti nepavyko, \u201e\u017dalgiris\u201c i\u0161kovojo ketvirt\u0105j\u012f ta\u0161k\u0105 ir antr\u0105 kart\u0105 i\u0161 eil\u0117s i\u0161saugojo sausus vartus.<\/p>\n<p data-start=\"1723\" data-end=\"2049\"><strong data-start=\"1723\" data-end=\"1749\">FK \u201e\u017dalgiris\u201c sud\u0117tis:<\/strong> Au\u0161rin\u0117 Bikut\u0117, Dija Laniauskait\u0117, Elz\u0117 Ki\u0161k\u016bnait\u0117 (79 min. Alina \u0160pakovskaja), August\u0117 Andrijevskyt\u0117, Greta Valikonien\u0117, Karina Klevinskait\u0117, Milda Liu\u017einait\u0117, Ineta \u0160uk\u0161tulyt\u0117 (46 min. Emperatriz Garcia), Valeriia Postol, Irina Topal, Lolita \u017di\u017eyt\u0117 (29 min. Aust\u0117ja Pocevi\u010di\u016bt\u0117).<\/p>\n<p>&#8211;<\/p>\n<p data-start=\"1431\" data-end=\"1572\">Kitame Moter\u0173 A lygos ture \u017ealgiriet\u0117s nerungtyniaus, o \u012f kovas sugr\u012f\u0161 baland\u017eio 4 dien\u0105, kai namuose priims \u0161alies \u010dempion\u0119 \u0160iauli\u0173 \u201eGintr\u0105\u201c. Bilietus \u012f \u0161ias rungtynes galima \u012fsigyti <a href=\"https:\/\/kakava.lt\/renginys\/moteru-a-lygos-rungtynes-fk-zalgiris-fc-gintra\/11969\/24703\">Kakava.lt<\/a>.<\/p>\n<p>\u012esigij\u0119 <a href=\"https:\/\/kakava.lt\/renginys\/fk-zalgiris-moteru-komandos-abonementas-2026-m\/11916\/24589\">moter\u0173 A lygos sezono abonement\u0105<\/a> gaus dovan\u0173 1 m\u0117nesio naryst\u0119 \u201eLemon Gym\u201c sporto klubuose.<\/p>\n","protected":false},"excerpt":{"rendered":"<p>Vilniaus FK \u201e\u017dalgiris\u201c moter\u0173 komanda antrajame Moter\u0173 A lygos ture i\u0161vykoje su\u017eaid\u0117 lygiosiomis 0:0 su Kauno rajono FA ekipa. Pra\u0117jus\u012f sezon\u0105 abi komandos var\u017e\u0117si d\u0117l\u2026<\/p>\n","protected":false},"author":4,"featured_media":0,"comment_status":"closed","ping_status":"closed","sticky":false,"template":"","format":"standard","meta":{"_acf_changed":false,"footnotes":""},"categories":[183],"class_list":["post-21667","post","type-post","status-publish","format-standard","hentry","category-zalgiris-m"],"acf":[],"yoast_head":"<!-- This site is optimized with the Yoast SEO plugin v26.8 - https:\/\/yoast.com\/product\/yoast-seo-wordpress\/ -->\n<title>Raudondvaryje lygiosiomis su\u017eaid\u0117 ir moter\u0173 komanda - FK \u017dalgiris<\/title>\n<meta name=\"robots\" content=\"index, follow, max-snippet:-1, max-image-preview:large, max-video-preview:-1\" \/>\n<link rel=\"canonical\" href=\"https:\/\/fkzalgiris.lt\/raudonvaryje-lygiosiomis-suzaide-ir-moteru-komanda\/\" \/>\n<meta property=\"og:locale\" content=\"lt_LT\" \/>\n<meta property=\"og:type\" content=\"article\" \/>\n<meta property=\"og:title\" content=\"Raudondvaryje lygiosiomis su\u017eaid\u0117 ir moter\u0173 komanda - FK \u017dalgiris\" \/>\n<meta property=\"og:description\" content=\"Vilniaus FK \u201e\u017dalgiris\u201c moter\u0173 komanda antrajame Moter\u0173 A lygos ture i\u0161vykoje su\u017eaid\u0117 lygiosiomis 0:0 su Kauno rajono FA ekipa. Pra\u0117jus\u012f sezon\u0105 abi komandos var\u017e\u0117si d\u0117l\u2026\" \/>\n<meta property=\"og:url\" content=\"https:\/\/fkzalgiris.lt\/raudonvaryje-lygiosiomis-suzaide-ir-moteru-komanda\/\" \/>\n<meta property=\"og:site_name\" content=\"FK \u017dalgiris\" \/>\n<meta property=\"article:publisher\" content=\"https:\/\/www.facebook.com\/fkzalgiris\/\" \/>\n<meta property=\"article:published_time\" content=\"2026-03-23T21:12:13+00:00\" \/>\n<meta property=\"article:modified_time\" content=\"2026-03-23T21:13:34+00:00\" \/>\n<meta property=\"og:image\" content=\"https:\/\/fkzalgiris.lt\/wp-content\/uploads\/2024\/02\/social-horiz_Zalgiris_logo_2024.png\" \/>\n\t<meta property=\"og:image:width\" content=\"3356\" \/>\n\t<meta property=\"og:image:height\" content=\"2259\" \/>\n\t<meta property=\"og:image:type\" content=\"image\/png\" \/>\n<meta name=\"author\" content=\"J\" \/>\n<meta name=\"twitter:card\" content=\"summary_large_image\" \/>\n<meta name=\"twitter:creator\" content=\"@fkzalgiris\" \/>\n<meta name=\"twitter:site\" content=\"@fkzalgiris\" \/>\n<meta name=\"twitter:label1\" content=\"Written by\" \/>\n\t<meta name=\"twitter:data1\" content=\"J\" \/>\n\t<meta name=\"twitter:label2\" content=\"Est. reading time\" \/>\n\t<meta name=\"twitter:data2\" content=\"2 minut\u0117s\" \/>\n<script type=\"application\/ld+json\" class=\"yoast-schema-graph\">{\"@context\":\"https:\/\/schema.org\",\"@graph\":[{\"@type\":\"Article\",\"@id\":\"https:\/\/fkzalgiris.lt\/raudonvaryje-lygiosiomis-suzaide-ir-moteru-komanda\/#article\",\"isPartOf\":{\"@id\":\"https:\/\/fkzalgiris.lt\/raudonvaryje-lygiosiomis-suzaide-ir-moteru-komanda\/\"},\"author\":{\"name\":\"J\",\"@id\":\"https:\/\/fkzalgiris.lt\/#\/schema\/person\/8604babbba794a7d8767be324a3eaac8\"},\"headline\":\"Raudondvaryje lygiosiomis su\u017eaid\u0117 ir moter\u0173 komanda\",\"datePublished\":\"2026-03-23T21:12:13+00:00\",\"dateModified\":\"2026-03-23T21:13:34+00:00\",\"mainEntityOfPage\":{\"@id\":\"https:\/\/fkzalgiris.lt\/raudonvaryje-lygiosiomis-suzaide-ir-moteru-komanda\/\"},\"wordCount\":329,\"publisher\":{\"@id\":\"https:\/\/fkzalgiris.lt\/#organization\"},\"articleSection\":[\"\u017dalgiris M\"],\"inLanguage\":\"lt-LT\"},{\"@type\":\"WebPage\",\"@id\":\"https:\/\/fkzalgiris.lt\/raudonvaryje-lygiosiomis-suzaide-ir-moteru-komanda\/\",\"url\":\"https:\/\/fkzalgiris.lt\/raudonvaryje-lygiosiomis-suzaide-ir-moteru-komanda\/\",\"name\":\"Raudondvaryje lygiosiomis su\u017eaid\u0117 ir moter\u0173 komanda - FK \u017dalgiris\",\"isPartOf\":{\"@id\":\"https:\/\/fkzalgiris.lt\/#website\"},\"datePublished\":\"2026-03-23T21:12:13+00:00\",\"dateModified\":\"2026-03-23T21:13:34+00:00\",\"breadcrumb\":{\"@id\":\"https:\/\/fkzalgiris.lt\/raudonvaryje-lygiosiomis-suzaide-ir-moteru-komanda\/#breadcrumb\"},\"inLanguage\":\"lt-LT\",\"potentialAction\":[{\"@type\":\"ReadAction\",\"target\":[\"https:\/\/fkzalgiris.lt\/raudonvaryje-lygiosiomis-suzaide-ir-moteru-komanda\/\"]}]},{\"@type\":\"BreadcrumbList\",\"@id\":\"https:\/\/fkzalgiris.lt\/raudonvaryje-lygiosiomis-suzaide-ir-moteru-komanda\/#breadcrumb\",\"itemListElement\":[{\"@type\":\"ListItem\",\"position\":1,\"name\":\"Home\",\"item\":\"https:\/\/fkzalgiris.lt\/\"},{\"@type\":\"ListItem\",\"position\":2,\"name\":\"Raudondvaryje lygiosiomis su\u017eaid\u0117 ir moter\u0173 komanda\"}]},{\"@type\":\"WebSite\",\"@id\":\"https:\/\/fkzalgiris.lt\/#website\",\"url\":\"https:\/\/fkzalgiris.lt\/\",\"name\":\"FK \u017dalgiris\",\"description\":\"oficiali Vilniaus \u201e\u017dalgirio\u201c futbolo klubo svetain\u0117\",\"publisher\":{\"@id\":\"https:\/\/fkzalgiris.lt\/#organization\"},\"potentialAction\":[{\"@type\":\"SearchAction\",\"target\":{\"@type\":\"EntryPoint\",\"urlTemplate\":\"https:\/\/fkzalgiris.lt\/?s={search_term_string}\"},\"query-input\":{\"@type\":\"PropertyValueSpecification\",\"valueRequired\":true,\"valueName\":\"search_term_string\"}}],\"inLanguage\":\"lt-LT\"},{\"@type\":\"Organization\",\"@id\":\"https:\/\/fkzalgiris.lt\/#organization\",\"name\":\"FK \u017dalgiris\",\"url\":\"https:\/\/fkzalgiris.lt\/\",\"logo\":{\"@type\":\"ImageObject\",\"inLanguage\":\"lt-LT\",\"@id\":\"https:\/\/fkzalgiris.lt\/#\/schema\/logo\/image\/\",\"url\":\"https:\/\/fkzalgiris.lt\/wp-content\/uploads\/2024\/01\/horiz-FK-Zalgiris-logo-2015.png\",\"contentUrl\":\"https:\/\/fkzalgiris.lt\/wp-content\/uploads\/2024\/01\/horiz-FK-Zalgiris-logo-2015.png\",\"width\":3073,\"height\":2048,\"caption\":\"FK \u017dalgiris\"},\"image\":{\"@id\":\"https:\/\/fkzalgiris.lt\/#\/schema\/logo\/image\/\"},\"sameAs\":[\"https:\/\/www.facebook.com\/fkzalgiris\/\",\"https:\/\/x.com\/fkzalgiris\",\"https:\/\/www.instagram.com\/fkzalgiris\/\",\"https:\/\/www.youtube.com\/channel\/UC1ag8JLxGirltMUoLlzfZLA\"]},{\"@type\":\"Person\",\"@id\":\"https:\/\/fkzalgiris.lt\/#\/schema\/person\/8604babbba794a7d8767be324a3eaac8\",\"name\":\"J\"}]}<\/script>\n<!-- \/ Yoast SEO plugin. -->","yoast_head_json":{"title":"Raudondvaryje lygiosiomis su\u017eaid\u0117 ir moter\u0173 komanda - FK \u017dalgiris","robots":{"index":"index","follow":"follow","max-snippet":"max-snippet:-1","max-image-preview":"max-image-preview:large","max-video-preview":"max-video-preview:-1"},"canonical":"https:\/\/fkzalgiris.lt\/raudonvaryje-lygiosiomis-suzaide-ir-moteru-komanda\/","og_locale":"lt_LT","og_type":"article","og_title":"Raudondvaryje lygiosiomis su\u017eaid\u0117 ir moter\u0173 komanda - FK \u017dalgiris","og_description":"Vilniaus FK \u201e\u017dalgiris\u201c moter\u0173 komanda antrajame Moter\u0173 A lygos ture i\u0161vykoje su\u017eaid\u0117 lygiosiomis 0:0 su Kauno rajono FA ekipa. Pra\u0117jus\u012f sezon\u0105 abi komandos var\u017e\u0117si d\u0117l\u2026","og_url":"https:\/\/fkzalgiris.lt\/raudonvaryje-lygiosiomis-suzaide-ir-moteru-komanda\/","og_site_name":"FK \u017dalgiris","article_publisher":"https:\/\/www.facebook.com\/fkzalgiris\/","article_published_time":"2026-03-23T21:12:13+00:00","article_modified_time":"2026-03-23T21:13:34+00:00","og_image":[{"width":3356,"height":2259,"url":"https:\/\/fkzalgiris.lt\/wp-content\/uploads\/2024\/02\/social-horiz_Zalgiris_logo_2024.png","type":"image\/png"}],"author":"J","twitter_card":"summary_large_image","twitter_creator":"@fkzalgiris","twitter_site":"@fkzalgiris","twitter_misc":{"Written by":"J","Est. reading time":"2 minut\u0117s"},"schema":{"@context":"https:\/\/schema.org","@graph":[{"@type":"Article","@id":"https:\/\/fkzalgiris.lt\/raudonvaryje-lygiosiomis-suzaide-ir-moteru-komanda\/#article","isPartOf":{"@id":"https:\/\/fkzalgiris.lt\/raudonvaryje-lygiosiomis-suzaide-ir-moteru-komanda\/"},"author":{"name":"J","@id":"https:\/\/fkzalgiris.lt\/#\/schema\/person\/8604babbba794a7d8767be324a3eaac8"},"headline":"Raudondvaryje lygiosiomis su\u017eaid\u0117 ir moter\u0173 komanda","datePublished":"2026-03-23T21:12:13+00:00","dateModified":"2026-03-23T21:13:34+00:00","mainEntityOfPage":{"@id":"https:\/\/fkzalgiris.lt\/raudonvaryje-lygiosiomis-suzaide-ir-moteru-komanda\/"},"wordCount":329,"publisher":{"@id":"https:\/\/fkzalgiris.lt\/#organization"},"articleSection":["\u017dalgiris M"],"inLanguage":"lt-LT"},{"@type":"WebPage","@id":"https:\/\/fkzalgiris.lt\/raudonvaryje-lygiosiomis-suzaide-ir-moteru-komanda\/","url":"https:\/\/fkzalgiris.lt\/raudonvaryje-lygiosiomis-suzaide-ir-moteru-komanda\/","name":"Raudondvaryje lygiosiomis su\u017eaid\u0117 ir moter\u0173 komanda - FK \u017dalgiris","isPartOf":{"@id":"https:\/\/fkzalgiris.lt\/#website"},"datePublished":"2026-03-23T21:12:13+00:00","dateModified":"2026-03-23T21:13:34+00:00","breadcrumb":{"@id":"https:\/\/fkzalgiris.lt\/raudonvaryje-lygiosiomis-suzaide-ir-moteru-komanda\/#breadcrumb"},"inLanguage":"lt-LT","potentialAction":[{"@type":"ReadAction","target":["https:\/\/fkzalgiris.lt\/raudonvaryje-lygiosiomis-suzaide-ir-moteru-komanda\/"]}]},{"@type":"BreadcrumbList","@id":"https:\/\/fkzalgiris.lt\/raudonvaryje-lygiosiomis-suzaide-ir-moteru-komanda\/#breadcrumb","itemListElement":[{"@type":"ListItem","position":1,"name":"Home","item":"https:\/\/fkzalgiris.lt\/"},{"@type":"ListItem","position":2,"name":"Raudondvaryje lygiosiomis su\u017eaid\u0117 ir moter\u0173 komanda"}]},{"@type":"WebSite","@id":"https:\/\/fkzalgiris.lt\/#website","url":"https:\/\/fkzalgiris.lt\/","name":"FK \u017dalgiris","description":"oficiali Vilniaus \u201e\u017dalgirio\u201c futbolo klubo svetain\u0117","publisher":{"@id":"https:\/\/fkzalgiris.lt\/#organization"},"potentialAction":[{"@type":"SearchAction","target":{"@type":"EntryPoint","urlTemplate":"https:\/\/fkzalgiris.lt\/?s={search_term_string}"},"query-input":{"@type":"PropertyValueSpecification","valueRequired":true,"valueName":"search_term_string"}}],"inLanguage":"lt-LT"},{"@type":"Organization","@id":"https:\/\/fkzalgiris.lt\/#organization","name":"FK \u017dalgiris","url":"https:\/\/fkzalgiris.lt\/","logo":{"@type":"ImageObject","inLanguage":"lt-LT","@id":"https:\/\/fkzalgiris.lt\/#\/schema\/logo\/image\/","url":"https:\/\/fkzalgiris.lt\/wp-content\/uploads\/2024\/01\/horiz-FK-Zalgiris-logo-2015.png","contentUrl":"https:\/\/fkzalgiris.lt\/wp-content\/uploads\/2024\/01\/horiz-FK-Zalgiris-logo-2015.png","width":3073,"height":2048,"caption":"FK \u017dalgiris"},"image":{"@id":"https:\/\/fkzalgiris.lt\/#\/schema\/logo\/image\/"},"sameAs":["https:\/\/www.facebook.com\/fkzalgiris\/","https:\/\/x.com\/fkzalgiris","https:\/\/www.instagram.com\/fkzalgiris\/","https:\/\/www.youtube.com\/channel\/UC1ag8JLxGirltMUoLlzfZLA"]},{"@type":"Person","@id":"https:\/\/fkzalgiris.lt\/#\/schema\/person\/8604babbba794a7d8767be324a3eaac8","name":"J"}]}},"_links":{"self":[{"href":"https:\/\/fkzalgiris.lt\/api\/wp\/v2\/posts\/21667","targetHints":{"allow":["GET"]}}],"collection":[{"href":"https:\/\/fkzalgiris.lt\/api\/wp\/v2\/posts"}],"about":[{"href":"https:\/\/fkzalgiris.lt\/api\/wp\/v2\/types\/post"}],"author":[{"embeddable":true,"href":"https:\/\/fkzalgiris.lt\/api\/wp\/v2\/users\/4"}],"replies":[{"embeddable":true,"href":"https:\/\/fkzalgiris.lt\/api\/wp\/v2\/comments?post=21667"}],"version-history":[{"count":3,"href":"https:\/\/fkzalgiris.lt\/api\/wp\/v2\/posts\/21667\/revisions"}],"predecessor-version":[{"id":21671,"href":"https:\/\/fkzalgiris.lt\/api\/wp\/v2\/posts\/21667\/revisions\/21671"}],"wp:attachment":[{"href":"https:\/\/fkzalgiris.lt\/api\/wp\/v2\/media?parent=21667"}],"wp:term":[{"taxonomy":"category","embeddable":true,"href":"https:\/\/fkzalgiris.lt\/api\/wp\/v2\/categories?post=21667"}],"curies":[{"name":"wp","href":"https:\/\/api.w.org\/{rel}","templated":true}]}}