{"id":21590,"date":"2026-03-21T18:40:25","date_gmt":"2026-03-21T16:40:25","guid":{"rendered":"https:\/\/fkzalgiris.lt\/?p=21590"},"modified":"2026-03-21T21:43:18","modified_gmt":"2026-03-21T19:43:18","slug":"i-fk-zalgiris-sugrizes-m-vareika-pietu-iv-yra-mano-sirdyje","status":"publish","type":"post","link":"https:\/\/fkzalgiris.lt\/i-fk-zalgiris-sugrizes-m-vareika-pietu-iv-yra-mano-sirdyje\/","title":{"rendered":"\u012e FK \u201e\u017dalgiris\u201c sugr\u012f\u017e\u0119s M. Vareika: \u201ePiet\u0173 IV\u201c yra mano \u0161irdyje\u201c"},"content":{"rendered":"<p><span style=\"font-weight: 400;\">Matas Vareika po daugiau nei dvej\u0173 met\u0173 pertraukos v\u0117l vilki FK \u201e\u017dalgiris\u201c aprang\u0105. Saugas prisipa\u017e\u012fsta \u2013 nors karjeros kelias j\u012f buvo nuved\u0119s \u012f kitas komandas, Vilniaus klubas visada buvo jo gyvenimo dalis.<\/span><\/p>\n<p><span style=\"font-weight: 400;\">Net ir \u017eaisdamas tolimojoje Arm\u0117nijoje, 26-eri\u0173 futbolininkas atid\u017eiai sek\u0117 \u012fvykius \u201e\u017dalgiryje\u201c, permainas klube ir mat\u0117 lankomumo rekordus \u0161io sezono prad\u017eioje, kai \u012f vilnie\u010di\u0173 rungtynes \u201eSportimos\u201c manie\u017ee nuolat rinkosi po kelis t\u016bkstan\u010dius \u017ei\u016brov\u0173.\u00a0\u00a0<\/span><\/p>\n<p><span style=\"font-weight: 400;\">\u201eNepraleidau nei vieneri\u0173 rungtyni\u0173. Visk\u0105 ma\u010diau, visk\u0105 \u017ei\u016br\u0117jau. Labai smagu, kas vyksta \u0161alia futbolo. Manau, \u017eaid\u0117jams tai pats svarbiausias dalykas, kad kai ateini \u012f rungtynes, tave palaiko daug \u017emoni\u0173. Tada gali \u012fd\u0117ti daug daugiau pastang\u0173 net negalvodamas, automati\u0161kai gaunasi. D\u0117l to \u017ei\u016brovai ir yra dvyliktasis m\u016bs\u0173 \u017eaid\u0117jas\u201c, \u2013 po sugr\u012f\u017eimo \u012f gimtin\u0119 kalb\u0117jo M. Vareika. Jis jau antr\u0105 sezon\u0105 prad\u0117jo viename Arm\u0117nijos futbolo flagman\u0173 Jerevano \u201ePyunik\u201c, bet \u201e\u017dalgiriui\u201c pavyko i\u0161sinuomoti gerai pa\u017e\u012fstam\u0105 futbolinink\u0105.<\/span><\/p>\n<p><span style=\"font-weight: 400;\">M. Vareika \u201e\u017dalgiryje\u201c rungtyniavo nuo 2019 iki 2023 m., su Lietuvos sostin\u0117s komanda triskart tapo \u0161alies \u010dempionu. Per 36 rungtynes A lygoje su \u017ealiai-balta apranga jis pasi\u017eym\u0117jo penkiais \u012fvar\u010diais.<\/span><\/p>\n<p><span style=\"font-weight: 400;\">\u201e\u017dalgirio\u201c komandoje Nacionalin\u0117s futbolo akademijos aukl\u0117tinis debiutavo 2019 m. kovo 3 d. A lygos ma\u010de su \u201ePalanga\u201c.\u00a0<\/span><\/p>\n<p><span style=\"font-weight: 400;\">Paklaustas, kokie smagiausi prisiminimai i\u0161 t\u0173 laik\u0173, kai \u017eaid\u0117 \u201e\u017dalgiryje\u201c, M. Vareika sak\u0117: \u201eBuvo daug ger\u0173 akimirk\u0173. Bet turb\u016bt geriausias karjeros momentas \u201e\u017dalgiryje\u201c \u2013 mano pirmi du \u012fvar\u010diai per vienerias rungtynes. Prie\u0161 \u201eRiterius\u201c. Po t\u0173 rungtyni\u0173 \u201ePiet\u0173 IV\u201c skandavo \u2013 Matas Vareika. Tai visam gyvenimui \u012fstrigo.\u201c\u00a0<\/span><\/p>\n<p><span style=\"font-weight: 400;\">Ta \u012fsimintina akistata su \u201eRiteriais\u201c vyko 2019 m. liepos 5 d. Po pirmo k\u0117linio pirmavo \u017ealgirie\u010di\u0173 var\u017eovai. Bet 71 min. po keitimo aik\u0161t\u0117je pasirod\u017eiusio M. Vareikos du tiksl\u016bs sm\u016bgiai l\u0117m\u0117 \u201e\u017dalgirio\u201c pergal\u0119 2:1. Tai buvo pirmieji jaunojo saugo \u012fvar\u010diai A lygoje.<\/span><\/p>\n<p><span style=\"font-weight: 400;\">Tiesa, per karjer\u0105 Vilniuje buvo ir dalyk\u0173, kuriuos ne itin smagu prisiminti. 2023 m. sezon\u0105 saugas praleido \u201e\u017dalgirio\u201c B komandoje. Ir, nors pirmoje lygoje \u0161tampavo \u012fvar\u010dius, sutartis su juo nebuvo prat\u0119sta.<\/span><\/p>\n<p><span style=\"font-weight: 400;\">\u201eNelabai reikalingas buvau komandai, buvau tarsi \u0161alia jos, tuo metu situacija buvo tokia\u201c, \u2013 prisimin\u0117 futbolininkas, 2024 m. sudar\u0119s kontrakt\u0105 su Kauno r. \u201eHegelmann\u201c.<\/span><\/p>\n<p><span style=\"font-weight: 400;\">Jau per pirm\u0105 akistat\u0105 su \u201e\u017dalgiriu\u201c Vilniuje 2024 m. kov\u0105 M. Vareika tiksliu sm\u016bgiu prisid\u0117jo prie sve\u010di\u0173 i\u0161 Kauno rajono pergal\u0117s 3:1. O \u0161v\u0119sdamas \u012fvart\u012f gestais parod\u0117, kad jo kai kas negird\u0117jo ir nemat\u0117.\u00a0<\/span><\/p>\n<p><span style=\"font-weight: 400;\">\u201eTur\u0117jau asmeni\u0161kum\u0173 su kai kuriais \u017emon\u0117mis. O kaip geriausia asmeni\u0161kumus \u012fveikti? Manau, aik\u0161t\u0117je. B\u016btent tose rungtyn\u0117se ir \u012fveikiau tuos \u017emones, kuriems tur\u0117jau k\u0105 parodyti. Ir viskas. O kalbant apie fanus \u2013 a\u0161 su daug j\u0173 esu bendrav\u0119s. Jie visi visk\u0105 \u017eino. \u201ePiet\u0173 IV\u201c yra mano \u0161irdyje. Net ne\u017einau, kod\u0117l kai kurie \u017emon\u0117s galvoja, kad \u012f fanus buvo nukreipti tie gestai. Visi \u017eino situacij\u0105. \u201e\u017dalgiris\u201c buvo mano pirmas klubas profesionalus, \u201e\u017dalgiris\u201c \u2013 mano pirma meil\u0117. Ir fanai buvo didel\u0117 to dalis. Vien\u0105 kart\u0105 pabuv\u0119s \u201ePiet\u0173 IV\u201c galiu sakyti \u2013 a\u0161 irgi esu \u201ePiet\u0173 IV\u201c. Ateisiu ir dar. Juk, man atrodo, \u201ePiet\u0173 IV\u201c ir yra tai, ant ko \u0161is klubas laikosi\u201c, \u2013 atvirai kalb\u0117jo M. Vareika.<\/span><\/p>\n<p><span style=\"font-weight: 400;\">Dabar, kreipdamasis \u012f \u201e\u017dalgirio\u201c gerb\u0117jus, v\u0117l Vilniaus komandos garb\u0119 ginsiantis futbolininkas i\u0161 j\u0173 nor\u0117jo tik vieno: \u201eKad ateit\u0173 ir palaikyt\u0173. O mes jau darysime savo darb\u0105 ir pabandysime juos prad\u017eiuginti. Pa\u017eadame kov\u0105.\u201c<\/span><\/p>\n<p><span style=\"font-weight: 400;\">Pirmoji kova, kuri laukia v\u0117l \u017ealiai-baltos bendruomen\u0117s dalimi tapusio M. Vareikos, vyks sekmadien\u012f 14.15 val. Raudondvaryje. Simboli\u0161ka, kad \u201e\u017dalgiris\u201c \u010dia \u017eais su \u201eHegelmann\u201c \u2013 komanda, kurioje vien\u0105 sezon\u0105, prie\u0161 prad\u0117damas legionieriaus keli\u0105 Arm\u0117nijoje, jis rungtyniavo.<\/span><\/p>\n<p><span style=\"font-weight: 400;\">\u00a0<\/span><\/p>\n<p><span style=\"font-weight: 400;\">\u00a0<\/span><\/p>\n<p><span style=\"font-weight: 400;\">\u00a0<\/span><\/p>\n<p>&nbsp;<\/p>\n","protected":false},"excerpt":{"rendered":"<p>Matas Vareika po daugiau nei dvej\u0173 met\u0173 pertraukos v\u0117l vilki FK \u201e\u017dalgiris\u201c aprang\u0105. Saugas prisipa\u017e\u012fsta \u2013 nors karjeros kelias j\u012f buvo nuved\u0119s \u012f kitas komandas,\u2026<\/p>\n","protected":false},"author":21,"featured_media":0,"comment_status":"closed","ping_status":"closed","sticky":false,"template":"","format":"standard","meta":{"_acf_changed":false,"footnotes":""},"categories":[87],"class_list":["post-21590","post","type-post","status-publish","format-standard","hentry","category-zalgiris"],"acf":[],"yoast_head":"<!-- This site is optimized with the Yoast SEO plugin v26.8 - https:\/\/yoast.com\/product\/yoast-seo-wordpress\/ -->\n<title>\u012e FK \u201e\u017dalgiris\u201c sugr\u012f\u017e\u0119s M. Vareika: \u201ePiet\u0173 IV\u201c yra mano \u0161irdyje\u201c - FK \u017dalgiris<\/title>\n<meta name=\"robots\" content=\"index, follow, max-snippet:-1, max-image-preview:large, max-video-preview:-1\" \/>\n<link rel=\"canonical\" href=\"https:\/\/fkzalgiris.lt\/i-fk-zalgiris-sugrizes-m-vareika-pietu-iv-yra-mano-sirdyje\/\" \/>\n<meta property=\"og:locale\" content=\"lt_LT\" \/>\n<meta property=\"og:type\" content=\"article\" \/>\n<meta property=\"og:title\" content=\"\u012e FK \u201e\u017dalgiris\u201c sugr\u012f\u017e\u0119s M. Vareika: \u201ePiet\u0173 IV\u201c yra mano \u0161irdyje\u201c - FK \u017dalgiris\" \/>\n<meta property=\"og:description\" content=\"Matas Vareika po daugiau nei dvej\u0173 met\u0173 pertraukos v\u0117l vilki FK \u201e\u017dalgiris\u201c aprang\u0105. Saugas prisipa\u017e\u012fsta \u2013 nors karjeros kelias j\u012f buvo nuved\u0119s \u012f kitas komandas,\u2026\" \/>\n<meta property=\"og:url\" content=\"https:\/\/fkzalgiris.lt\/i-fk-zalgiris-sugrizes-m-vareika-pietu-iv-yra-mano-sirdyje\/\" \/>\n<meta property=\"og:site_name\" content=\"FK \u017dalgiris\" \/>\n<meta property=\"article:publisher\" content=\"https:\/\/www.facebook.com\/fkzalgiris\/\" \/>\n<meta property=\"article:published_time\" content=\"2026-03-21T16:40:25+00:00\" \/>\n<meta property=\"article:modified_time\" content=\"2026-03-21T19:43:18+00:00\" \/>\n<meta property=\"og:image\" content=\"https:\/\/fkzalgiris.lt\/wp-content\/uploads\/2024\/02\/social-horiz_Zalgiris_logo_2024.png\" \/>\n\t<meta property=\"og:image:width\" content=\"3356\" \/>\n\t<meta property=\"og:image:height\" content=\"2259\" \/>\n\t<meta property=\"og:image:type\" content=\"image\/png\" \/>\n<meta name=\"author\" content=\"Vytenis Kazlauskas\" \/>\n<meta name=\"twitter:card\" content=\"summary_large_image\" \/>\n<meta name=\"twitter:creator\" content=\"@fkzalgiris\" \/>\n<meta name=\"twitter:site\" content=\"@fkzalgiris\" \/>\n<meta name=\"twitter:label1\" content=\"Written by\" \/>\n\t<meta name=\"twitter:data1\" content=\"Vytenis Kazlauskas\" \/>\n\t<meta name=\"twitter:label2\" content=\"Est. reading time\" \/>\n\t<meta name=\"twitter:data2\" content=\"3 minut\u0117s\" \/>\n<script type=\"application\/ld+json\" class=\"yoast-schema-graph\">{\"@context\":\"https:\/\/schema.org\",\"@graph\":[{\"@type\":\"Article\",\"@id\":\"https:\/\/fkzalgiris.lt\/i-fk-zalgiris-sugrizes-m-vareika-pietu-iv-yra-mano-sirdyje\/#article\",\"isPartOf\":{\"@id\":\"https:\/\/fkzalgiris.lt\/i-fk-zalgiris-sugrizes-m-vareika-pietu-iv-yra-mano-sirdyje\/\"},\"author\":{\"name\":\"Vytenis Kazlauskas\",\"@id\":\"https:\/\/fkzalgiris.lt\/#\/schema\/person\/4f9d803317bb1803c6736492969126dd\"},\"headline\":\"\u012e FK \u201e\u017dalgiris\u201c sugr\u012f\u017e\u0119s M. Vareika: \u201ePiet\u0173 IV\u201c yra mano \u0161irdyje\u201c\",\"datePublished\":\"2026-03-21T16:40:25+00:00\",\"dateModified\":\"2026-03-21T19:43:18+00:00\",\"mainEntityOfPage\":{\"@id\":\"https:\/\/fkzalgiris.lt\/i-fk-zalgiris-sugrizes-m-vareika-pietu-iv-yra-mano-sirdyje\/\"},\"wordCount\":602,\"publisher\":{\"@id\":\"https:\/\/fkzalgiris.lt\/#organization\"},\"articleSection\":[\"\u017dalgiris\"],\"inLanguage\":\"lt-LT\"},{\"@type\":\"WebPage\",\"@id\":\"https:\/\/fkzalgiris.lt\/i-fk-zalgiris-sugrizes-m-vareika-pietu-iv-yra-mano-sirdyje\/\",\"url\":\"https:\/\/fkzalgiris.lt\/i-fk-zalgiris-sugrizes-m-vareika-pietu-iv-yra-mano-sirdyje\/\",\"name\":\"\u012e FK \u201e\u017dalgiris\u201c sugr\u012f\u017e\u0119s M. Vareika: \u201ePiet\u0173 IV\u201c yra mano \u0161irdyje\u201c - FK \u017dalgiris\",\"isPartOf\":{\"@id\":\"https:\/\/fkzalgiris.lt\/#website\"},\"datePublished\":\"2026-03-21T16:40:25+00:00\",\"dateModified\":\"2026-03-21T19:43:18+00:00\",\"breadcrumb\":{\"@id\":\"https:\/\/fkzalgiris.lt\/i-fk-zalgiris-sugrizes-m-vareika-pietu-iv-yra-mano-sirdyje\/#breadcrumb\"},\"inLanguage\":\"lt-LT\",\"potentialAction\":[{\"@type\":\"ReadAction\",\"target\":[\"https:\/\/fkzalgiris.lt\/i-fk-zalgiris-sugrizes-m-vareika-pietu-iv-yra-mano-sirdyje\/\"]}]},{\"@type\":\"BreadcrumbList\",\"@id\":\"https:\/\/fkzalgiris.lt\/i-fk-zalgiris-sugrizes-m-vareika-pietu-iv-yra-mano-sirdyje\/#breadcrumb\",\"itemListElement\":[{\"@type\":\"ListItem\",\"position\":1,\"name\":\"Home\",\"item\":\"https:\/\/fkzalgiris.lt\/\"},{\"@type\":\"ListItem\",\"position\":2,\"name\":\"\u012e FK \u201e\u017dalgiris\u201c sugr\u012f\u017e\u0119s M. Vareika: \u201ePiet\u0173 IV\u201c yra mano \u0161irdyje\u201c\"}]},{\"@type\":\"WebSite\",\"@id\":\"https:\/\/fkzalgiris.lt\/#website\",\"url\":\"https:\/\/fkzalgiris.lt\/\",\"name\":\"FK \u017dalgiris\",\"description\":\"oficiali Vilniaus \u201e\u017dalgirio\u201c futbolo klubo svetain\u0117\",\"publisher\":{\"@id\":\"https:\/\/fkzalgiris.lt\/#organization\"},\"potentialAction\":[{\"@type\":\"SearchAction\",\"target\":{\"@type\":\"EntryPoint\",\"urlTemplate\":\"https:\/\/fkzalgiris.lt\/?s={search_term_string}\"},\"query-input\":{\"@type\":\"PropertyValueSpecification\",\"valueRequired\":true,\"valueName\":\"search_term_string\"}}],\"inLanguage\":\"lt-LT\"},{\"@type\":\"Organization\",\"@id\":\"https:\/\/fkzalgiris.lt\/#organization\",\"name\":\"FK \u017dalgiris\",\"url\":\"https:\/\/fkzalgiris.lt\/\",\"logo\":{\"@type\":\"ImageObject\",\"inLanguage\":\"lt-LT\",\"@id\":\"https:\/\/fkzalgiris.lt\/#\/schema\/logo\/image\/\",\"url\":\"https:\/\/fkzalgiris.lt\/wp-content\/uploads\/2024\/01\/horiz-FK-Zalgiris-logo-2015.png\",\"contentUrl\":\"https:\/\/fkzalgiris.lt\/wp-content\/uploads\/2024\/01\/horiz-FK-Zalgiris-logo-2015.png\",\"width\":3073,\"height\":2048,\"caption\":\"FK \u017dalgiris\"},\"image\":{\"@id\":\"https:\/\/fkzalgiris.lt\/#\/schema\/logo\/image\/\"},\"sameAs\":[\"https:\/\/www.facebook.com\/fkzalgiris\/\",\"https:\/\/x.com\/fkzalgiris\",\"https:\/\/www.instagram.com\/fkzalgiris\/\",\"https:\/\/www.youtube.com\/channel\/UC1ag8JLxGirltMUoLlzfZLA\"]},{\"@type\":\"Person\",\"@id\":\"https:\/\/fkzalgiris.lt\/#\/schema\/person\/4f9d803317bb1803c6736492969126dd\",\"name\":\"Vytenis Kazlauskas\"}]}<\/script>\n<!-- \/ Yoast SEO plugin. -->","yoast_head_json":{"title":"\u012e FK \u201e\u017dalgiris\u201c sugr\u012f\u017e\u0119s M. Vareika: \u201ePiet\u0173 IV\u201c yra mano \u0161irdyje\u201c - FK \u017dalgiris","robots":{"index":"index","follow":"follow","max-snippet":"max-snippet:-1","max-image-preview":"max-image-preview:large","max-video-preview":"max-video-preview:-1"},"canonical":"https:\/\/fkzalgiris.lt\/i-fk-zalgiris-sugrizes-m-vareika-pietu-iv-yra-mano-sirdyje\/","og_locale":"lt_LT","og_type":"article","og_title":"\u012e FK \u201e\u017dalgiris\u201c sugr\u012f\u017e\u0119s M. Vareika: \u201ePiet\u0173 IV\u201c yra mano \u0161irdyje\u201c - FK \u017dalgiris","og_description":"Matas Vareika po daugiau nei dvej\u0173 met\u0173 pertraukos v\u0117l vilki FK \u201e\u017dalgiris\u201c aprang\u0105. Saugas prisipa\u017e\u012fsta \u2013 nors karjeros kelias j\u012f buvo nuved\u0119s \u012f kitas komandas,\u2026","og_url":"https:\/\/fkzalgiris.lt\/i-fk-zalgiris-sugrizes-m-vareika-pietu-iv-yra-mano-sirdyje\/","og_site_name":"FK \u017dalgiris","article_publisher":"https:\/\/www.facebook.com\/fkzalgiris\/","article_published_time":"2026-03-21T16:40:25+00:00","article_modified_time":"2026-03-21T19:43:18+00:00","og_image":[{"width":3356,"height":2259,"url":"https:\/\/fkzalgiris.lt\/wp-content\/uploads\/2024\/02\/social-horiz_Zalgiris_logo_2024.png","type":"image\/png"}],"author":"Vytenis Kazlauskas","twitter_card":"summary_large_image","twitter_creator":"@fkzalgiris","twitter_site":"@fkzalgiris","twitter_misc":{"Written by":"Vytenis Kazlauskas","Est. reading time":"3 minut\u0117s"},"schema":{"@context":"https:\/\/schema.org","@graph":[{"@type":"Article","@id":"https:\/\/fkzalgiris.lt\/i-fk-zalgiris-sugrizes-m-vareika-pietu-iv-yra-mano-sirdyje\/#article","isPartOf":{"@id":"https:\/\/fkzalgiris.lt\/i-fk-zalgiris-sugrizes-m-vareika-pietu-iv-yra-mano-sirdyje\/"},"author":{"name":"Vytenis Kazlauskas","@id":"https:\/\/fkzalgiris.lt\/#\/schema\/person\/4f9d803317bb1803c6736492969126dd"},"headline":"\u012e FK \u201e\u017dalgiris\u201c sugr\u012f\u017e\u0119s M. Vareika: \u201ePiet\u0173 IV\u201c yra mano \u0161irdyje\u201c","datePublished":"2026-03-21T16:40:25+00:00","dateModified":"2026-03-21T19:43:18+00:00","mainEntityOfPage":{"@id":"https:\/\/fkzalgiris.lt\/i-fk-zalgiris-sugrizes-m-vareika-pietu-iv-yra-mano-sirdyje\/"},"wordCount":602,"publisher":{"@id":"https:\/\/fkzalgiris.lt\/#organization"},"articleSection":["\u017dalgiris"],"inLanguage":"lt-LT"},{"@type":"WebPage","@id":"https:\/\/fkzalgiris.lt\/i-fk-zalgiris-sugrizes-m-vareika-pietu-iv-yra-mano-sirdyje\/","url":"https:\/\/fkzalgiris.lt\/i-fk-zalgiris-sugrizes-m-vareika-pietu-iv-yra-mano-sirdyje\/","name":"\u012e FK \u201e\u017dalgiris\u201c sugr\u012f\u017e\u0119s M. Vareika: \u201ePiet\u0173 IV\u201c yra mano \u0161irdyje\u201c - FK \u017dalgiris","isPartOf":{"@id":"https:\/\/fkzalgiris.lt\/#website"},"datePublished":"2026-03-21T16:40:25+00:00","dateModified":"2026-03-21T19:43:18+00:00","breadcrumb":{"@id":"https:\/\/fkzalgiris.lt\/i-fk-zalgiris-sugrizes-m-vareika-pietu-iv-yra-mano-sirdyje\/#breadcrumb"},"inLanguage":"lt-LT","potentialAction":[{"@type":"ReadAction","target":["https:\/\/fkzalgiris.lt\/i-fk-zalgiris-sugrizes-m-vareika-pietu-iv-yra-mano-sirdyje\/"]}]},{"@type":"BreadcrumbList","@id":"https:\/\/fkzalgiris.lt\/i-fk-zalgiris-sugrizes-m-vareika-pietu-iv-yra-mano-sirdyje\/#breadcrumb","itemListElement":[{"@type":"ListItem","position":1,"name":"Home","item":"https:\/\/fkzalgiris.lt\/"},{"@type":"ListItem","position":2,"name":"\u012e FK \u201e\u017dalgiris\u201c sugr\u012f\u017e\u0119s M. Vareika: \u201ePiet\u0173 IV\u201c yra mano \u0161irdyje\u201c"}]},{"@type":"WebSite","@id":"https:\/\/fkzalgiris.lt\/#website","url":"https:\/\/fkzalgiris.lt\/","name":"FK \u017dalgiris","description":"oficiali Vilniaus \u201e\u017dalgirio\u201c futbolo klubo svetain\u0117","publisher":{"@id":"https:\/\/fkzalgiris.lt\/#organization"},"potentialAction":[{"@type":"SearchAction","target":{"@type":"EntryPoint","urlTemplate":"https:\/\/fkzalgiris.lt\/?s={search_term_string}"},"query-input":{"@type":"PropertyValueSpecification","valueRequired":true,"valueName":"search_term_string"}}],"inLanguage":"lt-LT"},{"@type":"Organization","@id":"https:\/\/fkzalgiris.lt\/#organization","name":"FK \u017dalgiris","url":"https:\/\/fkzalgiris.lt\/","logo":{"@type":"ImageObject","inLanguage":"lt-LT","@id":"https:\/\/fkzalgiris.lt\/#\/schema\/logo\/image\/","url":"https:\/\/fkzalgiris.lt\/wp-content\/uploads\/2024\/01\/horiz-FK-Zalgiris-logo-2015.png","contentUrl":"https:\/\/fkzalgiris.lt\/wp-content\/uploads\/2024\/01\/horiz-FK-Zalgiris-logo-2015.png","width":3073,"height":2048,"caption":"FK \u017dalgiris"},"image":{"@id":"https:\/\/fkzalgiris.lt\/#\/schema\/logo\/image\/"},"sameAs":["https:\/\/www.facebook.com\/fkzalgiris\/","https:\/\/x.com\/fkzalgiris","https:\/\/www.instagram.com\/fkzalgiris\/","https:\/\/www.youtube.com\/channel\/UC1ag8JLxGirltMUoLlzfZLA"]},{"@type":"Person","@id":"https:\/\/fkzalgiris.lt\/#\/schema\/person\/4f9d803317bb1803c6736492969126dd","name":"Vytenis Kazlauskas"}]}},"_links":{"self":[{"href":"https:\/\/fkzalgiris.lt\/api\/wp\/v2\/posts\/21590","targetHints":{"allow":["GET"]}}],"collection":[{"href":"https:\/\/fkzalgiris.lt\/api\/wp\/v2\/posts"}],"about":[{"href":"https:\/\/fkzalgiris.lt\/api\/wp\/v2\/types\/post"}],"author":[{"embeddable":true,"href":"https:\/\/fkzalgiris.lt\/api\/wp\/v2\/users\/21"}],"replies":[{"embeddable":true,"href":"https:\/\/fkzalgiris.lt\/api\/wp\/v2\/comments?post=21590"}],"version-history":[{"count":14,"href":"https:\/\/fkzalgiris.lt\/api\/wp\/v2\/posts\/21590\/revisions"}],"predecessor-version":[{"id":21608,"href":"https:\/\/fkzalgiris.lt\/api\/wp\/v2\/posts\/21590\/revisions\/21608"}],"wp:attachment":[{"href":"https:\/\/fkzalgiris.lt\/api\/wp\/v2\/media?parent=21590"}],"wp:term":[{"taxonomy":"category","embeddable":true,"href":"https:\/\/fkzalgiris.lt\/api\/wp\/v2\/categories?post=21590"}],"curies":[{"name":"wp","href":"https:\/\/api.w.org\/{rel}","templated":true}]}}