{"id":21555,"date":"2026-03-20T18:35:53","date_gmt":"2026-03-20T16:35:53","guid":{"rendered":"https:\/\/fkzalgiris.lt\/?p=21555"},"modified":"2026-03-21T21:11:26","modified_gmt":"2026-03-21T19:11:26","slug":"kluba-papildo-i-fk-zalgiri-sugrizes-m-vareika","status":"publish","type":"post","link":"https:\/\/fkzalgiris.lt\/kluba-papildo-i-fk-zalgiri-sugrizes-m-vareika\/","title":{"rendered":"Klubas stiprina gretas \u2013 \u012f FK \u201e\u017dalgiris\u201c sugr\u012f\u017eta M. Vareika"},"content":{"rendered":"<p>\u012esib\u0117g\u0117jant sezonui \u012f Vilni\u0173 sugr\u012f\u017eta gerai pa\u017e\u012fstamas veidas \u2013 FK \u201e\u017dalgiris\u201c gretas papildo 26-eri\u0173 Matas Vareika.<\/p>\n<p>Net penkerius metus sostin\u0117s klubo aprang\u0105 profesionalo karjeros saul\u0117tekyje vilk\u0117j\u0119s saugas \u012f \u201e\u017dalgir\u012f\u201c dabar nuomos pagrindais keliasi i\u0161 Jerevano FC \u201ePyunik\u201c (Arm\u0117nija). Sutartis sudaryta iki sezono pabaigos.<\/p>\n<p><img loading=\"lazy\" decoding=\"async\" class=\"alignnone wp-image-21569 \" src=\"https:\/\/fkzalgiris.lt\/wp-content\/uploads\/2026\/03\/Vareika-1-240x300.png\" alt=\"\" width=\"481\" height=\"601\" srcset=\"https:\/\/fkzalgiris.lt\/wp-content\/uploads\/2026\/03\/Vareika-1-240x300.png 240w, https:\/\/fkzalgiris.lt\/wp-content\/uploads\/2026\/03\/Vareika-1-819x1024.png 819w, https:\/\/fkzalgiris.lt\/wp-content\/uploads\/2026\/03\/Vareika-1-768x960.png 768w, https:\/\/fkzalgiris.lt\/wp-content\/uploads\/2026\/03\/Vareika-1-80x100.png 80w, https:\/\/fkzalgiris.lt\/wp-content\/uploads\/2026\/03\/Vareika-1.png 960w\" sizes=\"auto, (max-width: 481px) 100vw, 481px\" \/><\/p>\n<p>Nacionalin\u0117s futbolo akademijos aukl\u0117tinis M. Vareika \u012f FK \u201e\u017dalgiris\u201c pirm\u0105 kart\u0105 atvyko 2019 metais. Per keturis sezonus pagrindin\u0117je komandoje jis su\u017eaid\u0117 36 rungtynes A lygoje, peln\u0117 5 \u012fvar\u010dius bei kartu su klubu triskart tapo Lietuvos \u010dempionu ir dukart i\u0161kovojo Supertaur\u0119.<\/p>\n<p>Beveik 40 rungtyni\u0173 Matas su\u017eaid\u0117 ir 18 \u012fvar\u010di\u0173 \u012fmu\u0161\u0117 Lietuvos I lygoje atstovaudamas \u201e\u017dalgiris B\u201c ekipai.<\/p>\n<p>2024 m. M. Vareika pasira\u0161\u0117 sutart\u012f su Kauno r. \u201eHegelmann\u201c, su \u0161ia komanda tapo Lietuvos vice\u010dempionu, per 32 ma\u010dus peln\u0119s 10 \u012fvar\u010di\u0173.<\/p>\n<p>2025 m. saugas nutar\u0117 karjer\u0105 t\u0119sti viename labiausiai tituluot\u0173 Arm\u0117nijos klub\u0173 FC \u201ePyunik\u201c. \u0160ios \u0161alies lygoje jis su\u017eaid\u0117 24 rungtynes ir \u012fmu\u0161\u0117 7 \u012fvar\u010dius.<\/p>\n<p>\u012evairaus am\u017eiaus \u0161alies rinktin\u0117ms atstovav\u0119s M. Vareika 2024 m. debiutavo ir Lietuvos nacionalin\u0117je komandoje.<\/p>\n","protected":false},"excerpt":{"rendered":"<p>\u012esib\u0117g\u0117jant sezonui \u012f Vilni\u0173 sugr\u012f\u017eta gerai pa\u017e\u012fstamas veidas \u2013 FK \u201e\u017dalgiris\u201c gretas papildo 26-eri\u0173 Matas Vareika. Net penkerius metus sostin\u0117s klubo aprang\u0105 profesionalo karjeros saul\u0117tekyje\u2026<\/p>\n","protected":false},"author":21,"featured_media":0,"comment_status":"closed","ping_status":"closed","sticky":false,"template":"","format":"standard","meta":{"_acf_changed":false,"footnotes":""},"categories":[87],"class_list":["post-21555","post","type-post","status-publish","format-standard","hentry","category-zalgiris"],"acf":[],"yoast_head":"<!-- This site is optimized with the Yoast SEO plugin v26.8 - https:\/\/yoast.com\/product\/yoast-seo-wordpress\/ -->\n<title>Klubas stiprina gretas \u2013 \u012f FK \u201e\u017dalgiris\u201c sugr\u012f\u017eta M. Vareika - FK \u017dalgiris<\/title>\n<meta name=\"robots\" content=\"index, follow, max-snippet:-1, max-image-preview:large, max-video-preview:-1\" \/>\n<link rel=\"canonical\" href=\"https:\/\/fkzalgiris.lt\/kluba-papildo-i-fk-zalgiri-sugrizes-m-vareika\/\" \/>\n<meta property=\"og:locale\" content=\"lt_LT\" \/>\n<meta property=\"og:type\" content=\"article\" \/>\n<meta property=\"og:title\" content=\"Klubas stiprina gretas \u2013 \u012f FK \u201e\u017dalgiris\u201c sugr\u012f\u017eta M. Vareika - FK \u017dalgiris\" \/>\n<meta property=\"og:description\" content=\"\u012esib\u0117g\u0117jant sezonui \u012f Vilni\u0173 sugr\u012f\u017eta gerai pa\u017e\u012fstamas veidas \u2013 FK \u201e\u017dalgiris\u201c gretas papildo 26-eri\u0173 Matas Vareika. Net penkerius metus sostin\u0117s klubo aprang\u0105 profesionalo karjeros saul\u0117tekyje\u2026\" \/>\n<meta property=\"og:url\" content=\"https:\/\/fkzalgiris.lt\/kluba-papildo-i-fk-zalgiri-sugrizes-m-vareika\/\" \/>\n<meta property=\"og:site_name\" content=\"FK \u017dalgiris\" \/>\n<meta property=\"article:publisher\" content=\"https:\/\/www.facebook.com\/fkzalgiris\/\" \/>\n<meta property=\"article:published_time\" content=\"2026-03-20T16:35:53+00:00\" \/>\n<meta property=\"article:modified_time\" content=\"2026-03-21T19:11:26+00:00\" \/>\n<meta property=\"og:image\" content=\"https:\/\/fkzalgiris.lt\/wp-content\/uploads\/2026\/03\/Vareika-1.png\" \/>\n\t<meta property=\"og:image:width\" content=\"960\" \/>\n\t<meta property=\"og:image:height\" content=\"1200\" \/>\n\t<meta property=\"og:image:type\" content=\"image\/png\" \/>\n<meta name=\"author\" content=\"Vytenis Kazlauskas\" \/>\n<meta name=\"twitter:card\" content=\"summary_large_image\" \/>\n<meta name=\"twitter:creator\" content=\"@fkzalgiris\" \/>\n<meta name=\"twitter:site\" content=\"@fkzalgiris\" \/>\n<meta name=\"twitter:label1\" content=\"Written by\" \/>\n\t<meta name=\"twitter:data1\" content=\"Vytenis Kazlauskas\" \/>\n\t<meta name=\"twitter:label2\" content=\"Est. reading time\" \/>\n\t<meta name=\"twitter:data2\" content=\"2 minut\u0117s\" \/>\n<script type=\"application\/ld+json\" class=\"yoast-schema-graph\">{\"@context\":\"https:\/\/schema.org\",\"@graph\":[{\"@type\":\"Article\",\"@id\":\"https:\/\/fkzalgiris.lt\/kluba-papildo-i-fk-zalgiri-sugrizes-m-vareika\/#article\",\"isPartOf\":{\"@id\":\"https:\/\/fkzalgiris.lt\/kluba-papildo-i-fk-zalgiri-sugrizes-m-vareika\/\"},\"author\":{\"name\":\"Vytenis Kazlauskas\",\"@id\":\"https:\/\/fkzalgiris.lt\/#\/schema\/person\/4f9d803317bb1803c6736492969126dd\"},\"headline\":\"Klubas stiprina gretas \u2013 \u012f FK \u201e\u017dalgiris\u201c sugr\u012f\u017eta M. Vareika\",\"datePublished\":\"2026-03-20T16:35:53+00:00\",\"dateModified\":\"2026-03-21T19:11:26+00:00\",\"mainEntityOfPage\":{\"@id\":\"https:\/\/fkzalgiris.lt\/kluba-papildo-i-fk-zalgiri-sugrizes-m-vareika\/\"},\"wordCount\":181,\"publisher\":{\"@id\":\"https:\/\/fkzalgiris.lt\/#organization\"},\"image\":{\"@id\":\"https:\/\/fkzalgiris.lt\/kluba-papildo-i-fk-zalgiri-sugrizes-m-vareika\/#primaryimage\"},\"thumbnailUrl\":\"https:\/\/fkzalgiris.lt\/wp-content\/uploads\/2026\/03\/Vareika-1-240x300.png\",\"articleSection\":[\"\u017dalgiris\"],\"inLanguage\":\"lt-LT\"},{\"@type\":\"WebPage\",\"@id\":\"https:\/\/fkzalgiris.lt\/kluba-papildo-i-fk-zalgiri-sugrizes-m-vareika\/\",\"url\":\"https:\/\/fkzalgiris.lt\/kluba-papildo-i-fk-zalgiri-sugrizes-m-vareika\/\",\"name\":\"Klubas stiprina gretas \u2013 \u012f FK \u201e\u017dalgiris\u201c sugr\u012f\u017eta M. Vareika - FK \u017dalgiris\",\"isPartOf\":{\"@id\":\"https:\/\/fkzalgiris.lt\/#website\"},\"primaryImageOfPage\":{\"@id\":\"https:\/\/fkzalgiris.lt\/kluba-papildo-i-fk-zalgiri-sugrizes-m-vareika\/#primaryimage\"},\"image\":{\"@id\":\"https:\/\/fkzalgiris.lt\/kluba-papildo-i-fk-zalgiri-sugrizes-m-vareika\/#primaryimage\"},\"thumbnailUrl\":\"https:\/\/fkzalgiris.lt\/wp-content\/uploads\/2026\/03\/Vareika-1-240x300.png\",\"datePublished\":\"2026-03-20T16:35:53+00:00\",\"dateModified\":\"2026-03-21T19:11:26+00:00\",\"breadcrumb\":{\"@id\":\"https:\/\/fkzalgiris.lt\/kluba-papildo-i-fk-zalgiri-sugrizes-m-vareika\/#breadcrumb\"},\"inLanguage\":\"lt-LT\",\"potentialAction\":[{\"@type\":\"ReadAction\",\"target\":[\"https:\/\/fkzalgiris.lt\/kluba-papildo-i-fk-zalgiri-sugrizes-m-vareika\/\"]}]},{\"@type\":\"ImageObject\",\"inLanguage\":\"lt-LT\",\"@id\":\"https:\/\/fkzalgiris.lt\/kluba-papildo-i-fk-zalgiri-sugrizes-m-vareika\/#primaryimage\",\"url\":\"https:\/\/fkzalgiris.lt\/wp-content\/uploads\/2026\/03\/Vareika-1.png\",\"contentUrl\":\"https:\/\/fkzalgiris.lt\/wp-content\/uploads\/2026\/03\/Vareika-1.png\",\"width\":960,\"height\":1200},{\"@type\":\"BreadcrumbList\",\"@id\":\"https:\/\/fkzalgiris.lt\/kluba-papildo-i-fk-zalgiri-sugrizes-m-vareika\/#breadcrumb\",\"itemListElement\":[{\"@type\":\"ListItem\",\"position\":1,\"name\":\"Home\",\"item\":\"https:\/\/fkzalgiris.lt\/\"},{\"@type\":\"ListItem\",\"position\":2,\"name\":\"Klubas stiprina gretas \u2013 \u012f FK \u201e\u017dalgiris\u201c sugr\u012f\u017eta M. Vareika\"}]},{\"@type\":\"WebSite\",\"@id\":\"https:\/\/fkzalgiris.lt\/#website\",\"url\":\"https:\/\/fkzalgiris.lt\/\",\"name\":\"FK \u017dalgiris\",\"description\":\"oficiali Vilniaus \u201e\u017dalgirio\u201c futbolo klubo svetain\u0117\",\"publisher\":{\"@id\":\"https:\/\/fkzalgiris.lt\/#organization\"},\"potentialAction\":[{\"@type\":\"SearchAction\",\"target\":{\"@type\":\"EntryPoint\",\"urlTemplate\":\"https:\/\/fkzalgiris.lt\/?s={search_term_string}\"},\"query-input\":{\"@type\":\"PropertyValueSpecification\",\"valueRequired\":true,\"valueName\":\"search_term_string\"}}],\"inLanguage\":\"lt-LT\"},{\"@type\":\"Organization\",\"@id\":\"https:\/\/fkzalgiris.lt\/#organization\",\"name\":\"FK \u017dalgiris\",\"url\":\"https:\/\/fkzalgiris.lt\/\",\"logo\":{\"@type\":\"ImageObject\",\"inLanguage\":\"lt-LT\",\"@id\":\"https:\/\/fkzalgiris.lt\/#\/schema\/logo\/image\/\",\"url\":\"https:\/\/fkzalgiris.lt\/wp-content\/uploads\/2024\/01\/horiz-FK-Zalgiris-logo-2015.png\",\"contentUrl\":\"https:\/\/fkzalgiris.lt\/wp-content\/uploads\/2024\/01\/horiz-FK-Zalgiris-logo-2015.png\",\"width\":3073,\"height\":2048,\"caption\":\"FK \u017dalgiris\"},\"image\":{\"@id\":\"https:\/\/fkzalgiris.lt\/#\/schema\/logo\/image\/\"},\"sameAs\":[\"https:\/\/www.facebook.com\/fkzalgiris\/\",\"https:\/\/x.com\/fkzalgiris\",\"https:\/\/www.instagram.com\/fkzalgiris\/\",\"https:\/\/www.youtube.com\/channel\/UC1ag8JLxGirltMUoLlzfZLA\"]},{\"@type\":\"Person\",\"@id\":\"https:\/\/fkzalgiris.lt\/#\/schema\/person\/4f9d803317bb1803c6736492969126dd\",\"name\":\"Vytenis Kazlauskas\"}]}<\/script>\n<!-- \/ Yoast SEO plugin. -->","yoast_head_json":{"title":"Klubas stiprina gretas \u2013 \u012f FK \u201e\u017dalgiris\u201c sugr\u012f\u017eta M. Vareika - FK \u017dalgiris","robots":{"index":"index","follow":"follow","max-snippet":"max-snippet:-1","max-image-preview":"max-image-preview:large","max-video-preview":"max-video-preview:-1"},"canonical":"https:\/\/fkzalgiris.lt\/kluba-papildo-i-fk-zalgiri-sugrizes-m-vareika\/","og_locale":"lt_LT","og_type":"article","og_title":"Klubas stiprina gretas \u2013 \u012f FK \u201e\u017dalgiris\u201c sugr\u012f\u017eta M. Vareika - FK \u017dalgiris","og_description":"\u012esib\u0117g\u0117jant sezonui \u012f Vilni\u0173 sugr\u012f\u017eta gerai pa\u017e\u012fstamas veidas \u2013 FK \u201e\u017dalgiris\u201c gretas papildo 26-eri\u0173 Matas Vareika. Net penkerius metus sostin\u0117s klubo aprang\u0105 profesionalo karjeros saul\u0117tekyje\u2026","og_url":"https:\/\/fkzalgiris.lt\/kluba-papildo-i-fk-zalgiri-sugrizes-m-vareika\/","og_site_name":"FK \u017dalgiris","article_publisher":"https:\/\/www.facebook.com\/fkzalgiris\/","article_published_time":"2026-03-20T16:35:53+00:00","article_modified_time":"2026-03-21T19:11:26+00:00","og_image":[{"width":960,"height":1200,"url":"https:\/\/fkzalgiris.lt\/wp-content\/uploads\/2026\/03\/Vareika-1.png","type":"image\/png"}],"author":"Vytenis Kazlauskas","twitter_card":"summary_large_image","twitter_creator":"@fkzalgiris","twitter_site":"@fkzalgiris","twitter_misc":{"Written by":"Vytenis Kazlauskas","Est. reading time":"2 minut\u0117s"},"schema":{"@context":"https:\/\/schema.org","@graph":[{"@type":"Article","@id":"https:\/\/fkzalgiris.lt\/kluba-papildo-i-fk-zalgiri-sugrizes-m-vareika\/#article","isPartOf":{"@id":"https:\/\/fkzalgiris.lt\/kluba-papildo-i-fk-zalgiri-sugrizes-m-vareika\/"},"author":{"name":"Vytenis Kazlauskas","@id":"https:\/\/fkzalgiris.lt\/#\/schema\/person\/4f9d803317bb1803c6736492969126dd"},"headline":"Klubas stiprina gretas \u2013 \u012f FK \u201e\u017dalgiris\u201c sugr\u012f\u017eta M. Vareika","datePublished":"2026-03-20T16:35:53+00:00","dateModified":"2026-03-21T19:11:26+00:00","mainEntityOfPage":{"@id":"https:\/\/fkzalgiris.lt\/kluba-papildo-i-fk-zalgiri-sugrizes-m-vareika\/"},"wordCount":181,"publisher":{"@id":"https:\/\/fkzalgiris.lt\/#organization"},"image":{"@id":"https:\/\/fkzalgiris.lt\/kluba-papildo-i-fk-zalgiri-sugrizes-m-vareika\/#primaryimage"},"thumbnailUrl":"https:\/\/fkzalgiris.lt\/wp-content\/uploads\/2026\/03\/Vareika-1-240x300.png","articleSection":["\u017dalgiris"],"inLanguage":"lt-LT"},{"@type":"WebPage","@id":"https:\/\/fkzalgiris.lt\/kluba-papildo-i-fk-zalgiri-sugrizes-m-vareika\/","url":"https:\/\/fkzalgiris.lt\/kluba-papildo-i-fk-zalgiri-sugrizes-m-vareika\/","name":"Klubas stiprina gretas \u2013 \u012f FK \u201e\u017dalgiris\u201c sugr\u012f\u017eta M. Vareika - FK \u017dalgiris","isPartOf":{"@id":"https:\/\/fkzalgiris.lt\/#website"},"primaryImageOfPage":{"@id":"https:\/\/fkzalgiris.lt\/kluba-papildo-i-fk-zalgiri-sugrizes-m-vareika\/#primaryimage"},"image":{"@id":"https:\/\/fkzalgiris.lt\/kluba-papildo-i-fk-zalgiri-sugrizes-m-vareika\/#primaryimage"},"thumbnailUrl":"https:\/\/fkzalgiris.lt\/wp-content\/uploads\/2026\/03\/Vareika-1-240x300.png","datePublished":"2026-03-20T16:35:53+00:00","dateModified":"2026-03-21T19:11:26+00:00","breadcrumb":{"@id":"https:\/\/fkzalgiris.lt\/kluba-papildo-i-fk-zalgiri-sugrizes-m-vareika\/#breadcrumb"},"inLanguage":"lt-LT","potentialAction":[{"@type":"ReadAction","target":["https:\/\/fkzalgiris.lt\/kluba-papildo-i-fk-zalgiri-sugrizes-m-vareika\/"]}]},{"@type":"ImageObject","inLanguage":"lt-LT","@id":"https:\/\/fkzalgiris.lt\/kluba-papildo-i-fk-zalgiri-sugrizes-m-vareika\/#primaryimage","url":"https:\/\/fkzalgiris.lt\/wp-content\/uploads\/2026\/03\/Vareika-1.png","contentUrl":"https:\/\/fkzalgiris.lt\/wp-content\/uploads\/2026\/03\/Vareika-1.png","width":960,"height":1200},{"@type":"BreadcrumbList","@id":"https:\/\/fkzalgiris.lt\/kluba-papildo-i-fk-zalgiri-sugrizes-m-vareika\/#breadcrumb","itemListElement":[{"@type":"ListItem","position":1,"name":"Home","item":"https:\/\/fkzalgiris.lt\/"},{"@type":"ListItem","position":2,"name":"Klubas stiprina gretas \u2013 \u012f FK \u201e\u017dalgiris\u201c sugr\u012f\u017eta M. Vareika"}]},{"@type":"WebSite","@id":"https:\/\/fkzalgiris.lt\/#website","url":"https:\/\/fkzalgiris.lt\/","name":"FK \u017dalgiris","description":"oficiali Vilniaus \u201e\u017dalgirio\u201c futbolo klubo svetain\u0117","publisher":{"@id":"https:\/\/fkzalgiris.lt\/#organization"},"potentialAction":[{"@type":"SearchAction","target":{"@type":"EntryPoint","urlTemplate":"https:\/\/fkzalgiris.lt\/?s={search_term_string}"},"query-input":{"@type":"PropertyValueSpecification","valueRequired":true,"valueName":"search_term_string"}}],"inLanguage":"lt-LT"},{"@type":"Organization","@id":"https:\/\/fkzalgiris.lt\/#organization","name":"FK \u017dalgiris","url":"https:\/\/fkzalgiris.lt\/","logo":{"@type":"ImageObject","inLanguage":"lt-LT","@id":"https:\/\/fkzalgiris.lt\/#\/schema\/logo\/image\/","url":"https:\/\/fkzalgiris.lt\/wp-content\/uploads\/2024\/01\/horiz-FK-Zalgiris-logo-2015.png","contentUrl":"https:\/\/fkzalgiris.lt\/wp-content\/uploads\/2024\/01\/horiz-FK-Zalgiris-logo-2015.png","width":3073,"height":2048,"caption":"FK \u017dalgiris"},"image":{"@id":"https:\/\/fkzalgiris.lt\/#\/schema\/logo\/image\/"},"sameAs":["https:\/\/www.facebook.com\/fkzalgiris\/","https:\/\/x.com\/fkzalgiris","https:\/\/www.instagram.com\/fkzalgiris\/","https:\/\/www.youtube.com\/channel\/UC1ag8JLxGirltMUoLlzfZLA"]},{"@type":"Person","@id":"https:\/\/fkzalgiris.lt\/#\/schema\/person\/4f9d803317bb1803c6736492969126dd","name":"Vytenis Kazlauskas"}]}},"_links":{"self":[{"href":"https:\/\/fkzalgiris.lt\/api\/wp\/v2\/posts\/21555","targetHints":{"allow":["GET"]}}],"collection":[{"href":"https:\/\/fkzalgiris.lt\/api\/wp\/v2\/posts"}],"about":[{"href":"https:\/\/fkzalgiris.lt\/api\/wp\/v2\/types\/post"}],"author":[{"embeddable":true,"href":"https:\/\/fkzalgiris.lt\/api\/wp\/v2\/users\/21"}],"replies":[{"embeddable":true,"href":"https:\/\/fkzalgiris.lt\/api\/wp\/v2\/comments?post=21555"}],"version-history":[{"count":9,"href":"https:\/\/fkzalgiris.lt\/api\/wp\/v2\/posts\/21555\/revisions"}],"predecessor-version":[{"id":21607,"href":"https:\/\/fkzalgiris.lt\/api\/wp\/v2\/posts\/21555\/revisions\/21607"}],"wp:attachment":[{"href":"https:\/\/fkzalgiris.lt\/api\/wp\/v2\/media?parent=21555"}],"wp:term":[{"taxonomy":"category","embeddable":true,"href":"https:\/\/fkzalgiris.lt\/api\/wp\/v2\/categories?post=21555"}],"curies":[{"name":"wp","href":"https:\/\/api.w.org\/{rel}","templated":true}]}}