{"id":21445,"date":"2026-03-20T10:00:31","date_gmt":"2026-03-20T08:00:31","guid":{"rendered":"https:\/\/fkzalgiris.lt\/?p=21445"},"modified":"2026-03-19T19:08:21","modified_gmt":"2026-03-19T17:08:21","slug":"europa-tampa-vienu-pagrindiniu-fk-zalgirio-remeju","status":"publish","type":"post","link":"https:\/\/fkzalgiris.lt\/europa-tampa-vienu-pagrindiniu-fk-zalgirio-remeju\/","title":{"rendered":"\u201eEuropa\u201c tampa vienu pagrindini\u0173 FK \u201e\u017dalgirio\u201c r\u0117m\u0117j\u0173"},"content":{"rendered":"<p style=\"font-weight: 400;\">FK \u201e\u017dalgiris\u201c 2026-\u0173j\u0173 sezon\u0105 pasitinka su galingu pastiprinimu i\u0161 pa\u010dios sostin\u0117s \u0161irdies. Oficialiu komandos prekybos centru ir vienu i\u0161 pagrindini\u0173 reprezentacinio sostin\u0117s futbolo klubo r\u0117m\u0117j\u0173 tampa \u201eEuropa\u201c. \u0160i strategin\u0117 partneryst\u0117 vienys futbolo bei aktyvaus laisvalaikio entuziastus ir lyd\u0117s komand\u0105 visuose svarbiausiuose \u0161io sezono var\u017eyb\u0173 etapuose. Su \u201eEuropa\u201c \u2013 \u012f Europ\u0105.<\/p>\n<p style=\"font-weight: 400;\">Modernus miesto gyvenimas nebeatsiejamas nuo jud\u0117jimo ir dinamikos, tod\u0117l dviej\u0173 sostin\u0117s lyderi\u0173 \u2013 istorin\u0119 vert\u0119 kurian\u010dio futbolo klubo ir Vilniaus verslo centre \u012fsik\u016brusio prekybos centro \u2013 sinergija tapo nat\u016braliu \u017eingsniu. Pagrindinis \u0161io bendradarbiavimo tikslas yra skatinti aktyv\u0173, sveik\u0105 miestie\u010di\u0173 gyvenimo b\u016bd\u0105 ir kurti bendruomeni\u0161kum\u0105 tiek stadione, tiek u\u017e jo rib\u0173.<\/p>\n<p style=\"font-weight: 400;\">\u201ePrekybos centras \u201eEuropa\u201c \u0161iandien si\u016blo daugiau nei 5000 kv. metr\u0173 sporto ir aktyvaus gyvenimo erdvi\u0173\u2013 nuo lyderiaujan\u010di\u0173 sporto klub\u0173 iki \u012fvairi\u0173 specializuot\u0173 sporto veikl\u0173. Tikime, kad prekybos centras gali b\u016bti ne tik apsipirkimo, bet ir sveiko bei aktyvaus gyvenimo dalimi, tod\u0117l nat\u016bralu, kad \u0161i\u0105 id\u0117j\u0105 t\u0119siame ir u\u017e savo erdvi\u0173 rib\u0173 \u2013 partneryst\u0117je su FK \u201e\u017dalgiris\u201c, kartu skatindami aktyvesn\u012f gyvenimo b\u016bd\u0105\u201c, \u2013 teigia prekybos centro \u201eEuropa\u201c vadov\u0117 Ieva Go\u0161tautait\u0117-Gedut\u0117.<\/p>\n<p>\u00a0<img loading=\"lazy\" decoding=\"async\" class=\"alignnone wp-image-21462\" src=\"https:\/\/fkzalgiris.lt\/wp-content\/uploads\/2026\/03\/0A6A7595-300x200.jpeg\" alt=\"\" width=\"650\" height=\"433\" srcset=\"https:\/\/fkzalgiris.lt\/wp-content\/uploads\/2026\/03\/0A6A7595-300x200.jpeg 300w, https:\/\/fkzalgiris.lt\/wp-content\/uploads\/2026\/03\/0A6A7595-1024x683.jpeg 1024w, https:\/\/fkzalgiris.lt\/wp-content\/uploads\/2026\/03\/0A6A7595-768x512.jpeg 768w, https:\/\/fkzalgiris.lt\/wp-content\/uploads\/2026\/03\/0A6A7595-1536x1024.jpeg 1536w, https:\/\/fkzalgiris.lt\/wp-content\/uploads\/2026\/03\/0A6A7595-2048x1365.jpeg 2048w, https:\/\/fkzalgiris.lt\/wp-content\/uploads\/2026\/03\/0A6A7595-150x100.jpeg 150w, https:\/\/fkzalgiris.lt\/wp-content\/uploads\/2026\/03\/0A6A7595-840x560.jpeg 840w, https:\/\/fkzalgiris.lt\/wp-content\/uploads\/2026\/03\/0A6A7595-570x380.jpeg 570w, https:\/\/fkzalgiris.lt\/wp-content\/uploads\/2026\/03\/0A6A7595-30x20.jpeg 30w\" sizes=\"auto, (max-width: 650px) 100vw, 650px\" \/><\/p>\n<p style=\"font-weight: 400;\">Klubo prezidentas Andrius Tapinas vertina \u0161i\u0105 strategin\u0119 partneryst\u0119 ir pabr\u0117\u017eia jos svarb\u0105 visai organizacijos strukt\u016brai.<\/p>\n<p style=\"font-weight: 400;\">\u201eNepaprastai d\u017eiaugiam\u0117s, kad prie m\u016bs\u0173 prisijungia toks inovatyvus ir sport\u0105 vertinantis partneris. Kurdami atsinaujinus\u012f \u201e\u017dalgir\u012f\u201c, mes matome j\u012f kaip viening\u0105 ir visapusi\u0161k\u0105 organizacij\u0105. Tod\u0117l mums ypa\u010d svarbu, kad \u0161is bendradarbiavimas ir \u201eEuropos\u201c skiriamas i\u0161skirtinis d\u0117mesys aktyviam gyvenimo b\u016bdui apims ne tik pagrindin\u0119 vyr\u0173 komand\u0105, bet ir suteiks stipr\u0173 impuls\u0105 spar\u010diai augan\u010diai moter\u0173 komandai bei m\u016bs\u0173 futbolo akademijos aukl\u0117tiniams. Tai did\u017eiulis laim\u0117jimas ir tvirtas pagrindas visai m\u016bs\u0173 bendruomenei\u201c, \u2013 sako A. Tapinas.<\/p>\n<p style=\"font-weight: 400;\">FK \u201e\u017dalgirio\u201c direktorius Mindaugas Kasper\u016bnas sako, kad toks partneris klubui yra svarbus \u017eingsnis \u012f priek\u012f.<\/p>\n<p style=\"font-weight: 400;\">\u201eD\u017eiaugiam\u0117s, kad prie m\u016bs\u0173 prisijungia stiprus ir aktyv\u0173 gyvenimo b\u016bd\u0105 puosel\u0117jantis partneris. \u201eEuropa\u201c yra traukos ta\u0161kas Vilniaus centre, o \u201e\u017dalgiris\u201c \u2013 klubas, vienijantis Vilniaus miest\u0105 ir bendruomen\u0119. Sujung\u0119 j\u0117gas galime pasiekti dar daugiau \u017emoni\u0173 ir paskatinti juos gyventi aktyviau\u201c, \u2013 sako M. Kasper\u016bnas.<\/p>\n<p style=\"font-weight: 400;\"><img loading=\"lazy\" decoding=\"async\" class=\"alignnone wp-image-21460\" src=\"https:\/\/fkzalgiris.lt\/wp-content\/uploads\/2026\/03\/0A6A7520-300x200.jpeg\" alt=\"\" width=\"650\" height=\"433\" srcset=\"https:\/\/fkzalgiris.lt\/wp-content\/uploads\/2026\/03\/0A6A7520-300x200.jpeg 300w, https:\/\/fkzalgiris.lt\/wp-content\/uploads\/2026\/03\/0A6A7520-1024x683.jpeg 1024w, https:\/\/fkzalgiris.lt\/wp-content\/uploads\/2026\/03\/0A6A7520-768x512.jpeg 768w, https:\/\/fkzalgiris.lt\/wp-content\/uploads\/2026\/03\/0A6A7520-1536x1024.jpeg 1536w, https:\/\/fkzalgiris.lt\/wp-content\/uploads\/2026\/03\/0A6A7520-2048x1365.jpeg 2048w, https:\/\/fkzalgiris.lt\/wp-content\/uploads\/2026\/03\/0A6A7520-150x100.jpeg 150w, https:\/\/fkzalgiris.lt\/wp-content\/uploads\/2026\/03\/0A6A7520-840x560.jpeg 840w, https:\/\/fkzalgiris.lt\/wp-content\/uploads\/2026\/03\/0A6A7520-570x380.jpeg 570w, https:\/\/fkzalgiris.lt\/wp-content\/uploads\/2026\/03\/0A6A7520-30x20.jpeg 30w\" sizes=\"auto, (max-width: 650px) 100vw, 650px\" \/><\/p>\n<p style=\"font-weight: 400;\">Savo ruo\u017etu FK \u201e\u017dalgirio\u201c komercijos vadovas Rytis Davidovi\u010dius atkreipia d\u0117mes\u012f \u012f unikal\u0173 \u0161io partnerio profil\u012f rinkoje.<\/p>\n<p style=\"font-weight: 400;\">\u201eNat\u016braliai kyla klausimas \u2013 kod\u0117l oficialiu klubo prekybos centru tapo b\u016btent \u201eEuropa\u201c? Atsakymas yra labai ai\u0161kus ir pagr\u012fstas vertyb\u0117mis \u2013 \u201eEuropa\u201c sportui, sveikatingumui ir aktyviam gyvenimo b\u016bdui skiria i\u0161skirtin\u012f, tiesiog did\u017eiul\u012f d\u0117mes\u012f. Tai ne tik prekybos centras, bet ir tikra aktyvaus gyvenimo oaz\u0117. Mums, kaip sporto organizacijai, labai svarbu, kad partneri\u0173 veikla sutapt\u0173 su m\u016bs\u0173 misija. \u0160is strateginis po\u017ei\u016bri\u0173 bendrumas leis mums sukurti unikali\u0105 vert\u0119 vilnie\u010diams viso sezono metu\u201c, \u2013 akcentuoja R. Davidovi\u010dius.<\/p>\n<p><img loading=\"lazy\" decoding=\"async\" class=\"alignnone wp-image-21461\" src=\"https:\/\/fkzalgiris.lt\/wp-content\/uploads\/2026\/03\/0A6A7567-300x200.jpeg\" alt=\"\" width=\"650\" height=\"433\" srcset=\"https:\/\/fkzalgiris.lt\/wp-content\/uploads\/2026\/03\/0A6A7567-300x200.jpeg 300w, https:\/\/fkzalgiris.lt\/wp-content\/uploads\/2026\/03\/0A6A7567-1024x683.jpeg 1024w, https:\/\/fkzalgiris.lt\/wp-content\/uploads\/2026\/03\/0A6A7567-768x512.jpeg 768w, https:\/\/fkzalgiris.lt\/wp-content\/uploads\/2026\/03\/0A6A7567-1536x1024.jpeg 1536w, https:\/\/fkzalgiris.lt\/wp-content\/uploads\/2026\/03\/0A6A7567-2048x1365.jpeg 2048w, https:\/\/fkzalgiris.lt\/wp-content\/uploads\/2026\/03\/0A6A7567-150x100.jpeg 150w, https:\/\/fkzalgiris.lt\/wp-content\/uploads\/2026\/03\/0A6A7567-840x560.jpeg 840w, https:\/\/fkzalgiris.lt\/wp-content\/uploads\/2026\/03\/0A6A7567-570x380.jpeg 570w, https:\/\/fkzalgiris.lt\/wp-content\/uploads\/2026\/03\/0A6A7567-30x20.jpeg 30w\" sizes=\"auto, (max-width: 650px) 100vw, 650px\" \/><\/p>\n<p style=\"font-weight: 400;\">Tapusi oficialiu FK \u201e\u017dalgirio\u201c prekybos centru, \u201eEuropa\u201c \u012fsilies \u012f klubo gyvenim\u0105 \u012fvairiomis aktyvacijomis, kurios sirgaliams leis patirti dar daugiau ger\u0173 emocij\u0173, o komandos \u017eaid\u0117jai prisid\u0117s prie prekybos centro lankytoj\u0173 edukacijos apie sveik\u0105 gyvensen\u0105 ir sporto svarb\u0105.<\/p>\n<p style=\"font-weight: 400;\">Apie prekybos centr\u0105 \u201eEuropa\u201c:<\/p>\n<p style=\"font-weight: 400;\">Pa\u010diame Vilniaus centrinio verslo rajono (CBD) centre, Konstitucijos pr., \u012fsik\u016br\u0119s prekybos centras \u201eEuropa\u201c \u2013 tai i\u0161skirtin\u0117 erdv\u0117, skirta \u0161iuolaiki\u0161kam miesto \u017emogui. \u010cia sujungiamos apsipirkimo patirtys, platus restoran\u0173 pasirinkimas bei itin didelis d\u0117mesys sveikatingumui ir aktyviam laisvalaikiui, si\u016blant modernias sporto erdves, prekes bei paslaugas.<\/p>\n","protected":false},"excerpt":{"rendered":"<p>FK \u201e\u017dalgiris\u201c 2026-\u0173j\u0173 sezon\u0105 pasitinka su galingu pastiprinimu i\u0161 pa\u010dios sostin\u0117s \u0161irdies. Oficialiu komandos prekybos centru ir vienu i\u0161 pagrindini\u0173 reprezentacinio sostin\u0117s futbolo klubo r\u0117m\u0117j\u0173\u2026<\/p>\n","protected":false},"author":21,"featured_media":0,"comment_status":"closed","ping_status":"closed","sticky":false,"template":"","format":"standard","meta":{"_acf_changed":false,"footnotes":""},"categories":[1],"class_list":["post-21445","post","type-post","status-publish","format-standard","hentry","category-be-kategorijos"],"acf":[],"yoast_head":"<!-- This site is optimized with the Yoast SEO plugin v26.8 - https:\/\/yoast.com\/product\/yoast-seo-wordpress\/ -->\n<title>\u201eEuropa\u201c tampa vienu pagrindini\u0173 FK \u201e\u017dalgirio\u201c r\u0117m\u0117j\u0173 - FK \u017dalgiris<\/title>\n<meta name=\"robots\" content=\"index, follow, max-snippet:-1, max-image-preview:large, max-video-preview:-1\" \/>\n<link rel=\"canonical\" href=\"https:\/\/fkzalgiris.lt\/europa-tampa-vienu-pagrindiniu-fk-zalgirio-remeju\/\" \/>\n<meta property=\"og:locale\" content=\"lt_LT\" \/>\n<meta property=\"og:type\" content=\"article\" \/>\n<meta property=\"og:title\" content=\"\u201eEuropa\u201c tampa vienu pagrindini\u0173 FK \u201e\u017dalgirio\u201c r\u0117m\u0117j\u0173 - FK \u017dalgiris\" \/>\n<meta property=\"og:description\" content=\"FK \u201e\u017dalgiris\u201c 2026-\u0173j\u0173 sezon\u0105 pasitinka su galingu pastiprinimu i\u0161 pa\u010dios sostin\u0117s \u0161irdies. Oficialiu komandos prekybos centru ir vienu i\u0161 pagrindini\u0173 reprezentacinio sostin\u0117s futbolo klubo r\u0117m\u0117j\u0173\u2026\" \/>\n<meta property=\"og:url\" content=\"https:\/\/fkzalgiris.lt\/europa-tampa-vienu-pagrindiniu-fk-zalgirio-remeju\/\" \/>\n<meta property=\"og:site_name\" content=\"FK \u017dalgiris\" \/>\n<meta property=\"article:publisher\" content=\"https:\/\/www.facebook.com\/fkzalgiris\/\" \/>\n<meta property=\"article:published_time\" content=\"2026-03-20T08:00:31+00:00\" \/>\n<meta property=\"og:image\" content=\"https:\/\/fkzalgiris.lt\/wp-content\/uploads\/2026\/03\/0A6A7595-scaled.jpeg\" \/>\n\t<meta property=\"og:image:width\" content=\"2560\" \/>\n\t<meta property=\"og:image:height\" content=\"1707\" \/>\n\t<meta property=\"og:image:type\" content=\"image\/jpeg\" \/>\n<meta name=\"author\" content=\"Vytenis Kazlauskas\" \/>\n<meta name=\"twitter:card\" content=\"summary_large_image\" \/>\n<meta name=\"twitter:creator\" content=\"@fkzalgiris\" \/>\n<meta name=\"twitter:site\" content=\"@fkzalgiris\" \/>\n<meta name=\"twitter:label1\" content=\"Written by\" \/>\n\t<meta name=\"twitter:data1\" content=\"Vytenis Kazlauskas\" \/>\n\t<meta name=\"twitter:label2\" content=\"Est. reading time\" \/>\n\t<meta name=\"twitter:data2\" content=\"4 minut\u0117s\" \/>\n<script type=\"application\/ld+json\" class=\"yoast-schema-graph\">{\"@context\":\"https:\/\/schema.org\",\"@graph\":[{\"@type\":\"Article\",\"@id\":\"https:\/\/fkzalgiris.lt\/europa-tampa-vienu-pagrindiniu-fk-zalgirio-remeju\/#article\",\"isPartOf\":{\"@id\":\"https:\/\/fkzalgiris.lt\/europa-tampa-vienu-pagrindiniu-fk-zalgirio-remeju\/\"},\"author\":{\"name\":\"Vytenis Kazlauskas\",\"@id\":\"https:\/\/fkzalgiris.lt\/#\/schema\/person\/4f9d803317bb1803c6736492969126dd\"},\"headline\":\"\u201eEuropa\u201c tampa vienu pagrindini\u0173 FK \u201e\u017dalgirio\u201c r\u0117m\u0117j\u0173\",\"datePublished\":\"2026-03-20T08:00:31+00:00\",\"mainEntityOfPage\":{\"@id\":\"https:\/\/fkzalgiris.lt\/europa-tampa-vienu-pagrindiniu-fk-zalgirio-remeju\/\"},\"wordCount\":558,\"publisher\":{\"@id\":\"https:\/\/fkzalgiris.lt\/#organization\"},\"image\":{\"@id\":\"https:\/\/fkzalgiris.lt\/europa-tampa-vienu-pagrindiniu-fk-zalgirio-remeju\/#primaryimage\"},\"thumbnailUrl\":\"https:\/\/fkzalgiris.lt\/wp-content\/uploads\/2026\/03\/0A6A7595-300x200.jpeg\",\"inLanguage\":\"lt-LT\"},{\"@type\":\"WebPage\",\"@id\":\"https:\/\/fkzalgiris.lt\/europa-tampa-vienu-pagrindiniu-fk-zalgirio-remeju\/\",\"url\":\"https:\/\/fkzalgiris.lt\/europa-tampa-vienu-pagrindiniu-fk-zalgirio-remeju\/\",\"name\":\"\u201eEuropa\u201c tampa vienu pagrindini\u0173 FK \u201e\u017dalgirio\u201c r\u0117m\u0117j\u0173 - FK \u017dalgiris\",\"isPartOf\":{\"@id\":\"https:\/\/fkzalgiris.lt\/#website\"},\"primaryImageOfPage\":{\"@id\":\"https:\/\/fkzalgiris.lt\/europa-tampa-vienu-pagrindiniu-fk-zalgirio-remeju\/#primaryimage\"},\"image\":{\"@id\":\"https:\/\/fkzalgiris.lt\/europa-tampa-vienu-pagrindiniu-fk-zalgirio-remeju\/#primaryimage\"},\"thumbnailUrl\":\"https:\/\/fkzalgiris.lt\/wp-content\/uploads\/2026\/03\/0A6A7595-300x200.jpeg\",\"datePublished\":\"2026-03-20T08:00:31+00:00\",\"breadcrumb\":{\"@id\":\"https:\/\/fkzalgiris.lt\/europa-tampa-vienu-pagrindiniu-fk-zalgirio-remeju\/#breadcrumb\"},\"inLanguage\":\"lt-LT\",\"potentialAction\":[{\"@type\":\"ReadAction\",\"target\":[\"https:\/\/fkzalgiris.lt\/europa-tampa-vienu-pagrindiniu-fk-zalgirio-remeju\/\"]}]},{\"@type\":\"ImageObject\",\"inLanguage\":\"lt-LT\",\"@id\":\"https:\/\/fkzalgiris.lt\/europa-tampa-vienu-pagrindiniu-fk-zalgirio-remeju\/#primaryimage\",\"url\":\"https:\/\/fkzalgiris.lt\/wp-content\/uploads\/2026\/03\/0A6A7595-scaled.jpeg\",\"contentUrl\":\"https:\/\/fkzalgiris.lt\/wp-content\/uploads\/2026\/03\/0A6A7595-scaled.jpeg\",\"width\":2560,\"height\":1707},{\"@type\":\"BreadcrumbList\",\"@id\":\"https:\/\/fkzalgiris.lt\/europa-tampa-vienu-pagrindiniu-fk-zalgirio-remeju\/#breadcrumb\",\"itemListElement\":[{\"@type\":\"ListItem\",\"position\":1,\"name\":\"Home\",\"item\":\"https:\/\/fkzalgiris.lt\/\"},{\"@type\":\"ListItem\",\"position\":2,\"name\":\"\u201eEuropa\u201c tampa vienu pagrindini\u0173 FK \u201e\u017dalgirio\u201c r\u0117m\u0117j\u0173\"}]},{\"@type\":\"WebSite\",\"@id\":\"https:\/\/fkzalgiris.lt\/#website\",\"url\":\"https:\/\/fkzalgiris.lt\/\",\"name\":\"FK \u017dalgiris\",\"description\":\"oficiali Vilniaus \u201e\u017dalgirio\u201c futbolo klubo svetain\u0117\",\"publisher\":{\"@id\":\"https:\/\/fkzalgiris.lt\/#organization\"},\"potentialAction\":[{\"@type\":\"SearchAction\",\"target\":{\"@type\":\"EntryPoint\",\"urlTemplate\":\"https:\/\/fkzalgiris.lt\/?s={search_term_string}\"},\"query-input\":{\"@type\":\"PropertyValueSpecification\",\"valueRequired\":true,\"valueName\":\"search_term_string\"}}],\"inLanguage\":\"lt-LT\"},{\"@type\":\"Organization\",\"@id\":\"https:\/\/fkzalgiris.lt\/#organization\",\"name\":\"FK \u017dalgiris\",\"url\":\"https:\/\/fkzalgiris.lt\/\",\"logo\":{\"@type\":\"ImageObject\",\"inLanguage\":\"lt-LT\",\"@id\":\"https:\/\/fkzalgiris.lt\/#\/schema\/logo\/image\/\",\"url\":\"https:\/\/fkzalgiris.lt\/wp-content\/uploads\/2024\/01\/horiz-FK-Zalgiris-logo-2015.png\",\"contentUrl\":\"https:\/\/fkzalgiris.lt\/wp-content\/uploads\/2024\/01\/horiz-FK-Zalgiris-logo-2015.png\",\"width\":3073,\"height\":2048,\"caption\":\"FK \u017dalgiris\"},\"image\":{\"@id\":\"https:\/\/fkzalgiris.lt\/#\/schema\/logo\/image\/\"},\"sameAs\":[\"https:\/\/www.facebook.com\/fkzalgiris\/\",\"https:\/\/x.com\/fkzalgiris\",\"https:\/\/www.instagram.com\/fkzalgiris\/\",\"https:\/\/www.youtube.com\/channel\/UC1ag8JLxGirltMUoLlzfZLA\"]},{\"@type\":\"Person\",\"@id\":\"https:\/\/fkzalgiris.lt\/#\/schema\/person\/4f9d803317bb1803c6736492969126dd\",\"name\":\"Vytenis Kazlauskas\"}]}<\/script>\n<!-- \/ Yoast SEO plugin. -->","yoast_head_json":{"title":"\u201eEuropa\u201c tampa vienu pagrindini\u0173 FK \u201e\u017dalgirio\u201c r\u0117m\u0117j\u0173 - FK \u017dalgiris","robots":{"index":"index","follow":"follow","max-snippet":"max-snippet:-1","max-image-preview":"max-image-preview:large","max-video-preview":"max-video-preview:-1"},"canonical":"https:\/\/fkzalgiris.lt\/europa-tampa-vienu-pagrindiniu-fk-zalgirio-remeju\/","og_locale":"lt_LT","og_type":"article","og_title":"\u201eEuropa\u201c tampa vienu pagrindini\u0173 FK \u201e\u017dalgirio\u201c r\u0117m\u0117j\u0173 - FK \u017dalgiris","og_description":"FK \u201e\u017dalgiris\u201c 2026-\u0173j\u0173 sezon\u0105 pasitinka su galingu pastiprinimu i\u0161 pa\u010dios sostin\u0117s \u0161irdies. Oficialiu komandos prekybos centru ir vienu i\u0161 pagrindini\u0173 reprezentacinio sostin\u0117s futbolo klubo r\u0117m\u0117j\u0173\u2026","og_url":"https:\/\/fkzalgiris.lt\/europa-tampa-vienu-pagrindiniu-fk-zalgirio-remeju\/","og_site_name":"FK \u017dalgiris","article_publisher":"https:\/\/www.facebook.com\/fkzalgiris\/","article_published_time":"2026-03-20T08:00:31+00:00","og_image":[{"width":2560,"height":1707,"url":"https:\/\/fkzalgiris.lt\/wp-content\/uploads\/2026\/03\/0A6A7595-scaled.jpeg","type":"image\/jpeg"}],"author":"Vytenis Kazlauskas","twitter_card":"summary_large_image","twitter_creator":"@fkzalgiris","twitter_site":"@fkzalgiris","twitter_misc":{"Written by":"Vytenis Kazlauskas","Est. reading time":"4 minut\u0117s"},"schema":{"@context":"https:\/\/schema.org","@graph":[{"@type":"Article","@id":"https:\/\/fkzalgiris.lt\/europa-tampa-vienu-pagrindiniu-fk-zalgirio-remeju\/#article","isPartOf":{"@id":"https:\/\/fkzalgiris.lt\/europa-tampa-vienu-pagrindiniu-fk-zalgirio-remeju\/"},"author":{"name":"Vytenis Kazlauskas","@id":"https:\/\/fkzalgiris.lt\/#\/schema\/person\/4f9d803317bb1803c6736492969126dd"},"headline":"\u201eEuropa\u201c tampa vienu pagrindini\u0173 FK \u201e\u017dalgirio\u201c r\u0117m\u0117j\u0173","datePublished":"2026-03-20T08:00:31+00:00","mainEntityOfPage":{"@id":"https:\/\/fkzalgiris.lt\/europa-tampa-vienu-pagrindiniu-fk-zalgirio-remeju\/"},"wordCount":558,"publisher":{"@id":"https:\/\/fkzalgiris.lt\/#organization"},"image":{"@id":"https:\/\/fkzalgiris.lt\/europa-tampa-vienu-pagrindiniu-fk-zalgirio-remeju\/#primaryimage"},"thumbnailUrl":"https:\/\/fkzalgiris.lt\/wp-content\/uploads\/2026\/03\/0A6A7595-300x200.jpeg","inLanguage":"lt-LT"},{"@type":"WebPage","@id":"https:\/\/fkzalgiris.lt\/europa-tampa-vienu-pagrindiniu-fk-zalgirio-remeju\/","url":"https:\/\/fkzalgiris.lt\/europa-tampa-vienu-pagrindiniu-fk-zalgirio-remeju\/","name":"\u201eEuropa\u201c tampa vienu pagrindini\u0173 FK \u201e\u017dalgirio\u201c r\u0117m\u0117j\u0173 - FK \u017dalgiris","isPartOf":{"@id":"https:\/\/fkzalgiris.lt\/#website"},"primaryImageOfPage":{"@id":"https:\/\/fkzalgiris.lt\/europa-tampa-vienu-pagrindiniu-fk-zalgirio-remeju\/#primaryimage"},"image":{"@id":"https:\/\/fkzalgiris.lt\/europa-tampa-vienu-pagrindiniu-fk-zalgirio-remeju\/#primaryimage"},"thumbnailUrl":"https:\/\/fkzalgiris.lt\/wp-content\/uploads\/2026\/03\/0A6A7595-300x200.jpeg","datePublished":"2026-03-20T08:00:31+00:00","breadcrumb":{"@id":"https:\/\/fkzalgiris.lt\/europa-tampa-vienu-pagrindiniu-fk-zalgirio-remeju\/#breadcrumb"},"inLanguage":"lt-LT","potentialAction":[{"@type":"ReadAction","target":["https:\/\/fkzalgiris.lt\/europa-tampa-vienu-pagrindiniu-fk-zalgirio-remeju\/"]}]},{"@type":"ImageObject","inLanguage":"lt-LT","@id":"https:\/\/fkzalgiris.lt\/europa-tampa-vienu-pagrindiniu-fk-zalgirio-remeju\/#primaryimage","url":"https:\/\/fkzalgiris.lt\/wp-content\/uploads\/2026\/03\/0A6A7595-scaled.jpeg","contentUrl":"https:\/\/fkzalgiris.lt\/wp-content\/uploads\/2026\/03\/0A6A7595-scaled.jpeg","width":2560,"height":1707},{"@type":"BreadcrumbList","@id":"https:\/\/fkzalgiris.lt\/europa-tampa-vienu-pagrindiniu-fk-zalgirio-remeju\/#breadcrumb","itemListElement":[{"@type":"ListItem","position":1,"name":"Home","item":"https:\/\/fkzalgiris.lt\/"},{"@type":"ListItem","position":2,"name":"\u201eEuropa\u201c tampa vienu pagrindini\u0173 FK \u201e\u017dalgirio\u201c r\u0117m\u0117j\u0173"}]},{"@type":"WebSite","@id":"https:\/\/fkzalgiris.lt\/#website","url":"https:\/\/fkzalgiris.lt\/","name":"FK \u017dalgiris","description":"oficiali Vilniaus \u201e\u017dalgirio\u201c futbolo klubo svetain\u0117","publisher":{"@id":"https:\/\/fkzalgiris.lt\/#organization"},"potentialAction":[{"@type":"SearchAction","target":{"@type":"EntryPoint","urlTemplate":"https:\/\/fkzalgiris.lt\/?s={search_term_string}"},"query-input":{"@type":"PropertyValueSpecification","valueRequired":true,"valueName":"search_term_string"}}],"inLanguage":"lt-LT"},{"@type":"Organization","@id":"https:\/\/fkzalgiris.lt\/#organization","name":"FK \u017dalgiris","url":"https:\/\/fkzalgiris.lt\/","logo":{"@type":"ImageObject","inLanguage":"lt-LT","@id":"https:\/\/fkzalgiris.lt\/#\/schema\/logo\/image\/","url":"https:\/\/fkzalgiris.lt\/wp-content\/uploads\/2024\/01\/horiz-FK-Zalgiris-logo-2015.png","contentUrl":"https:\/\/fkzalgiris.lt\/wp-content\/uploads\/2024\/01\/horiz-FK-Zalgiris-logo-2015.png","width":3073,"height":2048,"caption":"FK \u017dalgiris"},"image":{"@id":"https:\/\/fkzalgiris.lt\/#\/schema\/logo\/image\/"},"sameAs":["https:\/\/www.facebook.com\/fkzalgiris\/","https:\/\/x.com\/fkzalgiris","https:\/\/www.instagram.com\/fkzalgiris\/","https:\/\/www.youtube.com\/channel\/UC1ag8JLxGirltMUoLlzfZLA"]},{"@type":"Person","@id":"https:\/\/fkzalgiris.lt\/#\/schema\/person\/4f9d803317bb1803c6736492969126dd","name":"Vytenis Kazlauskas"}]}},"_links":{"self":[{"href":"https:\/\/fkzalgiris.lt\/api\/wp\/v2\/posts\/21445","targetHints":{"allow":["GET"]}}],"collection":[{"href":"https:\/\/fkzalgiris.lt\/api\/wp\/v2\/posts"}],"about":[{"href":"https:\/\/fkzalgiris.lt\/api\/wp\/v2\/types\/post"}],"author":[{"embeddable":true,"href":"https:\/\/fkzalgiris.lt\/api\/wp\/v2\/users\/21"}],"replies":[{"embeddable":true,"href":"https:\/\/fkzalgiris.lt\/api\/wp\/v2\/comments?post=21445"}],"version-history":[{"count":17,"href":"https:\/\/fkzalgiris.lt\/api\/wp\/v2\/posts\/21445\/revisions"}],"predecessor-version":[{"id":21485,"href":"https:\/\/fkzalgiris.lt\/api\/wp\/v2\/posts\/21445\/revisions\/21485"}],"wp:attachment":[{"href":"https:\/\/fkzalgiris.lt\/api\/wp\/v2\/media?parent=21445"}],"wp:term":[{"taxonomy":"category","embeddable":true,"href":"https:\/\/fkzalgiris.lt\/api\/wp\/v2\/categories?post=21445"}],"curies":[{"name":"wp","href":"https:\/\/api.w.org\/{rel}","templated":true}]}}