{"id":21338,"date":"2026-03-17T16:40:24","date_gmt":"2026-03-17T14:40:24","guid":{"rendered":"https:\/\/fkzalgiris.lt\/?p=21338"},"modified":"2026-03-17T16:40:24","modified_gmt":"2026-03-17T14:40:24","slug":"sparciai-kylanciam-nacionaliniam-stadionui-zalgirieciu-vertinimas-ir-pirmasis-m-kasperuno-ivartis","status":"publish","type":"post","link":"https:\/\/fkzalgiris.lt\/sparciai-kylanciam-nacionaliniam-stadionui-zalgirieciu-vertinimas-ir-pirmasis-m-kasperuno-ivartis\/","title":{"rendered":"Spar\u010diai kylan\u010diam Nacionaliniam stadionui \u2013 \u017ealgirie\u010di\u0173 vertinimas ir pirmasis M. Kasper\u016bno \u012fvartis"},"content":{"rendered":"<p>Vilniaus daugiafunkcio Nacionalinio stadiono komplekso statybviet\u0117je, kurioje neseniai prad\u0117tas antrasis 18 t\u016bkst. viet\u0173 stadiono konstrukcij\u0173 montavimo etapas, apsilank\u0117 bei darb\u0173 progres\u0105 \u012fvertino sostin\u0117s futbolo klubo \u201e\u017dalgiris\u201c atstovai. Stadiono ir jo aplinkos generalin\u0117 rangov\u0117 \u201eNaresta\u201c prane\u0161a, kad statyb\u0173 aik\u0161tel\u0117je veikl\u0105 \u0161iomis dienomis prad\u0117jo antras \u012fsp\u016bdingo dyd\u017eio kranas: taip siekiama pagreitinti darbus ir pirm\u0105sias rungtynes, u\u017etikrinsian\u010dias sostinei UEFA IV kategorij\u0105, surengti b\u016bt\u0173 galima jau 2027-\u0173j\u0173 ruden\u012f.<\/p>\n<p><span style=\"font-weight: 400;\">\u201ePirmasis stadiono konstrukcij\u0173 montavimo etapas buvo u\u017ebaigtas per kiek daugiau nei tris m\u0117nesius \u2013 b\u016btent taip, kaip ir planavome. Prad\u0117jome antrojo etapo darbus, kuriuos planuojame baigti vasaros prad\u017eioje. <\/span><\/p>\n<p><span style=\"font-weight: 400;\">Ie\u0161kome sprendim\u0173, kurie dar labiau padidint\u0173 temp\u0105. Antras kranas leid\u017eia dar grei\u010diau montuoti gel\u017ebetonio elementus bei paraleliai imtis kit\u0173 darb\u0173 tose dalyse, kuriose pagrindin\u0117s konstrukcijos jau sumontuotos. Visa tai darome tam, kad pirm\u0105sias rungtynes \u010dia 2027-aisiais gal\u0117tum\u0117te \u017eaisti dar paken\u010diamu oru\u201c, \u2013 susitikime \u201e\u017dalgirio\u201c atstovams sak\u0117 \u201eNaresta\u201c vadovas Tadas Grincevi\u010dius.<\/span><\/p>\n<p><span style=\"font-weight: 400;\">Pasak jo, nuoseklus ir konstruktyvus vis\u0173 projekte dalyvaujan\u010di\u0173 komand\u0173 bendradarbiavimas leid\u017eia statybas vykdyti stabiliai bei laikantis grafiko. \u0160iuo metu jau yra sumontuota 1670 i\u0161 kiek daugiau nei 5 t\u016bkst. surenkam\u0173 gel\u017ebetonio element\u0173. I\u0161 j\u0173 statomos kolonos, sienos, perdangos plok\u0161t\u0117s, potrib\u016bnin\u0117s sijos, laiptai ir trib\u016bnos. Paraleliai vyksta betonavimo darbai. <\/span><span style=\"font-weight: 400;\">Stadiono teritorijoje \u201eNaresta\u201c ir subrangov\u0173 komandos jau paklojo apie 2 km. vamzdyn\u0173, \u012frengta did\u017eioji dalis nuotek\u0173 bei 30 proc. vandentiekio infrastrukt\u016bros.<\/span><\/p>\n<p><img loading=\"lazy\" decoding=\"async\" class=\"aligncenter wp-image-21341\" src=\"https:\/\/fkzalgiris.lt\/wp-content\/uploads\/2026\/03\/0A6A6036-300x200.jpeg\" alt=\"\" width=\"650\" height=\"433\" srcset=\"https:\/\/fkzalgiris.lt\/wp-content\/uploads\/2026\/03\/0A6A6036-300x200.jpeg 300w, https:\/\/fkzalgiris.lt\/wp-content\/uploads\/2026\/03\/0A6A6036-1024x683.jpeg 1024w, https:\/\/fkzalgiris.lt\/wp-content\/uploads\/2026\/03\/0A6A6036-768x512.jpeg 768w, https:\/\/fkzalgiris.lt\/wp-content\/uploads\/2026\/03\/0A6A6036-1536x1024.jpeg 1536w, https:\/\/fkzalgiris.lt\/wp-content\/uploads\/2026\/03\/0A6A6036-2048x1365.jpeg 2048w, https:\/\/fkzalgiris.lt\/wp-content\/uploads\/2026\/03\/0A6A6036-150x100.jpeg 150w, https:\/\/fkzalgiris.lt\/wp-content\/uploads\/2026\/03\/0A6A6036-840x560.jpeg 840w, https:\/\/fkzalgiris.lt\/wp-content\/uploads\/2026\/03\/0A6A6036-570x380.jpeg 570w, https:\/\/fkzalgiris.lt\/wp-content\/uploads\/2026\/03\/0A6A6036-30x20.jpeg 30w\" sizes=\"auto, (max-width: 650px) 100vw, 650px\" \/><\/p>\n<p><span style=\"font-weight: 400;\">Stadione penktadien\u012f lank\u0117si ir statyb\u0173 progres\u0105 \u012fvertino FK \u201e\u017dalgirio\u201c prezidentas Andrius Tapinas, klubo direktorius Mindaugas Kasper\u016bnas bei komandos atstovai. Vizito dien\u0105 gimtadien\u012f min\u0117j\u0119s M. Kasper\u016bnas tapo pirmojo, istorinio \u012fvar\u010dio Nacionalinio stadiono aik\u0161t\u0117je autoriumi \u2013 \u201e\u017dalgirio\u201c kamuol\u012f jis \u012fspyr\u0117 \u012f \u201eNaresta\u201c vadovo T. Grincevi\u010diaus saugomus improvizuotus vartus.<\/span><\/p>\n<p><img loading=\"lazy\" decoding=\"async\" class=\"aligncenter wp-image-21344\" src=\"https:\/\/fkzalgiris.lt\/wp-content\/uploads\/2026\/03\/0A6A6269-300x200.jpeg\" alt=\"\" width=\"650\" height=\"433\" srcset=\"https:\/\/fkzalgiris.lt\/wp-content\/uploads\/2026\/03\/0A6A6269-300x200.jpeg 300w, https:\/\/fkzalgiris.lt\/wp-content\/uploads\/2026\/03\/0A6A6269-1024x683.jpeg 1024w, https:\/\/fkzalgiris.lt\/wp-content\/uploads\/2026\/03\/0A6A6269-768x512.jpeg 768w, https:\/\/fkzalgiris.lt\/wp-content\/uploads\/2026\/03\/0A6A6269-1536x1024.jpeg 1536w, https:\/\/fkzalgiris.lt\/wp-content\/uploads\/2026\/03\/0A6A6269-2048x1365.jpeg 2048w, https:\/\/fkzalgiris.lt\/wp-content\/uploads\/2026\/03\/0A6A6269-150x100.jpeg 150w, https:\/\/fkzalgiris.lt\/wp-content\/uploads\/2026\/03\/0A6A6269-840x560.jpeg 840w, https:\/\/fkzalgiris.lt\/wp-content\/uploads\/2026\/03\/0A6A6269-570x380.jpeg 570w, https:\/\/fkzalgiris.lt\/wp-content\/uploads\/2026\/03\/0A6A6269-30x20.jpeg 30w\" sizes=\"auto, (max-width: 650px) 100vw, 650px\" \/><\/p>\n<p><span style=\"font-weight: 400;\">\u201eMatyti po tiek de\u0161imtme\u010di\u0173 laukimo kylan\u010dias trib\u016bnas yra neapsakomas jausmas. FK \u201e\u017dalgiriui\u201c ir visai Vilniaus futbolo bendruomenei \u0161is stadionas \u2013 nauj\u0173, tikr\u0173 nam\u0173 pa\u017eadas. Nepaprastai d\u017eiaugiam\u0117s matydami tok\u012f \u201eNaresta\u201c ir kit\u0173 partneri\u0173 darbo temp\u0105 bei profesionalum\u0105. Su did\u017eiausiu nekantrumu laukiame dienos, kai gal\u0117sime \u010dia \u017eengti \u012f aik\u0161t\u0119, o t\u016bkstan\u010diai vilnie\u010di\u0173 u\u017epildys trib\u016bnas ir kartu kurs nauj\u0105 sostin\u0117s futbolo istorij\u0105\u201c, \u2013 sak\u0117 klubo prezidentas A. Tapinas.<\/span><\/p>\n<p><img loading=\"lazy\" decoding=\"async\" class=\"aligncenter wp-image-21342\" src=\"https:\/\/fkzalgiris.lt\/wp-content\/uploads\/2026\/03\/0A6A5984-300x200.jpeg\" alt=\"\" width=\"650\" height=\"433\" srcset=\"https:\/\/fkzalgiris.lt\/wp-content\/uploads\/2026\/03\/0A6A5984-300x200.jpeg 300w, https:\/\/fkzalgiris.lt\/wp-content\/uploads\/2026\/03\/0A6A5984-1024x683.jpeg 1024w, https:\/\/fkzalgiris.lt\/wp-content\/uploads\/2026\/03\/0A6A5984-768x512.jpeg 768w, https:\/\/fkzalgiris.lt\/wp-content\/uploads\/2026\/03\/0A6A5984-1536x1024.jpeg 1536w, https:\/\/fkzalgiris.lt\/wp-content\/uploads\/2026\/03\/0A6A5984-2048x1365.jpeg 2048w, https:\/\/fkzalgiris.lt\/wp-content\/uploads\/2026\/03\/0A6A5984-150x100.jpeg 150w, https:\/\/fkzalgiris.lt\/wp-content\/uploads\/2026\/03\/0A6A5984-840x560.jpeg 840w, https:\/\/fkzalgiris.lt\/wp-content\/uploads\/2026\/03\/0A6A5984-570x380.jpeg 570w, https:\/\/fkzalgiris.lt\/wp-content\/uploads\/2026\/03\/0A6A5984-30x20.jpeg 30w\" sizes=\"auto, (max-width: 650px) 100vw, 650px\" \/><\/p>\n<p><span style=\"font-weight: 400;\">Klubo direktorius M. Kasper\u016bnas pabr\u0117\u017e\u0117, kad klubo ateities vizija neatsiejama nuo stiprios bendruomen\u0117s ir piln\u0173 trib\u016bn\u0173.<\/span><\/p>\n<p><span style=\"font-weight: 400;\">\u201eVisiems suprantama, kad \u0161iuolaikinis stadionas klubui yra labai svarbus. Ta\u010diau FK \u201e\u017dalgiris\u201c vis\u0173 pirma yra apie \u017emones \u2013 fanus ir bendruomen\u0119. Pra\u0117jusi\u0105 savait\u0119 buvo labai malonu matyti \u201eSportimos\u201c aren\u0105. Dabar darysime visk\u0105, kad ir per pirm\u0105sias nam\u0173 rungtynes trib\u016bnos b\u016bt\u0173 pilnos.<\/span><\/p>\n<p><span style=\"font-weight: 400;\">Ateityje sieksime ne tik pergali\u0173 aik\u0161t\u0117je \u2013 norime, kad vilnie\u010diai noriai rinkt\u0173si \u012f savo klubo rungtynes, o vien\u0105 dien\u0105 kartu u\u017epildytume ir nauj\u0105j\u012f Nacionalin\u012f stadion\u0105. Smagu matyti, kad \u017eingsnis po \u017eingsnio judame link to, jog \u0161is stadionas ateityje d\u017eiugint\u0173 vis\u0105 \u201e\u017dalgirio\u201c bendruomen\u0119\u201c, \u2013 sako M. Kasper\u016bnas.<\/span><\/p>\n<p><img loading=\"lazy\" decoding=\"async\" class=\"aligncenter wp-image-21343\" src=\"https:\/\/fkzalgiris.lt\/wp-content\/uploads\/2026\/03\/0A6A6057-300x200.jpeg\" alt=\"\" width=\"650\" height=\"433\" srcset=\"https:\/\/fkzalgiris.lt\/wp-content\/uploads\/2026\/03\/0A6A6057-300x200.jpeg 300w, https:\/\/fkzalgiris.lt\/wp-content\/uploads\/2026\/03\/0A6A6057-1024x683.jpeg 1024w, https:\/\/fkzalgiris.lt\/wp-content\/uploads\/2026\/03\/0A6A6057-768x512.jpeg 768w, https:\/\/fkzalgiris.lt\/wp-content\/uploads\/2026\/03\/0A6A6057-1536x1024.jpeg 1536w, https:\/\/fkzalgiris.lt\/wp-content\/uploads\/2026\/03\/0A6A6057-2048x1365.jpeg 2048w, https:\/\/fkzalgiris.lt\/wp-content\/uploads\/2026\/03\/0A6A6057-150x100.jpeg 150w, https:\/\/fkzalgiris.lt\/wp-content\/uploads\/2026\/03\/0A6A6057-840x560.jpeg 840w, https:\/\/fkzalgiris.lt\/wp-content\/uploads\/2026\/03\/0A6A6057-570x380.jpeg 570w, https:\/\/fkzalgiris.lt\/wp-content\/uploads\/2026\/03\/0A6A6057-30x20.jpeg 30w\" sizes=\"auto, (max-width: 650px) 100vw, 650px\" \/><\/p>\n<p><b>Pristat\u0117 statyb\u0173 etapus<\/b><\/p>\n<p><span style=\"font-weight: 400;\">Pasak Nacionalinio stadiono komplekso koncesij\u0105 per\u0117musios nekilnojamojo turto (NT) pl\u0117tros bendrov\u0117s <\/span><span style=\"font-weight: 400;\">\u201eHanner\u201c valdybos pirmininko Arvydo Avulio, numatyta, jog vis\u0173 objekt\u0173 statyb\u0173 darbai daugiafunkciame komplekse vyks paraleliai, tai leis vis\u0105 projekt\u0105 baigti vienu metu.<\/span><\/p>\n<p><span style=\"font-weight: 400;\">\u201eKit\u0173 met\u0173 pavasar\u012f jau kils ne tik stadiono, bet ir dar\u017eelio, kult\u016bros centro ir arenos stog\u0173 bei fasad\u0173 laikan\u010diosios konstrukcijos, vis\u0173 objekt\u0173 konstruktyvo darbus suplanuota baigti iki 2027-\u0173j\u0173 vasario. Kit\u0173 met\u0173 viduryje visoje teritorijoje jau bus prad\u0117tas ir in\u017einerini\u0173 sistem\u0173 diegimas\u201c, \u2013 teigia A. Avulis.<\/span><\/p>\n<p><span style=\"font-weight: 400;\">2027 m. planuojama u\u017ebaigti stadiono, arenos, dar\u017eelio ir kult\u016bros centro apdailos bei aplinkotvarkos darbus. Daugiafunkc\u012f kompleks\u0105 sups naujas parkas.<\/span><\/p>\n<p><span style=\"font-weight: 400;\">Stadiono r\u016bsyje bus \u012frengtos patalpos muziejui, \u017eaid\u0117j\u0173 bei \u017einiasklaidos erdv\u0117ms. Pirmame ir antrame <\/span><span style=\"font-weight: 400;\">auk\u0161tuose suplanuotos \u017ei\u016brov\u0173 zonos bei komercin\u0117s erdv\u0117s maitinimo \u012fstaigoms, tre\u010diame \u2013 pagalbin\u0117s ir administracin\u0117s patalpos.<\/span><\/p>\n","protected":false},"excerpt":{"rendered":"<p>Vilniaus daugiafunkcio Nacionalinio stadiono komplekso statybviet\u0117je, kurioje neseniai prad\u0117tas antrasis 18 t\u016bkst. viet\u0173 stadiono konstrukcij\u0173 montavimo etapas, apsilank\u0117 bei darb\u0173 progres\u0105 \u012fvertino sostin\u0117s futbolo klubo\u2026<\/p>\n","protected":false},"author":14,"featured_media":0,"comment_status":"closed","ping_status":"closed","sticky":false,"template":"","format":"standard","meta":{"_acf_changed":false,"footnotes":""},"categories":[103],"class_list":["post-21338","post","type-post","status-publish","format-standard","hentry","category-renginiai"],"acf":[],"yoast_head":"<!-- This site is optimized with the Yoast SEO plugin v26.8 - https:\/\/yoast.com\/product\/yoast-seo-wordpress\/ -->\n<title>Spar\u010diai kylan\u010diam Nacionaliniam stadionui \u2013 \u017ealgirie\u010di\u0173 vertinimas ir pirmasis M. Kasper\u016bno \u012fvartis - FK \u017dalgiris<\/title>\n<meta name=\"robots\" content=\"index, follow, max-snippet:-1, max-image-preview:large, max-video-preview:-1\" \/>\n<link rel=\"canonical\" href=\"https:\/\/fkzalgiris.lt\/sparciai-kylanciam-nacionaliniam-stadionui-zalgirieciu-vertinimas-ir-pirmasis-m-kasperuno-ivartis\/\" \/>\n<meta property=\"og:locale\" content=\"lt_LT\" \/>\n<meta property=\"og:type\" content=\"article\" \/>\n<meta property=\"og:title\" content=\"Spar\u010diai kylan\u010diam Nacionaliniam stadionui \u2013 \u017ealgirie\u010di\u0173 vertinimas ir pirmasis M. Kasper\u016bno \u012fvartis - FK \u017dalgiris\" \/>\n<meta property=\"og:description\" content=\"Vilniaus daugiafunkcio Nacionalinio stadiono komplekso statybviet\u0117je, kurioje neseniai prad\u0117tas antrasis 18 t\u016bkst. viet\u0173 stadiono konstrukcij\u0173 montavimo etapas, apsilank\u0117 bei darb\u0173 progres\u0105 \u012fvertino sostin\u0117s futbolo klubo\u2026\" \/>\n<meta property=\"og:url\" content=\"https:\/\/fkzalgiris.lt\/sparciai-kylanciam-nacionaliniam-stadionui-zalgirieciu-vertinimas-ir-pirmasis-m-kasperuno-ivartis\/\" \/>\n<meta property=\"og:site_name\" content=\"FK \u017dalgiris\" \/>\n<meta property=\"article:publisher\" content=\"https:\/\/www.facebook.com\/fkzalgiris\/\" \/>\n<meta property=\"article:published_time\" content=\"2026-03-17T14:40:24+00:00\" \/>\n<meta property=\"og:image\" content=\"https:\/\/fkzalgiris.lt\/wp-content\/uploads\/2026\/03\/0A6A6036-scaled.jpeg\" \/>\n\t<meta property=\"og:image:width\" content=\"2560\" \/>\n\t<meta property=\"og:image:height\" content=\"1707\" \/>\n\t<meta property=\"og:image:type\" content=\"image\/jpeg\" \/>\n<meta name=\"author\" content=\"Domantas Milius\" \/>\n<meta name=\"twitter:card\" content=\"summary_large_image\" \/>\n<meta name=\"twitter:creator\" content=\"@fkzalgiris\" \/>\n<meta name=\"twitter:site\" content=\"@fkzalgiris\" \/>\n<meta name=\"twitter:label1\" content=\"Written by\" \/>\n\t<meta name=\"twitter:data1\" content=\"Domantas Milius\" \/>\n\t<meta name=\"twitter:label2\" content=\"Est. reading time\" \/>\n\t<meta name=\"twitter:data2\" content=\"4 minut\u0117s\" \/>\n<script type=\"application\/ld+json\" class=\"yoast-schema-graph\">{\"@context\":\"https:\/\/schema.org\",\"@graph\":[{\"@type\":\"Article\",\"@id\":\"https:\/\/fkzalgiris.lt\/sparciai-kylanciam-nacionaliniam-stadionui-zalgirieciu-vertinimas-ir-pirmasis-m-kasperuno-ivartis\/#article\",\"isPartOf\":{\"@id\":\"https:\/\/fkzalgiris.lt\/sparciai-kylanciam-nacionaliniam-stadionui-zalgirieciu-vertinimas-ir-pirmasis-m-kasperuno-ivartis\/\"},\"author\":{\"name\":\"Domantas Milius\",\"@id\":\"https:\/\/fkzalgiris.lt\/#\/schema\/person\/4ae561a5c7d97f431b719c2d18115600\"},\"headline\":\"Spar\u010diai kylan\u010diam Nacionaliniam stadionui \u2013 \u017ealgirie\u010di\u0173 vertinimas ir pirmasis M. Kasper\u016bno \u012fvartis\",\"datePublished\":\"2026-03-17T14:40:24+00:00\",\"mainEntityOfPage\":{\"@id\":\"https:\/\/fkzalgiris.lt\/sparciai-kylanciam-nacionaliniam-stadionui-zalgirieciu-vertinimas-ir-pirmasis-m-kasperuno-ivartis\/\"},\"wordCount\":653,\"publisher\":{\"@id\":\"https:\/\/fkzalgiris.lt\/#organization\"},\"image\":{\"@id\":\"https:\/\/fkzalgiris.lt\/sparciai-kylanciam-nacionaliniam-stadionui-zalgirieciu-vertinimas-ir-pirmasis-m-kasperuno-ivartis\/#primaryimage\"},\"thumbnailUrl\":\"https:\/\/fkzalgiris.lt\/wp-content\/uploads\/2026\/03\/0A6A6036-300x200.jpeg\",\"articleSection\":[\"Renginiai\"],\"inLanguage\":\"lt-LT\"},{\"@type\":\"WebPage\",\"@id\":\"https:\/\/fkzalgiris.lt\/sparciai-kylanciam-nacionaliniam-stadionui-zalgirieciu-vertinimas-ir-pirmasis-m-kasperuno-ivartis\/\",\"url\":\"https:\/\/fkzalgiris.lt\/sparciai-kylanciam-nacionaliniam-stadionui-zalgirieciu-vertinimas-ir-pirmasis-m-kasperuno-ivartis\/\",\"name\":\"Spar\u010diai kylan\u010diam Nacionaliniam stadionui \u2013 \u017ealgirie\u010di\u0173 vertinimas ir pirmasis M. Kasper\u016bno \u012fvartis - FK \u017dalgiris\",\"isPartOf\":{\"@id\":\"https:\/\/fkzalgiris.lt\/#website\"},\"primaryImageOfPage\":{\"@id\":\"https:\/\/fkzalgiris.lt\/sparciai-kylanciam-nacionaliniam-stadionui-zalgirieciu-vertinimas-ir-pirmasis-m-kasperuno-ivartis\/#primaryimage\"},\"image\":{\"@id\":\"https:\/\/fkzalgiris.lt\/sparciai-kylanciam-nacionaliniam-stadionui-zalgirieciu-vertinimas-ir-pirmasis-m-kasperuno-ivartis\/#primaryimage\"},\"thumbnailUrl\":\"https:\/\/fkzalgiris.lt\/wp-content\/uploads\/2026\/03\/0A6A6036-300x200.jpeg\",\"datePublished\":\"2026-03-17T14:40:24+00:00\",\"breadcrumb\":{\"@id\":\"https:\/\/fkzalgiris.lt\/sparciai-kylanciam-nacionaliniam-stadionui-zalgirieciu-vertinimas-ir-pirmasis-m-kasperuno-ivartis\/#breadcrumb\"},\"inLanguage\":\"lt-LT\",\"potentialAction\":[{\"@type\":\"ReadAction\",\"target\":[\"https:\/\/fkzalgiris.lt\/sparciai-kylanciam-nacionaliniam-stadionui-zalgirieciu-vertinimas-ir-pirmasis-m-kasperuno-ivartis\/\"]}]},{\"@type\":\"ImageObject\",\"inLanguage\":\"lt-LT\",\"@id\":\"https:\/\/fkzalgiris.lt\/sparciai-kylanciam-nacionaliniam-stadionui-zalgirieciu-vertinimas-ir-pirmasis-m-kasperuno-ivartis\/#primaryimage\",\"url\":\"https:\/\/fkzalgiris.lt\/wp-content\/uploads\/2026\/03\/0A6A6036-scaled.jpeg\",\"contentUrl\":\"https:\/\/fkzalgiris.lt\/wp-content\/uploads\/2026\/03\/0A6A6036-scaled.jpeg\",\"width\":2560,\"height\":1707},{\"@type\":\"BreadcrumbList\",\"@id\":\"https:\/\/fkzalgiris.lt\/sparciai-kylanciam-nacionaliniam-stadionui-zalgirieciu-vertinimas-ir-pirmasis-m-kasperuno-ivartis\/#breadcrumb\",\"itemListElement\":[{\"@type\":\"ListItem\",\"position\":1,\"name\":\"Home\",\"item\":\"https:\/\/fkzalgiris.lt\/\"},{\"@type\":\"ListItem\",\"position\":2,\"name\":\"Spar\u010diai kylan\u010diam Nacionaliniam stadionui \u2013 \u017ealgirie\u010di\u0173 vertinimas ir pirmasis M. Kasper\u016bno \u012fvartis\"}]},{\"@type\":\"WebSite\",\"@id\":\"https:\/\/fkzalgiris.lt\/#website\",\"url\":\"https:\/\/fkzalgiris.lt\/\",\"name\":\"FK \u017dalgiris\",\"description\":\"oficiali Vilniaus \u201e\u017dalgirio\u201c futbolo klubo svetain\u0117\",\"publisher\":{\"@id\":\"https:\/\/fkzalgiris.lt\/#organization\"},\"potentialAction\":[{\"@type\":\"SearchAction\",\"target\":{\"@type\":\"EntryPoint\",\"urlTemplate\":\"https:\/\/fkzalgiris.lt\/?s={search_term_string}\"},\"query-input\":{\"@type\":\"PropertyValueSpecification\",\"valueRequired\":true,\"valueName\":\"search_term_string\"}}],\"inLanguage\":\"lt-LT\"},{\"@type\":\"Organization\",\"@id\":\"https:\/\/fkzalgiris.lt\/#organization\",\"name\":\"FK \u017dalgiris\",\"url\":\"https:\/\/fkzalgiris.lt\/\",\"logo\":{\"@type\":\"ImageObject\",\"inLanguage\":\"lt-LT\",\"@id\":\"https:\/\/fkzalgiris.lt\/#\/schema\/logo\/image\/\",\"url\":\"https:\/\/fkzalgiris.lt\/wp-content\/uploads\/2024\/01\/horiz-FK-Zalgiris-logo-2015.png\",\"contentUrl\":\"https:\/\/fkzalgiris.lt\/wp-content\/uploads\/2024\/01\/horiz-FK-Zalgiris-logo-2015.png\",\"width\":3073,\"height\":2048,\"caption\":\"FK \u017dalgiris\"},\"image\":{\"@id\":\"https:\/\/fkzalgiris.lt\/#\/schema\/logo\/image\/\"},\"sameAs\":[\"https:\/\/www.facebook.com\/fkzalgiris\/\",\"https:\/\/x.com\/fkzalgiris\",\"https:\/\/www.instagram.com\/fkzalgiris\/\",\"https:\/\/www.youtube.com\/channel\/UC1ag8JLxGirltMUoLlzfZLA\"]},{\"@type\":\"Person\",\"@id\":\"https:\/\/fkzalgiris.lt\/#\/schema\/person\/4ae561a5c7d97f431b719c2d18115600\",\"name\":\"Domantas Milius\"}]}<\/script>\n<!-- \/ Yoast SEO plugin. -->","yoast_head_json":{"title":"Spar\u010diai kylan\u010diam Nacionaliniam stadionui \u2013 \u017ealgirie\u010di\u0173 vertinimas ir pirmasis M. Kasper\u016bno \u012fvartis - FK \u017dalgiris","robots":{"index":"index","follow":"follow","max-snippet":"max-snippet:-1","max-image-preview":"max-image-preview:large","max-video-preview":"max-video-preview:-1"},"canonical":"https:\/\/fkzalgiris.lt\/sparciai-kylanciam-nacionaliniam-stadionui-zalgirieciu-vertinimas-ir-pirmasis-m-kasperuno-ivartis\/","og_locale":"lt_LT","og_type":"article","og_title":"Spar\u010diai kylan\u010diam Nacionaliniam stadionui \u2013 \u017ealgirie\u010di\u0173 vertinimas ir pirmasis M. Kasper\u016bno \u012fvartis - FK \u017dalgiris","og_description":"Vilniaus daugiafunkcio Nacionalinio stadiono komplekso statybviet\u0117je, kurioje neseniai prad\u0117tas antrasis 18 t\u016bkst. viet\u0173 stadiono konstrukcij\u0173 montavimo etapas, apsilank\u0117 bei darb\u0173 progres\u0105 \u012fvertino sostin\u0117s futbolo klubo\u2026","og_url":"https:\/\/fkzalgiris.lt\/sparciai-kylanciam-nacionaliniam-stadionui-zalgirieciu-vertinimas-ir-pirmasis-m-kasperuno-ivartis\/","og_site_name":"FK \u017dalgiris","article_publisher":"https:\/\/www.facebook.com\/fkzalgiris\/","article_published_time":"2026-03-17T14:40:24+00:00","og_image":[{"width":2560,"height":1707,"url":"https:\/\/fkzalgiris.lt\/wp-content\/uploads\/2026\/03\/0A6A6036-scaled.jpeg","type":"image\/jpeg"}],"author":"Domantas Milius","twitter_card":"summary_large_image","twitter_creator":"@fkzalgiris","twitter_site":"@fkzalgiris","twitter_misc":{"Written by":"Domantas Milius","Est. reading time":"4 minut\u0117s"},"schema":{"@context":"https:\/\/schema.org","@graph":[{"@type":"Article","@id":"https:\/\/fkzalgiris.lt\/sparciai-kylanciam-nacionaliniam-stadionui-zalgirieciu-vertinimas-ir-pirmasis-m-kasperuno-ivartis\/#article","isPartOf":{"@id":"https:\/\/fkzalgiris.lt\/sparciai-kylanciam-nacionaliniam-stadionui-zalgirieciu-vertinimas-ir-pirmasis-m-kasperuno-ivartis\/"},"author":{"name":"Domantas Milius","@id":"https:\/\/fkzalgiris.lt\/#\/schema\/person\/4ae561a5c7d97f431b719c2d18115600"},"headline":"Spar\u010diai kylan\u010diam Nacionaliniam stadionui \u2013 \u017ealgirie\u010di\u0173 vertinimas ir pirmasis M. Kasper\u016bno \u012fvartis","datePublished":"2026-03-17T14:40:24+00:00","mainEntityOfPage":{"@id":"https:\/\/fkzalgiris.lt\/sparciai-kylanciam-nacionaliniam-stadionui-zalgirieciu-vertinimas-ir-pirmasis-m-kasperuno-ivartis\/"},"wordCount":653,"publisher":{"@id":"https:\/\/fkzalgiris.lt\/#organization"},"image":{"@id":"https:\/\/fkzalgiris.lt\/sparciai-kylanciam-nacionaliniam-stadionui-zalgirieciu-vertinimas-ir-pirmasis-m-kasperuno-ivartis\/#primaryimage"},"thumbnailUrl":"https:\/\/fkzalgiris.lt\/wp-content\/uploads\/2026\/03\/0A6A6036-300x200.jpeg","articleSection":["Renginiai"],"inLanguage":"lt-LT"},{"@type":"WebPage","@id":"https:\/\/fkzalgiris.lt\/sparciai-kylanciam-nacionaliniam-stadionui-zalgirieciu-vertinimas-ir-pirmasis-m-kasperuno-ivartis\/","url":"https:\/\/fkzalgiris.lt\/sparciai-kylanciam-nacionaliniam-stadionui-zalgirieciu-vertinimas-ir-pirmasis-m-kasperuno-ivartis\/","name":"Spar\u010diai kylan\u010diam Nacionaliniam stadionui \u2013 \u017ealgirie\u010di\u0173 vertinimas ir pirmasis M. Kasper\u016bno \u012fvartis - FK \u017dalgiris","isPartOf":{"@id":"https:\/\/fkzalgiris.lt\/#website"},"primaryImageOfPage":{"@id":"https:\/\/fkzalgiris.lt\/sparciai-kylanciam-nacionaliniam-stadionui-zalgirieciu-vertinimas-ir-pirmasis-m-kasperuno-ivartis\/#primaryimage"},"image":{"@id":"https:\/\/fkzalgiris.lt\/sparciai-kylanciam-nacionaliniam-stadionui-zalgirieciu-vertinimas-ir-pirmasis-m-kasperuno-ivartis\/#primaryimage"},"thumbnailUrl":"https:\/\/fkzalgiris.lt\/wp-content\/uploads\/2026\/03\/0A6A6036-300x200.jpeg","datePublished":"2026-03-17T14:40:24+00:00","breadcrumb":{"@id":"https:\/\/fkzalgiris.lt\/sparciai-kylanciam-nacionaliniam-stadionui-zalgirieciu-vertinimas-ir-pirmasis-m-kasperuno-ivartis\/#breadcrumb"},"inLanguage":"lt-LT","potentialAction":[{"@type":"ReadAction","target":["https:\/\/fkzalgiris.lt\/sparciai-kylanciam-nacionaliniam-stadionui-zalgirieciu-vertinimas-ir-pirmasis-m-kasperuno-ivartis\/"]}]},{"@type":"ImageObject","inLanguage":"lt-LT","@id":"https:\/\/fkzalgiris.lt\/sparciai-kylanciam-nacionaliniam-stadionui-zalgirieciu-vertinimas-ir-pirmasis-m-kasperuno-ivartis\/#primaryimage","url":"https:\/\/fkzalgiris.lt\/wp-content\/uploads\/2026\/03\/0A6A6036-scaled.jpeg","contentUrl":"https:\/\/fkzalgiris.lt\/wp-content\/uploads\/2026\/03\/0A6A6036-scaled.jpeg","width":2560,"height":1707},{"@type":"BreadcrumbList","@id":"https:\/\/fkzalgiris.lt\/sparciai-kylanciam-nacionaliniam-stadionui-zalgirieciu-vertinimas-ir-pirmasis-m-kasperuno-ivartis\/#breadcrumb","itemListElement":[{"@type":"ListItem","position":1,"name":"Home","item":"https:\/\/fkzalgiris.lt\/"},{"@type":"ListItem","position":2,"name":"Spar\u010diai kylan\u010diam Nacionaliniam stadionui \u2013 \u017ealgirie\u010di\u0173 vertinimas ir pirmasis M. Kasper\u016bno \u012fvartis"}]},{"@type":"WebSite","@id":"https:\/\/fkzalgiris.lt\/#website","url":"https:\/\/fkzalgiris.lt\/","name":"FK \u017dalgiris","description":"oficiali Vilniaus \u201e\u017dalgirio\u201c futbolo klubo svetain\u0117","publisher":{"@id":"https:\/\/fkzalgiris.lt\/#organization"},"potentialAction":[{"@type":"SearchAction","target":{"@type":"EntryPoint","urlTemplate":"https:\/\/fkzalgiris.lt\/?s={search_term_string}"},"query-input":{"@type":"PropertyValueSpecification","valueRequired":true,"valueName":"search_term_string"}}],"inLanguage":"lt-LT"},{"@type":"Organization","@id":"https:\/\/fkzalgiris.lt\/#organization","name":"FK \u017dalgiris","url":"https:\/\/fkzalgiris.lt\/","logo":{"@type":"ImageObject","inLanguage":"lt-LT","@id":"https:\/\/fkzalgiris.lt\/#\/schema\/logo\/image\/","url":"https:\/\/fkzalgiris.lt\/wp-content\/uploads\/2024\/01\/horiz-FK-Zalgiris-logo-2015.png","contentUrl":"https:\/\/fkzalgiris.lt\/wp-content\/uploads\/2024\/01\/horiz-FK-Zalgiris-logo-2015.png","width":3073,"height":2048,"caption":"FK \u017dalgiris"},"image":{"@id":"https:\/\/fkzalgiris.lt\/#\/schema\/logo\/image\/"},"sameAs":["https:\/\/www.facebook.com\/fkzalgiris\/","https:\/\/x.com\/fkzalgiris","https:\/\/www.instagram.com\/fkzalgiris\/","https:\/\/www.youtube.com\/channel\/UC1ag8JLxGirltMUoLlzfZLA"]},{"@type":"Person","@id":"https:\/\/fkzalgiris.lt\/#\/schema\/person\/4ae561a5c7d97f431b719c2d18115600","name":"Domantas Milius"}]}},"_links":{"self":[{"href":"https:\/\/fkzalgiris.lt\/api\/wp\/v2\/posts\/21338","targetHints":{"allow":["GET"]}}],"collection":[{"href":"https:\/\/fkzalgiris.lt\/api\/wp\/v2\/posts"}],"about":[{"href":"https:\/\/fkzalgiris.lt\/api\/wp\/v2\/types\/post"}],"author":[{"embeddable":true,"href":"https:\/\/fkzalgiris.lt\/api\/wp\/v2\/users\/14"}],"replies":[{"embeddable":true,"href":"https:\/\/fkzalgiris.lt\/api\/wp\/v2\/comments?post=21338"}],"version-history":[{"count":1,"href":"https:\/\/fkzalgiris.lt\/api\/wp\/v2\/posts\/21338\/revisions"}],"predecessor-version":[{"id":21345,"href":"https:\/\/fkzalgiris.lt\/api\/wp\/v2\/posts\/21338\/revisions\/21345"}],"wp:attachment":[{"href":"https:\/\/fkzalgiris.lt\/api\/wp\/v2\/media?parent=21338"}],"wp:term":[{"taxonomy":"category","embeddable":true,"href":"https:\/\/fkzalgiris.lt\/api\/wp\/v2\/categories?post=21338"}],"curies":[{"name":"wp","href":"https:\/\/api.w.org\/{rel}","templated":true}]}}