{"id":21334,"date":"2026-03-16T23:23:12","date_gmt":"2026-03-16T21:23:12","guid":{"rendered":"https:\/\/fkzalgiris.lt\/?p=21334"},"modified":"2026-03-16T23:23:12","modified_gmt":"2026-03-16T21:23:12","slug":"pirmas-ivarti-pelnes-fk-zalgiris-pranasumo-neissaugojo-ir-patyre-pralaimejima","status":"publish","type":"post","link":"https:\/\/fkzalgiris.lt\/pirmas-ivarti-pelnes-fk-zalgiris-pranasumo-neissaugojo-ir-patyre-pralaimejima\/","title":{"rendered":"Pirmas \u012fvart\u012f peln\u0119s FK \u201e\u017dalgiris\u201c prana\u0161umo nei\u0161saugojo ir patyr\u0117 pralaim\u0117jim\u0105"},"content":{"rendered":"<p>FK \u201e\u017dalgiriui\u201c nepavyko prat\u0119sti pergali\u0173 serijos Lietuvos futbolo Toplygoje. Sostin\u0117s \u201eSportimos\u201c arenoje \u017ealgirie\u010diai 1:2\u00a0 (1:1) pralaim\u0117jo Vilniaus rajono \u201eTransInvest\u201c.<\/p>\n<p>Penktojo turo rungtyn\u0117se, kurias steb\u0117jo 2487 \u017ei\u016brovai, pirmas pasi\u017eym\u0117jo \u0161eimininko teis\u0117mis \u017eaid\u0119s \u201e\u017dalgiris\u201c. Po tikslaus Giedriaus Matulevi\u010diaus perdavimo 25 min. var\u017eov\u0173 vartininkui vil\u010di\u0173 nepaliko pirm\u0105 kart\u0105 \u0161\u012f sezon\u0105 starto sud\u0117tyje \u017eaid\u0119s Nikola Petkovi\u010dius, prie\u0161 tai nepasinaudoj\u0119s dar vien\u0105 gera proga pasi\u017eym\u0117ti. Tai buvo antrasis jo \u012fvartis \u0161\u012f sezon\u0105.<\/p>\n<p><img loading=\"lazy\" decoding=\"async\" class=\"aligncenter wp-image-21336\" src=\"https:\/\/fkzalgiris.lt\/wp-content\/uploads\/2026\/03\/foto-Elvis-Zaldaris-@elviszaldaris-zaldaris.lt-9-300x200.jpg\" alt=\"\" width=\"650\" height=\"434\" srcset=\"https:\/\/fkzalgiris.lt\/wp-content\/uploads\/2026\/03\/foto-Elvis-Zaldaris-@elviszaldaris-zaldaris.lt-9-300x200.jpg 300w, https:\/\/fkzalgiris.lt\/wp-content\/uploads\/2026\/03\/foto-Elvis-Zaldaris-@elviszaldaris-zaldaris.lt-9-1024x683.jpg 1024w, https:\/\/fkzalgiris.lt\/wp-content\/uploads\/2026\/03\/foto-Elvis-Zaldaris-@elviszaldaris-zaldaris.lt-9-768x512.jpg 768w, https:\/\/fkzalgiris.lt\/wp-content\/uploads\/2026\/03\/foto-Elvis-Zaldaris-@elviszaldaris-zaldaris.lt-9-1536x1025.jpg 1536w, https:\/\/fkzalgiris.lt\/wp-content\/uploads\/2026\/03\/foto-Elvis-Zaldaris-@elviszaldaris-zaldaris.lt-9-150x100.jpg 150w, https:\/\/fkzalgiris.lt\/wp-content\/uploads\/2026\/03\/foto-Elvis-Zaldaris-@elviszaldaris-zaldaris.lt-9-840x560.jpg 840w, https:\/\/fkzalgiris.lt\/wp-content\/uploads\/2026\/03\/foto-Elvis-Zaldaris-@elviszaldaris-zaldaris.lt-9-570x380.jpg 570w, https:\/\/fkzalgiris.lt\/wp-content\/uploads\/2026\/03\/foto-Elvis-Zaldaris-@elviszaldaris-zaldaris.lt-9-30x20.jpg 30w, https:\/\/fkzalgiris.lt\/wp-content\/uploads\/2026\/03\/foto-Elvis-Zaldaris-@elviszaldaris-zaldaris.lt-9.jpg 2048w\" sizes=\"auto, (max-width: 650px) 100vw, 650px\" \/><\/p>\n<p>Ta\u010diau i\u0161saugoti prana\u0161umo sostin\u0117s komandai nepavyko \u2013 jau per prid\u0117t\u0105 pirmojo k\u0117linio laik\u0105 rezultat\u0105 i\u0161lygino rezultatyviausiu Toplygos \u017eaid\u0117ju su keturiais \u012fvar\u010diais tap\u0119s ispanas Xabi Auzmendi.<\/p>\n<p>Nam\u0173 rungtynes sezono prad\u017eioje \u201eSportimos\u201c arenoje taip pat \u017eaid\u017eian\u010dio \u201eTransInvest\u201c pergal\u0119 l\u0117m\u0117 tikslus tolimas 72 min. aik\u0161t\u0117je pasirod\u017eiusio Domanto \u0160lutos sm\u016bgis 73 min.<\/p>\n<p>Po ma\u010do paklaustas, kas sutrukd\u0117 i\u0161kovoti bent ta\u0161k\u0105, FK \u201e\u017dalgiris\u201c treneris Rolandas D\u017eiauk\u0161tas sak\u0117: \u201ePasakysiu paprastai \u2013 du praleisti \u012fvar\u010diai\u201c. Ir prid\u016br\u0117: \u201eAi\u0161ku, skaudus pralaim\u0117jimas, bet \u0161iandien nebuvome daug geresn\u0117 komanda, kad laim\u0117tume. Tur\u0117jome kelet\u0105 prog\u0173, ypa\u010d pirmajame k\u0117linyje, kuriomis nepasinaudojome.\u00a0 \u201eTransInvest\u201c \u017eaid\u0117 ger\u0105 futbol\u0105 ir yra verti pergal\u0117s. O rungtyni\u0173 pabaigoje, kai teko vytis var\u017eovus, nesuk\u016br\u0117me prog\u0173 pelnyti \u012fvart\u012f. Ir kalbant apie vis\u0105 dvikov\u0105, pavyko ne viskas, k\u0105 buvome suplanav\u0119. \u0160iandien labai paprastose situacijose da\u017enai klydome, var\u017eovas pajuto, kad gali \u017eaisti ir tada labai sunku \u017eaisti prie\u0161 komand\u0105, kuri \u012fgyja pasitik\u0117jimo. Bet \u010dempionatas t\u0119siasi ir, tikiuosi, sekmadien\u012f pasieksime pergal\u0119.\u201c<\/p>\n<p>\u0160iose rungtyn\u0117se \u201e\u017dalgirio\u201c starto sud\u0117tyje pirm\u0105 kart\u0105 nebuvo Liviu Antalio, kuris aik\u0161t\u0117je pasirod\u0117 tik po keitimo 77 min. Ta\u010diau, pasak R.D\u017eiauk\u0161to, rumuno sveikatos problemos n\u0117ra itin rimtos: \u201eJis jaut\u0117 nedidel\u012f diskomfort\u0105, tod\u0117l nutar\u0117me j\u012f kiek pasaugoti \u2013 \u010dempionatas nesibaigia \u0161iandien, o Liviu ne 20-ties met\u0173. Be to, i\u0161\u0117jo kitas puol\u0117jas, peln\u0117 \u012fvart\u012f, viskas krypo ger\u0105ja linkme. Pritr\u016bko s\u0117km\u0117s \u012fmu\u0161ti antr\u0105\u201c.<\/p>\n<p>Tai buvo paskutin\u0117s \u0161\u012f pavasar\u012f \u017ealgirie\u010di\u0173 rungtyn\u0117s \u201eSportimos\u201c arenoje. Kit\u0105 Toplygos ma\u010d\u0105 FK \u201e\u017dalgiris\u201c \u017eais kovo 22 d. sve\u010diuose su Kauno r. \u201eHegelmann\u201c.<\/p>\n<p>O baland\u017eio 5 d. futbolo sirgali\u0173 laukia dviguba \u0161vent\u0117 \u2013 pirmoji \u0161\u012f sezon\u0105 FK \u201e\u017dalgiris\u201c dvikova nam\u0173 stadione, kuriame \u0161eimininkai pirm\u0105j\u0105 Velyk\u0173 dien\u0105 rungsis su \u010dempiono titul\u0105 ginan\u010diu \u201eKauno \u017dalgiriu\u201c. Tai bus septintojo turo susitikimas.<\/p>\n<p>\u012e klausim\u0105, ar prie\u0161 u\u017esidarant per\u0117jim\u0173 langui, FK \u201e\u017dalgiris\u201c savo gretose dar tikisi sulaukti nauj\u0173 veid\u0173 ir ar vyksta darbas \u0161ia linkme, R.D\u017eiauk\u0161tas atsak\u0117: \u201eDarbas vyksta nuolat, jis nebuvo pasibaig\u0119s. Dar yra kelios dienos, iki \u0161iol ie\u0161kome. Tik toks niuansas \u2013 Lietuva n\u0117ra labai patraukli \u0161alis futbolo at\u017evilgiu ir t\u0173 \u017eaid\u0117j\u0173, kuri\u0173 mes norime, ne visada galime gauti. Nepa\u0117m\u0117me koki\u0173 keturi\u0173 \u017eaid\u0117j\u0173, kurie mums tiko ir kuri\u0173 nor\u0117jome. Bet dar yra keletas variant\u0173 ir, tikiuosi, pavyks pasistiprinti.\u201c<\/p>\n<p>Per pertrauk\u0105 tarp dvikov\u0173 su Kauno rajono ir Kauno ekipomis kiek atsikv\u0117pti nuo rungtyni\u0173 rutinos gal\u0117s ne visi FK \u201e\u017dalgiris\u201c futbolininkai \u2013 ne vienas j\u0173 tur\u0117t\u0173 sulaukti \u012f kvietimo \u012f Lietuvos rinktin\u0119.<\/p>\n<p>\u201e\u017dalgirio\u201c ir \u201eTransInvest\u201c akistat\u0105 atid\u017eiai steb\u0117jusio Edgaro Jankausko treniruojama m\u016bs\u0173 \u0161alies nacionalin\u0117 komanda kovo 26 d. sve\u010diuose \u017eais su Moldovos rinktine, o kovo 29-\u0105j\u0105 Kauno Dariaus ir Gir\u0117no stadione priims Sakartvelo futbolininkus.<\/p>\n<p>\u012e \u201eSportimos\u201c trib\u016bnas \u017ei\u016brovai \u0161\u012fkart gal\u0117jo patekti ne tik su abonementais ar bilietais, bet ir atne\u0161\u0119 knyg\u0105, kuri jiems tapo nemokamu raktu \u012f manie\u017e\u0105. \u0160ia akcija FK \u201e\u017dalgiris\u201c pa\u017eym\u0117jo kovo 16 d. minim\u0105 Knygne\u0161io dien\u0105.<\/p>\n<p>Visos bilietais virtusios knygos keliaus ten, kur j\u0173 labai laukiama \u2013 \u012f 2026 m. Lietuvos ma\u017e\u0173j\u0173 kult\u016bros sostini\u0173 bibliotekas: Anyk\u0161\u010di\u0173 Liudvikos ir Stanislovo Did\u017eiuli\u0173 bibliotekos Kurkli\u0173 filial\u0105, Elektr\u0117n\u0173 vie\u0161osios bibliotekos Semeli\u0161ki\u0173 filial\u0105, Klaip\u0117dos rajono savivaldyb\u0117s Jono Lanku\u010dio bibliotekos Agluon\u0117n\u0173 filial\u0105, Prien\u0173 Justino Marcinkevi\u010diaus bibliotekos Skriaud\u017ei\u0173 filial\u0105, Ma\u017eeiki\u0173 Henriko Nagio bibliotekos Tirk\u0161li\u0173 filial\u0105.<\/p>\n<p>Komand\u0173 sud\u0117tys<\/p>\n<p>\u201e\u017dalgiris\u201c: Carlosas Olsesas, Petaras Bosan\u010di\u010dius, Jurijus Kendy\u0161as, Saba Mamaca\u0161vili, Grigore Turda, Klaudijus Upstas, Marko Capanas (62 min. Bryanas Teixeira), Paulius Golubickas, Giedrius Matulevi\u010dius, Deividas \u0160e\u0161plaukis (77 min. Nemanja Mihajlovi\u010dius), Nikola Petkovi\u010dius (77 min. Liviu Antalis).<\/p>\n<p>\u201eTransInvest\u201c: Julius Virvilas, Dominykas Barauskas, Oscaras Boatengas, Edvinas Girdvainis, Nana Akosah-Bempah (72 min. Tomi Adeloye), Xabi Auzmendi (82 min. Art\u016bras \u017dulpa), Ikeras Bilbao, Denisas Bo\u0161njakas (72 min. Jehoras Glu\u0161a\u010dius), Edvinas Kloni\u016bnas (72 min. Domantas \u0160luta), Mykola Musolitinas, Jeudi Stevensonas (65 min. Stefanas Milo\u0161evi\u010dius).<\/p>\n","protected":false},"excerpt":{"rendered":"<p>FK \u201e\u017dalgiriui\u201c nepavyko prat\u0119sti pergali\u0173 serijos Lietuvos futbolo Toplygoje. Sostin\u0117s \u201eSportimos\u201c arenoje \u017ealgirie\u010diai 1:2\u00a0 (1:1) pralaim\u0117jo Vilniaus rajono \u201eTransInvest\u201c. Penktojo turo rungtyn\u0117se, kurias steb\u0117jo 2487\u2026<\/p>\n","protected":false},"author":14,"featured_media":0,"comment_status":"closed","ping_status":"closed","sticky":false,"template":"","format":"standard","meta":{"_acf_changed":false,"footnotes":""},"categories":[1],"class_list":["post-21334","post","type-post","status-publish","format-standard","hentry","category-be-kategorijos"],"acf":[],"yoast_head":"<!-- This site is optimized with the Yoast SEO plugin v26.8 - https:\/\/yoast.com\/product\/yoast-seo-wordpress\/ -->\n<title>Pirmas \u012fvart\u012f peln\u0119s FK \u201e\u017dalgiris\u201c prana\u0161umo nei\u0161saugojo ir patyr\u0117 pralaim\u0117jim\u0105 - FK \u017dalgiris<\/title>\n<meta name=\"robots\" content=\"index, follow, max-snippet:-1, max-image-preview:large, max-video-preview:-1\" \/>\n<link rel=\"canonical\" href=\"https:\/\/fkzalgiris.lt\/pirmas-ivarti-pelnes-fk-zalgiris-pranasumo-neissaugojo-ir-patyre-pralaimejima\/\" \/>\n<meta property=\"og:locale\" content=\"lt_LT\" \/>\n<meta property=\"og:type\" content=\"article\" \/>\n<meta property=\"og:title\" content=\"Pirmas \u012fvart\u012f peln\u0119s FK \u201e\u017dalgiris\u201c prana\u0161umo nei\u0161saugojo ir patyr\u0117 pralaim\u0117jim\u0105 - FK \u017dalgiris\" \/>\n<meta property=\"og:description\" content=\"FK \u201e\u017dalgiriui\u201c nepavyko prat\u0119sti pergali\u0173 serijos Lietuvos futbolo Toplygoje. Sostin\u0117s \u201eSportimos\u201c arenoje \u017ealgirie\u010diai 1:2\u00a0 (1:1) pralaim\u0117jo Vilniaus rajono \u201eTransInvest\u201c. Penktojo turo rungtyn\u0117se, kurias steb\u0117jo 2487\u2026\" \/>\n<meta property=\"og:url\" content=\"https:\/\/fkzalgiris.lt\/pirmas-ivarti-pelnes-fk-zalgiris-pranasumo-neissaugojo-ir-patyre-pralaimejima\/\" \/>\n<meta property=\"og:site_name\" content=\"FK \u017dalgiris\" \/>\n<meta property=\"article:publisher\" content=\"https:\/\/www.facebook.com\/fkzalgiris\/\" \/>\n<meta property=\"article:published_time\" content=\"2026-03-16T21:23:12+00:00\" \/>\n<meta property=\"og:image\" content=\"https:\/\/fkzalgiris.lt\/wp-content\/uploads\/2026\/03\/foto-Elvis-Zaldaris-@elviszaldaris-zaldaris.lt-9-1024x683.jpg\" \/>\n\t<meta property=\"og:image:width\" content=\"1024\" \/>\n\t<meta property=\"og:image:height\" content=\"683\" \/>\n\t<meta property=\"og:image:type\" content=\"image\/jpeg\" \/>\n<meta name=\"author\" content=\"Domantas Milius\" \/>\n<meta name=\"twitter:card\" content=\"summary_large_image\" \/>\n<meta name=\"twitter:creator\" content=\"@fkzalgiris\" \/>\n<meta name=\"twitter:site\" content=\"@fkzalgiris\" \/>\n<meta name=\"twitter:label1\" content=\"Written by\" \/>\n\t<meta name=\"twitter:data1\" content=\"Domantas Milius\" \/>\n\t<meta name=\"twitter:label2\" content=\"Est. reading time\" \/>\n\t<meta name=\"twitter:data2\" content=\"4 minut\u0117s\" \/>\n<script type=\"application\/ld+json\" class=\"yoast-schema-graph\">{\"@context\":\"https:\/\/schema.org\",\"@graph\":[{\"@type\":\"Article\",\"@id\":\"https:\/\/fkzalgiris.lt\/pirmas-ivarti-pelnes-fk-zalgiris-pranasumo-neissaugojo-ir-patyre-pralaimejima\/#article\",\"isPartOf\":{\"@id\":\"https:\/\/fkzalgiris.lt\/pirmas-ivarti-pelnes-fk-zalgiris-pranasumo-neissaugojo-ir-patyre-pralaimejima\/\"},\"author\":{\"name\":\"Domantas Milius\",\"@id\":\"https:\/\/fkzalgiris.lt\/#\/schema\/person\/4ae561a5c7d97f431b719c2d18115600\"},\"headline\":\"Pirmas \u012fvart\u012f peln\u0119s FK \u201e\u017dalgiris\u201c prana\u0161umo nei\u0161saugojo ir patyr\u0117 pralaim\u0117jim\u0105\",\"datePublished\":\"2026-03-16T21:23:12+00:00\",\"mainEntityOfPage\":{\"@id\":\"https:\/\/fkzalgiris.lt\/pirmas-ivarti-pelnes-fk-zalgiris-pranasumo-neissaugojo-ir-patyre-pralaimejima\/\"},\"wordCount\":761,\"publisher\":{\"@id\":\"https:\/\/fkzalgiris.lt\/#organization\"},\"image\":{\"@id\":\"https:\/\/fkzalgiris.lt\/pirmas-ivarti-pelnes-fk-zalgiris-pranasumo-neissaugojo-ir-patyre-pralaimejima\/#primaryimage\"},\"thumbnailUrl\":\"https:\/\/fkzalgiris.lt\/wp-content\/uploads\/2026\/03\/foto-Elvis-Zaldaris-@elviszaldaris-zaldaris.lt-9-300x200.jpg\",\"inLanguage\":\"lt-LT\"},{\"@type\":\"WebPage\",\"@id\":\"https:\/\/fkzalgiris.lt\/pirmas-ivarti-pelnes-fk-zalgiris-pranasumo-neissaugojo-ir-patyre-pralaimejima\/\",\"url\":\"https:\/\/fkzalgiris.lt\/pirmas-ivarti-pelnes-fk-zalgiris-pranasumo-neissaugojo-ir-patyre-pralaimejima\/\",\"name\":\"Pirmas \u012fvart\u012f peln\u0119s FK \u201e\u017dalgiris\u201c prana\u0161umo nei\u0161saugojo ir patyr\u0117 pralaim\u0117jim\u0105 - FK \u017dalgiris\",\"isPartOf\":{\"@id\":\"https:\/\/fkzalgiris.lt\/#website\"},\"primaryImageOfPage\":{\"@id\":\"https:\/\/fkzalgiris.lt\/pirmas-ivarti-pelnes-fk-zalgiris-pranasumo-neissaugojo-ir-patyre-pralaimejima\/#primaryimage\"},\"image\":{\"@id\":\"https:\/\/fkzalgiris.lt\/pirmas-ivarti-pelnes-fk-zalgiris-pranasumo-neissaugojo-ir-patyre-pralaimejima\/#primaryimage\"},\"thumbnailUrl\":\"https:\/\/fkzalgiris.lt\/wp-content\/uploads\/2026\/03\/foto-Elvis-Zaldaris-@elviszaldaris-zaldaris.lt-9-300x200.jpg\",\"datePublished\":\"2026-03-16T21:23:12+00:00\",\"breadcrumb\":{\"@id\":\"https:\/\/fkzalgiris.lt\/pirmas-ivarti-pelnes-fk-zalgiris-pranasumo-neissaugojo-ir-patyre-pralaimejima\/#breadcrumb\"},\"inLanguage\":\"lt-LT\",\"potentialAction\":[{\"@type\":\"ReadAction\",\"target\":[\"https:\/\/fkzalgiris.lt\/pirmas-ivarti-pelnes-fk-zalgiris-pranasumo-neissaugojo-ir-patyre-pralaimejima\/\"]}]},{\"@type\":\"ImageObject\",\"inLanguage\":\"lt-LT\",\"@id\":\"https:\/\/fkzalgiris.lt\/pirmas-ivarti-pelnes-fk-zalgiris-pranasumo-neissaugojo-ir-patyre-pralaimejima\/#primaryimage\",\"url\":\"https:\/\/fkzalgiris.lt\/wp-content\/uploads\/2026\/03\/foto-Elvis-Zaldaris-@elviszaldaris-zaldaris.lt-9.jpg\",\"contentUrl\":\"https:\/\/fkzalgiris.lt\/wp-content\/uploads\/2026\/03\/foto-Elvis-Zaldaris-@elviszaldaris-zaldaris.lt-9.jpg\",\"width\":2048,\"height\":1366},{\"@type\":\"BreadcrumbList\",\"@id\":\"https:\/\/fkzalgiris.lt\/pirmas-ivarti-pelnes-fk-zalgiris-pranasumo-neissaugojo-ir-patyre-pralaimejima\/#breadcrumb\",\"itemListElement\":[{\"@type\":\"ListItem\",\"position\":1,\"name\":\"Home\",\"item\":\"https:\/\/fkzalgiris.lt\/\"},{\"@type\":\"ListItem\",\"position\":2,\"name\":\"Pirmas \u012fvart\u012f peln\u0119s FK \u201e\u017dalgiris\u201c prana\u0161umo nei\u0161saugojo ir patyr\u0117 pralaim\u0117jim\u0105\"}]},{\"@type\":\"WebSite\",\"@id\":\"https:\/\/fkzalgiris.lt\/#website\",\"url\":\"https:\/\/fkzalgiris.lt\/\",\"name\":\"FK \u017dalgiris\",\"description\":\"oficiali Vilniaus \u201e\u017dalgirio\u201c futbolo klubo svetain\u0117\",\"publisher\":{\"@id\":\"https:\/\/fkzalgiris.lt\/#organization\"},\"potentialAction\":[{\"@type\":\"SearchAction\",\"target\":{\"@type\":\"EntryPoint\",\"urlTemplate\":\"https:\/\/fkzalgiris.lt\/?s={search_term_string}\"},\"query-input\":{\"@type\":\"PropertyValueSpecification\",\"valueRequired\":true,\"valueName\":\"search_term_string\"}}],\"inLanguage\":\"lt-LT\"},{\"@type\":\"Organization\",\"@id\":\"https:\/\/fkzalgiris.lt\/#organization\",\"name\":\"FK \u017dalgiris\",\"url\":\"https:\/\/fkzalgiris.lt\/\",\"logo\":{\"@type\":\"ImageObject\",\"inLanguage\":\"lt-LT\",\"@id\":\"https:\/\/fkzalgiris.lt\/#\/schema\/logo\/image\/\",\"url\":\"https:\/\/fkzalgiris.lt\/wp-content\/uploads\/2024\/01\/horiz-FK-Zalgiris-logo-2015.png\",\"contentUrl\":\"https:\/\/fkzalgiris.lt\/wp-content\/uploads\/2024\/01\/horiz-FK-Zalgiris-logo-2015.png\",\"width\":3073,\"height\":2048,\"caption\":\"FK \u017dalgiris\"},\"image\":{\"@id\":\"https:\/\/fkzalgiris.lt\/#\/schema\/logo\/image\/\"},\"sameAs\":[\"https:\/\/www.facebook.com\/fkzalgiris\/\",\"https:\/\/x.com\/fkzalgiris\",\"https:\/\/www.instagram.com\/fkzalgiris\/\",\"https:\/\/www.youtube.com\/channel\/UC1ag8JLxGirltMUoLlzfZLA\"]},{\"@type\":\"Person\",\"@id\":\"https:\/\/fkzalgiris.lt\/#\/schema\/person\/4ae561a5c7d97f431b719c2d18115600\",\"name\":\"Domantas Milius\"}]}<\/script>\n<!-- \/ Yoast SEO plugin. -->","yoast_head_json":{"title":"Pirmas \u012fvart\u012f peln\u0119s FK \u201e\u017dalgiris\u201c prana\u0161umo nei\u0161saugojo ir patyr\u0117 pralaim\u0117jim\u0105 - FK \u017dalgiris","robots":{"index":"index","follow":"follow","max-snippet":"max-snippet:-1","max-image-preview":"max-image-preview:large","max-video-preview":"max-video-preview:-1"},"canonical":"https:\/\/fkzalgiris.lt\/pirmas-ivarti-pelnes-fk-zalgiris-pranasumo-neissaugojo-ir-patyre-pralaimejima\/","og_locale":"lt_LT","og_type":"article","og_title":"Pirmas \u012fvart\u012f peln\u0119s FK \u201e\u017dalgiris\u201c prana\u0161umo nei\u0161saugojo ir patyr\u0117 pralaim\u0117jim\u0105 - FK \u017dalgiris","og_description":"FK \u201e\u017dalgiriui\u201c nepavyko prat\u0119sti pergali\u0173 serijos Lietuvos futbolo Toplygoje. Sostin\u0117s \u201eSportimos\u201c arenoje \u017ealgirie\u010diai 1:2\u00a0 (1:1) pralaim\u0117jo Vilniaus rajono \u201eTransInvest\u201c. Penktojo turo rungtyn\u0117se, kurias steb\u0117jo 2487\u2026","og_url":"https:\/\/fkzalgiris.lt\/pirmas-ivarti-pelnes-fk-zalgiris-pranasumo-neissaugojo-ir-patyre-pralaimejima\/","og_site_name":"FK \u017dalgiris","article_publisher":"https:\/\/www.facebook.com\/fkzalgiris\/","article_published_time":"2026-03-16T21:23:12+00:00","og_image":[{"width":1024,"height":683,"url":"https:\/\/fkzalgiris.lt\/wp-content\/uploads\/2026\/03\/foto-Elvis-Zaldaris-@elviszaldaris-zaldaris.lt-9-1024x683.jpg","type":"image\/jpeg"}],"author":"Domantas Milius","twitter_card":"summary_large_image","twitter_creator":"@fkzalgiris","twitter_site":"@fkzalgiris","twitter_misc":{"Written by":"Domantas Milius","Est. reading time":"4 minut\u0117s"},"schema":{"@context":"https:\/\/schema.org","@graph":[{"@type":"Article","@id":"https:\/\/fkzalgiris.lt\/pirmas-ivarti-pelnes-fk-zalgiris-pranasumo-neissaugojo-ir-patyre-pralaimejima\/#article","isPartOf":{"@id":"https:\/\/fkzalgiris.lt\/pirmas-ivarti-pelnes-fk-zalgiris-pranasumo-neissaugojo-ir-patyre-pralaimejima\/"},"author":{"name":"Domantas Milius","@id":"https:\/\/fkzalgiris.lt\/#\/schema\/person\/4ae561a5c7d97f431b719c2d18115600"},"headline":"Pirmas \u012fvart\u012f peln\u0119s FK \u201e\u017dalgiris\u201c prana\u0161umo nei\u0161saugojo ir patyr\u0117 pralaim\u0117jim\u0105","datePublished":"2026-03-16T21:23:12+00:00","mainEntityOfPage":{"@id":"https:\/\/fkzalgiris.lt\/pirmas-ivarti-pelnes-fk-zalgiris-pranasumo-neissaugojo-ir-patyre-pralaimejima\/"},"wordCount":761,"publisher":{"@id":"https:\/\/fkzalgiris.lt\/#organization"},"image":{"@id":"https:\/\/fkzalgiris.lt\/pirmas-ivarti-pelnes-fk-zalgiris-pranasumo-neissaugojo-ir-patyre-pralaimejima\/#primaryimage"},"thumbnailUrl":"https:\/\/fkzalgiris.lt\/wp-content\/uploads\/2026\/03\/foto-Elvis-Zaldaris-@elviszaldaris-zaldaris.lt-9-300x200.jpg","inLanguage":"lt-LT"},{"@type":"WebPage","@id":"https:\/\/fkzalgiris.lt\/pirmas-ivarti-pelnes-fk-zalgiris-pranasumo-neissaugojo-ir-patyre-pralaimejima\/","url":"https:\/\/fkzalgiris.lt\/pirmas-ivarti-pelnes-fk-zalgiris-pranasumo-neissaugojo-ir-patyre-pralaimejima\/","name":"Pirmas \u012fvart\u012f peln\u0119s FK \u201e\u017dalgiris\u201c prana\u0161umo nei\u0161saugojo ir patyr\u0117 pralaim\u0117jim\u0105 - FK \u017dalgiris","isPartOf":{"@id":"https:\/\/fkzalgiris.lt\/#website"},"primaryImageOfPage":{"@id":"https:\/\/fkzalgiris.lt\/pirmas-ivarti-pelnes-fk-zalgiris-pranasumo-neissaugojo-ir-patyre-pralaimejima\/#primaryimage"},"image":{"@id":"https:\/\/fkzalgiris.lt\/pirmas-ivarti-pelnes-fk-zalgiris-pranasumo-neissaugojo-ir-patyre-pralaimejima\/#primaryimage"},"thumbnailUrl":"https:\/\/fkzalgiris.lt\/wp-content\/uploads\/2026\/03\/foto-Elvis-Zaldaris-@elviszaldaris-zaldaris.lt-9-300x200.jpg","datePublished":"2026-03-16T21:23:12+00:00","breadcrumb":{"@id":"https:\/\/fkzalgiris.lt\/pirmas-ivarti-pelnes-fk-zalgiris-pranasumo-neissaugojo-ir-patyre-pralaimejima\/#breadcrumb"},"inLanguage":"lt-LT","potentialAction":[{"@type":"ReadAction","target":["https:\/\/fkzalgiris.lt\/pirmas-ivarti-pelnes-fk-zalgiris-pranasumo-neissaugojo-ir-patyre-pralaimejima\/"]}]},{"@type":"ImageObject","inLanguage":"lt-LT","@id":"https:\/\/fkzalgiris.lt\/pirmas-ivarti-pelnes-fk-zalgiris-pranasumo-neissaugojo-ir-patyre-pralaimejima\/#primaryimage","url":"https:\/\/fkzalgiris.lt\/wp-content\/uploads\/2026\/03\/foto-Elvis-Zaldaris-@elviszaldaris-zaldaris.lt-9.jpg","contentUrl":"https:\/\/fkzalgiris.lt\/wp-content\/uploads\/2026\/03\/foto-Elvis-Zaldaris-@elviszaldaris-zaldaris.lt-9.jpg","width":2048,"height":1366},{"@type":"BreadcrumbList","@id":"https:\/\/fkzalgiris.lt\/pirmas-ivarti-pelnes-fk-zalgiris-pranasumo-neissaugojo-ir-patyre-pralaimejima\/#breadcrumb","itemListElement":[{"@type":"ListItem","position":1,"name":"Home","item":"https:\/\/fkzalgiris.lt\/"},{"@type":"ListItem","position":2,"name":"Pirmas \u012fvart\u012f peln\u0119s FK \u201e\u017dalgiris\u201c prana\u0161umo nei\u0161saugojo ir patyr\u0117 pralaim\u0117jim\u0105"}]},{"@type":"WebSite","@id":"https:\/\/fkzalgiris.lt\/#website","url":"https:\/\/fkzalgiris.lt\/","name":"FK \u017dalgiris","description":"oficiali Vilniaus \u201e\u017dalgirio\u201c futbolo klubo svetain\u0117","publisher":{"@id":"https:\/\/fkzalgiris.lt\/#organization"},"potentialAction":[{"@type":"SearchAction","target":{"@type":"EntryPoint","urlTemplate":"https:\/\/fkzalgiris.lt\/?s={search_term_string}"},"query-input":{"@type":"PropertyValueSpecification","valueRequired":true,"valueName":"search_term_string"}}],"inLanguage":"lt-LT"},{"@type":"Organization","@id":"https:\/\/fkzalgiris.lt\/#organization","name":"FK \u017dalgiris","url":"https:\/\/fkzalgiris.lt\/","logo":{"@type":"ImageObject","inLanguage":"lt-LT","@id":"https:\/\/fkzalgiris.lt\/#\/schema\/logo\/image\/","url":"https:\/\/fkzalgiris.lt\/wp-content\/uploads\/2024\/01\/horiz-FK-Zalgiris-logo-2015.png","contentUrl":"https:\/\/fkzalgiris.lt\/wp-content\/uploads\/2024\/01\/horiz-FK-Zalgiris-logo-2015.png","width":3073,"height":2048,"caption":"FK \u017dalgiris"},"image":{"@id":"https:\/\/fkzalgiris.lt\/#\/schema\/logo\/image\/"},"sameAs":["https:\/\/www.facebook.com\/fkzalgiris\/","https:\/\/x.com\/fkzalgiris","https:\/\/www.instagram.com\/fkzalgiris\/","https:\/\/www.youtube.com\/channel\/UC1ag8JLxGirltMUoLlzfZLA"]},{"@type":"Person","@id":"https:\/\/fkzalgiris.lt\/#\/schema\/person\/4ae561a5c7d97f431b719c2d18115600","name":"Domantas Milius"}]}},"_links":{"self":[{"href":"https:\/\/fkzalgiris.lt\/api\/wp\/v2\/posts\/21334","targetHints":{"allow":["GET"]}}],"collection":[{"href":"https:\/\/fkzalgiris.lt\/api\/wp\/v2\/posts"}],"about":[{"href":"https:\/\/fkzalgiris.lt\/api\/wp\/v2\/types\/post"}],"author":[{"embeddable":true,"href":"https:\/\/fkzalgiris.lt\/api\/wp\/v2\/users\/14"}],"replies":[{"embeddable":true,"href":"https:\/\/fkzalgiris.lt\/api\/wp\/v2\/comments?post=21334"}],"version-history":[{"count":1,"href":"https:\/\/fkzalgiris.lt\/api\/wp\/v2\/posts\/21334\/revisions"}],"predecessor-version":[{"id":21337,"href":"https:\/\/fkzalgiris.lt\/api\/wp\/v2\/posts\/21334\/revisions\/21337"}],"wp:attachment":[{"href":"https:\/\/fkzalgiris.lt\/api\/wp\/v2\/media?parent=21334"}],"wp:term":[{"taxonomy":"category","embeddable":true,"href":"https:\/\/fkzalgiris.lt\/api\/wp\/v2\/categories?post=21334"}],"curies":[{"name":"wp","href":"https:\/\/api.w.org\/{rel}","templated":true}]}}