{"id":21306,"date":"2026-03-16T14:26:54","date_gmt":"2026-03-16T12:26:54","guid":{"rendered":"https:\/\/fkzalgiris.lt\/?p=21306"},"modified":"2026-03-23T23:14:02","modified_gmt":"2026-03-23T21:14:02","slug":"moteru-a-lygos-starte-trys-ivarciai-ir-palaikymas-tribunose","status":"publish","type":"post","link":"https:\/\/fkzalgiris.lt\/moteru-a-lygos-starte-trys-ivarciai-ir-palaikymas-tribunose\/","title":{"rendered":"Moter\u0173 A lygos starte &#8211; trys \u012fvar\u010diai ir palaikymas trib\u016bnose"},"content":{"rendered":"<p>Vilniaus FK \u201e\u017dalgiris\u201c moter\u0173 komanda s\u0117kmingai prad\u0117jo 2026 met\u0173 Moter\u0173 A lygos sezon\u0105. Pirmojo turo rungtyn\u0117se \u017ealgiriet\u0117s namuose 3:0 nugal\u0117jo Garg\u017ed\u0173 \u201eBang\u0105\u201c.<\/p>\n<p>\u201e\u017dalgiris\u201c \u012f priek\u012f i\u0161siver\u017e\u0117 11 minut\u0119 &#8211; Agata Marija Kairyt\u0117 pasinaudojo at\u0161okusiu kamuoliu ir peln\u0117 pirm\u0105j\u012f komandos sezono \u012fvart\u012f. 17 minut\u0119 persvar\u0105 padvigubino Valeriia Postol, pasi\u017eym\u0117jusi puikiu tolimu sm\u016bgiu. Prie\u0161 pat pertrauk\u0105 \u0161eiminink\u0117s peln\u0117 ir tre\u010di\u0105j\u012f \u012fvart\u012f \u2013 po pra\u017eangos prie\u0161 V. Postol buvo skirtas 11 metr\u0173 baudinys, kur\u012f 45 minut\u0119 realizavo Karina Klevinskait\u0117.<\/p>\n<p>Pirmajame k\u0117linyje \u017ealgiriet\u0117s tur\u0117jo ir daugiau pavojing\u0173 epizod\u0173 \u2013 \u012f virpst\u0105 pataik\u0117 Lolita \u017di\u017eyt\u0117. Po pertraukos arti dar vieno \u012fvar\u010dio buvo ir A. Kairyt\u0117, kurios sm\u016bgis taip pat sudrebino virpst\u0105.<\/p>\n<p>Po rungtyni\u0173 pirmojo \u012fvar\u010dio autor\u0117, 16 met\u0173 A. Kairyt\u0117 d\u017eiaug\u0117si ne tik pergalingu startu, bet ir palaikymu trib\u016bnose: \u201eLabai smagu sezon\u0105 prad\u0117ti pergale. Jaut\u0117me \u017ei\u016brov\u0173 palaikym\u0105, o tai suteik\u0117 dar daugiau ger\u0173 emocij\u0173.\u201c<\/p>\n<p>Pasak trener\u0117s Virginijos Klevinskien\u0117s, svarbiausia buvo startuoti pergalingai, o \u017eaidim\u0105 tikimasi pagerinti v\u0117liau: \u201eD\u017eiugu, kad sezon\u0105 prad\u0117jome pergale. Tik \u0161i\u0105 savait\u0119 tur\u0117jome piln\u0105 sud\u0117t\u012f, tod\u0117l dar reikia laiko geriau susi\u017eaisti. Tikim\u0117s, kad artimiausiuose turuose m\u016bs\u0173 \u017eaidimas bus dar kokybi\u0161kesnis.&#8221;<\/p>\n<p>\u017dalgirie\u010di\u0173 komandos startin\u0117je sud\u0117tyje debiutavo 6 naujos \u017eaid\u0117jos, dar dvi aik\u0161t\u0117je pasirod\u0117 po keitimo. \u201e\u0160iemet \u012fd\u0117ta daug darbo stiprinant komand\u0105, suburiant daugiau patyrusi\u0173 ir rinktin\u0117je \u017eaid\u017eian\u010di\u0173 futbolininki\u0173. D\u017eiugina tai, kad kiekviena \u017eaid\u0117ja \u012f komand\u0105 \u012fne\u0161a ir savo charakter\u012f, ir meistri\u0161kum\u0105\u201c, \u2013 sak\u0117 ji.<\/p>\n<p>Pergaling\u0105 sezono start\u0105 pa\u017eym\u0117jo ne tik trys \u012fvar\u010diai ir sausi vartai, bet ir gausus palaikymas trib\u016bnose. \u012e stadion\u0105 atvyko 342 \u017ei\u016brovai, tarp kuri\u0173 buvo ir organizuota \u201ePiet\u0173 IV\u201c palaikymo grup\u0117.<\/p>\n<p><em>FK \u201e\u017dalgiris\u201c moter\u0173 komandos sud\u0117tis:<\/em> Au\u0161rin\u0117 Bikut\u0117, Dija Marija Laniauskait\u0117 (46 min. Greta Valikonien\u0117), Elz\u0117 Ki\u0161k\u016bnait\u0117, August\u0117 Andrijevskyt\u0117 (75 min. Emperatriz Garcia), Karina Klevinskait\u0117, Agata Marija Kairyt\u0117 (60 min. Aust\u0117ja Pocevi\u010di\u016bt\u0117), Milda Liu\u017einait\u0117, Ineta \u0160uk\u0161tulyt\u0117 (60 min. Alina \u0160pakovskaja), Valeriia Postol, Irina Topal (82 min. Aneta Chwojnicka), Lolita \u017di\u017eyt\u0117.<\/p>\n<p>&nbsp;<\/p>\n","protected":false},"excerpt":{"rendered":"<p>Vilniaus FK \u201e\u017dalgiris\u201c moter\u0173 komanda s\u0117kmingai prad\u0117jo 2026 met\u0173 Moter\u0173 A lygos sezon\u0105. Pirmojo turo rungtyn\u0117se \u017ealgiriet\u0117s namuose 3:0 nugal\u0117jo Garg\u017ed\u0173 \u201eBang\u0105\u201c. \u201e\u017dalgiris\u201c \u012f priek\u012f\u2026<\/p>\n","protected":false},"author":4,"featured_media":0,"comment_status":"closed","ping_status":"closed","sticky":false,"template":"","format":"standard","meta":{"_acf_changed":false,"footnotes":""},"categories":[183],"class_list":["post-21306","post","type-post","status-publish","format-standard","hentry","category-zalgiris-m"],"acf":[],"yoast_head":"<!-- This site is optimized with the Yoast SEO plugin v26.8 - https:\/\/yoast.com\/product\/yoast-seo-wordpress\/ -->\n<title>Moter\u0173 A lygos starte - trys \u012fvar\u010diai ir palaikymas trib\u016bnose - FK \u017dalgiris<\/title>\n<meta name=\"robots\" content=\"index, follow, max-snippet:-1, max-image-preview:large, max-video-preview:-1\" \/>\n<link rel=\"canonical\" href=\"https:\/\/fkzalgiris.lt\/moteru-a-lygos-starte-trys-ivarciai-ir-palaikymas-tribunose\/\" \/>\n<meta property=\"og:locale\" content=\"lt_LT\" \/>\n<meta property=\"og:type\" content=\"article\" \/>\n<meta property=\"og:title\" content=\"Moter\u0173 A lygos starte - trys \u012fvar\u010diai ir palaikymas trib\u016bnose - FK \u017dalgiris\" \/>\n<meta property=\"og:description\" content=\"Vilniaus FK \u201e\u017dalgiris\u201c moter\u0173 komanda s\u0117kmingai prad\u0117jo 2026 met\u0173 Moter\u0173 A lygos sezon\u0105. Pirmojo turo rungtyn\u0117se \u017ealgiriet\u0117s namuose 3:0 nugal\u0117jo Garg\u017ed\u0173 \u201eBang\u0105\u201c. \u201e\u017dalgiris\u201c \u012f priek\u012f\u2026\" \/>\n<meta property=\"og:url\" content=\"https:\/\/fkzalgiris.lt\/moteru-a-lygos-starte-trys-ivarciai-ir-palaikymas-tribunose\/\" \/>\n<meta property=\"og:site_name\" content=\"FK \u017dalgiris\" \/>\n<meta property=\"article:publisher\" content=\"https:\/\/www.facebook.com\/fkzalgiris\/\" \/>\n<meta property=\"article:published_time\" content=\"2026-03-16T12:26:54+00:00\" \/>\n<meta property=\"article:modified_time\" content=\"2026-03-23T21:14:02+00:00\" \/>\n<meta property=\"og:image\" content=\"https:\/\/fkzalgiris.lt\/wp-content\/uploads\/2024\/02\/social-horiz_Zalgiris_logo_2024.png\" \/>\n\t<meta property=\"og:image:width\" content=\"3356\" \/>\n\t<meta property=\"og:image:height\" content=\"2259\" \/>\n\t<meta property=\"og:image:type\" content=\"image\/png\" \/>\n<meta name=\"author\" content=\"J\" \/>\n<meta name=\"twitter:card\" content=\"summary_large_image\" \/>\n<meta name=\"twitter:creator\" content=\"@fkzalgiris\" \/>\n<meta name=\"twitter:site\" content=\"@fkzalgiris\" \/>\n<meta name=\"twitter:label1\" content=\"Written by\" \/>\n\t<meta name=\"twitter:data1\" content=\"J\" \/>\n\t<meta name=\"twitter:label2\" content=\"Est. reading time\" \/>\n\t<meta name=\"twitter:data2\" content=\"2 minut\u0117s\" \/>\n<script type=\"application\/ld+json\" class=\"yoast-schema-graph\">{\"@context\":\"https:\/\/schema.org\",\"@graph\":[{\"@type\":\"Article\",\"@id\":\"https:\/\/fkzalgiris.lt\/moteru-a-lygos-starte-trys-ivarciai-ir-palaikymas-tribunose\/#article\",\"isPartOf\":{\"@id\":\"https:\/\/fkzalgiris.lt\/moteru-a-lygos-starte-trys-ivarciai-ir-palaikymas-tribunose\/\"},\"author\":{\"name\":\"J\",\"@id\":\"https:\/\/fkzalgiris.lt\/#\/schema\/person\/8604babbba794a7d8767be324a3eaac8\"},\"headline\":\"Moter\u0173 A lygos starte &#8211; trys \u012fvar\u010diai ir palaikymas trib\u016bnose\",\"datePublished\":\"2026-03-16T12:26:54+00:00\",\"dateModified\":\"2026-03-23T21:14:02+00:00\",\"mainEntityOfPage\":{\"@id\":\"https:\/\/fkzalgiris.lt\/moteru-a-lygos-starte-trys-ivarciai-ir-palaikymas-tribunose\/\"},\"wordCount\":362,\"publisher\":{\"@id\":\"https:\/\/fkzalgiris.lt\/#organization\"},\"articleSection\":[\"\u017dalgiris M\"],\"inLanguage\":\"lt-LT\"},{\"@type\":\"WebPage\",\"@id\":\"https:\/\/fkzalgiris.lt\/moteru-a-lygos-starte-trys-ivarciai-ir-palaikymas-tribunose\/\",\"url\":\"https:\/\/fkzalgiris.lt\/moteru-a-lygos-starte-trys-ivarciai-ir-palaikymas-tribunose\/\",\"name\":\"Moter\u0173 A lygos starte - trys \u012fvar\u010diai ir palaikymas trib\u016bnose - FK \u017dalgiris\",\"isPartOf\":{\"@id\":\"https:\/\/fkzalgiris.lt\/#website\"},\"datePublished\":\"2026-03-16T12:26:54+00:00\",\"dateModified\":\"2026-03-23T21:14:02+00:00\",\"breadcrumb\":{\"@id\":\"https:\/\/fkzalgiris.lt\/moteru-a-lygos-starte-trys-ivarciai-ir-palaikymas-tribunose\/#breadcrumb\"},\"inLanguage\":\"lt-LT\",\"potentialAction\":[{\"@type\":\"ReadAction\",\"target\":[\"https:\/\/fkzalgiris.lt\/moteru-a-lygos-starte-trys-ivarciai-ir-palaikymas-tribunose\/\"]}]},{\"@type\":\"BreadcrumbList\",\"@id\":\"https:\/\/fkzalgiris.lt\/moteru-a-lygos-starte-trys-ivarciai-ir-palaikymas-tribunose\/#breadcrumb\",\"itemListElement\":[{\"@type\":\"ListItem\",\"position\":1,\"name\":\"Home\",\"item\":\"https:\/\/fkzalgiris.lt\/\"},{\"@type\":\"ListItem\",\"position\":2,\"name\":\"Moter\u0173 A lygos starte &#8211; trys \u012fvar\u010diai ir palaikymas trib\u016bnose\"}]},{\"@type\":\"WebSite\",\"@id\":\"https:\/\/fkzalgiris.lt\/#website\",\"url\":\"https:\/\/fkzalgiris.lt\/\",\"name\":\"FK \u017dalgiris\",\"description\":\"oficiali Vilniaus \u201e\u017dalgirio\u201c futbolo klubo svetain\u0117\",\"publisher\":{\"@id\":\"https:\/\/fkzalgiris.lt\/#organization\"},\"potentialAction\":[{\"@type\":\"SearchAction\",\"target\":{\"@type\":\"EntryPoint\",\"urlTemplate\":\"https:\/\/fkzalgiris.lt\/?s={search_term_string}\"},\"query-input\":{\"@type\":\"PropertyValueSpecification\",\"valueRequired\":true,\"valueName\":\"search_term_string\"}}],\"inLanguage\":\"lt-LT\"},{\"@type\":\"Organization\",\"@id\":\"https:\/\/fkzalgiris.lt\/#organization\",\"name\":\"FK \u017dalgiris\",\"url\":\"https:\/\/fkzalgiris.lt\/\",\"logo\":{\"@type\":\"ImageObject\",\"inLanguage\":\"lt-LT\",\"@id\":\"https:\/\/fkzalgiris.lt\/#\/schema\/logo\/image\/\",\"url\":\"https:\/\/fkzalgiris.lt\/wp-content\/uploads\/2024\/01\/horiz-FK-Zalgiris-logo-2015.png\",\"contentUrl\":\"https:\/\/fkzalgiris.lt\/wp-content\/uploads\/2024\/01\/horiz-FK-Zalgiris-logo-2015.png\",\"width\":3073,\"height\":2048,\"caption\":\"FK \u017dalgiris\"},\"image\":{\"@id\":\"https:\/\/fkzalgiris.lt\/#\/schema\/logo\/image\/\"},\"sameAs\":[\"https:\/\/www.facebook.com\/fkzalgiris\/\",\"https:\/\/x.com\/fkzalgiris\",\"https:\/\/www.instagram.com\/fkzalgiris\/\",\"https:\/\/www.youtube.com\/channel\/UC1ag8JLxGirltMUoLlzfZLA\"]},{\"@type\":\"Person\",\"@id\":\"https:\/\/fkzalgiris.lt\/#\/schema\/person\/8604babbba794a7d8767be324a3eaac8\",\"name\":\"J\"}]}<\/script>\n<!-- \/ Yoast SEO plugin. -->","yoast_head_json":{"title":"Moter\u0173 A lygos starte - trys \u012fvar\u010diai ir palaikymas trib\u016bnose - FK \u017dalgiris","robots":{"index":"index","follow":"follow","max-snippet":"max-snippet:-1","max-image-preview":"max-image-preview:large","max-video-preview":"max-video-preview:-1"},"canonical":"https:\/\/fkzalgiris.lt\/moteru-a-lygos-starte-trys-ivarciai-ir-palaikymas-tribunose\/","og_locale":"lt_LT","og_type":"article","og_title":"Moter\u0173 A lygos starte - trys \u012fvar\u010diai ir palaikymas trib\u016bnose - FK \u017dalgiris","og_description":"Vilniaus FK \u201e\u017dalgiris\u201c moter\u0173 komanda s\u0117kmingai prad\u0117jo 2026 met\u0173 Moter\u0173 A lygos sezon\u0105. Pirmojo turo rungtyn\u0117se \u017ealgiriet\u0117s namuose 3:0 nugal\u0117jo Garg\u017ed\u0173 \u201eBang\u0105\u201c. \u201e\u017dalgiris\u201c \u012f priek\u012f\u2026","og_url":"https:\/\/fkzalgiris.lt\/moteru-a-lygos-starte-trys-ivarciai-ir-palaikymas-tribunose\/","og_site_name":"FK \u017dalgiris","article_publisher":"https:\/\/www.facebook.com\/fkzalgiris\/","article_published_time":"2026-03-16T12:26:54+00:00","article_modified_time":"2026-03-23T21:14:02+00:00","og_image":[{"width":3356,"height":2259,"url":"https:\/\/fkzalgiris.lt\/wp-content\/uploads\/2024\/02\/social-horiz_Zalgiris_logo_2024.png","type":"image\/png"}],"author":"J","twitter_card":"summary_large_image","twitter_creator":"@fkzalgiris","twitter_site":"@fkzalgiris","twitter_misc":{"Written by":"J","Est. reading time":"2 minut\u0117s"},"schema":{"@context":"https:\/\/schema.org","@graph":[{"@type":"Article","@id":"https:\/\/fkzalgiris.lt\/moteru-a-lygos-starte-trys-ivarciai-ir-palaikymas-tribunose\/#article","isPartOf":{"@id":"https:\/\/fkzalgiris.lt\/moteru-a-lygos-starte-trys-ivarciai-ir-palaikymas-tribunose\/"},"author":{"name":"J","@id":"https:\/\/fkzalgiris.lt\/#\/schema\/person\/8604babbba794a7d8767be324a3eaac8"},"headline":"Moter\u0173 A lygos starte &#8211; trys \u012fvar\u010diai ir palaikymas trib\u016bnose","datePublished":"2026-03-16T12:26:54+00:00","dateModified":"2026-03-23T21:14:02+00:00","mainEntityOfPage":{"@id":"https:\/\/fkzalgiris.lt\/moteru-a-lygos-starte-trys-ivarciai-ir-palaikymas-tribunose\/"},"wordCount":362,"publisher":{"@id":"https:\/\/fkzalgiris.lt\/#organization"},"articleSection":["\u017dalgiris M"],"inLanguage":"lt-LT"},{"@type":"WebPage","@id":"https:\/\/fkzalgiris.lt\/moteru-a-lygos-starte-trys-ivarciai-ir-palaikymas-tribunose\/","url":"https:\/\/fkzalgiris.lt\/moteru-a-lygos-starte-trys-ivarciai-ir-palaikymas-tribunose\/","name":"Moter\u0173 A lygos starte - trys \u012fvar\u010diai ir palaikymas trib\u016bnose - FK \u017dalgiris","isPartOf":{"@id":"https:\/\/fkzalgiris.lt\/#website"},"datePublished":"2026-03-16T12:26:54+00:00","dateModified":"2026-03-23T21:14:02+00:00","breadcrumb":{"@id":"https:\/\/fkzalgiris.lt\/moteru-a-lygos-starte-trys-ivarciai-ir-palaikymas-tribunose\/#breadcrumb"},"inLanguage":"lt-LT","potentialAction":[{"@type":"ReadAction","target":["https:\/\/fkzalgiris.lt\/moteru-a-lygos-starte-trys-ivarciai-ir-palaikymas-tribunose\/"]}]},{"@type":"BreadcrumbList","@id":"https:\/\/fkzalgiris.lt\/moteru-a-lygos-starte-trys-ivarciai-ir-palaikymas-tribunose\/#breadcrumb","itemListElement":[{"@type":"ListItem","position":1,"name":"Home","item":"https:\/\/fkzalgiris.lt\/"},{"@type":"ListItem","position":2,"name":"Moter\u0173 A lygos starte &#8211; trys \u012fvar\u010diai ir palaikymas trib\u016bnose"}]},{"@type":"WebSite","@id":"https:\/\/fkzalgiris.lt\/#website","url":"https:\/\/fkzalgiris.lt\/","name":"FK \u017dalgiris","description":"oficiali Vilniaus \u201e\u017dalgirio\u201c futbolo klubo svetain\u0117","publisher":{"@id":"https:\/\/fkzalgiris.lt\/#organization"},"potentialAction":[{"@type":"SearchAction","target":{"@type":"EntryPoint","urlTemplate":"https:\/\/fkzalgiris.lt\/?s={search_term_string}"},"query-input":{"@type":"PropertyValueSpecification","valueRequired":true,"valueName":"search_term_string"}}],"inLanguage":"lt-LT"},{"@type":"Organization","@id":"https:\/\/fkzalgiris.lt\/#organization","name":"FK \u017dalgiris","url":"https:\/\/fkzalgiris.lt\/","logo":{"@type":"ImageObject","inLanguage":"lt-LT","@id":"https:\/\/fkzalgiris.lt\/#\/schema\/logo\/image\/","url":"https:\/\/fkzalgiris.lt\/wp-content\/uploads\/2024\/01\/horiz-FK-Zalgiris-logo-2015.png","contentUrl":"https:\/\/fkzalgiris.lt\/wp-content\/uploads\/2024\/01\/horiz-FK-Zalgiris-logo-2015.png","width":3073,"height":2048,"caption":"FK \u017dalgiris"},"image":{"@id":"https:\/\/fkzalgiris.lt\/#\/schema\/logo\/image\/"},"sameAs":["https:\/\/www.facebook.com\/fkzalgiris\/","https:\/\/x.com\/fkzalgiris","https:\/\/www.instagram.com\/fkzalgiris\/","https:\/\/www.youtube.com\/channel\/UC1ag8JLxGirltMUoLlzfZLA"]},{"@type":"Person","@id":"https:\/\/fkzalgiris.lt\/#\/schema\/person\/8604babbba794a7d8767be324a3eaac8","name":"J"}]}},"_links":{"self":[{"href":"https:\/\/fkzalgiris.lt\/api\/wp\/v2\/posts\/21306","targetHints":{"allow":["GET"]}}],"collection":[{"href":"https:\/\/fkzalgiris.lt\/api\/wp\/v2\/posts"}],"about":[{"href":"https:\/\/fkzalgiris.lt\/api\/wp\/v2\/types\/post"}],"author":[{"embeddable":true,"href":"https:\/\/fkzalgiris.lt\/api\/wp\/v2\/users\/4"}],"replies":[{"embeddable":true,"href":"https:\/\/fkzalgiris.lt\/api\/wp\/v2\/comments?post=21306"}],"version-history":[{"count":7,"href":"https:\/\/fkzalgiris.lt\/api\/wp\/v2\/posts\/21306\/revisions"}],"predecessor-version":[{"id":21672,"href":"https:\/\/fkzalgiris.lt\/api\/wp\/v2\/posts\/21306\/revisions\/21672"}],"wp:attachment":[{"href":"https:\/\/fkzalgiris.lt\/api\/wp\/v2\/media?parent=21306"}],"wp:term":[{"taxonomy":"category","embeddable":true,"href":"https:\/\/fkzalgiris.lt\/api\/wp\/v2\/categories?post=21306"}],"curies":[{"name":"wp","href":"https:\/\/api.w.org\/{rel}","templated":true}]}}