{"id":21208,"date":"2026-03-14T16:35:35","date_gmt":"2026-03-14T14:35:35","guid":{"rendered":"https:\/\/fkzalgiris.lt\/?p=21208"},"modified":"2026-03-14T16:43:41","modified_gmt":"2026-03-14T14:43:41","slug":"moteru-komanda-papilde-dar-keturios-lietuvos-rinktines-nares","status":"publish","type":"post","link":"https:\/\/fkzalgiris.lt\/moteru-komanda-papilde-dar-keturios-lietuvos-rinktines-nares\/","title":{"rendered":"Moter\u0173 komand\u0105 papild\u0117 dar keturios Lietuvos rinktin\u0117s\u00a0nar\u0117s"},"content":{"rendered":"<p><span data-contrast=\"auto\">Art\u0117jant naujajam moter\u0173 A lygos sezonui FK \u201e\u017dalgiris\u201c sudar\u0117 sutartis su dar keturiomis naujok\u0117mis. Komandai \u0161\u012f sezon\u0105 atstovaus Lietuvos moter\u0173 rinktin\u0117s \u017eaid\u0117jos Greta Valikonien\u0117, Lolita \u017di\u017eyt\u0117, August\u0117 Andrijevskyt\u0117 ir Au\u0161rin\u0117 Bikut\u0117.<br \/>\n<\/span><\/p>\n<p><span data-contrast=\"auto\">Visos keturios \u017eaid\u0117jos pra\u0117jusiame sezone atstovavo FK \u201eTransINVEST\u201c komandai ir su ja i\u0161kovojo moter\u0173 A lygos antr\u0105j\u0105 viet\u0105, o \u0161i\u0105 \u017eiem\u0105 sezonui ruo\u0161\u0117si su \u201e\u017dalgirio\u201c komanda.<\/span><\/p>\n<p><span data-contrast=\"auto\">Did\u017eiausi\u0105 patirt\u012f \u012f komand\u0105 atsine\u0161a 29-eri\u0173 Greta Valikonien\u0117, kuri \u017eaid\u017eia saug\u0117s arba gyn\u0117jos pozicijose.Futbolo keli\u0105 vilniet\u0117 prad\u0117jo Vilniaus FM, v\u0117liau atstovavo \u012fvairioms sostin\u0117s komandoms, trumpai rungtyniavo Utenoje. Pastaruosius du sezonus buvo \u201eTransINVEST\u201c komandos kapiton\u0117. Nuo 2015 met\u0173 su pertraukomis kvie\u010diama \u012f moter\u0173 rinktin\u0119, taip pat yra atstovavusi ir futsal rinktinei.\u00a0<\/span><\/p>\n<p><img loading=\"lazy\" decoding=\"async\" class=\"alignnone wp-image-21218\" src=\"https:\/\/fkzalgiris.lt\/wp-content\/uploads\/2026\/03\/0A6A2734-scaled-e1773499275438-1024x734.jpeg\" alt=\"\" width=\"650\" height=\"466\" srcset=\"https:\/\/fkzalgiris.lt\/wp-content\/uploads\/2026\/03\/0A6A2734-scaled-e1773499275438-1024x734.jpeg 1024w, https:\/\/fkzalgiris.lt\/wp-content\/uploads\/2026\/03\/0A6A2734-scaled-e1773499275438-300x215.jpeg 300w, https:\/\/fkzalgiris.lt\/wp-content\/uploads\/2026\/03\/0A6A2734-scaled-e1773499275438-768x551.jpeg 768w, https:\/\/fkzalgiris.lt\/wp-content\/uploads\/2026\/03\/0A6A2734-scaled-e1773499275438-1536x1101.jpeg 1536w, https:\/\/fkzalgiris.lt\/wp-content\/uploads\/2026\/03\/0A6A2734-scaled-e1773499275438-2048x1468.jpeg 2048w, https:\/\/fkzalgiris.lt\/wp-content\/uploads\/2026\/03\/0A6A2734-scaled-e1773499275438-140x100.jpeg 140w\" sizes=\"auto, (max-width: 650px) 100vw, 650px\" \/><\/p>\n<p><span data-contrast=\"auto\">Solid\u017ei\u0105 patirt\u012f turi sukaupusi ir 27-eri\u0173 Lolita \u017di\u017eyt\u0117. Kra\u0161to\u00a0\u017eaid\u0117ja\u00a0i\u0161 Ukmerg\u0117s\u00a0yra\u00a0rungtyniavusi gimtojo miesto ir Jonavos komandose, kelis sezonus atstovavo \u0160iauli\u0173 \u201eGintrai\u201c, o\u00a0nuo 2021 m. band\u0117 laim\u0119 u\u017esienyje &#8211; Italijoje, Slov\u0117nijoje, Kroatijoje. Pernai pus\u0119 sezono atstovavo\u00a0\u201eTransINVEST\u201c\u00a0ekipai. Lietuvos moter\u0173 rinktin\u0117je yra su\u017eaidusi daugiau nei 30 rungtyni\u0173.<\/span><\/p>\n<p><img loading=\"lazy\" decoding=\"async\" class=\"alignnone wp-image-21216\" src=\"https:\/\/fkzalgiris.lt\/wp-content\/uploads\/2026\/03\/IMG_8656-1024x683.jpeg\" alt=\"\" width=\"650\" height=\"433\" srcset=\"https:\/\/fkzalgiris.lt\/wp-content\/uploads\/2026\/03\/IMG_8656-1024x683.jpeg 1024w, https:\/\/fkzalgiris.lt\/wp-content\/uploads\/2026\/03\/IMG_8656-300x200.jpeg 300w, https:\/\/fkzalgiris.lt\/wp-content\/uploads\/2026\/03\/IMG_8656-768x512.jpeg 768w, https:\/\/fkzalgiris.lt\/wp-content\/uploads\/2026\/03\/IMG_8656-1536x1024.jpeg 1536w, https:\/\/fkzalgiris.lt\/wp-content\/uploads\/2026\/03\/IMG_8656-2048x1365.jpeg 2048w, https:\/\/fkzalgiris.lt\/wp-content\/uploads\/2026\/03\/IMG_8656-150x100.jpeg 150w, https:\/\/fkzalgiris.lt\/wp-content\/uploads\/2026\/03\/IMG_8656-840x560.jpeg 840w, https:\/\/fkzalgiris.lt\/wp-content\/uploads\/2026\/03\/IMG_8656-570x380.jpeg 570w, https:\/\/fkzalgiris.lt\/wp-content\/uploads\/2026\/03\/IMG_8656-30x20.jpeg 30w\" sizes=\"auto, (max-width: 650px) 100vw, 650px\" \/><\/p>\n<p><span data-contrast=\"auto\">Gynybos ir vartininki\u0173 pozicijas papild\u0117 dvi i\u0161 Utenos kilusios \u017eaid\u0117jos &#8211;\u00a025 met\u0173 August\u0117\u00a0Andrijevskyt\u0117\u00a0ir 22-ej\u0173 Au\u0161rin\u0117\u00a0Bikut\u0117.\u00a0Abi savo keli\u0105 prad\u0117jo gimtojo miesto komandoje.<\/span><\/p>\n<p>Nuo 2018 met\u0173 A lygoje \u017eaid\u017eianti A. Andrijevskyt\u0117 v\u0117liau persik\u0117l\u0117 \u012f Vilni\u0173 ir atstovavo MFA \u201e\u017dalgiris\u201c-MRU, o pernai rungtyniavo \u201eTransINVEST\u201c.<\/p>\n<p><img loading=\"lazy\" decoding=\"async\" class=\"alignnone wp-image-21217\" src=\"https:\/\/fkzalgiris.lt\/wp-content\/uploads\/2026\/03\/0A6A2676-scaled-e1773499248618-1024x695.jpeg\" alt=\"\" width=\"650\" height=\"441\" srcset=\"https:\/\/fkzalgiris.lt\/wp-content\/uploads\/2026\/03\/0A6A2676-scaled-e1773499248618-1024x695.jpeg 1024w, https:\/\/fkzalgiris.lt\/wp-content\/uploads\/2026\/03\/0A6A2676-scaled-e1773499248618-300x204.jpeg 300w, https:\/\/fkzalgiris.lt\/wp-content\/uploads\/2026\/03\/0A6A2676-scaled-e1773499248618-768x521.jpeg 768w, https:\/\/fkzalgiris.lt\/wp-content\/uploads\/2026\/03\/0A6A2676-scaled-e1773499248618-1536x1042.jpeg 1536w, https:\/\/fkzalgiris.lt\/wp-content\/uploads\/2026\/03\/0A6A2676-scaled-e1773499248618-2048x1390.jpeg 2048w, https:\/\/fkzalgiris.lt\/wp-content\/uploads\/2026\/03\/0A6A2676-scaled-e1773499248618-147x100.jpeg 147w, https:\/\/fkzalgiris.lt\/wp-content\/uploads\/2026\/03\/0A6A2676-scaled-e1773499248618-30x20.jpeg 30w\" sizes=\"auto, (max-width: 650px) 100vw, 650px\" \/><\/p>\n<p>A. <span data-contrast=\"auto\">Bikut\u0117 nuo 2020 m. kelis sezonus atstovavo \u201eGintrai\u201c, o pastaruosius dvejus metus buvo \u201eTransINVEST\u201c ekipos gretose.<\/span><span data-ccp-props=\"{&quot;134233117&quot;:false,&quot;134233118&quot;:false,&quot;335551550&quot;:0,&quot;335551620&quot;:0,&quot;335559738&quot;:240,&quot;335559739&quot;:240}\"><br \/>\n<\/span><\/p>\n<p><img loading=\"lazy\" decoding=\"async\" class=\"alignnone wp-image-21214\" src=\"https:\/\/fkzalgiris.lt\/wp-content\/uploads\/2026\/03\/IMG_8610-1024x683.jpeg\" alt=\"\" width=\"650\" height=\"433\" srcset=\"https:\/\/fkzalgiris.lt\/wp-content\/uploads\/2026\/03\/IMG_8610-1024x683.jpeg 1024w, https:\/\/fkzalgiris.lt\/wp-content\/uploads\/2026\/03\/IMG_8610-300x200.jpeg 300w, https:\/\/fkzalgiris.lt\/wp-content\/uploads\/2026\/03\/IMG_8610-768x512.jpeg 768w, https:\/\/fkzalgiris.lt\/wp-content\/uploads\/2026\/03\/IMG_8610-1536x1024.jpeg 1536w, https:\/\/fkzalgiris.lt\/wp-content\/uploads\/2026\/03\/IMG_8610-2048x1365.jpeg 2048w, https:\/\/fkzalgiris.lt\/wp-content\/uploads\/2026\/03\/IMG_8610-150x100.jpeg 150w, https:\/\/fkzalgiris.lt\/wp-content\/uploads\/2026\/03\/IMG_8610-840x560.jpeg 840w, https:\/\/fkzalgiris.lt\/wp-content\/uploads\/2026\/03\/IMG_8610-570x380.jpeg 570w, https:\/\/fkzalgiris.lt\/wp-content\/uploads\/2026\/03\/IMG_8610-30x20.jpeg 30w\" sizes=\"auto, (max-width: 650px) 100vw, 650px\" \/><\/p>\n<p><span data-ccp-props=\"{&quot;134233117&quot;:false,&quot;134233118&quot;:false,&quot;335551550&quot;:0,&quot;335551620&quot;:0,&quot;335559738&quot;:240,&quot;335559739&quot;:240}\">&#8212;<\/span><\/p>\n<p>Moter\u0173 A lygos pirmose rungtyn\u0117se sekmadien\u012f, kovo 15 d. nuo 17 val. \u201e\u017dalgiris\u201c namuose priims Garg\u017ed\u0173 \u201eBang\u0105\u201c.<\/p>\n<div class=\"x14z9mp xat24cr x1lziwak x1vvkbs xtlvy1s\">\n<p>\u0160\u012f sezon\u0105 \u012f rungtynes bus galima patekti su bilietais arba sezono abonementais. Juos galima \u012fsigyti\u00a0<a class=\"x1i10hfl xjbqb8w x1ejq31n x18oe1m7 x1sy0etr xstzfhl x972fbf x10w94by x1qhh985 x14e42zd x9f619 x1ypdohk xt0psk2 x3ct3a4 xdj266r x14z9mp xat24cr x1lziwak xexx8yu xyri2b x18d9i69 x1c1uobl x16tdsg8 x1hl2dhg xggy1nq x1a2a7pz xkrqix3 x1sur9pj x1fey0fg x1s688f\" tabindex=\"0\" role=\"link\" href=\"http:\/\/kakava.lt\/?fbclid=IwZXh0bgNhZW0CMTAAYnJpZBExcHVzdXh0SGRyWDhPWllqc3NydGMGYXBwX2lkEDIyMjAzOTE3ODgyMDA4OTIAAR7oGwwwA4aK28rDg6q1PuVALGqjgbnpNoigG-dZkTwVg073G_jt1sArJ48Vpw_aem_WeBbphOkUCdfwJw8-fskLg\" target=\"_blank\" rel=\"nofollow noopener noreferrer\">Kakava.lt<\/a> svetain\u0117je.<\/p>\n<\/div>\n<div class=\"x14z9mp xat24cr x1lziwak x1vvkbs xtlvy1s\">\u012esigij\u0119 moter\u0173 A lygos sezono abonement\u0105 gaus dovan\u0173 1 m\u0117nesio naryst\u0119 \u201eLemon Gym\u201c sporto klubuose. Nemokamai \u012fleid\u017eiami ne\u012fgalieji, senjorai, vaikai iki 18 met\u0173 ir Ukrainos pilie\u010diai, taip pat rungtyn\u0117ms galios ir FK \u201e\u017dalgiris\u201c vyr\u0173 komandos 2026 m. sezono abonementai.<\/div>\n","protected":false},"excerpt":{"rendered":"<p>Art\u0117jant naujajam moter\u0173 A lygos sezonui FK \u201e\u017dalgiris\u201c sudar\u0117 sutartis su dar keturiomis naujok\u0117mis. Komandai \u0161\u012f sezon\u0105 atstovaus Lietuvos moter\u0173 rinktin\u0117s \u017eaid\u0117jos Greta Valikonien\u0117, Lolita\u2026<\/p>\n","protected":false},"author":4,"featured_media":0,"comment_status":"closed","ping_status":"closed","sticky":false,"template":"","format":"standard","meta":{"_acf_changed":false,"footnotes":""},"categories":[183],"class_list":["post-21208","post","type-post","status-publish","format-standard","hentry","category-zalgiris-m"],"acf":[],"yoast_head":"<!-- This site is optimized with the Yoast SEO plugin v26.8 - https:\/\/yoast.com\/product\/yoast-seo-wordpress\/ -->\n<title>Moter\u0173 komand\u0105 papild\u0117 dar keturios Lietuvos rinktin\u0117s\u00a0nar\u0117s - FK \u017dalgiris<\/title>\n<meta name=\"robots\" content=\"index, follow, max-snippet:-1, max-image-preview:large, max-video-preview:-1\" \/>\n<link rel=\"canonical\" href=\"https:\/\/fkzalgiris.lt\/moteru-komanda-papilde-dar-keturios-lietuvos-rinktines-nares\/\" \/>\n<meta property=\"og:locale\" content=\"lt_LT\" \/>\n<meta property=\"og:type\" content=\"article\" \/>\n<meta property=\"og:title\" content=\"Moter\u0173 komand\u0105 papild\u0117 dar keturios Lietuvos rinktin\u0117s\u00a0nar\u0117s - FK \u017dalgiris\" \/>\n<meta property=\"og:description\" content=\"Art\u0117jant naujajam moter\u0173 A lygos sezonui FK \u201e\u017dalgiris\u201c sudar\u0117 sutartis su dar keturiomis naujok\u0117mis. Komandai \u0161\u012f sezon\u0105 atstovaus Lietuvos moter\u0173 rinktin\u0117s \u017eaid\u0117jos Greta Valikonien\u0117, Lolita\u2026\" \/>\n<meta property=\"og:url\" content=\"https:\/\/fkzalgiris.lt\/moteru-komanda-papilde-dar-keturios-lietuvos-rinktines-nares\/\" \/>\n<meta property=\"og:site_name\" content=\"FK \u017dalgiris\" \/>\n<meta property=\"article:publisher\" content=\"https:\/\/www.facebook.com\/fkzalgiris\/\" \/>\n<meta property=\"article:published_time\" content=\"2026-03-14T14:35:35+00:00\" \/>\n<meta property=\"article:modified_time\" content=\"2026-03-14T14:43:41+00:00\" \/>\n<meta property=\"og:image\" content=\"https:\/\/fkzalgiris.lt\/wp-content\/uploads\/2026\/03\/0A6A2734-scaled-e1773499275438.jpeg\" \/>\n\t<meta property=\"og:image:width\" content=\"2560\" \/>\n\t<meta property=\"og:image:height\" content=\"1835\" \/>\n\t<meta property=\"og:image:type\" content=\"image\/jpeg\" \/>\n<meta name=\"author\" content=\"J\" \/>\n<meta name=\"twitter:card\" content=\"summary_large_image\" \/>\n<meta name=\"twitter:creator\" content=\"@fkzalgiris\" \/>\n<meta name=\"twitter:site\" content=\"@fkzalgiris\" \/>\n<meta name=\"twitter:label1\" content=\"Written by\" \/>\n\t<meta name=\"twitter:data1\" content=\"J\" \/>\n\t<meta name=\"twitter:label2\" content=\"Est. reading time\" \/>\n\t<meta name=\"twitter:data2\" content=\"3 minut\u0117s\" \/>\n<script type=\"application\/ld+json\" class=\"yoast-schema-graph\">{\"@context\":\"https:\/\/schema.org\",\"@graph\":[{\"@type\":\"Article\",\"@id\":\"https:\/\/fkzalgiris.lt\/moteru-komanda-papilde-dar-keturios-lietuvos-rinktines-nares\/#article\",\"isPartOf\":{\"@id\":\"https:\/\/fkzalgiris.lt\/moteru-komanda-papilde-dar-keturios-lietuvos-rinktines-nares\/\"},\"author\":{\"name\":\"J\",\"@id\":\"https:\/\/fkzalgiris.lt\/#\/schema\/person\/8604babbba794a7d8767be324a3eaac8\"},\"headline\":\"Moter\u0173 komand\u0105 papild\u0117 dar keturios Lietuvos rinktin\u0117s\u00a0nar\u0117s\",\"datePublished\":\"2026-03-14T14:35:35+00:00\",\"dateModified\":\"2026-03-14T14:43:41+00:00\",\"mainEntityOfPage\":{\"@id\":\"https:\/\/fkzalgiris.lt\/moteru-komanda-papilde-dar-keturios-lietuvos-rinktines-nares\/\"},\"wordCount\":333,\"publisher\":{\"@id\":\"https:\/\/fkzalgiris.lt\/#organization\"},\"image\":{\"@id\":\"https:\/\/fkzalgiris.lt\/moteru-komanda-papilde-dar-keturios-lietuvos-rinktines-nares\/#primaryimage\"},\"thumbnailUrl\":\"https:\/\/fkzalgiris.lt\/wp-content\/uploads\/2026\/03\/0A6A2734-scaled-e1773499275438-1024x734.jpeg\",\"articleSection\":[\"\u017dalgiris M\"],\"inLanguage\":\"lt-LT\"},{\"@type\":\"WebPage\",\"@id\":\"https:\/\/fkzalgiris.lt\/moteru-komanda-papilde-dar-keturios-lietuvos-rinktines-nares\/\",\"url\":\"https:\/\/fkzalgiris.lt\/moteru-komanda-papilde-dar-keturios-lietuvos-rinktines-nares\/\",\"name\":\"Moter\u0173 komand\u0105 papild\u0117 dar keturios Lietuvos rinktin\u0117s\u00a0nar\u0117s - FK \u017dalgiris\",\"isPartOf\":{\"@id\":\"https:\/\/fkzalgiris.lt\/#website\"},\"primaryImageOfPage\":{\"@id\":\"https:\/\/fkzalgiris.lt\/moteru-komanda-papilde-dar-keturios-lietuvos-rinktines-nares\/#primaryimage\"},\"image\":{\"@id\":\"https:\/\/fkzalgiris.lt\/moteru-komanda-papilde-dar-keturios-lietuvos-rinktines-nares\/#primaryimage\"},\"thumbnailUrl\":\"https:\/\/fkzalgiris.lt\/wp-content\/uploads\/2026\/03\/0A6A2734-scaled-e1773499275438-1024x734.jpeg\",\"datePublished\":\"2026-03-14T14:35:35+00:00\",\"dateModified\":\"2026-03-14T14:43:41+00:00\",\"breadcrumb\":{\"@id\":\"https:\/\/fkzalgiris.lt\/moteru-komanda-papilde-dar-keturios-lietuvos-rinktines-nares\/#breadcrumb\"},\"inLanguage\":\"lt-LT\",\"potentialAction\":[{\"@type\":\"ReadAction\",\"target\":[\"https:\/\/fkzalgiris.lt\/moteru-komanda-papilde-dar-keturios-lietuvos-rinktines-nares\/\"]}]},{\"@type\":\"ImageObject\",\"inLanguage\":\"lt-LT\",\"@id\":\"https:\/\/fkzalgiris.lt\/moteru-komanda-papilde-dar-keturios-lietuvos-rinktines-nares\/#primaryimage\",\"url\":\"https:\/\/fkzalgiris.lt\/wp-content\/uploads\/2026\/03\/0A6A2734-scaled-e1773499275438.jpeg\",\"contentUrl\":\"https:\/\/fkzalgiris.lt\/wp-content\/uploads\/2026\/03\/0A6A2734-scaled-e1773499275438.jpeg\",\"width\":2560,\"height\":1835},{\"@type\":\"BreadcrumbList\",\"@id\":\"https:\/\/fkzalgiris.lt\/moteru-komanda-papilde-dar-keturios-lietuvos-rinktines-nares\/#breadcrumb\",\"itemListElement\":[{\"@type\":\"ListItem\",\"position\":1,\"name\":\"Home\",\"item\":\"https:\/\/fkzalgiris.lt\/\"},{\"@type\":\"ListItem\",\"position\":2,\"name\":\"Moter\u0173 komand\u0105 papild\u0117 dar keturios Lietuvos rinktin\u0117s\u00a0nar\u0117s\"}]},{\"@type\":\"WebSite\",\"@id\":\"https:\/\/fkzalgiris.lt\/#website\",\"url\":\"https:\/\/fkzalgiris.lt\/\",\"name\":\"FK \u017dalgiris\",\"description\":\"oficiali Vilniaus \u201e\u017dalgirio\u201c futbolo klubo svetain\u0117\",\"publisher\":{\"@id\":\"https:\/\/fkzalgiris.lt\/#organization\"},\"potentialAction\":[{\"@type\":\"SearchAction\",\"target\":{\"@type\":\"EntryPoint\",\"urlTemplate\":\"https:\/\/fkzalgiris.lt\/?s={search_term_string}\"},\"query-input\":{\"@type\":\"PropertyValueSpecification\",\"valueRequired\":true,\"valueName\":\"search_term_string\"}}],\"inLanguage\":\"lt-LT\"},{\"@type\":\"Organization\",\"@id\":\"https:\/\/fkzalgiris.lt\/#organization\",\"name\":\"FK \u017dalgiris\",\"url\":\"https:\/\/fkzalgiris.lt\/\",\"logo\":{\"@type\":\"ImageObject\",\"inLanguage\":\"lt-LT\",\"@id\":\"https:\/\/fkzalgiris.lt\/#\/schema\/logo\/image\/\",\"url\":\"https:\/\/fkzalgiris.lt\/wp-content\/uploads\/2024\/01\/horiz-FK-Zalgiris-logo-2015.png\",\"contentUrl\":\"https:\/\/fkzalgiris.lt\/wp-content\/uploads\/2024\/01\/horiz-FK-Zalgiris-logo-2015.png\",\"width\":3073,\"height\":2048,\"caption\":\"FK \u017dalgiris\"},\"image\":{\"@id\":\"https:\/\/fkzalgiris.lt\/#\/schema\/logo\/image\/\"},\"sameAs\":[\"https:\/\/www.facebook.com\/fkzalgiris\/\",\"https:\/\/x.com\/fkzalgiris\",\"https:\/\/www.instagram.com\/fkzalgiris\/\",\"https:\/\/www.youtube.com\/channel\/UC1ag8JLxGirltMUoLlzfZLA\"]},{\"@type\":\"Person\",\"@id\":\"https:\/\/fkzalgiris.lt\/#\/schema\/person\/8604babbba794a7d8767be324a3eaac8\",\"name\":\"J\"}]}<\/script>\n<!-- \/ Yoast SEO plugin. -->","yoast_head_json":{"title":"Moter\u0173 komand\u0105 papild\u0117 dar keturios Lietuvos rinktin\u0117s\u00a0nar\u0117s - FK \u017dalgiris","robots":{"index":"index","follow":"follow","max-snippet":"max-snippet:-1","max-image-preview":"max-image-preview:large","max-video-preview":"max-video-preview:-1"},"canonical":"https:\/\/fkzalgiris.lt\/moteru-komanda-papilde-dar-keturios-lietuvos-rinktines-nares\/","og_locale":"lt_LT","og_type":"article","og_title":"Moter\u0173 komand\u0105 papild\u0117 dar keturios Lietuvos rinktin\u0117s\u00a0nar\u0117s - FK \u017dalgiris","og_description":"Art\u0117jant naujajam moter\u0173 A lygos sezonui FK \u201e\u017dalgiris\u201c sudar\u0117 sutartis su dar keturiomis naujok\u0117mis. Komandai \u0161\u012f sezon\u0105 atstovaus Lietuvos moter\u0173 rinktin\u0117s \u017eaid\u0117jos Greta Valikonien\u0117, Lolita\u2026","og_url":"https:\/\/fkzalgiris.lt\/moteru-komanda-papilde-dar-keturios-lietuvos-rinktines-nares\/","og_site_name":"FK \u017dalgiris","article_publisher":"https:\/\/www.facebook.com\/fkzalgiris\/","article_published_time":"2026-03-14T14:35:35+00:00","article_modified_time":"2026-03-14T14:43:41+00:00","og_image":[{"width":2560,"height":1835,"url":"https:\/\/fkzalgiris.lt\/wp-content\/uploads\/2026\/03\/0A6A2734-scaled-e1773499275438.jpeg","type":"image\/jpeg"}],"author":"J","twitter_card":"summary_large_image","twitter_creator":"@fkzalgiris","twitter_site":"@fkzalgiris","twitter_misc":{"Written by":"J","Est. reading time":"3 minut\u0117s"},"schema":{"@context":"https:\/\/schema.org","@graph":[{"@type":"Article","@id":"https:\/\/fkzalgiris.lt\/moteru-komanda-papilde-dar-keturios-lietuvos-rinktines-nares\/#article","isPartOf":{"@id":"https:\/\/fkzalgiris.lt\/moteru-komanda-papilde-dar-keturios-lietuvos-rinktines-nares\/"},"author":{"name":"J","@id":"https:\/\/fkzalgiris.lt\/#\/schema\/person\/8604babbba794a7d8767be324a3eaac8"},"headline":"Moter\u0173 komand\u0105 papild\u0117 dar keturios Lietuvos rinktin\u0117s\u00a0nar\u0117s","datePublished":"2026-03-14T14:35:35+00:00","dateModified":"2026-03-14T14:43:41+00:00","mainEntityOfPage":{"@id":"https:\/\/fkzalgiris.lt\/moteru-komanda-papilde-dar-keturios-lietuvos-rinktines-nares\/"},"wordCount":333,"publisher":{"@id":"https:\/\/fkzalgiris.lt\/#organization"},"image":{"@id":"https:\/\/fkzalgiris.lt\/moteru-komanda-papilde-dar-keturios-lietuvos-rinktines-nares\/#primaryimage"},"thumbnailUrl":"https:\/\/fkzalgiris.lt\/wp-content\/uploads\/2026\/03\/0A6A2734-scaled-e1773499275438-1024x734.jpeg","articleSection":["\u017dalgiris M"],"inLanguage":"lt-LT"},{"@type":"WebPage","@id":"https:\/\/fkzalgiris.lt\/moteru-komanda-papilde-dar-keturios-lietuvos-rinktines-nares\/","url":"https:\/\/fkzalgiris.lt\/moteru-komanda-papilde-dar-keturios-lietuvos-rinktines-nares\/","name":"Moter\u0173 komand\u0105 papild\u0117 dar keturios Lietuvos rinktin\u0117s\u00a0nar\u0117s - FK \u017dalgiris","isPartOf":{"@id":"https:\/\/fkzalgiris.lt\/#website"},"primaryImageOfPage":{"@id":"https:\/\/fkzalgiris.lt\/moteru-komanda-papilde-dar-keturios-lietuvos-rinktines-nares\/#primaryimage"},"image":{"@id":"https:\/\/fkzalgiris.lt\/moteru-komanda-papilde-dar-keturios-lietuvos-rinktines-nares\/#primaryimage"},"thumbnailUrl":"https:\/\/fkzalgiris.lt\/wp-content\/uploads\/2026\/03\/0A6A2734-scaled-e1773499275438-1024x734.jpeg","datePublished":"2026-03-14T14:35:35+00:00","dateModified":"2026-03-14T14:43:41+00:00","breadcrumb":{"@id":"https:\/\/fkzalgiris.lt\/moteru-komanda-papilde-dar-keturios-lietuvos-rinktines-nares\/#breadcrumb"},"inLanguage":"lt-LT","potentialAction":[{"@type":"ReadAction","target":["https:\/\/fkzalgiris.lt\/moteru-komanda-papilde-dar-keturios-lietuvos-rinktines-nares\/"]}]},{"@type":"ImageObject","inLanguage":"lt-LT","@id":"https:\/\/fkzalgiris.lt\/moteru-komanda-papilde-dar-keturios-lietuvos-rinktines-nares\/#primaryimage","url":"https:\/\/fkzalgiris.lt\/wp-content\/uploads\/2026\/03\/0A6A2734-scaled-e1773499275438.jpeg","contentUrl":"https:\/\/fkzalgiris.lt\/wp-content\/uploads\/2026\/03\/0A6A2734-scaled-e1773499275438.jpeg","width":2560,"height":1835},{"@type":"BreadcrumbList","@id":"https:\/\/fkzalgiris.lt\/moteru-komanda-papilde-dar-keturios-lietuvos-rinktines-nares\/#breadcrumb","itemListElement":[{"@type":"ListItem","position":1,"name":"Home","item":"https:\/\/fkzalgiris.lt\/"},{"@type":"ListItem","position":2,"name":"Moter\u0173 komand\u0105 papild\u0117 dar keturios Lietuvos rinktin\u0117s\u00a0nar\u0117s"}]},{"@type":"WebSite","@id":"https:\/\/fkzalgiris.lt\/#website","url":"https:\/\/fkzalgiris.lt\/","name":"FK \u017dalgiris","description":"oficiali Vilniaus \u201e\u017dalgirio\u201c futbolo klubo svetain\u0117","publisher":{"@id":"https:\/\/fkzalgiris.lt\/#organization"},"potentialAction":[{"@type":"SearchAction","target":{"@type":"EntryPoint","urlTemplate":"https:\/\/fkzalgiris.lt\/?s={search_term_string}"},"query-input":{"@type":"PropertyValueSpecification","valueRequired":true,"valueName":"search_term_string"}}],"inLanguage":"lt-LT"},{"@type":"Organization","@id":"https:\/\/fkzalgiris.lt\/#organization","name":"FK \u017dalgiris","url":"https:\/\/fkzalgiris.lt\/","logo":{"@type":"ImageObject","inLanguage":"lt-LT","@id":"https:\/\/fkzalgiris.lt\/#\/schema\/logo\/image\/","url":"https:\/\/fkzalgiris.lt\/wp-content\/uploads\/2024\/01\/horiz-FK-Zalgiris-logo-2015.png","contentUrl":"https:\/\/fkzalgiris.lt\/wp-content\/uploads\/2024\/01\/horiz-FK-Zalgiris-logo-2015.png","width":3073,"height":2048,"caption":"FK \u017dalgiris"},"image":{"@id":"https:\/\/fkzalgiris.lt\/#\/schema\/logo\/image\/"},"sameAs":["https:\/\/www.facebook.com\/fkzalgiris\/","https:\/\/x.com\/fkzalgiris","https:\/\/www.instagram.com\/fkzalgiris\/","https:\/\/www.youtube.com\/channel\/UC1ag8JLxGirltMUoLlzfZLA"]},{"@type":"Person","@id":"https:\/\/fkzalgiris.lt\/#\/schema\/person\/8604babbba794a7d8767be324a3eaac8","name":"J"}]}},"_links":{"self":[{"href":"https:\/\/fkzalgiris.lt\/api\/wp\/v2\/posts\/21208","targetHints":{"allow":["GET"]}}],"collection":[{"href":"https:\/\/fkzalgiris.lt\/api\/wp\/v2\/posts"}],"about":[{"href":"https:\/\/fkzalgiris.lt\/api\/wp\/v2\/types\/post"}],"author":[{"embeddable":true,"href":"https:\/\/fkzalgiris.lt\/api\/wp\/v2\/users\/4"}],"replies":[{"embeddable":true,"href":"https:\/\/fkzalgiris.lt\/api\/wp\/v2\/comments?post=21208"}],"version-history":[{"count":6,"href":"https:\/\/fkzalgiris.lt\/api\/wp\/v2\/posts\/21208\/revisions"}],"predecessor-version":[{"id":21220,"href":"https:\/\/fkzalgiris.lt\/api\/wp\/v2\/posts\/21208\/revisions\/21220"}],"wp:attachment":[{"href":"https:\/\/fkzalgiris.lt\/api\/wp\/v2\/media?parent=21208"}],"wp:term":[{"taxonomy":"category","embeddable":true,"href":"https:\/\/fkzalgiris.lt\/api\/wp\/v2\/categories?post=21208"}],"curies":[{"name":"wp","href":"https:\/\/api.w.org\/{rel}","templated":true}]}}