{"id":21194,"date":"2026-03-14T14:00:59","date_gmt":"2026-03-14T12:00:59","guid":{"rendered":"https:\/\/fkzalgiris.lt\/?p=21194"},"modified":"2026-03-14T12:17:14","modified_gmt":"2026-03-14T10:17:14","slug":"prie-klubo-jungiasi-perspektyvus-jaunuolis-s-grabauskas","status":"publish","type":"post","link":"https:\/\/fkzalgiris.lt\/prie-klubo-jungiasi-perspektyvus-jaunuolis-s-grabauskas\/","title":{"rendered":"Prie klubo jungiasi perspektyvus jaunuolis S. Grabauskas"},"content":{"rendered":"<p>Futbolo klubo \u201e\u017dalgiris\u201c gretas papildo dar vienas jaunas talentas \u2013 nuomos pagrindais prie komandos jungiasi Simas Grabauskas.<\/p>\n<p>Saugas vis\u0105 savo karjer\u0105 tobul\u0117jo \u201eVilnius Football Academy\u201c sistemoje \u2013 nuo pat ma\u017eum\u0117s iki pagrindin\u0117s akademijos komandos.<\/p>\n<p>Pra\u0117jusiais metais, atstovaudamas pagrindinei akademijos ekipai LFF II lygoje, futbolininkas aik\u0161t\u0117je pasirod\u0117 14 kart\u0173 ir pasi\u017eym\u0117jo trimis \u012fvar\u010diais.<\/p>\n<p>S. Grabauskas gyn\u0117 vis\u0173 savo am\u017eiaus grupi\u0173 nacionalini\u0173 rinktini\u0173 garb\u0119 \u2013 nuo U15 iki U19. Jaunimo iki 17 met\u0173 rinktin\u0117je j\u012f treniravo klubo aistruoliams puikiai pa\u017e\u012fstamas Nerijus Ma\u010diulis, kuris \u0161iuo metu eina pagrindin\u0117s vyr\u0173 komandos vyriausiojo trenerio asistento pareigas.<\/p>\n<p><img loading=\"lazy\" decoding=\"async\" class=\"aligncenter wp-image-21195\" src=\"https:\/\/fkzalgiris.lt\/wp-content\/uploads\/2026\/03\/Welcome-1080x1350-1-240x300.jpg\" alt=\"\" width=\"433\" height=\"541\" srcset=\"https:\/\/fkzalgiris.lt\/wp-content\/uploads\/2026\/03\/Welcome-1080x1350-1-240x300.jpg 240w, https:\/\/fkzalgiris.lt\/wp-content\/uploads\/2026\/03\/Welcome-1080x1350-1-819x1024.jpg 819w, https:\/\/fkzalgiris.lt\/wp-content\/uploads\/2026\/03\/Welcome-1080x1350-1-768x960.jpg 768w, https:\/\/fkzalgiris.lt\/wp-content\/uploads\/2026\/03\/Welcome-1080x1350-1-80x100.jpg 80w, https:\/\/fkzalgiris.lt\/wp-content\/uploads\/2026\/03\/Welcome-1080x1350-1.jpg 1080w\" sizes=\"auto, (max-width: 433px) 100vw, 433px\" \/><\/p>\n","protected":false},"excerpt":{"rendered":"<p>Futbolo klubo \u201e\u017dalgiris\u201c gretas papildo dar vienas jaunas talentas \u2013 nuomos pagrindais prie komandos jungiasi Simas Grabauskas. Saugas vis\u0105 savo karjer\u0105 tobul\u0117jo \u201eVilnius Football Academy\u201c\u2026<\/p>\n","protected":false},"author":14,"featured_media":0,"comment_status":"closed","ping_status":"closed","sticky":false,"template":"","format":"standard","meta":{"_acf_changed":false,"footnotes":""},"categories":[1],"class_list":["post-21194","post","type-post","status-publish","format-standard","hentry","category-be-kategorijos"],"acf":[],"yoast_head":"<!-- This site is optimized with the Yoast SEO plugin v26.8 - https:\/\/yoast.com\/product\/yoast-seo-wordpress\/ -->\n<title>Prie klubo jungiasi perspektyvus jaunuolis S. Grabauskas - FK \u017dalgiris<\/title>\n<meta name=\"robots\" content=\"index, follow, max-snippet:-1, max-image-preview:large, max-video-preview:-1\" \/>\n<link rel=\"canonical\" href=\"https:\/\/fkzalgiris.lt\/prie-klubo-jungiasi-perspektyvus-jaunuolis-s-grabauskas\/\" \/>\n<meta property=\"og:locale\" content=\"lt_LT\" \/>\n<meta property=\"og:type\" content=\"article\" \/>\n<meta property=\"og:title\" content=\"Prie klubo jungiasi perspektyvus jaunuolis S. Grabauskas - FK \u017dalgiris\" \/>\n<meta property=\"og:description\" content=\"Futbolo klubo \u201e\u017dalgiris\u201c gretas papildo dar vienas jaunas talentas \u2013 nuomos pagrindais prie komandos jungiasi Simas Grabauskas. Saugas vis\u0105 savo karjer\u0105 tobul\u0117jo \u201eVilnius Football Academy\u201c\u2026\" \/>\n<meta property=\"og:url\" content=\"https:\/\/fkzalgiris.lt\/prie-klubo-jungiasi-perspektyvus-jaunuolis-s-grabauskas\/\" \/>\n<meta property=\"og:site_name\" content=\"FK \u017dalgiris\" \/>\n<meta property=\"article:publisher\" content=\"https:\/\/www.facebook.com\/fkzalgiris\/\" \/>\n<meta property=\"article:published_time\" content=\"2026-03-14T12:00:59+00:00\" \/>\n<meta property=\"og:image\" content=\"https:\/\/fkzalgiris.lt\/wp-content\/uploads\/2026\/03\/Welcome-1080x1350-1.jpg\" \/>\n\t<meta property=\"og:image:width\" content=\"1080\" \/>\n\t<meta property=\"og:image:height\" content=\"1350\" \/>\n\t<meta property=\"og:image:type\" content=\"image\/jpeg\" \/>\n<meta name=\"author\" content=\"Domantas Milius\" \/>\n<meta name=\"twitter:card\" content=\"summary_large_image\" \/>\n<meta name=\"twitter:creator\" content=\"@fkzalgiris\" \/>\n<meta name=\"twitter:site\" content=\"@fkzalgiris\" \/>\n<meta name=\"twitter:label1\" content=\"Written by\" \/>\n\t<meta name=\"twitter:data1\" content=\"Domantas Milius\" \/>\n\t<meta name=\"twitter:label2\" content=\"Est. reading time\" \/>\n\t<meta name=\"twitter:data2\" content=\"1 minut\u0117\" \/>\n<script type=\"application\/ld+json\" class=\"yoast-schema-graph\">{\"@context\":\"https:\/\/schema.org\",\"@graph\":[{\"@type\":\"Article\",\"@id\":\"https:\/\/fkzalgiris.lt\/prie-klubo-jungiasi-perspektyvus-jaunuolis-s-grabauskas\/#article\",\"isPartOf\":{\"@id\":\"https:\/\/fkzalgiris.lt\/prie-klubo-jungiasi-perspektyvus-jaunuolis-s-grabauskas\/\"},\"author\":{\"name\":\"Domantas Milius\",\"@id\":\"https:\/\/fkzalgiris.lt\/#\/schema\/person\/4ae561a5c7d97f431b719c2d18115600\"},\"headline\":\"Prie klubo jungiasi perspektyvus jaunuolis S. Grabauskas\",\"datePublished\":\"2026-03-14T12:00:59+00:00\",\"mainEntityOfPage\":{\"@id\":\"https:\/\/fkzalgiris.lt\/prie-klubo-jungiasi-perspektyvus-jaunuolis-s-grabauskas\/\"},\"wordCount\":108,\"publisher\":{\"@id\":\"https:\/\/fkzalgiris.lt\/#organization\"},\"image\":{\"@id\":\"https:\/\/fkzalgiris.lt\/prie-klubo-jungiasi-perspektyvus-jaunuolis-s-grabauskas\/#primaryimage\"},\"thumbnailUrl\":\"https:\/\/fkzalgiris.lt\/wp-content\/uploads\/2026\/03\/Welcome-1080x1350-1-240x300.jpg\",\"inLanguage\":\"lt-LT\"},{\"@type\":\"WebPage\",\"@id\":\"https:\/\/fkzalgiris.lt\/prie-klubo-jungiasi-perspektyvus-jaunuolis-s-grabauskas\/\",\"url\":\"https:\/\/fkzalgiris.lt\/prie-klubo-jungiasi-perspektyvus-jaunuolis-s-grabauskas\/\",\"name\":\"Prie klubo jungiasi perspektyvus jaunuolis S. Grabauskas - FK \u017dalgiris\",\"isPartOf\":{\"@id\":\"https:\/\/fkzalgiris.lt\/#website\"},\"primaryImageOfPage\":{\"@id\":\"https:\/\/fkzalgiris.lt\/prie-klubo-jungiasi-perspektyvus-jaunuolis-s-grabauskas\/#primaryimage\"},\"image\":{\"@id\":\"https:\/\/fkzalgiris.lt\/prie-klubo-jungiasi-perspektyvus-jaunuolis-s-grabauskas\/#primaryimage\"},\"thumbnailUrl\":\"https:\/\/fkzalgiris.lt\/wp-content\/uploads\/2026\/03\/Welcome-1080x1350-1-240x300.jpg\",\"datePublished\":\"2026-03-14T12:00:59+00:00\",\"breadcrumb\":{\"@id\":\"https:\/\/fkzalgiris.lt\/prie-klubo-jungiasi-perspektyvus-jaunuolis-s-grabauskas\/#breadcrumb\"},\"inLanguage\":\"lt-LT\",\"potentialAction\":[{\"@type\":\"ReadAction\",\"target\":[\"https:\/\/fkzalgiris.lt\/prie-klubo-jungiasi-perspektyvus-jaunuolis-s-grabauskas\/\"]}]},{\"@type\":\"ImageObject\",\"inLanguage\":\"lt-LT\",\"@id\":\"https:\/\/fkzalgiris.lt\/prie-klubo-jungiasi-perspektyvus-jaunuolis-s-grabauskas\/#primaryimage\",\"url\":\"https:\/\/fkzalgiris.lt\/wp-content\/uploads\/2026\/03\/Welcome-1080x1350-1.jpg\",\"contentUrl\":\"https:\/\/fkzalgiris.lt\/wp-content\/uploads\/2026\/03\/Welcome-1080x1350-1.jpg\",\"width\":1080,\"height\":1350},{\"@type\":\"BreadcrumbList\",\"@id\":\"https:\/\/fkzalgiris.lt\/prie-klubo-jungiasi-perspektyvus-jaunuolis-s-grabauskas\/#breadcrumb\",\"itemListElement\":[{\"@type\":\"ListItem\",\"position\":1,\"name\":\"Home\",\"item\":\"https:\/\/fkzalgiris.lt\/\"},{\"@type\":\"ListItem\",\"position\":2,\"name\":\"Prie klubo jungiasi perspektyvus jaunuolis S. Grabauskas\"}]},{\"@type\":\"WebSite\",\"@id\":\"https:\/\/fkzalgiris.lt\/#website\",\"url\":\"https:\/\/fkzalgiris.lt\/\",\"name\":\"FK \u017dalgiris\",\"description\":\"oficiali Vilniaus \u201e\u017dalgirio\u201c futbolo klubo svetain\u0117\",\"publisher\":{\"@id\":\"https:\/\/fkzalgiris.lt\/#organization\"},\"potentialAction\":[{\"@type\":\"SearchAction\",\"target\":{\"@type\":\"EntryPoint\",\"urlTemplate\":\"https:\/\/fkzalgiris.lt\/?s={search_term_string}\"},\"query-input\":{\"@type\":\"PropertyValueSpecification\",\"valueRequired\":true,\"valueName\":\"search_term_string\"}}],\"inLanguage\":\"lt-LT\"},{\"@type\":\"Organization\",\"@id\":\"https:\/\/fkzalgiris.lt\/#organization\",\"name\":\"FK \u017dalgiris\",\"url\":\"https:\/\/fkzalgiris.lt\/\",\"logo\":{\"@type\":\"ImageObject\",\"inLanguage\":\"lt-LT\",\"@id\":\"https:\/\/fkzalgiris.lt\/#\/schema\/logo\/image\/\",\"url\":\"https:\/\/fkzalgiris.lt\/wp-content\/uploads\/2024\/01\/horiz-FK-Zalgiris-logo-2015.png\",\"contentUrl\":\"https:\/\/fkzalgiris.lt\/wp-content\/uploads\/2024\/01\/horiz-FK-Zalgiris-logo-2015.png\",\"width\":3073,\"height\":2048,\"caption\":\"FK \u017dalgiris\"},\"image\":{\"@id\":\"https:\/\/fkzalgiris.lt\/#\/schema\/logo\/image\/\"},\"sameAs\":[\"https:\/\/www.facebook.com\/fkzalgiris\/\",\"https:\/\/x.com\/fkzalgiris\",\"https:\/\/www.instagram.com\/fkzalgiris\/\",\"https:\/\/www.youtube.com\/channel\/UC1ag8JLxGirltMUoLlzfZLA\"]},{\"@type\":\"Person\",\"@id\":\"https:\/\/fkzalgiris.lt\/#\/schema\/person\/4ae561a5c7d97f431b719c2d18115600\",\"name\":\"Domantas Milius\"}]}<\/script>\n<!-- \/ Yoast SEO plugin. -->","yoast_head_json":{"title":"Prie klubo jungiasi perspektyvus jaunuolis S. Grabauskas - FK \u017dalgiris","robots":{"index":"index","follow":"follow","max-snippet":"max-snippet:-1","max-image-preview":"max-image-preview:large","max-video-preview":"max-video-preview:-1"},"canonical":"https:\/\/fkzalgiris.lt\/prie-klubo-jungiasi-perspektyvus-jaunuolis-s-grabauskas\/","og_locale":"lt_LT","og_type":"article","og_title":"Prie klubo jungiasi perspektyvus jaunuolis S. Grabauskas - FK \u017dalgiris","og_description":"Futbolo klubo \u201e\u017dalgiris\u201c gretas papildo dar vienas jaunas talentas \u2013 nuomos pagrindais prie komandos jungiasi Simas Grabauskas. Saugas vis\u0105 savo karjer\u0105 tobul\u0117jo \u201eVilnius Football Academy\u201c\u2026","og_url":"https:\/\/fkzalgiris.lt\/prie-klubo-jungiasi-perspektyvus-jaunuolis-s-grabauskas\/","og_site_name":"FK \u017dalgiris","article_publisher":"https:\/\/www.facebook.com\/fkzalgiris\/","article_published_time":"2026-03-14T12:00:59+00:00","og_image":[{"width":1080,"height":1350,"url":"https:\/\/fkzalgiris.lt\/wp-content\/uploads\/2026\/03\/Welcome-1080x1350-1.jpg","type":"image\/jpeg"}],"author":"Domantas Milius","twitter_card":"summary_large_image","twitter_creator":"@fkzalgiris","twitter_site":"@fkzalgiris","twitter_misc":{"Written by":"Domantas Milius","Est. reading time":"1 minut\u0117"},"schema":{"@context":"https:\/\/schema.org","@graph":[{"@type":"Article","@id":"https:\/\/fkzalgiris.lt\/prie-klubo-jungiasi-perspektyvus-jaunuolis-s-grabauskas\/#article","isPartOf":{"@id":"https:\/\/fkzalgiris.lt\/prie-klubo-jungiasi-perspektyvus-jaunuolis-s-grabauskas\/"},"author":{"name":"Domantas Milius","@id":"https:\/\/fkzalgiris.lt\/#\/schema\/person\/4ae561a5c7d97f431b719c2d18115600"},"headline":"Prie klubo jungiasi perspektyvus jaunuolis S. Grabauskas","datePublished":"2026-03-14T12:00:59+00:00","mainEntityOfPage":{"@id":"https:\/\/fkzalgiris.lt\/prie-klubo-jungiasi-perspektyvus-jaunuolis-s-grabauskas\/"},"wordCount":108,"publisher":{"@id":"https:\/\/fkzalgiris.lt\/#organization"},"image":{"@id":"https:\/\/fkzalgiris.lt\/prie-klubo-jungiasi-perspektyvus-jaunuolis-s-grabauskas\/#primaryimage"},"thumbnailUrl":"https:\/\/fkzalgiris.lt\/wp-content\/uploads\/2026\/03\/Welcome-1080x1350-1-240x300.jpg","inLanguage":"lt-LT"},{"@type":"WebPage","@id":"https:\/\/fkzalgiris.lt\/prie-klubo-jungiasi-perspektyvus-jaunuolis-s-grabauskas\/","url":"https:\/\/fkzalgiris.lt\/prie-klubo-jungiasi-perspektyvus-jaunuolis-s-grabauskas\/","name":"Prie klubo jungiasi perspektyvus jaunuolis S. Grabauskas - FK \u017dalgiris","isPartOf":{"@id":"https:\/\/fkzalgiris.lt\/#website"},"primaryImageOfPage":{"@id":"https:\/\/fkzalgiris.lt\/prie-klubo-jungiasi-perspektyvus-jaunuolis-s-grabauskas\/#primaryimage"},"image":{"@id":"https:\/\/fkzalgiris.lt\/prie-klubo-jungiasi-perspektyvus-jaunuolis-s-grabauskas\/#primaryimage"},"thumbnailUrl":"https:\/\/fkzalgiris.lt\/wp-content\/uploads\/2026\/03\/Welcome-1080x1350-1-240x300.jpg","datePublished":"2026-03-14T12:00:59+00:00","breadcrumb":{"@id":"https:\/\/fkzalgiris.lt\/prie-klubo-jungiasi-perspektyvus-jaunuolis-s-grabauskas\/#breadcrumb"},"inLanguage":"lt-LT","potentialAction":[{"@type":"ReadAction","target":["https:\/\/fkzalgiris.lt\/prie-klubo-jungiasi-perspektyvus-jaunuolis-s-grabauskas\/"]}]},{"@type":"ImageObject","inLanguage":"lt-LT","@id":"https:\/\/fkzalgiris.lt\/prie-klubo-jungiasi-perspektyvus-jaunuolis-s-grabauskas\/#primaryimage","url":"https:\/\/fkzalgiris.lt\/wp-content\/uploads\/2026\/03\/Welcome-1080x1350-1.jpg","contentUrl":"https:\/\/fkzalgiris.lt\/wp-content\/uploads\/2026\/03\/Welcome-1080x1350-1.jpg","width":1080,"height":1350},{"@type":"BreadcrumbList","@id":"https:\/\/fkzalgiris.lt\/prie-klubo-jungiasi-perspektyvus-jaunuolis-s-grabauskas\/#breadcrumb","itemListElement":[{"@type":"ListItem","position":1,"name":"Home","item":"https:\/\/fkzalgiris.lt\/"},{"@type":"ListItem","position":2,"name":"Prie klubo jungiasi perspektyvus jaunuolis S. Grabauskas"}]},{"@type":"WebSite","@id":"https:\/\/fkzalgiris.lt\/#website","url":"https:\/\/fkzalgiris.lt\/","name":"FK \u017dalgiris","description":"oficiali Vilniaus \u201e\u017dalgirio\u201c futbolo klubo svetain\u0117","publisher":{"@id":"https:\/\/fkzalgiris.lt\/#organization"},"potentialAction":[{"@type":"SearchAction","target":{"@type":"EntryPoint","urlTemplate":"https:\/\/fkzalgiris.lt\/?s={search_term_string}"},"query-input":{"@type":"PropertyValueSpecification","valueRequired":true,"valueName":"search_term_string"}}],"inLanguage":"lt-LT"},{"@type":"Organization","@id":"https:\/\/fkzalgiris.lt\/#organization","name":"FK \u017dalgiris","url":"https:\/\/fkzalgiris.lt\/","logo":{"@type":"ImageObject","inLanguage":"lt-LT","@id":"https:\/\/fkzalgiris.lt\/#\/schema\/logo\/image\/","url":"https:\/\/fkzalgiris.lt\/wp-content\/uploads\/2024\/01\/horiz-FK-Zalgiris-logo-2015.png","contentUrl":"https:\/\/fkzalgiris.lt\/wp-content\/uploads\/2024\/01\/horiz-FK-Zalgiris-logo-2015.png","width":3073,"height":2048,"caption":"FK \u017dalgiris"},"image":{"@id":"https:\/\/fkzalgiris.lt\/#\/schema\/logo\/image\/"},"sameAs":["https:\/\/www.facebook.com\/fkzalgiris\/","https:\/\/x.com\/fkzalgiris","https:\/\/www.instagram.com\/fkzalgiris\/","https:\/\/www.youtube.com\/channel\/UC1ag8JLxGirltMUoLlzfZLA"]},{"@type":"Person","@id":"https:\/\/fkzalgiris.lt\/#\/schema\/person\/4ae561a5c7d97f431b719c2d18115600","name":"Domantas Milius"}]}},"_links":{"self":[{"href":"https:\/\/fkzalgiris.lt\/api\/wp\/v2\/posts\/21194","targetHints":{"allow":["GET"]}}],"collection":[{"href":"https:\/\/fkzalgiris.lt\/api\/wp\/v2\/posts"}],"about":[{"href":"https:\/\/fkzalgiris.lt\/api\/wp\/v2\/types\/post"}],"author":[{"embeddable":true,"href":"https:\/\/fkzalgiris.lt\/api\/wp\/v2\/users\/14"}],"replies":[{"embeddable":true,"href":"https:\/\/fkzalgiris.lt\/api\/wp\/v2\/comments?post=21194"}],"version-history":[{"count":1,"href":"https:\/\/fkzalgiris.lt\/api\/wp\/v2\/posts\/21194\/revisions"}],"predecessor-version":[{"id":21197,"href":"https:\/\/fkzalgiris.lt\/api\/wp\/v2\/posts\/21194\/revisions\/21197"}],"wp:attachment":[{"href":"https:\/\/fkzalgiris.lt\/api\/wp\/v2\/media?parent=21194"}],"wp:term":[{"taxonomy":"category","embeddable":true,"href":"https:\/\/fkzalgiris.lt\/api\/wp\/v2\/categories?post=21194"}],"curies":[{"name":"wp","href":"https:\/\/api.w.org\/{rel}","templated":true}]}}