{"id":20625,"date":"2026-03-07T21:52:53","date_gmt":"2026-03-07T19:52:53","guid":{"rendered":"https:\/\/fkzalgiris.lt\/?p=20625"},"modified":"2026-03-08T11:47:47","modified_gmt":"2026-03-08T09:47:47","slug":"antroji-is-eiles-fk-zalgiris-pergale-vilnieciai-pirmoje-sezono-isvykoje-pranoko-fa-siauliai-futbolininkus","status":"publish","type":"post","link":"https:\/\/fkzalgiris.lt\/antroji-is-eiles-fk-zalgiris-pergale-vilnieciai-pirmoje-sezono-isvykoje-pranoko-fa-siauliai-futbolininkus\/","title":{"rendered":"Antroji i\u0161 eil\u0117s FK \u201e\u017dalgiris\u201c pergal\u0117: vilnie\u010diai pirmoje sezono i\u0161vykoje pranoko FA \u201e\u0160iauliai\u201c futbolininkus"},"content":{"rendered":"<p>Gausaus ir triuk\u0161mingo 150 \u017ei\u016brov\u0173 u\u017enugario \u012f pirm\u0105j\u0105 sezono i\u0161vyk\u0105 atlyd\u0117tas Vilniaus FK \u201e\u017dalgiris\u201c 0:2 (0:2) \u012fveik\u0117 FA \u201e\u0160iaulius\u201c, savo ta\u0161k\u0173 s\u0105skait\u0105 Toplygoje padidino iki 6 ta\u0161k\u0173 ir pakilo \u012f antr\u0105j\u0105 turnyro lentel\u0117s viet\u0105.<\/p>\n<p>\u0160e\u0161tadien\u012f surengtos \u0161alies \u010dempionato tre\u010diojo turo rungtyn\u0117s vyko Panev\u0117\u017eio \u201eBer\u017e\u0173\u201c progimnazijos stadiono manie\u017ee \u2013 jis sezono prad\u017eioje tapo FA \u201e\u0160iauliai\u201c laikinais namais.<\/p>\n<p>Pergaling\u0105 prana\u0161um\u0105 FK \u201e\u017dalgiriui\u201c sukrov\u0117 komandos kapitonas Liviu Antalis, \u012fmu\u0161\u0119s abu \u012f \u201e\u0160iauli\u0173\u201c vartus skirtus baudinius ir i\u0161rinktas naudingiausiu ma\u010do \u017eaid\u0117ju.<\/p>\n<p><img loading=\"lazy\" decoding=\"async\" class=\"aligncenter wp-image-20629\" src=\"https:\/\/fkzalgiris.lt\/wp-content\/uploads\/2026\/03\/92A8408-300x200.jpg\" alt=\"\" width=\"650\" height=\"433\" srcset=\"https:\/\/fkzalgiris.lt\/wp-content\/uploads\/2026\/03\/92A8408-300x200.jpg 300w, https:\/\/fkzalgiris.lt\/wp-content\/uploads\/2026\/03\/92A8408-1024x683.jpg 1024w, https:\/\/fkzalgiris.lt\/wp-content\/uploads\/2026\/03\/92A8408-768x512.jpg 768w, https:\/\/fkzalgiris.lt\/wp-content\/uploads\/2026\/03\/92A8408-1536x1024.jpg 1536w, https:\/\/fkzalgiris.lt\/wp-content\/uploads\/2026\/03\/92A8408-150x100.jpg 150w, https:\/\/fkzalgiris.lt\/wp-content\/uploads\/2026\/03\/92A8408-840x560.jpg 840w, https:\/\/fkzalgiris.lt\/wp-content\/uploads\/2026\/03\/92A8408-570x380.jpg 570w, https:\/\/fkzalgiris.lt\/wp-content\/uploads\/2026\/03\/92A8408-30x20.jpg 30w, https:\/\/fkzalgiris.lt\/wp-content\/uploads\/2026\/03\/92A8408.jpg 2048w\" sizes=\"auto, (max-width: 650px) 100vw, 650px\" \/><\/p>\n<p>\u0160\u012f sezon\u0105 rumunas pasi\u017eym\u0117jo jau tris kartus, o i\u0161 viso vilk\u0117damas Vilniaus ekipos aprang\u0105 jis Lietuvos elitin\u0117je lygoje jau peln\u0117 88 \u012fvar\u010dius.<\/p>\n<p>Be jokios \u017evalgybos prasid\u0117jusioje dvikovoje ekipos apsikeit\u0117 keliais pavojingais epizodais, o 6 min. \u0161iaulietis Edgaras Bierontas baudos aik\u0161tel\u0117je pa\u017eeisdamas taisykles sustabd\u0117 Giedri\u0173 Matulevi\u010di\u0173 ir arbitras Robertas \u0160mitas skyr\u0117 baudin\u012f, kur\u012f 7 min. tiksliu sm\u016bgiu nuo 11 m \u017eymos \u012fvar\u010diu pavert\u0117 L.Antalis.<\/p>\n<p><img loading=\"lazy\" decoding=\"async\" class=\"aligncenter wp-image-20628\" src=\"https:\/\/fkzalgiris.lt\/wp-content\/uploads\/2026\/03\/92A9766-300x200.jpg\" alt=\"\" width=\"649\" height=\"433\" srcset=\"https:\/\/fkzalgiris.lt\/wp-content\/uploads\/2026\/03\/92A9766-300x200.jpg 300w, https:\/\/fkzalgiris.lt\/wp-content\/uploads\/2026\/03\/92A9766-1024x683.jpg 1024w, https:\/\/fkzalgiris.lt\/wp-content\/uploads\/2026\/03\/92A9766-768x512.jpg 768w, https:\/\/fkzalgiris.lt\/wp-content\/uploads\/2026\/03\/92A9766-1536x1025.jpg 1536w, https:\/\/fkzalgiris.lt\/wp-content\/uploads\/2026\/03\/92A9766-150x100.jpg 150w, https:\/\/fkzalgiris.lt\/wp-content\/uploads\/2026\/03\/92A9766-840x560.jpg 840w, https:\/\/fkzalgiris.lt\/wp-content\/uploads\/2026\/03\/92A9766-570x380.jpg 570w, https:\/\/fkzalgiris.lt\/wp-content\/uploads\/2026\/03\/92A9766-30x20.jpg 30w, https:\/\/fkzalgiris.lt\/wp-content\/uploads\/2026\/03\/92A9766.jpg 2048w\" sizes=\"auto, (max-width: 649px) 100vw, 649px\" \/><\/p>\n<p>Po pirmojo \u012fvar\u010dio ir aik\u0161t\u0117je, ir greta jos toliau persvar\u0105 tur\u0117jo \u201e\u017dalgiris\u201c ir pusantro \u0161imto jo gerb\u0117j\u0173, nors \u201e\u0160iauliai\u201c irgi neu\u017esidar\u0117 savo aik\u0161t\u0117s pus\u0117je ir staigiais i\u0161puoliais vis patikrindavo var\u017eov\u0173 gyn\u0117j\u0173 bei vartininko budrum\u0105.<\/p>\n<p>36 min. \u017ealgirie\u010dio Pauliaus Golubicko reid\u0105 \u012f baudos aik\u0161tel\u0119 nutrauk\u0117 Danielis Romanovskis. Ir R.\u0160mitas v\u0117l nedvejodamas parod\u0117 \u012f 11 m ta\u0161k\u0105, o L.Antalis 37 min. savo \u012fsp\u016bding\u0105 \u012fvar\u010di\u0173 krait\u012f papild\u0117 dar vienu tiksliu sm\u016bgiu.<\/p>\n<p>Po pertraukos \u201e\u017dalgirio\u201c gretose pasirod\u0117 Grigore Turd\u0105 pakeit\u0119s Ovidijus Verbickas. O \u017eaidimo scenarijus aik\u0161t\u0117je nesikeit\u0117 \u2013 vilnie\u010diai savo i\u0161puoliais band\u0117 dar kart\u0105 atrakinti \u201e\u0160iauli\u0173\u201c vartus, tuo metu ma\u010do \u0161eimininkai vis atsakin\u0117davo pavojingais d\u016briais.<\/p>\n<p>62 min. \u201e\u017dalgirio\u201c treneris Rolandas D\u017eiauk\u0161tas atliko dvigub\u0105 keitim\u0105, vietoj pastarosiose dvejose rungtyn\u0117se po du \u012fvar\u010dius pelniusi\u0173 ir pergali\u0173 kalviais tapusi\u0173 Deivido \u0160e\u0161plaukio ir L.Antalio \u012f aik\u0161t\u0119 \u012fleid\u0119s serb\u0173 duet\u0105 Nemanj\u0105 Mihajlovi\u010di\u0173 ir Nikol\u0105 Petkovi\u010di\u0173.<\/p>\n<p>V\u0117liau aik\u0161t\u0117je pasirod\u0117 dar du \u017ealgirie\u010diai \u2013 Gustas Jarusevi\u010dius (73 min. vietoj P.Golubicko) ir Martynas \u0160etkus (84 min. vietoj Klaudijaus Upsto).<\/p>\n<p>\u201e\u0160iauli\u0173\u201c, patyrusi\u0173 pirm\u0105 nes\u0117km\u0119 Toplygoje, gretose debiutavo tik \u0161i\u0105 savait\u0119 prie komandos prisijung\u0119s danas Sammy Skytte.<\/p>\n<p>Kitas Toplygos rungtynes FK \u201e\u017dalgiris\u201c \u017eais jau kovo 10 d. \u2013 Vilniaus \u201eSportimos\u201c arenoje i\u0161bandys j\u0117gas su Marijampol\u0117s \u201eS\u016bduva\u201c, per tris turus sukaupusia 5 ta\u0161kus ir u\u017eiman\u010di\u0105 tre\u010di\u0105j\u0105 viet\u0105.<\/p>\n<p>\u201eDvejopos mintys. Labai smagu, kad pavyko pasiekti tris ta\u0161kus. \u0160iandien nelauk\u0117me lengv\u0173 rungtyni\u0173, tik\u0117jom\u0117s, kad tokios bus. Tuo labiau, kad \u201e\u0160iauliai\u201c paskutin\u0117se rungtyn\u0117se parod\u0117, k\u0105 jie sugeba. Tur\u0117jome vargo, \u012fsiv\u0117l\u0117me \u012f chaoti\u0161k\u0105 \u017eaidim\u0105. Nor\u0117t\u0173si \u0161iek tiek ramyb\u0117s. Nes kai ramiau \u017eaid\u017eiame, mes kontroliuojame kamuol\u012f ir sukuriame gerus momentus. Nor\u0117t\u0173si visai komandai palink\u0117ti, kad tai mes naudotume daugiau. Sausi vartai ir trys ta\u0161kai \u2013 pozityvus \u017eenklas\u201c, \u2013 po rungtyni\u0173 sak\u0117 \u201e\u017dalgirio\u201c strategas R.D\u017eiauk\u0161tas.<\/p>\n<p>Paklaustas, ar O.Verbickas per pertrauk\u0105 pakeit\u0117 G.Turd\u0105, nes rumunas susi\u017eeid\u0117, treneris patvirtino: \u201eBuvo kontaktas, jam pir\u0161tu pataik\u0117 \u012f ak\u012f. Sak\u0117, kad yra problem\u0173 su reg\u0117jimu. D\u0117l to tur\u0117jome pakeisti.\u201c<\/p>\n<p>Kalb\u0117damas apie tai, koki\u0105 savo komand\u0105 nori matyti per artimiausias kovas, R.D\u017eiauk\u0161tas nesl\u0117p\u0117: \u201eTikiuosi protingo \u201e\u017dalgirio\u201c. Protingo savo \u017eaidimu. Kad \u017eaisime taip, kaip mes sugebame. O sugebame kontroliuoti kamuol\u012f ir kurti progas. Palink\u0117siu ir sau, ir visai komandai, kad darytume tuos dalykus, kuriuos sugebame.\u201c<\/p>\n<p>Komand\u0173 sud\u0117tys:<\/p>\n<p>\u201e\u0160iauliai\u201c: Paulius Linkevi\u010dius, Edgaras Bierontas, Nojus Stankevi\u010dius, Lazaras Vukovi\u010dius, Rui Batalha (82 min. Ugnius Vaitiekaitis), Deividas Dovydaitis (70 min. Brooklynas Leipus), Gabijus Micevi\u010dius, Patrikas Pranckus (82 min. Danielius Jara\u0161ius), Danielis Romanovskis (88 min. Klemensas Gustas), Karolis \u017debrauskas (82 min. Sammy Skytte), Chidera Henry Nwoga.<\/p>\n<p>\u201e\u017dalgiris\u201c: Carlosas Olsesas, Petaras Bosan\u010di\u010dius, Jurijus Kendy\u0161as, Saba Mamaca\u0161vilis, Grigore Turda (46 min. Ovidijus Verbickas), Klaudijus Upstas (84 min. Martynas \u0160etkus), Marko Capanas, Paulius Golubickas (73 min. Gustas Jarusevi\u010dius), Giedrius Matulevi\u010dius, Deividas \u0160e\u0161plaukis (62 min. Nemanja Mihajlovi\u010dius), Liviu Antalis (62 min. Nikola Petkovi\u010dius).<\/p>\n<p>&nbsp;<\/p>\n","protected":false},"excerpt":{"rendered":"<p>Gausaus ir triuk\u0161mingo 150 \u017ei\u016brov\u0173 u\u017enugario \u012f pirm\u0105j\u0105 sezono i\u0161vyk\u0105 atlyd\u0117tas Vilniaus FK \u201e\u017dalgiris\u201c 0:2 (0:2) \u012fveik\u0117 FA \u201e\u0160iaulius\u201c, savo ta\u0161k\u0173 s\u0105skait\u0105 Toplygoje padidino iki\u2026<\/p>\n","protected":false},"author":14,"featured_media":0,"comment_status":"closed","ping_status":"closed","sticky":false,"template":"","format":"standard","meta":{"_acf_changed":false,"footnotes":""},"categories":[132,87],"class_list":["post-20625","post","type-post","status-publish","format-standard","hentry","category-lyga","category-zalgiris"],"acf":[],"yoast_head":"<!-- This site is optimized with the Yoast SEO plugin v26.8 - https:\/\/yoast.com\/product\/yoast-seo-wordpress\/ -->\n<title>Antroji i\u0161 eil\u0117s FK \u201e\u017dalgiris\u201c pergal\u0117: vilnie\u010diai pirmoje sezono i\u0161vykoje pranoko FA \u201e\u0160iauliai\u201c futbolininkus - FK \u017dalgiris<\/title>\n<meta name=\"robots\" content=\"index, follow, max-snippet:-1, max-image-preview:large, max-video-preview:-1\" \/>\n<link rel=\"canonical\" href=\"https:\/\/fkzalgiris.lt\/antroji-is-eiles-fk-zalgiris-pergale-vilnieciai-pirmoje-sezono-isvykoje-pranoko-fa-siauliai-futbolininkus\/\" \/>\n<meta property=\"og:locale\" content=\"lt_LT\" \/>\n<meta property=\"og:type\" content=\"article\" \/>\n<meta property=\"og:title\" content=\"Antroji i\u0161 eil\u0117s FK \u201e\u017dalgiris\u201c pergal\u0117: vilnie\u010diai pirmoje sezono i\u0161vykoje pranoko FA \u201e\u0160iauliai\u201c futbolininkus - FK \u017dalgiris\" \/>\n<meta property=\"og:description\" content=\"Gausaus ir triuk\u0161mingo 150 \u017ei\u016brov\u0173 u\u017enugario \u012f pirm\u0105j\u0105 sezono i\u0161vyk\u0105 atlyd\u0117tas Vilniaus FK \u201e\u017dalgiris\u201c 0:2 (0:2) \u012fveik\u0117 FA \u201e\u0160iaulius\u201c, savo ta\u0161k\u0173 s\u0105skait\u0105 Toplygoje padidino iki\u2026\" \/>\n<meta property=\"og:url\" content=\"https:\/\/fkzalgiris.lt\/antroji-is-eiles-fk-zalgiris-pergale-vilnieciai-pirmoje-sezono-isvykoje-pranoko-fa-siauliai-futbolininkus\/\" \/>\n<meta property=\"og:site_name\" content=\"FK \u017dalgiris\" \/>\n<meta property=\"article:publisher\" content=\"https:\/\/www.facebook.com\/fkzalgiris\/\" \/>\n<meta property=\"article:published_time\" content=\"2026-03-07T19:52:53+00:00\" \/>\n<meta property=\"article:modified_time\" content=\"2026-03-08T09:47:47+00:00\" \/>\n<meta property=\"og:image\" content=\"https:\/\/fkzalgiris.lt\/wp-content\/uploads\/2026\/03\/92A8408.jpg\" \/>\n\t<meta property=\"og:image:width\" content=\"2048\" \/>\n\t<meta property=\"og:image:height\" content=\"1365\" \/>\n\t<meta property=\"og:image:type\" content=\"image\/jpeg\" \/>\n<meta name=\"author\" content=\"Domantas Milius\" \/>\n<meta name=\"twitter:card\" content=\"summary_large_image\" \/>\n<meta name=\"twitter:creator\" content=\"@fkzalgiris\" \/>\n<meta name=\"twitter:site\" content=\"@fkzalgiris\" \/>\n<meta name=\"twitter:label1\" content=\"Written by\" \/>\n\t<meta name=\"twitter:data1\" content=\"Domantas Milius\" \/>\n\t<meta name=\"twitter:label2\" content=\"Est. reading time\" \/>\n\t<meta name=\"twitter:data2\" content=\"4 minut\u0117s\" \/>\n<script type=\"application\/ld+json\" class=\"yoast-schema-graph\">{\"@context\":\"https:\/\/schema.org\",\"@graph\":[{\"@type\":\"Article\",\"@id\":\"https:\/\/fkzalgiris.lt\/antroji-is-eiles-fk-zalgiris-pergale-vilnieciai-pirmoje-sezono-isvykoje-pranoko-fa-siauliai-futbolininkus\/#article\",\"isPartOf\":{\"@id\":\"https:\/\/fkzalgiris.lt\/antroji-is-eiles-fk-zalgiris-pergale-vilnieciai-pirmoje-sezono-isvykoje-pranoko-fa-siauliai-futbolininkus\/\"},\"author\":{\"name\":\"Domantas Milius\",\"@id\":\"https:\/\/fkzalgiris.lt\/#\/schema\/person\/4ae561a5c7d97f431b719c2d18115600\"},\"headline\":\"Antroji i\u0161 eil\u0117s FK \u201e\u017dalgiris\u201c pergal\u0117: vilnie\u010diai pirmoje sezono i\u0161vykoje pranoko FA \u201e\u0160iauliai\u201c futbolininkus\",\"datePublished\":\"2026-03-07T19:52:53+00:00\",\"dateModified\":\"2026-03-08T09:47:47+00:00\",\"mainEntityOfPage\":{\"@id\":\"https:\/\/fkzalgiris.lt\/antroji-is-eiles-fk-zalgiris-pergale-vilnieciai-pirmoje-sezono-isvykoje-pranoko-fa-siauliai-futbolininkus\/\"},\"wordCount\":693,\"publisher\":{\"@id\":\"https:\/\/fkzalgiris.lt\/#organization\"},\"image\":{\"@id\":\"https:\/\/fkzalgiris.lt\/antroji-is-eiles-fk-zalgiris-pergale-vilnieciai-pirmoje-sezono-isvykoje-pranoko-fa-siauliai-futbolininkus\/#primaryimage\"},\"thumbnailUrl\":\"https:\/\/fkzalgiris.lt\/wp-content\/uploads\/2026\/03\/92A8408-300x200.jpg\",\"articleSection\":[\"Lyga\",\"\u017dalgiris\"],\"inLanguage\":\"lt-LT\"},{\"@type\":\"WebPage\",\"@id\":\"https:\/\/fkzalgiris.lt\/antroji-is-eiles-fk-zalgiris-pergale-vilnieciai-pirmoje-sezono-isvykoje-pranoko-fa-siauliai-futbolininkus\/\",\"url\":\"https:\/\/fkzalgiris.lt\/antroji-is-eiles-fk-zalgiris-pergale-vilnieciai-pirmoje-sezono-isvykoje-pranoko-fa-siauliai-futbolininkus\/\",\"name\":\"Antroji i\u0161 eil\u0117s FK \u201e\u017dalgiris\u201c pergal\u0117: vilnie\u010diai pirmoje sezono i\u0161vykoje pranoko FA \u201e\u0160iauliai\u201c futbolininkus - FK \u017dalgiris\",\"isPartOf\":{\"@id\":\"https:\/\/fkzalgiris.lt\/#website\"},\"primaryImageOfPage\":{\"@id\":\"https:\/\/fkzalgiris.lt\/antroji-is-eiles-fk-zalgiris-pergale-vilnieciai-pirmoje-sezono-isvykoje-pranoko-fa-siauliai-futbolininkus\/#primaryimage\"},\"image\":{\"@id\":\"https:\/\/fkzalgiris.lt\/antroji-is-eiles-fk-zalgiris-pergale-vilnieciai-pirmoje-sezono-isvykoje-pranoko-fa-siauliai-futbolininkus\/#primaryimage\"},\"thumbnailUrl\":\"https:\/\/fkzalgiris.lt\/wp-content\/uploads\/2026\/03\/92A8408-300x200.jpg\",\"datePublished\":\"2026-03-07T19:52:53+00:00\",\"dateModified\":\"2026-03-08T09:47:47+00:00\",\"breadcrumb\":{\"@id\":\"https:\/\/fkzalgiris.lt\/antroji-is-eiles-fk-zalgiris-pergale-vilnieciai-pirmoje-sezono-isvykoje-pranoko-fa-siauliai-futbolininkus\/#breadcrumb\"},\"inLanguage\":\"lt-LT\",\"potentialAction\":[{\"@type\":\"ReadAction\",\"target\":[\"https:\/\/fkzalgiris.lt\/antroji-is-eiles-fk-zalgiris-pergale-vilnieciai-pirmoje-sezono-isvykoje-pranoko-fa-siauliai-futbolininkus\/\"]}]},{\"@type\":\"ImageObject\",\"inLanguage\":\"lt-LT\",\"@id\":\"https:\/\/fkzalgiris.lt\/antroji-is-eiles-fk-zalgiris-pergale-vilnieciai-pirmoje-sezono-isvykoje-pranoko-fa-siauliai-futbolininkus\/#primaryimage\",\"url\":\"https:\/\/fkzalgiris.lt\/wp-content\/uploads\/2026\/03\/92A8408.jpg\",\"contentUrl\":\"https:\/\/fkzalgiris.lt\/wp-content\/uploads\/2026\/03\/92A8408.jpg\",\"width\":2048,\"height\":1365},{\"@type\":\"BreadcrumbList\",\"@id\":\"https:\/\/fkzalgiris.lt\/antroji-is-eiles-fk-zalgiris-pergale-vilnieciai-pirmoje-sezono-isvykoje-pranoko-fa-siauliai-futbolininkus\/#breadcrumb\",\"itemListElement\":[{\"@type\":\"ListItem\",\"position\":1,\"name\":\"Home\",\"item\":\"https:\/\/fkzalgiris.lt\/\"},{\"@type\":\"ListItem\",\"position\":2,\"name\":\"Antroji i\u0161 eil\u0117s FK \u201e\u017dalgiris\u201c pergal\u0117: vilnie\u010diai pirmoje sezono i\u0161vykoje pranoko FA \u201e\u0160iauliai\u201c futbolininkus\"}]},{\"@type\":\"WebSite\",\"@id\":\"https:\/\/fkzalgiris.lt\/#website\",\"url\":\"https:\/\/fkzalgiris.lt\/\",\"name\":\"FK \u017dalgiris\",\"description\":\"oficiali Vilniaus \u201e\u017dalgirio\u201c futbolo klubo svetain\u0117\",\"publisher\":{\"@id\":\"https:\/\/fkzalgiris.lt\/#organization\"},\"potentialAction\":[{\"@type\":\"SearchAction\",\"target\":{\"@type\":\"EntryPoint\",\"urlTemplate\":\"https:\/\/fkzalgiris.lt\/?s={search_term_string}\"},\"query-input\":{\"@type\":\"PropertyValueSpecification\",\"valueRequired\":true,\"valueName\":\"search_term_string\"}}],\"inLanguage\":\"lt-LT\"},{\"@type\":\"Organization\",\"@id\":\"https:\/\/fkzalgiris.lt\/#organization\",\"name\":\"FK \u017dalgiris\",\"url\":\"https:\/\/fkzalgiris.lt\/\",\"logo\":{\"@type\":\"ImageObject\",\"inLanguage\":\"lt-LT\",\"@id\":\"https:\/\/fkzalgiris.lt\/#\/schema\/logo\/image\/\",\"url\":\"https:\/\/fkzalgiris.lt\/wp-content\/uploads\/2024\/01\/horiz-FK-Zalgiris-logo-2015.png\",\"contentUrl\":\"https:\/\/fkzalgiris.lt\/wp-content\/uploads\/2024\/01\/horiz-FK-Zalgiris-logo-2015.png\",\"width\":3073,\"height\":2048,\"caption\":\"FK \u017dalgiris\"},\"image\":{\"@id\":\"https:\/\/fkzalgiris.lt\/#\/schema\/logo\/image\/\"},\"sameAs\":[\"https:\/\/www.facebook.com\/fkzalgiris\/\",\"https:\/\/x.com\/fkzalgiris\",\"https:\/\/www.instagram.com\/fkzalgiris\/\",\"https:\/\/www.youtube.com\/channel\/UC1ag8JLxGirltMUoLlzfZLA\"]},{\"@type\":\"Person\",\"@id\":\"https:\/\/fkzalgiris.lt\/#\/schema\/person\/4ae561a5c7d97f431b719c2d18115600\",\"name\":\"Domantas Milius\"}]}<\/script>\n<!-- \/ Yoast SEO plugin. -->","yoast_head_json":{"title":"Antroji i\u0161 eil\u0117s FK \u201e\u017dalgiris\u201c pergal\u0117: vilnie\u010diai pirmoje sezono i\u0161vykoje pranoko FA \u201e\u0160iauliai\u201c futbolininkus - FK \u017dalgiris","robots":{"index":"index","follow":"follow","max-snippet":"max-snippet:-1","max-image-preview":"max-image-preview:large","max-video-preview":"max-video-preview:-1"},"canonical":"https:\/\/fkzalgiris.lt\/antroji-is-eiles-fk-zalgiris-pergale-vilnieciai-pirmoje-sezono-isvykoje-pranoko-fa-siauliai-futbolininkus\/","og_locale":"lt_LT","og_type":"article","og_title":"Antroji i\u0161 eil\u0117s FK \u201e\u017dalgiris\u201c pergal\u0117: vilnie\u010diai pirmoje sezono i\u0161vykoje pranoko FA \u201e\u0160iauliai\u201c futbolininkus - FK \u017dalgiris","og_description":"Gausaus ir triuk\u0161mingo 150 \u017ei\u016brov\u0173 u\u017enugario \u012f pirm\u0105j\u0105 sezono i\u0161vyk\u0105 atlyd\u0117tas Vilniaus FK \u201e\u017dalgiris\u201c 0:2 (0:2) \u012fveik\u0117 FA \u201e\u0160iaulius\u201c, savo ta\u0161k\u0173 s\u0105skait\u0105 Toplygoje padidino iki\u2026","og_url":"https:\/\/fkzalgiris.lt\/antroji-is-eiles-fk-zalgiris-pergale-vilnieciai-pirmoje-sezono-isvykoje-pranoko-fa-siauliai-futbolininkus\/","og_site_name":"FK \u017dalgiris","article_publisher":"https:\/\/www.facebook.com\/fkzalgiris\/","article_published_time":"2026-03-07T19:52:53+00:00","article_modified_time":"2026-03-08T09:47:47+00:00","og_image":[{"width":2048,"height":1365,"url":"https:\/\/fkzalgiris.lt\/wp-content\/uploads\/2026\/03\/92A8408.jpg","type":"image\/jpeg"}],"author":"Domantas Milius","twitter_card":"summary_large_image","twitter_creator":"@fkzalgiris","twitter_site":"@fkzalgiris","twitter_misc":{"Written by":"Domantas Milius","Est. reading time":"4 minut\u0117s"},"schema":{"@context":"https:\/\/schema.org","@graph":[{"@type":"Article","@id":"https:\/\/fkzalgiris.lt\/antroji-is-eiles-fk-zalgiris-pergale-vilnieciai-pirmoje-sezono-isvykoje-pranoko-fa-siauliai-futbolininkus\/#article","isPartOf":{"@id":"https:\/\/fkzalgiris.lt\/antroji-is-eiles-fk-zalgiris-pergale-vilnieciai-pirmoje-sezono-isvykoje-pranoko-fa-siauliai-futbolininkus\/"},"author":{"name":"Domantas Milius","@id":"https:\/\/fkzalgiris.lt\/#\/schema\/person\/4ae561a5c7d97f431b719c2d18115600"},"headline":"Antroji i\u0161 eil\u0117s FK \u201e\u017dalgiris\u201c pergal\u0117: vilnie\u010diai pirmoje sezono i\u0161vykoje pranoko FA \u201e\u0160iauliai\u201c futbolininkus","datePublished":"2026-03-07T19:52:53+00:00","dateModified":"2026-03-08T09:47:47+00:00","mainEntityOfPage":{"@id":"https:\/\/fkzalgiris.lt\/antroji-is-eiles-fk-zalgiris-pergale-vilnieciai-pirmoje-sezono-isvykoje-pranoko-fa-siauliai-futbolininkus\/"},"wordCount":693,"publisher":{"@id":"https:\/\/fkzalgiris.lt\/#organization"},"image":{"@id":"https:\/\/fkzalgiris.lt\/antroji-is-eiles-fk-zalgiris-pergale-vilnieciai-pirmoje-sezono-isvykoje-pranoko-fa-siauliai-futbolininkus\/#primaryimage"},"thumbnailUrl":"https:\/\/fkzalgiris.lt\/wp-content\/uploads\/2026\/03\/92A8408-300x200.jpg","articleSection":["Lyga","\u017dalgiris"],"inLanguage":"lt-LT"},{"@type":"WebPage","@id":"https:\/\/fkzalgiris.lt\/antroji-is-eiles-fk-zalgiris-pergale-vilnieciai-pirmoje-sezono-isvykoje-pranoko-fa-siauliai-futbolininkus\/","url":"https:\/\/fkzalgiris.lt\/antroji-is-eiles-fk-zalgiris-pergale-vilnieciai-pirmoje-sezono-isvykoje-pranoko-fa-siauliai-futbolininkus\/","name":"Antroji i\u0161 eil\u0117s FK \u201e\u017dalgiris\u201c pergal\u0117: vilnie\u010diai pirmoje sezono i\u0161vykoje pranoko FA \u201e\u0160iauliai\u201c futbolininkus - FK \u017dalgiris","isPartOf":{"@id":"https:\/\/fkzalgiris.lt\/#website"},"primaryImageOfPage":{"@id":"https:\/\/fkzalgiris.lt\/antroji-is-eiles-fk-zalgiris-pergale-vilnieciai-pirmoje-sezono-isvykoje-pranoko-fa-siauliai-futbolininkus\/#primaryimage"},"image":{"@id":"https:\/\/fkzalgiris.lt\/antroji-is-eiles-fk-zalgiris-pergale-vilnieciai-pirmoje-sezono-isvykoje-pranoko-fa-siauliai-futbolininkus\/#primaryimage"},"thumbnailUrl":"https:\/\/fkzalgiris.lt\/wp-content\/uploads\/2026\/03\/92A8408-300x200.jpg","datePublished":"2026-03-07T19:52:53+00:00","dateModified":"2026-03-08T09:47:47+00:00","breadcrumb":{"@id":"https:\/\/fkzalgiris.lt\/antroji-is-eiles-fk-zalgiris-pergale-vilnieciai-pirmoje-sezono-isvykoje-pranoko-fa-siauliai-futbolininkus\/#breadcrumb"},"inLanguage":"lt-LT","potentialAction":[{"@type":"ReadAction","target":["https:\/\/fkzalgiris.lt\/antroji-is-eiles-fk-zalgiris-pergale-vilnieciai-pirmoje-sezono-isvykoje-pranoko-fa-siauliai-futbolininkus\/"]}]},{"@type":"ImageObject","inLanguage":"lt-LT","@id":"https:\/\/fkzalgiris.lt\/antroji-is-eiles-fk-zalgiris-pergale-vilnieciai-pirmoje-sezono-isvykoje-pranoko-fa-siauliai-futbolininkus\/#primaryimage","url":"https:\/\/fkzalgiris.lt\/wp-content\/uploads\/2026\/03\/92A8408.jpg","contentUrl":"https:\/\/fkzalgiris.lt\/wp-content\/uploads\/2026\/03\/92A8408.jpg","width":2048,"height":1365},{"@type":"BreadcrumbList","@id":"https:\/\/fkzalgiris.lt\/antroji-is-eiles-fk-zalgiris-pergale-vilnieciai-pirmoje-sezono-isvykoje-pranoko-fa-siauliai-futbolininkus\/#breadcrumb","itemListElement":[{"@type":"ListItem","position":1,"name":"Home","item":"https:\/\/fkzalgiris.lt\/"},{"@type":"ListItem","position":2,"name":"Antroji i\u0161 eil\u0117s FK \u201e\u017dalgiris\u201c pergal\u0117: vilnie\u010diai pirmoje sezono i\u0161vykoje pranoko FA \u201e\u0160iauliai\u201c futbolininkus"}]},{"@type":"WebSite","@id":"https:\/\/fkzalgiris.lt\/#website","url":"https:\/\/fkzalgiris.lt\/","name":"FK \u017dalgiris","description":"oficiali Vilniaus \u201e\u017dalgirio\u201c futbolo klubo svetain\u0117","publisher":{"@id":"https:\/\/fkzalgiris.lt\/#organization"},"potentialAction":[{"@type":"SearchAction","target":{"@type":"EntryPoint","urlTemplate":"https:\/\/fkzalgiris.lt\/?s={search_term_string}"},"query-input":{"@type":"PropertyValueSpecification","valueRequired":true,"valueName":"search_term_string"}}],"inLanguage":"lt-LT"},{"@type":"Organization","@id":"https:\/\/fkzalgiris.lt\/#organization","name":"FK \u017dalgiris","url":"https:\/\/fkzalgiris.lt\/","logo":{"@type":"ImageObject","inLanguage":"lt-LT","@id":"https:\/\/fkzalgiris.lt\/#\/schema\/logo\/image\/","url":"https:\/\/fkzalgiris.lt\/wp-content\/uploads\/2024\/01\/horiz-FK-Zalgiris-logo-2015.png","contentUrl":"https:\/\/fkzalgiris.lt\/wp-content\/uploads\/2024\/01\/horiz-FK-Zalgiris-logo-2015.png","width":3073,"height":2048,"caption":"FK \u017dalgiris"},"image":{"@id":"https:\/\/fkzalgiris.lt\/#\/schema\/logo\/image\/"},"sameAs":["https:\/\/www.facebook.com\/fkzalgiris\/","https:\/\/x.com\/fkzalgiris","https:\/\/www.instagram.com\/fkzalgiris\/","https:\/\/www.youtube.com\/channel\/UC1ag8JLxGirltMUoLlzfZLA"]},{"@type":"Person","@id":"https:\/\/fkzalgiris.lt\/#\/schema\/person\/4ae561a5c7d97f431b719c2d18115600","name":"Domantas Milius"}]}},"_links":{"self":[{"href":"https:\/\/fkzalgiris.lt\/api\/wp\/v2\/posts\/20625","targetHints":{"allow":["GET"]}}],"collection":[{"href":"https:\/\/fkzalgiris.lt\/api\/wp\/v2\/posts"}],"about":[{"href":"https:\/\/fkzalgiris.lt\/api\/wp\/v2\/types\/post"}],"author":[{"embeddable":true,"href":"https:\/\/fkzalgiris.lt\/api\/wp\/v2\/users\/14"}],"replies":[{"embeddable":true,"href":"https:\/\/fkzalgiris.lt\/api\/wp\/v2\/comments?post=20625"}],"version-history":[{"count":2,"href":"https:\/\/fkzalgiris.lt\/api\/wp\/v2\/posts\/20625\/revisions"}],"predecessor-version":[{"id":20633,"href":"https:\/\/fkzalgiris.lt\/api\/wp\/v2\/posts\/20625\/revisions\/20633"}],"wp:attachment":[{"href":"https:\/\/fkzalgiris.lt\/api\/wp\/v2\/media?parent=20625"}],"wp:term":[{"taxonomy":"category","embeddable":true,"href":"https:\/\/fkzalgiris.lt\/api\/wp\/v2\/categories?post=20625"}],"curies":[{"name":"wp","href":"https:\/\/api.w.org\/{rel}","templated":true}]}}