{"id":19527,"date":"2026-01-19T14:52:36","date_gmt":"2026-01-19T12:52:36","guid":{"rendered":"https:\/\/fkzalgiris.lt\/?p=19527"},"modified":"2026-01-19T14:52:36","modified_gmt":"2026-01-19T12:52:36","slug":"komandos-treneriu-staba-papildo-n-maciulis","status":"publish","type":"post","link":"https:\/\/fkzalgiris.lt\/komandos-treneriu-staba-papildo-n-maciulis\/","title":{"rendered":"Komandos treneri\u0173 \u0161tab\u0105 papildo N. Ma\u010diulis"},"content":{"rendered":"<p data-start=\"232\" data-end=\"338\">Nerijus Ma\u010diulis jungiasi prie komandos treneri\u0173 \u0161tabo ir u\u017eims vyriausiojo trenerio asistento pareigas.<\/p>\n<p data-start=\"345\" data-end=\"421\">N. Ma\u010diulis \u0161ioje pozicijoje pakeis \u012f \u0160iaulius i\u0161vykus\u012f Harold\u0105 \u0160idlausk\u0105.<\/p>\n<p data-start=\"428\" data-end=\"661\">Did\u017ei\u0105j\u0105 trenerio karjeros dal\u012f jis praleido \u201eKauno \u017dalgirio\u201c gretose, dirbdamas dubleri\u0173 komandos vyriausiuoju treneriu ir pagrindin\u0117s komandos asistentu. Du kartus N. Ma\u010diulis buvo tap\u0119s laikinuoju komandos vyriausiuoju treneriu.<\/p>\n<p data-start=\"668\" data-end=\"741\">Pastaruoju metu treneris vadovavo Lietuvos vaikin\u0173 iki 17 met\u0173 rinktinei.<\/p>\n<p data-start=\"668\" data-end=\"741\">\u201eD\u017eiaugiuosi prisijung\u0119s prie Vilniaus \u201e\u017dalgirio\u201c. Tai stipri organizacija su ai\u0161kia kryptimi ir auk\u0161tais standartais. Mano tikslas \u2013 dirbti komandoje, prisid\u0117ti prie kasdienio proceso ir pad\u0117ti komandai siekti pergali\u0173\u201c, \u2013 sak\u0117 N. Ma\u010diulis.<\/p>\n<p data-start=\"668\" data-end=\"741\"><img loading=\"lazy\" decoding=\"async\" class=\"aligncenter wp-image-19529\" src=\"https:\/\/fkzalgiris.lt\/wp-content\/uploads\/2026\/01\/foto-Elvis-Zaldaris-@elviszaldaris-zaldaris.lt-3-300x200.jpg\" alt=\"\" width=\"650\" height=\"433\" srcset=\"https:\/\/fkzalgiris.lt\/wp-content\/uploads\/2026\/01\/foto-Elvis-Zaldaris-@elviszaldaris-zaldaris.lt-3-300x200.jpg 300w, https:\/\/fkzalgiris.lt\/wp-content\/uploads\/2026\/01\/foto-Elvis-Zaldaris-@elviszaldaris-zaldaris.lt-3-1024x682.jpg 1024w, https:\/\/fkzalgiris.lt\/wp-content\/uploads\/2026\/01\/foto-Elvis-Zaldaris-@elviszaldaris-zaldaris.lt-3-768x512.jpg 768w, https:\/\/fkzalgiris.lt\/wp-content\/uploads\/2026\/01\/foto-Elvis-Zaldaris-@elviszaldaris-zaldaris.lt-3-1536x1023.jpg 1536w, https:\/\/fkzalgiris.lt\/wp-content\/uploads\/2026\/01\/foto-Elvis-Zaldaris-@elviszaldaris-zaldaris.lt-3-150x100.jpg 150w, https:\/\/fkzalgiris.lt\/wp-content\/uploads\/2026\/01\/foto-Elvis-Zaldaris-@elviszaldaris-zaldaris.lt-3-840x560.jpg 840w, https:\/\/fkzalgiris.lt\/wp-content\/uploads\/2026\/01\/foto-Elvis-Zaldaris-@elviszaldaris-zaldaris.lt-3-570x380.jpg 570w, https:\/\/fkzalgiris.lt\/wp-content\/uploads\/2026\/01\/foto-Elvis-Zaldaris-@elviszaldaris-zaldaris.lt-3-30x20.jpg 30w, https:\/\/fkzalgiris.lt\/wp-content\/uploads\/2026\/01\/foto-Elvis-Zaldaris-@elviszaldaris-zaldaris.lt-3.jpg 2048w\" sizes=\"auto, (max-width: 650px) 100vw, 650px\" \/><\/p>\n","protected":false},"excerpt":{"rendered":"<p>Nerijus Ma\u010diulis jungiasi prie komandos treneri\u0173 \u0161tabo ir u\u017eims vyriausiojo trenerio asistento pareigas. N. Ma\u010diulis \u0161ioje pozicijoje pakeis \u012f \u0160iaulius i\u0161vykus\u012f Harold\u0105 \u0160idlausk\u0105. Did\u017ei\u0105j\u0105 trenerio\u2026<\/p>\n","protected":false},"author":14,"featured_media":0,"comment_status":"closed","ping_status":"closed","sticky":false,"template":"","format":"standard","meta":{"_acf_changed":false,"footnotes":""},"categories":[1],"class_list":["post-19527","post","type-post","status-publish","format-standard","hentry","category-be-kategorijos"],"acf":[],"yoast_head":"<!-- This site is optimized with the Yoast SEO plugin v26.8 - https:\/\/yoast.com\/product\/yoast-seo-wordpress\/ -->\n<title>Komandos treneri\u0173 \u0161tab\u0105 papildo N. Ma\u010diulis - FK \u017dalgiris<\/title>\n<meta name=\"robots\" content=\"index, follow, max-snippet:-1, max-image-preview:large, max-video-preview:-1\" \/>\n<link rel=\"canonical\" href=\"https:\/\/fkzalgiris.lt\/komandos-treneriu-staba-papildo-n-maciulis\/\" \/>\n<meta property=\"og:locale\" content=\"lt_LT\" \/>\n<meta property=\"og:type\" content=\"article\" \/>\n<meta property=\"og:title\" content=\"Komandos treneri\u0173 \u0161tab\u0105 papildo N. Ma\u010diulis - FK \u017dalgiris\" \/>\n<meta property=\"og:description\" content=\"Nerijus Ma\u010diulis jungiasi prie komandos treneri\u0173 \u0161tabo ir u\u017eims vyriausiojo trenerio asistento pareigas. N. Ma\u010diulis \u0161ioje pozicijoje pakeis \u012f \u0160iaulius i\u0161vykus\u012f Harold\u0105 \u0160idlausk\u0105. Did\u017ei\u0105j\u0105 trenerio\u2026\" \/>\n<meta property=\"og:url\" content=\"https:\/\/fkzalgiris.lt\/komandos-treneriu-staba-papildo-n-maciulis\/\" \/>\n<meta property=\"og:site_name\" content=\"FK \u017dalgiris\" \/>\n<meta property=\"article:publisher\" content=\"https:\/\/www.facebook.com\/fkzalgiris\/\" \/>\n<meta property=\"article:published_time\" content=\"2026-01-19T12:52:36+00:00\" \/>\n<meta property=\"og:image\" content=\"https:\/\/fkzalgiris.lt\/wp-content\/uploads\/2026\/01\/foto-Elvis-Zaldaris-@elviszaldaris-zaldaris.lt-3-300x200.jpg\" \/>\n<meta name=\"author\" content=\"Domantas Milius\" \/>\n<meta name=\"twitter:card\" content=\"summary_large_image\" \/>\n<meta name=\"twitter:creator\" content=\"@fkzalgiris\" \/>\n<meta name=\"twitter:site\" content=\"@fkzalgiris\" \/>\n<meta name=\"twitter:label1\" content=\"Written by\" \/>\n\t<meta name=\"twitter:data1\" content=\"Domantas Milius\" \/>\n\t<meta name=\"twitter:label2\" content=\"Est. reading time\" \/>\n\t<meta name=\"twitter:data2\" content=\"1 minut\u0117\" \/>\n<script type=\"application\/ld+json\" class=\"yoast-schema-graph\">{\"@context\":\"https:\/\/schema.org\",\"@graph\":[{\"@type\":\"Article\",\"@id\":\"https:\/\/fkzalgiris.lt\/komandos-treneriu-staba-papildo-n-maciulis\/#article\",\"isPartOf\":{\"@id\":\"https:\/\/fkzalgiris.lt\/komandos-treneriu-staba-papildo-n-maciulis\/\"},\"author\":{\"name\":\"Domantas Milius\",\"@id\":\"https:\/\/fkzalgiris.lt\/#\/schema\/person\/4ae561a5c7d97f431b719c2d18115600\"},\"headline\":\"Komandos treneri\u0173 \u0161tab\u0105 papildo N. Ma\u010diulis\",\"datePublished\":\"2026-01-19T12:52:36+00:00\",\"mainEntityOfPage\":{\"@id\":\"https:\/\/fkzalgiris.lt\/komandos-treneriu-staba-papildo-n-maciulis\/\"},\"wordCount\":112,\"publisher\":{\"@id\":\"https:\/\/fkzalgiris.lt\/#organization\"},\"image\":{\"@id\":\"https:\/\/fkzalgiris.lt\/komandos-treneriu-staba-papildo-n-maciulis\/#primaryimage\"},\"thumbnailUrl\":\"https:\/\/fkzalgiris.lt\/wp-content\/uploads\/2026\/01\/foto-Elvis-Zaldaris-@elviszaldaris-zaldaris.lt-3-300x200.jpg\",\"inLanguage\":\"lt-LT\"},{\"@type\":\"WebPage\",\"@id\":\"https:\/\/fkzalgiris.lt\/komandos-treneriu-staba-papildo-n-maciulis\/\",\"url\":\"https:\/\/fkzalgiris.lt\/komandos-treneriu-staba-papildo-n-maciulis\/\",\"name\":\"Komandos treneri\u0173 \u0161tab\u0105 papildo N. Ma\u010diulis - FK \u017dalgiris\",\"isPartOf\":{\"@id\":\"https:\/\/fkzalgiris.lt\/#website\"},\"primaryImageOfPage\":{\"@id\":\"https:\/\/fkzalgiris.lt\/komandos-treneriu-staba-papildo-n-maciulis\/#primaryimage\"},\"image\":{\"@id\":\"https:\/\/fkzalgiris.lt\/komandos-treneriu-staba-papildo-n-maciulis\/#primaryimage\"},\"thumbnailUrl\":\"https:\/\/fkzalgiris.lt\/wp-content\/uploads\/2026\/01\/foto-Elvis-Zaldaris-@elviszaldaris-zaldaris.lt-3-300x200.jpg\",\"datePublished\":\"2026-01-19T12:52:36+00:00\",\"breadcrumb\":{\"@id\":\"https:\/\/fkzalgiris.lt\/komandos-treneriu-staba-papildo-n-maciulis\/#breadcrumb\"},\"inLanguage\":\"lt-LT\",\"potentialAction\":[{\"@type\":\"ReadAction\",\"target\":[\"https:\/\/fkzalgiris.lt\/komandos-treneriu-staba-papildo-n-maciulis\/\"]}]},{\"@type\":\"ImageObject\",\"inLanguage\":\"lt-LT\",\"@id\":\"https:\/\/fkzalgiris.lt\/komandos-treneriu-staba-papildo-n-maciulis\/#primaryimage\",\"url\":\"https:\/\/fkzalgiris.lt\/wp-content\/uploads\/2026\/01\/foto-Elvis-Zaldaris-@elviszaldaris-zaldaris.lt-3.jpg\",\"contentUrl\":\"https:\/\/fkzalgiris.lt\/wp-content\/uploads\/2026\/01\/foto-Elvis-Zaldaris-@elviszaldaris-zaldaris.lt-3.jpg\",\"width\":2048,\"height\":1364},{\"@type\":\"BreadcrumbList\",\"@id\":\"https:\/\/fkzalgiris.lt\/komandos-treneriu-staba-papildo-n-maciulis\/#breadcrumb\",\"itemListElement\":[{\"@type\":\"ListItem\",\"position\":1,\"name\":\"Home\",\"item\":\"https:\/\/fkzalgiris.lt\/\"},{\"@type\":\"ListItem\",\"position\":2,\"name\":\"Komandos treneri\u0173 \u0161tab\u0105 papildo N. Ma\u010diulis\"}]},{\"@type\":\"WebSite\",\"@id\":\"https:\/\/fkzalgiris.lt\/#website\",\"url\":\"https:\/\/fkzalgiris.lt\/\",\"name\":\"FK \u017dalgiris\",\"description\":\"oficiali Vilniaus \u201e\u017dalgirio\u201c futbolo klubo svetain\u0117\",\"publisher\":{\"@id\":\"https:\/\/fkzalgiris.lt\/#organization\"},\"potentialAction\":[{\"@type\":\"SearchAction\",\"target\":{\"@type\":\"EntryPoint\",\"urlTemplate\":\"https:\/\/fkzalgiris.lt\/?s={search_term_string}\"},\"query-input\":{\"@type\":\"PropertyValueSpecification\",\"valueRequired\":true,\"valueName\":\"search_term_string\"}}],\"inLanguage\":\"lt-LT\"},{\"@type\":\"Organization\",\"@id\":\"https:\/\/fkzalgiris.lt\/#organization\",\"name\":\"FK \u017dalgiris\",\"url\":\"https:\/\/fkzalgiris.lt\/\",\"logo\":{\"@type\":\"ImageObject\",\"inLanguage\":\"lt-LT\",\"@id\":\"https:\/\/fkzalgiris.lt\/#\/schema\/logo\/image\/\",\"url\":\"https:\/\/fkzalgiris.lt\/wp-content\/uploads\/2024\/01\/horiz-FK-Zalgiris-logo-2015.png\",\"contentUrl\":\"https:\/\/fkzalgiris.lt\/wp-content\/uploads\/2024\/01\/horiz-FK-Zalgiris-logo-2015.png\",\"width\":3073,\"height\":2048,\"caption\":\"FK \u017dalgiris\"},\"image\":{\"@id\":\"https:\/\/fkzalgiris.lt\/#\/schema\/logo\/image\/\"},\"sameAs\":[\"https:\/\/www.facebook.com\/fkzalgiris\/\",\"https:\/\/x.com\/fkzalgiris\",\"https:\/\/www.instagram.com\/fkzalgiris\/\",\"https:\/\/www.youtube.com\/channel\/UC1ag8JLxGirltMUoLlzfZLA\"]},{\"@type\":\"Person\",\"@id\":\"https:\/\/fkzalgiris.lt\/#\/schema\/person\/4ae561a5c7d97f431b719c2d18115600\",\"name\":\"Domantas Milius\"}]}<\/script>\n<!-- \/ Yoast SEO plugin. -->","yoast_head_json":{"title":"Komandos treneri\u0173 \u0161tab\u0105 papildo N. Ma\u010diulis - FK \u017dalgiris","robots":{"index":"index","follow":"follow","max-snippet":"max-snippet:-1","max-image-preview":"max-image-preview:large","max-video-preview":"max-video-preview:-1"},"canonical":"https:\/\/fkzalgiris.lt\/komandos-treneriu-staba-papildo-n-maciulis\/","og_locale":"lt_LT","og_type":"article","og_title":"Komandos treneri\u0173 \u0161tab\u0105 papildo N. Ma\u010diulis - FK \u017dalgiris","og_description":"Nerijus Ma\u010diulis jungiasi prie komandos treneri\u0173 \u0161tabo ir u\u017eims vyriausiojo trenerio asistento pareigas. N. Ma\u010diulis \u0161ioje pozicijoje pakeis \u012f \u0160iaulius i\u0161vykus\u012f Harold\u0105 \u0160idlausk\u0105. Did\u017ei\u0105j\u0105 trenerio\u2026","og_url":"https:\/\/fkzalgiris.lt\/komandos-treneriu-staba-papildo-n-maciulis\/","og_site_name":"FK \u017dalgiris","article_publisher":"https:\/\/www.facebook.com\/fkzalgiris\/","article_published_time":"2026-01-19T12:52:36+00:00","og_image":[{"url":"https:\/\/fkzalgiris.lt\/wp-content\/uploads\/2026\/01\/foto-Elvis-Zaldaris-@elviszaldaris-zaldaris.lt-3-300x200.jpg","type":"","width":"","height":""}],"author":"Domantas Milius","twitter_card":"summary_large_image","twitter_creator":"@fkzalgiris","twitter_site":"@fkzalgiris","twitter_misc":{"Written by":"Domantas Milius","Est. reading time":"1 minut\u0117"},"schema":{"@context":"https:\/\/schema.org","@graph":[{"@type":"Article","@id":"https:\/\/fkzalgiris.lt\/komandos-treneriu-staba-papildo-n-maciulis\/#article","isPartOf":{"@id":"https:\/\/fkzalgiris.lt\/komandos-treneriu-staba-papildo-n-maciulis\/"},"author":{"name":"Domantas Milius","@id":"https:\/\/fkzalgiris.lt\/#\/schema\/person\/4ae561a5c7d97f431b719c2d18115600"},"headline":"Komandos treneri\u0173 \u0161tab\u0105 papildo N. Ma\u010diulis","datePublished":"2026-01-19T12:52:36+00:00","mainEntityOfPage":{"@id":"https:\/\/fkzalgiris.lt\/komandos-treneriu-staba-papildo-n-maciulis\/"},"wordCount":112,"publisher":{"@id":"https:\/\/fkzalgiris.lt\/#organization"},"image":{"@id":"https:\/\/fkzalgiris.lt\/komandos-treneriu-staba-papildo-n-maciulis\/#primaryimage"},"thumbnailUrl":"https:\/\/fkzalgiris.lt\/wp-content\/uploads\/2026\/01\/foto-Elvis-Zaldaris-@elviszaldaris-zaldaris.lt-3-300x200.jpg","inLanguage":"lt-LT"},{"@type":"WebPage","@id":"https:\/\/fkzalgiris.lt\/komandos-treneriu-staba-papildo-n-maciulis\/","url":"https:\/\/fkzalgiris.lt\/komandos-treneriu-staba-papildo-n-maciulis\/","name":"Komandos treneri\u0173 \u0161tab\u0105 papildo N. Ma\u010diulis - FK \u017dalgiris","isPartOf":{"@id":"https:\/\/fkzalgiris.lt\/#website"},"primaryImageOfPage":{"@id":"https:\/\/fkzalgiris.lt\/komandos-treneriu-staba-papildo-n-maciulis\/#primaryimage"},"image":{"@id":"https:\/\/fkzalgiris.lt\/komandos-treneriu-staba-papildo-n-maciulis\/#primaryimage"},"thumbnailUrl":"https:\/\/fkzalgiris.lt\/wp-content\/uploads\/2026\/01\/foto-Elvis-Zaldaris-@elviszaldaris-zaldaris.lt-3-300x200.jpg","datePublished":"2026-01-19T12:52:36+00:00","breadcrumb":{"@id":"https:\/\/fkzalgiris.lt\/komandos-treneriu-staba-papildo-n-maciulis\/#breadcrumb"},"inLanguage":"lt-LT","potentialAction":[{"@type":"ReadAction","target":["https:\/\/fkzalgiris.lt\/komandos-treneriu-staba-papildo-n-maciulis\/"]}]},{"@type":"ImageObject","inLanguage":"lt-LT","@id":"https:\/\/fkzalgiris.lt\/komandos-treneriu-staba-papildo-n-maciulis\/#primaryimage","url":"https:\/\/fkzalgiris.lt\/wp-content\/uploads\/2026\/01\/foto-Elvis-Zaldaris-@elviszaldaris-zaldaris.lt-3.jpg","contentUrl":"https:\/\/fkzalgiris.lt\/wp-content\/uploads\/2026\/01\/foto-Elvis-Zaldaris-@elviszaldaris-zaldaris.lt-3.jpg","width":2048,"height":1364},{"@type":"BreadcrumbList","@id":"https:\/\/fkzalgiris.lt\/komandos-treneriu-staba-papildo-n-maciulis\/#breadcrumb","itemListElement":[{"@type":"ListItem","position":1,"name":"Home","item":"https:\/\/fkzalgiris.lt\/"},{"@type":"ListItem","position":2,"name":"Komandos treneri\u0173 \u0161tab\u0105 papildo N. Ma\u010diulis"}]},{"@type":"WebSite","@id":"https:\/\/fkzalgiris.lt\/#website","url":"https:\/\/fkzalgiris.lt\/","name":"FK \u017dalgiris","description":"oficiali Vilniaus \u201e\u017dalgirio\u201c futbolo klubo svetain\u0117","publisher":{"@id":"https:\/\/fkzalgiris.lt\/#organization"},"potentialAction":[{"@type":"SearchAction","target":{"@type":"EntryPoint","urlTemplate":"https:\/\/fkzalgiris.lt\/?s={search_term_string}"},"query-input":{"@type":"PropertyValueSpecification","valueRequired":true,"valueName":"search_term_string"}}],"inLanguage":"lt-LT"},{"@type":"Organization","@id":"https:\/\/fkzalgiris.lt\/#organization","name":"FK \u017dalgiris","url":"https:\/\/fkzalgiris.lt\/","logo":{"@type":"ImageObject","inLanguage":"lt-LT","@id":"https:\/\/fkzalgiris.lt\/#\/schema\/logo\/image\/","url":"https:\/\/fkzalgiris.lt\/wp-content\/uploads\/2024\/01\/horiz-FK-Zalgiris-logo-2015.png","contentUrl":"https:\/\/fkzalgiris.lt\/wp-content\/uploads\/2024\/01\/horiz-FK-Zalgiris-logo-2015.png","width":3073,"height":2048,"caption":"FK \u017dalgiris"},"image":{"@id":"https:\/\/fkzalgiris.lt\/#\/schema\/logo\/image\/"},"sameAs":["https:\/\/www.facebook.com\/fkzalgiris\/","https:\/\/x.com\/fkzalgiris","https:\/\/www.instagram.com\/fkzalgiris\/","https:\/\/www.youtube.com\/channel\/UC1ag8JLxGirltMUoLlzfZLA"]},{"@type":"Person","@id":"https:\/\/fkzalgiris.lt\/#\/schema\/person\/4ae561a5c7d97f431b719c2d18115600","name":"Domantas Milius"}]}},"_links":{"self":[{"href":"https:\/\/fkzalgiris.lt\/api\/wp\/v2\/posts\/19527","targetHints":{"allow":["GET"]}}],"collection":[{"href":"https:\/\/fkzalgiris.lt\/api\/wp\/v2\/posts"}],"about":[{"href":"https:\/\/fkzalgiris.lt\/api\/wp\/v2\/types\/post"}],"author":[{"embeddable":true,"href":"https:\/\/fkzalgiris.lt\/api\/wp\/v2\/users\/14"}],"replies":[{"embeddable":true,"href":"https:\/\/fkzalgiris.lt\/api\/wp\/v2\/comments?post=19527"}],"version-history":[{"count":1,"href":"https:\/\/fkzalgiris.lt\/api\/wp\/v2\/posts\/19527\/revisions"}],"predecessor-version":[{"id":19530,"href":"https:\/\/fkzalgiris.lt\/api\/wp\/v2\/posts\/19527\/revisions\/19530"}],"wp:attachment":[{"href":"https:\/\/fkzalgiris.lt\/api\/wp\/v2\/media?parent=19527"}],"wp:term":[{"taxonomy":"category","embeddable":true,"href":"https:\/\/fkzalgiris.lt\/api\/wp\/v2\/categories?post=19527"}],"curies":[{"name":"wp","href":"https:\/\/api.w.org\/{rel}","templated":true}]}}