{"id":19481,"date":"2026-01-13T20:15:05","date_gmt":"2026-01-13T18:15:05","guid":{"rendered":"https:\/\/fkzalgiris.lt\/?p=19481"},"modified":"2026-01-13T20:15:05","modified_gmt":"2026-01-13T18:15:05","slug":"in-memoriam-zmogus-kuriam-zalgiris-reiske-viska","status":"publish","type":"post","link":"https:\/\/fkzalgiris.lt\/in-memoriam-zmogus-kuriam-zalgiris-reiske-viska\/","title":{"rendered":"\u201eIn Memoriam\u201c: \u017emogus, kuriam \u201e\u017dalgiris\u201c rei\u0161k\u0117 visk\u0105"},"content":{"rendered":"<div class=\"\" data-block=\"true\" data-editor=\"vnsa\" data-offset-key=\"e8488-0-0\">\n<div class=\"_1mf _1mj\" data-offset-key=\"e8488-0-0\"><span data-offset-key=\"e8488-0-0\">Su Benjaminu Zelkevi\u010diumi atsisveikinimas vyks Laidojimo paslaug\u0173 centro Antakalnio padalinyje, M. K. Paco g. 4, Vilniuje, 2-oje sal\u0117je:<\/span><\/div>\n<\/div>\n<div class=\"\" data-block=\"true\" data-editor=\"vnsa\" data-offset-key=\"6a6bl-0-0\">\n<div class=\"_1mf _1mj\" data-offset-key=\"6a6bl-0-0\"><span data-offset-key=\"6a6bl-0-0\">\u00a0<\/span><\/div>\n<\/div>\n<div class=\"\" data-block=\"true\" data-editor=\"vnsa\" data-offset-key=\"1o8od-0-0\">\n<div class=\"_1mf _1mj\" data-offset-key=\"1o8od-0-0\"><span data-offset-key=\"1o8od-0-0\">\u2022 sausio 15 d., ketvirtadien\u012f, 16:00\u201321:00 val.; <\/span><\/div>\n<\/div>\n<div class=\"\" data-block=\"true\" data-editor=\"vnsa\" data-offset-key=\"2bdpo-0-0\">\n<div class=\"_1mf _1mj\" data-offset-key=\"2bdpo-0-0\"><span data-offset-key=\"2bdpo-0-0\">\u2022 sausio 16 d., penktadien\u012f, 9:00\u201315:00 val.<\/span><\/div>\n<\/div>\n<div class=\"\" data-block=\"true\" data-editor=\"vnsa\" data-offset-key=\"b27i4-0-0\">\n<div class=\"_1mf _1mj\" data-offset-key=\"b27i4-0-0\"><span data-offset-key=\"b27i4-0-0\">\u00a0<\/span><\/div>\n<\/div>\n<div class=\"\" data-block=\"true\" data-editor=\"vnsa\" data-offset-key=\"3bug4-0-0\">\n<div class=\"_1mf _1mj\" data-offset-key=\"3bug4-0-0\"><span data-offset-key=\"3bug4-0-0\">Benjaminas Zelkevi\u010dius buvo \u017emogus, kur\u012f futbolas lyd\u0117jo vis\u0105 gyvenim\u0105. Nuo \u0161lovingos \u017eaid\u0117jo iki legendos status\u0105 u\u017etikrinusios trenerio karjeros.<\/span><\/div>\n<\/div>\n<div class=\"\" data-block=\"true\" data-editor=\"vnsa\" data-offset-key=\"15thr-0-0\">\n<div class=\"_1mf _1mj\" data-offset-key=\"15thr-0-0\"><span data-offset-key=\"15thr-0-0\">\u00a0<\/span><\/div>\n<\/div>\n<div class=\"\" data-block=\"true\" data-editor=\"vnsa\" data-offset-key=\"aaenv-0-0\">\n<div class=\"_1mf _1mj\" data-offset-key=\"aaenv-0-0\"><span data-offset-key=\"aaenv-0-0\">Benjaminas Zelkevi\u010dius gim\u0117 1944 m. vasario 6 d. Kaune \u2013 mieste, kuriame ir prasid\u0117jo jo pirmieji \u017eingsniai did\u017eiajame sporte. <\/span><\/div>\n<\/div>\n<div class=\"\" data-block=\"true\" data-editor=\"vnsa\" data-offset-key=\"cov77-0-0\">\n<div class=\"_1mf _1mj\" data-offset-key=\"cov77-0-0\"><span data-offset-key=\"cov77-0-0\">\u00a0<\/span><\/div>\n<\/div>\n<div class=\"\" data-block=\"true\" data-editor=\"vnsa\" data-offset-key=\"evqd8-0-0\">\n<div class=\"_1mf _1mj\" data-offset-key=\"evqd8-0-0\"><span data-offset-key=\"evqd8-0-0\">1963 metais B. Zelkevi\u010dius persik\u0117l\u0117 \u012f klub\u0105, tapusiu neatsiejama jo gyvenimo dalimi \u2013 Vilniaus \u201e\u017dalgir\u012f\u201c. <\/span><\/div>\n<\/div>\n<div class=\"\" data-block=\"true\" data-editor=\"vnsa\" data-offset-key=\"3r2q7-0-0\">\n<div class=\"_1mf _1mj\" data-offset-key=\"3r2q7-0-0\"><span data-offset-key=\"3r2q7-0-0\">\u201eSvajojau apie \u017eaidim\u0105 \u201e\u017dalgiryje\u201c. Visada prisimenu, kaip apie 20 minu\u010di\u0173 b\u0117gdavau \u012f kioskel\u012f nupirkti tuo metu populiaraus laikra\u0161\u010dio \u201eSportas\u201c, kuriame ruden\u012f b\u016bdavo skelbiamos futbolinink\u0173, kvie\u010diam\u0173 \u012f \u201e\u017dalgirio\u201c komand\u0105, pavard\u0117s. Tarp kvie\u010diam\u0173 kandidat\u0173 vis nebuvo mano pavard\u0117s. Ta\u010diau 1963-iaisiais ji pagaliau pasirod\u0117. Buvo tiesiog pasaka \u2013 negaliu apsakyti \u017eod\u017eiais, kaip d\u017eiaugiausi. Tada man buvo 18 met\u0173\u201c, \u2013 apie pirmuosius \u017eingsnius klube pasakojo B. Zelkevi\u010dius.<\/span><\/div>\n<\/div>\n<div class=\"\" data-block=\"true\" data-editor=\"vnsa\" data-offset-key=\"f0t07-0-0\">\n<div class=\"_1mf _1mj\" data-offset-key=\"f0t07-0-0\"><span data-offset-key=\"f0t07-0-0\">\u00a0<\/span><\/div>\n<\/div>\n<div class=\"\" data-block=\"true\" data-editor=\"vnsa\" data-offset-key=\"cdgs9-0-0\">\n<div class=\"_1mf _1mj\" data-offset-key=\"cdgs9-0-0\"><span data-offset-key=\"cdgs9-0-0\">\u0160ioje komandoje jis praleido did\u017ei\u0105j\u0105 dal\u012f savo \u017eaid\u0117jo karjeros ir tapo vienu ry\u0161kiausi\u0173 to meto Lietuvos futbolinink\u0173. Tik vienerius metus jis buvo i\u0161vyk\u0119s \u012f Donecko \u201e\u0160achtar\u201c klub\u0105 Ukrainoje.<\/span><\/div>\n<div data-offset-key=\"cdgs9-0-0\"><\/div>\n<\/div>\n<div class=\"\" data-block=\"true\" data-editor=\"vnsa\" data-offset-key=\"1iu3k-0-0\">\n<div class=\"_1mf _1mj\" data-offset-key=\"1iu3k-0-0\"><span data-offset-key=\"1iu3k-0-0\"><img loading=\"lazy\" decoding=\"async\" class=\"aligncenter wp-image-19482\" src=\"https:\/\/fkzalgiris.lt\/wp-content\/uploads\/2026\/01\/spalvos1-300x285.jpg\" alt=\"\" width=\"650\" height=\"618\" srcset=\"https:\/\/fkzalgiris.lt\/wp-content\/uploads\/2026\/01\/spalvos1-300x285.jpg 300w, https:\/\/fkzalgiris.lt\/wp-content\/uploads\/2026\/01\/spalvos1-1024x973.jpg 1024w, https:\/\/fkzalgiris.lt\/wp-content\/uploads\/2026\/01\/spalvos1-768x730.jpg 768w, https:\/\/fkzalgiris.lt\/wp-content\/uploads\/2026\/01\/spalvos1-105x100.jpg 105w, https:\/\/fkzalgiris.lt\/wp-content\/uploads\/2026\/01\/spalvos1.jpg 1263w\" sizes=\"auto, (max-width: 650px) 100vw, 650px\" \/><\/span><\/div>\n<div data-offset-key=\"1iu3k-0-0\"><\/div>\n<\/div>\n<div class=\"\" data-block=\"true\" data-editor=\"vnsa\" data-offset-key=\"66nev-0-0\">\n<div class=\"_1mf _1mj\" data-offset-key=\"66nev-0-0\"><span data-offset-key=\"66nev-0-0\">Iki 1973 met\u0173 vilk\u0117damas \u201e\u017dalgirio\u201c mar\u0161kin\u0117lius B. Zelkevi\u010dius su\u017eaid\u0117 351-erias rungtynes, peln\u0117 50 \u012fvar\u010di\u0173 ir savo pasiekimais \u012fra\u0161\u0117 vard\u0105 \u012f klubo istorij\u0105. S\u0117kmingas \u017eaidimas neliko nepasteb\u0117tas \u2013 1972 ir 1973 metais jis buvo pripa\u017eintas geriausiu Lietuvos futbolininku.<\/span><\/div>\n<\/div>\n<div class=\"\" data-block=\"true\" data-editor=\"vnsa\" data-offset-key=\"6b7of-0-0\">\n<div class=\"_1mf _1mj\" data-offset-key=\"6b7of-0-0\"><span data-offset-key=\"6b7of-0-0\">\u00a0<\/span><\/div>\n<\/div>\n<div class=\"\" data-block=\"true\" data-editor=\"vnsa\" data-offset-key=\"c27h2-0-0\">\n<div class=\"_1mf _1mj\" data-offset-key=\"c27h2-0-0\"><span data-offset-key=\"c27h2-0-0\">Klubo vyriausiuoju treneriu jis tapo b\u016bdamas vos 32-ej\u0173. \u201ePasi\u016blymas buvo netik\u0117tas, tada man buvo 32 metai. Kai i\u0161\u0117jau i\u0161 klubo pirmininko kabineto, kamavo didel\u0117 \u012ftampa\u201c, \u2013 prisimin\u0117 B. Zelkevi\u010dius. Jau pirmaisiais trenerio vadovavimo metais komanda gr\u012f\u017eo \u012f antr\u0105j\u012f pagal paj\u0117gum\u0105 SSRS divizion\u0105.<\/span><\/div>\n<\/div>\n<div class=\"\" data-block=\"true\" data-editor=\"vnsa\" data-offset-key=\"7d3ke-0-0\">\n<div class=\"_1mf _1mj\" data-offset-key=\"7d3ke-0-0\"><span data-offset-key=\"7d3ke-0-0\">\u00a0<\/span><\/div>\n<\/div>\n<div class=\"\" data-block=\"true\" data-editor=\"vnsa\" data-offset-key=\"ejfep-0-0\">\n<div class=\"_1mf _1mj\" data-offset-key=\"ejfep-0-0\"><span data-offset-key=\"ejfep-0-0\">Kasmet vis stipr\u0117jant B. Zelkevi\u010diaus vadovaujamai komandai, 1982 metais pagaliau pavyko padaryti tai, ko buvo laukta net 20 met\u0173 \u2013 Vilniaus \u201e\u017dalgiris\u201c i\u0161kovojo viet\u0105 auk\u0161\u010diausiame SSRS divizione. Tai buvo auk\u0161\u010diausias \u012fmanomas lygis visoje tuometin\u0117je Taryb\u0173 S\u0105jungoje \u2013 kovos su stipriausiomis to meto komandomis. \u0160alis gyveno futbolu: po rungtyni\u0173, nul\u0117musi\u0173 patekim\u0105 \u012f auk\u0161tesn\u0119 lyg\u0105, komand\u0105 Vilniuje ketvirt\u0105 valand\u0105 ryto pasitiko sausakim\u0161as oro uostas.<\/span><\/div>\n<\/div>\n<div class=\"_1mf _1mj\" data-offset-key=\"d3dh7-0-0\"><span data-offset-key=\"d3dh7-0-0\">\u00a0<\/span><\/div>\n<div data-offset-key=\"d3dh7-0-0\"><img loading=\"lazy\" decoding=\"async\" class=\"aligncenter wp-image-19483\" src=\"https:\/\/fkzalgiris.lt\/wp-content\/uploads\/2026\/01\/vilniaus-zalgiris-senais-laikais-634d4f9051ad0-300x196.jpg\" alt=\"\" width=\"650\" height=\"424\" srcset=\"https:\/\/fkzalgiris.lt\/wp-content\/uploads\/2026\/01\/vilniaus-zalgiris-senais-laikais-634d4f9051ad0-300x196.jpg 300w, https:\/\/fkzalgiris.lt\/wp-content\/uploads\/2026\/01\/vilniaus-zalgiris-senais-laikais-634d4f9051ad0-153x100.jpg 153w, https:\/\/fkzalgiris.lt\/wp-content\/uploads\/2026\/01\/vilniaus-zalgiris-senais-laikais-634d4f9051ad0-30x20.jpg 30w, https:\/\/fkzalgiris.lt\/wp-content\/uploads\/2026\/01\/vilniaus-zalgiris-senais-laikais-634d4f9051ad0.jpg 670w\" sizes=\"auto, (max-width: 650px) 100vw, 650px\" \/><\/div>\n<div data-offset-key=\"d3dh7-0-0\"><\/div>\n<div class=\"\" data-block=\"true\" data-editor=\"vnsa\" data-offset-key=\"eue13-0-0\">\n<div class=\"_1mf _1mj\" data-offset-key=\"eue13-0-0\"><span data-offset-key=\"eue13-0-0\">Po \u0161io istorinio sezono strategas paliko komand\u0105.<\/span><\/div>\n<\/div>\n<div class=\"\" data-block=\"true\" data-editor=\"vnsa\" data-offset-key=\"d8mch-0-0\">\n<div class=\"_1mf _1mj\" data-offset-key=\"d8mch-0-0\"><span data-offset-key=\"d8mch-0-0\">\u00a0<\/span><\/div>\n<\/div>\n<div class=\"\" data-block=\"true\" data-editor=\"vnsa\" data-offset-key=\"9n80i-0-0\">\n<div class=\"_1mf _1mj\" data-offset-key=\"9n80i-0-0\"><span data-offset-key=\"9n80i-0-0\">1985 metais treneris v\u0117l stojo prie klubo vairo \u2013 nuo tada prasid\u0117jo geriausia Vilniaus \u201e\u017dalgirio\u201c meistr\u0173 komandos epocha. T\u0105 sezon\u0105 komanda po \u012fsp\u016bdingos pergali\u0173 serijos buvo pakyl\u0117ta i\u0161 15-osios vietos \u012f 7-\u0105j\u0105.<\/span><\/div>\n<\/div>\n<div class=\"\" data-block=\"true\" data-editor=\"vnsa\" data-offset-key=\"bpjl4-0-0\">\n<div class=\"_1mf _1mj\" data-offset-key=\"bpjl4-0-0\"><span data-offset-key=\"bpjl4-0-0\">Ry\u0161kiausi\u0105 p\u0117dsak\u0105 klubo istorijoje paliko 1987-\u0173j\u0173 sezonas, iki \u0161iol i\u0161lik\u0119s sirgali\u0173 atmintyje. Tais metais B. Zelkevi\u010dius tapo vienu svarbiausi\u0173 \u0161ios s\u0117km\u0117s architekt\u0173 \u2013 auk\u0161\u010diausiame TSRS divizione vilnie\u010diai i\u0161kovojo bronzos medalius. Treneris suk\u016br\u0117 tai, ko tuo metu netur\u0117jo n\u0117 viena kita komanda. Kaip tuomet pabr\u0117\u017e\u0117 \u017eurnalistai, 1987 metais \u201e\u017dalgiris\u201c tur\u0117jo pastovi\u0105 komandos pagrindin\u0119 sud\u0117t\u012f, i\u0161laikyt\u0105 net 5\u20136 sezonus. Tai subrandino kolektyv\u0105, kuris metai i\u0161 met\u0173 pastebimai tobul\u0117jo, augo \u017eaid\u0117j\u0173 meistri\u0161kumas. B\u016btent tai leido sukurti ir \u012ftvirtinti savit\u0105 \u017eaidim\u0105 \u2013 lietuvi\u0161k\u0105, komandai b\u016bding\u0105 stili\u0173, i\u0161siskyrus\u012f i\u0161 kit\u0173 Soviet\u0173 S\u0105jungos komand\u0173 ir atitikusi\u0105 futbolinink\u0173 bei treneri\u0173 mentalitet\u0105 ir galimybes.<\/span><\/div>\n<\/div>\n<div class=\"\" data-block=\"true\" data-editor=\"vnsa\" data-offset-key=\"jtcq-0-0\">\n<div class=\"_1mf _1mj\" data-offset-key=\"jtcq-0-0\"><span data-offset-key=\"jtcq-0-0\">\u00a0<\/span><\/div>\n<\/div>\n<div class=\"\" data-block=\"true\" data-editor=\"vnsa\" data-offset-key=\"282q2-0-0\">\n<div class=\"_1mf _1mj\" data-offset-key=\"282q2-0-0\"><span data-offset-key=\"282q2-0-0\">Tais pa\u010diais metais trenerio vadovaujama \u201e\u017dalgirio\u201c meistr\u0173 komanda u\u017efiksavo dar vien\u0105 istorin\u012f pasiekim\u0105 \u2013 triumf\u0105 1987-\u0173j\u0173 pasaulin\u0117je universiadoje. Nors oficialiai Zagrebe nugal\u0117jo SSRS rinktin\u0117, ji buvo sudaryta vien i\u0161 \u017ealgirie\u010di\u0173.<\/span><\/div>\n<\/div>\n<div class=\"\" data-block=\"true\" data-editor=\"vnsa\" data-offset-key=\"bgnvh-0-0\">\n<div class=\"_1mf _1mj\" data-offset-key=\"bgnvh-0-0\"><span data-offset-key=\"bgnvh-0-0\">Be to, vilnie\u010diai atsisak\u0117 vilk\u0117ti raudonos spalvos okupacij\u0105 simbolizuojan\u010di\u0105 tarybin\u0119 aprang\u0105 ir rungtyniavo \u017ealiai baltomis spalvomis.<\/span><\/div>\n<\/div>\n<div class=\"\" data-block=\"true\" data-editor=\"vnsa\" data-offset-key=\"ere4t-0-0\">\n<div class=\"_1mf _1mj\" data-offset-key=\"ere4t-0-0\"><span data-offset-key=\"ere4t-0-0\">\u201eMums buvo duoti soviet\u0173 tinklinink\u0173 mar\u0161kin\u0117liai ir atskirai numeriai, kuriuos reik\u0117jo prisisi\u016bti. Tos aprangos mes atsisak\u0117me. U\u017esienio \u017eurnalistai prad\u0117jo klausin\u0117ti, kas \u010dia per SSRS student\u0173 sportin\u0117 apranga. Atsakiau, kad \u010dia Lietuvos, o ne soviet\u0173 student\u0173 rinktin\u0117s apranga\u201c, \u2013 apie universiad\u0105 pasakojo B. Zelkevi\u010dius.<\/span><\/div>\n<\/div>\n<div class=\"_1mf _1mj\" data-offset-key=\"b9sq9-0-0\"><span data-offset-key=\"b9sq9-0-0\">\u00a0<\/span><\/div>\n<div data-offset-key=\"b9sq9-0-0\">\n<p><img loading=\"lazy\" decoding=\"async\" class=\"aligncenter wp-image-19484\" src=\"https:\/\/fkzalgiris.lt\/wp-content\/uploads\/2026\/01\/1987-D079-Nuotrauka-12-300x233.jpg\" alt=\"\" width=\"650\" height=\"505\" srcset=\"https:\/\/fkzalgiris.lt\/wp-content\/uploads\/2026\/01\/1987-D079-Nuotrauka-12-300x233.jpg 300w, https:\/\/fkzalgiris.lt\/wp-content\/uploads\/2026\/01\/1987-D079-Nuotrauka-12-1024x795.jpg 1024w, https:\/\/fkzalgiris.lt\/wp-content\/uploads\/2026\/01\/1987-D079-Nuotrauka-12-768x597.jpg 768w, https:\/\/fkzalgiris.lt\/wp-content\/uploads\/2026\/01\/1987-D079-Nuotrauka-12-1536x1193.jpg 1536w, https:\/\/fkzalgiris.lt\/wp-content\/uploads\/2026\/01\/1987-D079-Nuotrauka-12-129x100.jpg 129w, https:\/\/fkzalgiris.lt\/wp-content\/uploads\/2026\/01\/1987-D079-Nuotrauka-12.jpg 1662w\" sizes=\"auto, (max-width: 650px) 100vw, 650px\" \/><\/p>\n<\/div>\n<div class=\"\" data-block=\"true\" data-editor=\"vnsa\" data-offset-key=\"9q0u1-0-0\">\n<div class=\"_1mf _1mj\" data-offset-key=\"9q0u1-0-0\"><span data-offset-key=\"9q0u1-0-0\">\u00a0<\/span><\/div>\n<\/div>\n<div class=\"\" data-block=\"true\" data-editor=\"vnsa\" data-offset-key=\"5otlp-0-0\">\n<div class=\"_1mf _1mj\" data-offset-key=\"5otlp-0-0\"><span data-offset-key=\"5otlp-0-0\">Su klubu Benjaminas Zelkevi\u010dius taip pat du kartus tapo Lietuvos \u010dempionu, tris kartus \u2013 vice\u010dempionu ir du kartus \u2013 bronzos medalininku, taip pat tris kartus laim\u0117jo Lietuvos taur\u0119.<\/span><\/div>\n<\/div>\n<div class=\"\" data-block=\"true\" data-editor=\"vnsa\" data-offset-key=\"3crl8-0-0\">\n<div class=\"_1mf _1mj\" data-offset-key=\"3crl8-0-0\"><span data-offset-key=\"3crl8-0-0\">\u00a0<\/span><\/div>\n<\/div>\n<div class=\"\" data-block=\"true\" data-editor=\"vnsa\" data-offset-key=\"1agni-0-0\">\n<div class=\"_1mf _1mj\" data-offset-key=\"1agni-0-0\"><span data-offset-key=\"1agni-0-0\">\u201eTai buvo pats gra\u017eiausias mano gyvenimo etapas, nepakartojama praeitis, kuri niekada neu\u017esimir\u0161\u201c, \u2013 apie savo laik\u0105 Vilniaus \u201e\u017dalgirio\u201c gretose pasakojo Benjaminas Zelkevi\u010dius.<\/span><\/div>\n<\/div>\n","protected":false},"excerpt":{"rendered":"<p>Su Benjaminu Zelkevi\u010diumi atsisveikinimas vyks Laidojimo paslaug\u0173 centro Antakalnio padalinyje, M. K. Paco g. 4, Vilniuje, 2-oje sal\u0117je: \u00a0 \u2022 sausio 15 d., ketvirtadien\u012f, 16:00\u201321:00\u2026<\/p>\n","protected":false},"author":14,"featured_media":0,"comment_status":"closed","ping_status":"closed","sticky":false,"template":"","format":"standard","meta":{"_acf_changed":false,"footnotes":""},"categories":[1],"class_list":["post-19481","post","type-post","status-publish","format-standard","hentry","category-be-kategorijos"],"acf":[],"yoast_head":"<!-- This site is optimized with the Yoast SEO plugin v26.8 - https:\/\/yoast.com\/product\/yoast-seo-wordpress\/ -->\n<title>\u201eIn Memoriam\u201c: \u017emogus, kuriam \u201e\u017dalgiris\u201c rei\u0161k\u0117 visk\u0105 - FK \u017dalgiris<\/title>\n<meta name=\"robots\" content=\"index, follow, max-snippet:-1, max-image-preview:large, max-video-preview:-1\" \/>\n<link rel=\"canonical\" href=\"https:\/\/fkzalgiris.lt\/in-memoriam-zmogus-kuriam-zalgiris-reiske-viska\/\" \/>\n<meta property=\"og:locale\" content=\"lt_LT\" \/>\n<meta property=\"og:type\" content=\"article\" \/>\n<meta property=\"og:title\" content=\"\u201eIn Memoriam\u201c: \u017emogus, kuriam \u201e\u017dalgiris\u201c rei\u0161k\u0117 visk\u0105 - FK \u017dalgiris\" \/>\n<meta property=\"og:description\" content=\"Su Benjaminu Zelkevi\u010diumi atsisveikinimas vyks Laidojimo paslaug\u0173 centro Antakalnio padalinyje, M. K. Paco g. 4, Vilniuje, 2-oje sal\u0117je: \u00a0 \u2022 sausio 15 d., ketvirtadien\u012f, 16:00\u201321:00\u2026\" \/>\n<meta property=\"og:url\" content=\"https:\/\/fkzalgiris.lt\/in-memoriam-zmogus-kuriam-zalgiris-reiske-viska\/\" \/>\n<meta property=\"og:site_name\" content=\"FK \u017dalgiris\" \/>\n<meta property=\"article:publisher\" content=\"https:\/\/www.facebook.com\/fkzalgiris\/\" \/>\n<meta property=\"article:published_time\" content=\"2026-01-13T18:15:05+00:00\" \/>\n<meta property=\"og:image\" content=\"https:\/\/fkzalgiris.lt\/wp-content\/uploads\/2026\/01\/spalvos1-300x285.jpg\" \/>\n<meta name=\"author\" content=\"Domantas Milius\" \/>\n<meta name=\"twitter:card\" content=\"summary_large_image\" \/>\n<meta name=\"twitter:creator\" content=\"@fkzalgiris\" \/>\n<meta name=\"twitter:site\" content=\"@fkzalgiris\" \/>\n<meta name=\"twitter:label1\" content=\"Written by\" \/>\n\t<meta name=\"twitter:data1\" content=\"Domantas Milius\" \/>\n\t<meta name=\"twitter:label2\" content=\"Est. reading time\" \/>\n\t<meta name=\"twitter:data2\" content=\"4 minut\u0117s\" \/>\n<script type=\"application\/ld+json\" class=\"yoast-schema-graph\">{\"@context\":\"https:\/\/schema.org\",\"@graph\":[{\"@type\":\"Article\",\"@id\":\"https:\/\/fkzalgiris.lt\/in-memoriam-zmogus-kuriam-zalgiris-reiske-viska\/#article\",\"isPartOf\":{\"@id\":\"https:\/\/fkzalgiris.lt\/in-memoriam-zmogus-kuriam-zalgiris-reiske-viska\/\"},\"author\":{\"name\":\"Domantas Milius\",\"@id\":\"https:\/\/fkzalgiris.lt\/#\/schema\/person\/4ae561a5c7d97f431b719c2d18115600\"},\"headline\":\"\u201eIn Memoriam\u201c: \u017emogus, kuriam \u201e\u017dalgiris\u201c rei\u0161k\u0117 visk\u0105\",\"datePublished\":\"2026-01-13T18:15:05+00:00\",\"mainEntityOfPage\":{\"@id\":\"https:\/\/fkzalgiris.lt\/in-memoriam-zmogus-kuriam-zalgiris-reiske-viska\/\"},\"wordCount\":662,\"publisher\":{\"@id\":\"https:\/\/fkzalgiris.lt\/#organization\"},\"image\":{\"@id\":\"https:\/\/fkzalgiris.lt\/in-memoriam-zmogus-kuriam-zalgiris-reiske-viska\/#primaryimage\"},\"thumbnailUrl\":\"https:\/\/fkzalgiris.lt\/wp-content\/uploads\/2026\/01\/spalvos1-300x285.jpg\",\"inLanguage\":\"lt-LT\"},{\"@type\":\"WebPage\",\"@id\":\"https:\/\/fkzalgiris.lt\/in-memoriam-zmogus-kuriam-zalgiris-reiske-viska\/\",\"url\":\"https:\/\/fkzalgiris.lt\/in-memoriam-zmogus-kuriam-zalgiris-reiske-viska\/\",\"name\":\"\u201eIn Memoriam\u201c: \u017emogus, kuriam \u201e\u017dalgiris\u201c rei\u0161k\u0117 visk\u0105 - FK \u017dalgiris\",\"isPartOf\":{\"@id\":\"https:\/\/fkzalgiris.lt\/#website\"},\"primaryImageOfPage\":{\"@id\":\"https:\/\/fkzalgiris.lt\/in-memoriam-zmogus-kuriam-zalgiris-reiske-viska\/#primaryimage\"},\"image\":{\"@id\":\"https:\/\/fkzalgiris.lt\/in-memoriam-zmogus-kuriam-zalgiris-reiske-viska\/#primaryimage\"},\"thumbnailUrl\":\"https:\/\/fkzalgiris.lt\/wp-content\/uploads\/2026\/01\/spalvos1-300x285.jpg\",\"datePublished\":\"2026-01-13T18:15:05+00:00\",\"breadcrumb\":{\"@id\":\"https:\/\/fkzalgiris.lt\/in-memoriam-zmogus-kuriam-zalgiris-reiske-viska\/#breadcrumb\"},\"inLanguage\":\"lt-LT\",\"potentialAction\":[{\"@type\":\"ReadAction\",\"target\":[\"https:\/\/fkzalgiris.lt\/in-memoriam-zmogus-kuriam-zalgiris-reiske-viska\/\"]}]},{\"@type\":\"ImageObject\",\"inLanguage\":\"lt-LT\",\"@id\":\"https:\/\/fkzalgiris.lt\/in-memoriam-zmogus-kuriam-zalgiris-reiske-viska\/#primaryimage\",\"url\":\"https:\/\/fkzalgiris.lt\/wp-content\/uploads\/2026\/01\/spalvos1.jpg\",\"contentUrl\":\"https:\/\/fkzalgiris.lt\/wp-content\/uploads\/2026\/01\/spalvos1.jpg\",\"width\":1263,\"height\":1200},{\"@type\":\"BreadcrumbList\",\"@id\":\"https:\/\/fkzalgiris.lt\/in-memoriam-zmogus-kuriam-zalgiris-reiske-viska\/#breadcrumb\",\"itemListElement\":[{\"@type\":\"ListItem\",\"position\":1,\"name\":\"Home\",\"item\":\"https:\/\/fkzalgiris.lt\/\"},{\"@type\":\"ListItem\",\"position\":2,\"name\":\"\u201eIn Memoriam\u201c: \u017emogus, kuriam \u201e\u017dalgiris\u201c rei\u0161k\u0117 visk\u0105\"}]},{\"@type\":\"WebSite\",\"@id\":\"https:\/\/fkzalgiris.lt\/#website\",\"url\":\"https:\/\/fkzalgiris.lt\/\",\"name\":\"FK \u017dalgiris\",\"description\":\"oficiali Vilniaus \u201e\u017dalgirio\u201c futbolo klubo svetain\u0117\",\"publisher\":{\"@id\":\"https:\/\/fkzalgiris.lt\/#organization\"},\"potentialAction\":[{\"@type\":\"SearchAction\",\"target\":{\"@type\":\"EntryPoint\",\"urlTemplate\":\"https:\/\/fkzalgiris.lt\/?s={search_term_string}\"},\"query-input\":{\"@type\":\"PropertyValueSpecification\",\"valueRequired\":true,\"valueName\":\"search_term_string\"}}],\"inLanguage\":\"lt-LT\"},{\"@type\":\"Organization\",\"@id\":\"https:\/\/fkzalgiris.lt\/#organization\",\"name\":\"FK \u017dalgiris\",\"url\":\"https:\/\/fkzalgiris.lt\/\",\"logo\":{\"@type\":\"ImageObject\",\"inLanguage\":\"lt-LT\",\"@id\":\"https:\/\/fkzalgiris.lt\/#\/schema\/logo\/image\/\",\"url\":\"https:\/\/fkzalgiris.lt\/wp-content\/uploads\/2024\/01\/horiz-FK-Zalgiris-logo-2015.png\",\"contentUrl\":\"https:\/\/fkzalgiris.lt\/wp-content\/uploads\/2024\/01\/horiz-FK-Zalgiris-logo-2015.png\",\"width\":3073,\"height\":2048,\"caption\":\"FK \u017dalgiris\"},\"image\":{\"@id\":\"https:\/\/fkzalgiris.lt\/#\/schema\/logo\/image\/\"},\"sameAs\":[\"https:\/\/www.facebook.com\/fkzalgiris\/\",\"https:\/\/x.com\/fkzalgiris\",\"https:\/\/www.instagram.com\/fkzalgiris\/\",\"https:\/\/www.youtube.com\/channel\/UC1ag8JLxGirltMUoLlzfZLA\"]},{\"@type\":\"Person\",\"@id\":\"https:\/\/fkzalgiris.lt\/#\/schema\/person\/4ae561a5c7d97f431b719c2d18115600\",\"name\":\"Domantas Milius\"}]}<\/script>\n<!-- \/ Yoast SEO plugin. -->","yoast_head_json":{"title":"\u201eIn Memoriam\u201c: \u017emogus, kuriam \u201e\u017dalgiris\u201c rei\u0161k\u0117 visk\u0105 - FK \u017dalgiris","robots":{"index":"index","follow":"follow","max-snippet":"max-snippet:-1","max-image-preview":"max-image-preview:large","max-video-preview":"max-video-preview:-1"},"canonical":"https:\/\/fkzalgiris.lt\/in-memoriam-zmogus-kuriam-zalgiris-reiske-viska\/","og_locale":"lt_LT","og_type":"article","og_title":"\u201eIn Memoriam\u201c: \u017emogus, kuriam \u201e\u017dalgiris\u201c rei\u0161k\u0117 visk\u0105 - FK \u017dalgiris","og_description":"Su Benjaminu Zelkevi\u010diumi atsisveikinimas vyks Laidojimo paslaug\u0173 centro Antakalnio padalinyje, M. K. Paco g. 4, Vilniuje, 2-oje sal\u0117je: \u00a0 \u2022 sausio 15 d., ketvirtadien\u012f, 16:00\u201321:00\u2026","og_url":"https:\/\/fkzalgiris.lt\/in-memoriam-zmogus-kuriam-zalgiris-reiske-viska\/","og_site_name":"FK \u017dalgiris","article_publisher":"https:\/\/www.facebook.com\/fkzalgiris\/","article_published_time":"2026-01-13T18:15:05+00:00","og_image":[{"url":"https:\/\/fkzalgiris.lt\/wp-content\/uploads\/2026\/01\/spalvos1-300x285.jpg","type":"","width":"","height":""}],"author":"Domantas Milius","twitter_card":"summary_large_image","twitter_creator":"@fkzalgiris","twitter_site":"@fkzalgiris","twitter_misc":{"Written by":"Domantas Milius","Est. reading time":"4 minut\u0117s"},"schema":{"@context":"https:\/\/schema.org","@graph":[{"@type":"Article","@id":"https:\/\/fkzalgiris.lt\/in-memoriam-zmogus-kuriam-zalgiris-reiske-viska\/#article","isPartOf":{"@id":"https:\/\/fkzalgiris.lt\/in-memoriam-zmogus-kuriam-zalgiris-reiske-viska\/"},"author":{"name":"Domantas Milius","@id":"https:\/\/fkzalgiris.lt\/#\/schema\/person\/4ae561a5c7d97f431b719c2d18115600"},"headline":"\u201eIn Memoriam\u201c: \u017emogus, kuriam \u201e\u017dalgiris\u201c rei\u0161k\u0117 visk\u0105","datePublished":"2026-01-13T18:15:05+00:00","mainEntityOfPage":{"@id":"https:\/\/fkzalgiris.lt\/in-memoriam-zmogus-kuriam-zalgiris-reiske-viska\/"},"wordCount":662,"publisher":{"@id":"https:\/\/fkzalgiris.lt\/#organization"},"image":{"@id":"https:\/\/fkzalgiris.lt\/in-memoriam-zmogus-kuriam-zalgiris-reiske-viska\/#primaryimage"},"thumbnailUrl":"https:\/\/fkzalgiris.lt\/wp-content\/uploads\/2026\/01\/spalvos1-300x285.jpg","inLanguage":"lt-LT"},{"@type":"WebPage","@id":"https:\/\/fkzalgiris.lt\/in-memoriam-zmogus-kuriam-zalgiris-reiske-viska\/","url":"https:\/\/fkzalgiris.lt\/in-memoriam-zmogus-kuriam-zalgiris-reiske-viska\/","name":"\u201eIn Memoriam\u201c: \u017emogus, kuriam \u201e\u017dalgiris\u201c rei\u0161k\u0117 visk\u0105 - FK \u017dalgiris","isPartOf":{"@id":"https:\/\/fkzalgiris.lt\/#website"},"primaryImageOfPage":{"@id":"https:\/\/fkzalgiris.lt\/in-memoriam-zmogus-kuriam-zalgiris-reiske-viska\/#primaryimage"},"image":{"@id":"https:\/\/fkzalgiris.lt\/in-memoriam-zmogus-kuriam-zalgiris-reiske-viska\/#primaryimage"},"thumbnailUrl":"https:\/\/fkzalgiris.lt\/wp-content\/uploads\/2026\/01\/spalvos1-300x285.jpg","datePublished":"2026-01-13T18:15:05+00:00","breadcrumb":{"@id":"https:\/\/fkzalgiris.lt\/in-memoriam-zmogus-kuriam-zalgiris-reiske-viska\/#breadcrumb"},"inLanguage":"lt-LT","potentialAction":[{"@type":"ReadAction","target":["https:\/\/fkzalgiris.lt\/in-memoriam-zmogus-kuriam-zalgiris-reiske-viska\/"]}]},{"@type":"ImageObject","inLanguage":"lt-LT","@id":"https:\/\/fkzalgiris.lt\/in-memoriam-zmogus-kuriam-zalgiris-reiske-viska\/#primaryimage","url":"https:\/\/fkzalgiris.lt\/wp-content\/uploads\/2026\/01\/spalvos1.jpg","contentUrl":"https:\/\/fkzalgiris.lt\/wp-content\/uploads\/2026\/01\/spalvos1.jpg","width":1263,"height":1200},{"@type":"BreadcrumbList","@id":"https:\/\/fkzalgiris.lt\/in-memoriam-zmogus-kuriam-zalgiris-reiske-viska\/#breadcrumb","itemListElement":[{"@type":"ListItem","position":1,"name":"Home","item":"https:\/\/fkzalgiris.lt\/"},{"@type":"ListItem","position":2,"name":"\u201eIn Memoriam\u201c: \u017emogus, kuriam \u201e\u017dalgiris\u201c rei\u0161k\u0117 visk\u0105"}]},{"@type":"WebSite","@id":"https:\/\/fkzalgiris.lt\/#website","url":"https:\/\/fkzalgiris.lt\/","name":"FK \u017dalgiris","description":"oficiali Vilniaus \u201e\u017dalgirio\u201c futbolo klubo svetain\u0117","publisher":{"@id":"https:\/\/fkzalgiris.lt\/#organization"},"potentialAction":[{"@type":"SearchAction","target":{"@type":"EntryPoint","urlTemplate":"https:\/\/fkzalgiris.lt\/?s={search_term_string}"},"query-input":{"@type":"PropertyValueSpecification","valueRequired":true,"valueName":"search_term_string"}}],"inLanguage":"lt-LT"},{"@type":"Organization","@id":"https:\/\/fkzalgiris.lt\/#organization","name":"FK \u017dalgiris","url":"https:\/\/fkzalgiris.lt\/","logo":{"@type":"ImageObject","inLanguage":"lt-LT","@id":"https:\/\/fkzalgiris.lt\/#\/schema\/logo\/image\/","url":"https:\/\/fkzalgiris.lt\/wp-content\/uploads\/2024\/01\/horiz-FK-Zalgiris-logo-2015.png","contentUrl":"https:\/\/fkzalgiris.lt\/wp-content\/uploads\/2024\/01\/horiz-FK-Zalgiris-logo-2015.png","width":3073,"height":2048,"caption":"FK \u017dalgiris"},"image":{"@id":"https:\/\/fkzalgiris.lt\/#\/schema\/logo\/image\/"},"sameAs":["https:\/\/www.facebook.com\/fkzalgiris\/","https:\/\/x.com\/fkzalgiris","https:\/\/www.instagram.com\/fkzalgiris\/","https:\/\/www.youtube.com\/channel\/UC1ag8JLxGirltMUoLlzfZLA"]},{"@type":"Person","@id":"https:\/\/fkzalgiris.lt\/#\/schema\/person\/4ae561a5c7d97f431b719c2d18115600","name":"Domantas Milius"}]}},"_links":{"self":[{"href":"https:\/\/fkzalgiris.lt\/api\/wp\/v2\/posts\/19481","targetHints":{"allow":["GET"]}}],"collection":[{"href":"https:\/\/fkzalgiris.lt\/api\/wp\/v2\/posts"}],"about":[{"href":"https:\/\/fkzalgiris.lt\/api\/wp\/v2\/types\/post"}],"author":[{"embeddable":true,"href":"https:\/\/fkzalgiris.lt\/api\/wp\/v2\/users\/14"}],"replies":[{"embeddable":true,"href":"https:\/\/fkzalgiris.lt\/api\/wp\/v2\/comments?post=19481"}],"version-history":[{"count":1,"href":"https:\/\/fkzalgiris.lt\/api\/wp\/v2\/posts\/19481\/revisions"}],"predecessor-version":[{"id":19486,"href":"https:\/\/fkzalgiris.lt\/api\/wp\/v2\/posts\/19481\/revisions\/19486"}],"wp:attachment":[{"href":"https:\/\/fkzalgiris.lt\/api\/wp\/v2\/media?parent=19481"}],"wp:term":[{"taxonomy":"category","embeddable":true,"href":"https:\/\/fkzalgiris.lt\/api\/wp\/v2\/categories?post=19481"}],"curies":[{"name":"wp","href":"https:\/\/api.w.org\/{rel}","templated":true}]}}