{"id":19417,"date":"2026-01-12T21:36:11","date_gmt":"2026-01-12T19:36:11","guid":{"rendered":"https:\/\/fkzalgiris.lt\/?p=19417"},"modified":"2026-01-13T12:16:31","modified_gmt":"2026-01-13T10:16:31","slug":"komanda-sustiprino-talentingas-kroatas","status":"publish","type":"post","link":"https:\/\/fkzalgiris.lt\/komanda-sustiprino-talentingas-kroatas\/","title":{"rendered":"Komand\u0105 sustiprino talentingas kroatas"},"content":{"rendered":"<p data-start=\"72\" data-end=\"161\">Vilniaus \u201e\u017dalgirio\u201c saug\u0173 grand\u012f papild\u0117 21-eri\u0173 futbolininkas i\u0161 Kroatijos \u2013 Marko Capanas.<\/p>\n<p data-start=\"163\" data-end=\"348\">Kroatas ilgus metus tobul\u0117jo gimtosios \u0161alies grando Splito \u201eHajduk\u201c sistemoje, kuriai priklaus\u0117 nuo 2020 met\u0173. M. Capanas buvo nuolatinis Kroatijos jaunimo rinktini\u0173 narys bei kapitonas.<\/p>\n<p data-start=\"350\" data-end=\"865\">Atstovaudamas Splito klubui saugas rungtyniavo UEFA Jaunimo lygoje, kur \u0117jo komandos kapitono pareigas ir kartu su ekipa sureng\u0117 \u012fsimintin\u0105 \u017eyg\u012f \u2013 po baudini\u0173 serijos 2023-\u0173j\u0173 kov\u0105 buvo \u012fveikti Dortmundo \u201eBorussia\u201c bendraam\u017eiai. Tose rungtyn\u0117se Marko per baudini\u0173 serij\u0105 realizavo savo sm\u016bg\u012f ir prisid\u0117jo prie pergal\u0117s. 2023 met\u0173 vasar\u012f saugas debiutavo ir pagrindin\u0117je \u201eHajduk\u201c vyr\u0173 komandoje Kroatijos HNL pirmenyb\u0117se. Per trejus sezonus pagrindin\u0117je komandoje jis su\u017eaid\u0117 11 rungtyni\u0173 ir atliko 2 rezultatyvius perdavimus.<\/p>\n<p data-start=\"350\" data-end=\"865\">Paskutin\u012f kart\u0105 \u201eHajduk\u201c mar\u0161kin\u0117lius M. Capanas vilk\u0117jo 2025 m. liepos 23 dien\u0105, kai pasirod\u0117 aik\u0161t\u0117je UEFA Konferencij\u0173 lygos rungtyn\u0117se.<\/p>\n<p data-start=\"867\" data-end=\"1059\">2023\u20132024 met\u0173 sezone kroatas buvo i\u0161nuomotas \u012f Bosnijos pirmenyb\u0117se rungtyniaujan\u010di\u0105 \u201e\u0160iroki Brijeg\u201c ekip\u0105. Joje saugas su\u017eaid\u0117 24 rungtynes, peln\u0117 1 \u012fvart\u012f ir atliko 1 rezultatyv\u0173 perdavim\u0105.<\/p>\n<p data-start=\"132\" data-end=\"398\">Klubo sporto direktorius Giedrius Klevinskas i\u0161skyr\u0117 naujoko profesionalum\u0105, darbo etik\u0105 bei dideles perspektyvas.<\/p>\n<p data-start=\"132\" data-end=\"398\">\u201eEsame nepaprastai laimingi, jog M. Capanas oficialiai prisijung\u0117 prie m\u016bs\u0173 klubo. Jis yra \u017einomas kaip vienas perspektyviausi\u0173 savo kartos jaunuoli\u0173 Kroatijoje, kuris formavosi ir augo garsiojo Splito \u201eHajduk\u201c jaunimo sistemoje \u2013 klube, kuris nuolat ugdo auk\u0161to lygio \u017eaid\u0117jus ir yra gerai vertinamas Europos futbolo kontekste. Marko atvyksta pas mus ne tik su dideliu potencialu tobul\u0117ti, bet ir su profesionalumo bei darbo etikos mentalitetu, kuris puikiai dera su m\u016bs\u0173 klubo vertyb\u0117mis.<\/p>\n<p data-start=\"132\" data-end=\"398\">Tikime, kad jis gali tapti svarbia grandimi m\u016bs\u0173 komandai ir pad\u0117ti tiek vietiniame \u010dempionate, tiek tarptautiniuose ma\u010duose. D\u017eiaugiam\u0117s gal\u0117dami suteikti Marko tinkam\u0105 platform\u0105 tolesnei karjeros pl\u0117trai ir esame u\u017etikrinti, jog jis turi visk\u0105, ko reikia, kad pasiekt\u0173 auk\u0161\u010diausi\u0105 lyg\u012f\u201c, \u2013 kalb\u0117jo G. Klevinskas.<\/p>\n<p data-start=\"867\" data-end=\"1059\">Naujasis \u017ealgirietis d\u017eiaug\u0117si \u0161iltu priimimu ir i\u0161rei\u0161k\u0117 pad\u0117k\u0105 kitam klube rungtyniaujan\u010diam bendratautie\u010diui Petarui Bosan\u010di\u010diui.<\/p>\n<p data-start=\"132\" data-end=\"398\">\u201eLabai d\u0117koju u\u017e \u0161ilt\u0105 pri\u0117mim\u0105 ir svetingum\u0105 klube. Labai laukiu pasiruo\u0161imo prad\u017eios, galimyb\u0117s \u017eaisti u\u017e klub\u0105 ir kovoti d\u0117l trof\u0117j\u0173. Esu patenkintas nauja klubo strukt\u016bra ir d\u0117kingas u\u017e palaikym\u0105 savo tautie\u010diui kroatui P. Bosan\u010di\u010diui\u201c, \u2013 kalb\u0117jo Marko.<\/p>\n","protected":false},"excerpt":{"rendered":"<p>Vilniaus \u201e\u017dalgirio\u201c saug\u0173 grand\u012f papild\u0117 21-eri\u0173 futbolininkas i\u0161 Kroatijos \u2013 Marko Capanas. Kroatas ilgus metus tobul\u0117jo gimtosios \u0161alies grando Splito \u201eHajduk\u201c sistemoje, kuriai priklaus\u0117 nuo\u2026<\/p>\n","protected":false},"author":12,"featured_media":0,"comment_status":"closed","ping_status":"closed","sticky":false,"template":"","format":"standard","meta":{"_acf_changed":false,"footnotes":""},"categories":[87],"class_list":["post-19417","post","type-post","status-publish","format-standard","hentry","category-zalgiris"],"acf":[],"yoast_head":"<!-- This site is optimized with the Yoast SEO plugin v26.8 - https:\/\/yoast.com\/product\/yoast-seo-wordpress\/ -->\n<title>Komand\u0105 sustiprino talentingas kroatas - FK \u017dalgiris<\/title>\n<meta name=\"robots\" content=\"index, follow, max-snippet:-1, max-image-preview:large, max-video-preview:-1\" \/>\n<link rel=\"canonical\" href=\"https:\/\/fkzalgiris.lt\/komanda-sustiprino-talentingas-kroatas\/\" \/>\n<meta property=\"og:locale\" content=\"lt_LT\" \/>\n<meta property=\"og:type\" content=\"article\" \/>\n<meta property=\"og:title\" content=\"Komand\u0105 sustiprino talentingas kroatas - FK \u017dalgiris\" \/>\n<meta property=\"og:description\" content=\"Vilniaus \u201e\u017dalgirio\u201c saug\u0173 grand\u012f papild\u0117 21-eri\u0173 futbolininkas i\u0161 Kroatijos \u2013 Marko Capanas. Kroatas ilgus metus tobul\u0117jo gimtosios \u0161alies grando Splito \u201eHajduk\u201c sistemoje, kuriai priklaus\u0117 nuo\u2026\" \/>\n<meta property=\"og:url\" content=\"https:\/\/fkzalgiris.lt\/komanda-sustiprino-talentingas-kroatas\/\" \/>\n<meta property=\"og:site_name\" content=\"FK \u017dalgiris\" \/>\n<meta property=\"article:publisher\" content=\"https:\/\/www.facebook.com\/fkzalgiris\/\" \/>\n<meta property=\"article:published_time\" content=\"2026-01-12T19:36:11+00:00\" \/>\n<meta property=\"article:modified_time\" content=\"2026-01-13T10:16:31+00:00\" \/>\n<meta property=\"og:image\" content=\"https:\/\/fkzalgiris.lt\/wp-content\/uploads\/2024\/02\/social-horiz_Zalgiris_logo_2024.png\" \/>\n\t<meta property=\"og:image:width\" content=\"3356\" \/>\n\t<meta property=\"og:image:height\" content=\"2259\" \/>\n\t<meta property=\"og:image:type\" content=\"image\/png\" \/>\n<meta name=\"author\" content=\"Dovydas Tamosynas\" \/>\n<meta name=\"twitter:card\" content=\"summary_large_image\" \/>\n<meta name=\"twitter:creator\" content=\"@fkzalgiris\" \/>\n<meta name=\"twitter:site\" content=\"@fkzalgiris\" \/>\n<meta name=\"twitter:label1\" content=\"Written by\" \/>\n\t<meta name=\"twitter:data1\" content=\"Dovydas Tamosynas\" \/>\n\t<meta name=\"twitter:label2\" content=\"Est. reading time\" \/>\n\t<meta name=\"twitter:data2\" content=\"2 minut\u0117s\" \/>\n<script type=\"application\/ld+json\" class=\"yoast-schema-graph\">{\"@context\":\"https:\/\/schema.org\",\"@graph\":[{\"@type\":\"Article\",\"@id\":\"https:\/\/fkzalgiris.lt\/komanda-sustiprino-talentingas-kroatas\/#article\",\"isPartOf\":{\"@id\":\"https:\/\/fkzalgiris.lt\/komanda-sustiprino-talentingas-kroatas\/\"},\"author\":{\"name\":\"Dovydas Tamosynas\",\"@id\":\"https:\/\/fkzalgiris.lt\/#\/schema\/person\/2467ea772c08bd6f150d074bfee22870\"},\"headline\":\"Komand\u0105 sustiprino talentingas kroatas\",\"datePublished\":\"2026-01-12T19:36:11+00:00\",\"dateModified\":\"2026-01-13T10:16:31+00:00\",\"mainEntityOfPage\":{\"@id\":\"https:\/\/fkzalgiris.lt\/komanda-sustiprino-talentingas-kroatas\/\"},\"wordCount\":378,\"publisher\":{\"@id\":\"https:\/\/fkzalgiris.lt\/#organization\"},\"articleSection\":[\"\u017dalgiris\"],\"inLanguage\":\"lt-LT\"},{\"@type\":\"WebPage\",\"@id\":\"https:\/\/fkzalgiris.lt\/komanda-sustiprino-talentingas-kroatas\/\",\"url\":\"https:\/\/fkzalgiris.lt\/komanda-sustiprino-talentingas-kroatas\/\",\"name\":\"Komand\u0105 sustiprino talentingas kroatas - FK \u017dalgiris\",\"isPartOf\":{\"@id\":\"https:\/\/fkzalgiris.lt\/#website\"},\"datePublished\":\"2026-01-12T19:36:11+00:00\",\"dateModified\":\"2026-01-13T10:16:31+00:00\",\"breadcrumb\":{\"@id\":\"https:\/\/fkzalgiris.lt\/komanda-sustiprino-talentingas-kroatas\/#breadcrumb\"},\"inLanguage\":\"lt-LT\",\"potentialAction\":[{\"@type\":\"ReadAction\",\"target\":[\"https:\/\/fkzalgiris.lt\/komanda-sustiprino-talentingas-kroatas\/\"]}]},{\"@type\":\"BreadcrumbList\",\"@id\":\"https:\/\/fkzalgiris.lt\/komanda-sustiprino-talentingas-kroatas\/#breadcrumb\",\"itemListElement\":[{\"@type\":\"ListItem\",\"position\":1,\"name\":\"Home\",\"item\":\"https:\/\/fkzalgiris.lt\/\"},{\"@type\":\"ListItem\",\"position\":2,\"name\":\"Komand\u0105 sustiprino talentingas kroatas\"}]},{\"@type\":\"WebSite\",\"@id\":\"https:\/\/fkzalgiris.lt\/#website\",\"url\":\"https:\/\/fkzalgiris.lt\/\",\"name\":\"FK \u017dalgiris\",\"description\":\"oficiali Vilniaus \u201e\u017dalgirio\u201c futbolo klubo svetain\u0117\",\"publisher\":{\"@id\":\"https:\/\/fkzalgiris.lt\/#organization\"},\"potentialAction\":[{\"@type\":\"SearchAction\",\"target\":{\"@type\":\"EntryPoint\",\"urlTemplate\":\"https:\/\/fkzalgiris.lt\/?s={search_term_string}\"},\"query-input\":{\"@type\":\"PropertyValueSpecification\",\"valueRequired\":true,\"valueName\":\"search_term_string\"}}],\"inLanguage\":\"lt-LT\"},{\"@type\":\"Organization\",\"@id\":\"https:\/\/fkzalgiris.lt\/#organization\",\"name\":\"FK \u017dalgiris\",\"url\":\"https:\/\/fkzalgiris.lt\/\",\"logo\":{\"@type\":\"ImageObject\",\"inLanguage\":\"lt-LT\",\"@id\":\"https:\/\/fkzalgiris.lt\/#\/schema\/logo\/image\/\",\"url\":\"https:\/\/fkzalgiris.lt\/wp-content\/uploads\/2024\/01\/horiz-FK-Zalgiris-logo-2015.png\",\"contentUrl\":\"https:\/\/fkzalgiris.lt\/wp-content\/uploads\/2024\/01\/horiz-FK-Zalgiris-logo-2015.png\",\"width\":3073,\"height\":2048,\"caption\":\"FK \u017dalgiris\"},\"image\":{\"@id\":\"https:\/\/fkzalgiris.lt\/#\/schema\/logo\/image\/\"},\"sameAs\":[\"https:\/\/www.facebook.com\/fkzalgiris\/\",\"https:\/\/x.com\/fkzalgiris\",\"https:\/\/www.instagram.com\/fkzalgiris\/\",\"https:\/\/www.youtube.com\/channel\/UC1ag8JLxGirltMUoLlzfZLA\"]},{\"@type\":\"Person\",\"@id\":\"https:\/\/fkzalgiris.lt\/#\/schema\/person\/2467ea772c08bd6f150d074bfee22870\",\"name\":\"Dovydas Tamosynas\"}]}<\/script>\n<!-- \/ Yoast SEO plugin. -->","yoast_head_json":{"title":"Komand\u0105 sustiprino talentingas kroatas - FK \u017dalgiris","robots":{"index":"index","follow":"follow","max-snippet":"max-snippet:-1","max-image-preview":"max-image-preview:large","max-video-preview":"max-video-preview:-1"},"canonical":"https:\/\/fkzalgiris.lt\/komanda-sustiprino-talentingas-kroatas\/","og_locale":"lt_LT","og_type":"article","og_title":"Komand\u0105 sustiprino talentingas kroatas - FK \u017dalgiris","og_description":"Vilniaus \u201e\u017dalgirio\u201c saug\u0173 grand\u012f papild\u0117 21-eri\u0173 futbolininkas i\u0161 Kroatijos \u2013 Marko Capanas. Kroatas ilgus metus tobul\u0117jo gimtosios \u0161alies grando Splito \u201eHajduk\u201c sistemoje, kuriai priklaus\u0117 nuo\u2026","og_url":"https:\/\/fkzalgiris.lt\/komanda-sustiprino-talentingas-kroatas\/","og_site_name":"FK \u017dalgiris","article_publisher":"https:\/\/www.facebook.com\/fkzalgiris\/","article_published_time":"2026-01-12T19:36:11+00:00","article_modified_time":"2026-01-13T10:16:31+00:00","og_image":[{"width":3356,"height":2259,"url":"https:\/\/fkzalgiris.lt\/wp-content\/uploads\/2024\/02\/social-horiz_Zalgiris_logo_2024.png","type":"image\/png"}],"author":"Dovydas Tamosynas","twitter_card":"summary_large_image","twitter_creator":"@fkzalgiris","twitter_site":"@fkzalgiris","twitter_misc":{"Written by":"Dovydas Tamosynas","Est. reading time":"2 minut\u0117s"},"schema":{"@context":"https:\/\/schema.org","@graph":[{"@type":"Article","@id":"https:\/\/fkzalgiris.lt\/komanda-sustiprino-talentingas-kroatas\/#article","isPartOf":{"@id":"https:\/\/fkzalgiris.lt\/komanda-sustiprino-talentingas-kroatas\/"},"author":{"name":"Dovydas Tamosynas","@id":"https:\/\/fkzalgiris.lt\/#\/schema\/person\/2467ea772c08bd6f150d074bfee22870"},"headline":"Komand\u0105 sustiprino talentingas kroatas","datePublished":"2026-01-12T19:36:11+00:00","dateModified":"2026-01-13T10:16:31+00:00","mainEntityOfPage":{"@id":"https:\/\/fkzalgiris.lt\/komanda-sustiprino-talentingas-kroatas\/"},"wordCount":378,"publisher":{"@id":"https:\/\/fkzalgiris.lt\/#organization"},"articleSection":["\u017dalgiris"],"inLanguage":"lt-LT"},{"@type":"WebPage","@id":"https:\/\/fkzalgiris.lt\/komanda-sustiprino-talentingas-kroatas\/","url":"https:\/\/fkzalgiris.lt\/komanda-sustiprino-talentingas-kroatas\/","name":"Komand\u0105 sustiprino talentingas kroatas - FK \u017dalgiris","isPartOf":{"@id":"https:\/\/fkzalgiris.lt\/#website"},"datePublished":"2026-01-12T19:36:11+00:00","dateModified":"2026-01-13T10:16:31+00:00","breadcrumb":{"@id":"https:\/\/fkzalgiris.lt\/komanda-sustiprino-talentingas-kroatas\/#breadcrumb"},"inLanguage":"lt-LT","potentialAction":[{"@type":"ReadAction","target":["https:\/\/fkzalgiris.lt\/komanda-sustiprino-talentingas-kroatas\/"]}]},{"@type":"BreadcrumbList","@id":"https:\/\/fkzalgiris.lt\/komanda-sustiprino-talentingas-kroatas\/#breadcrumb","itemListElement":[{"@type":"ListItem","position":1,"name":"Home","item":"https:\/\/fkzalgiris.lt\/"},{"@type":"ListItem","position":2,"name":"Komand\u0105 sustiprino talentingas kroatas"}]},{"@type":"WebSite","@id":"https:\/\/fkzalgiris.lt\/#website","url":"https:\/\/fkzalgiris.lt\/","name":"FK \u017dalgiris","description":"oficiali Vilniaus \u201e\u017dalgirio\u201c futbolo klubo svetain\u0117","publisher":{"@id":"https:\/\/fkzalgiris.lt\/#organization"},"potentialAction":[{"@type":"SearchAction","target":{"@type":"EntryPoint","urlTemplate":"https:\/\/fkzalgiris.lt\/?s={search_term_string}"},"query-input":{"@type":"PropertyValueSpecification","valueRequired":true,"valueName":"search_term_string"}}],"inLanguage":"lt-LT"},{"@type":"Organization","@id":"https:\/\/fkzalgiris.lt\/#organization","name":"FK \u017dalgiris","url":"https:\/\/fkzalgiris.lt\/","logo":{"@type":"ImageObject","inLanguage":"lt-LT","@id":"https:\/\/fkzalgiris.lt\/#\/schema\/logo\/image\/","url":"https:\/\/fkzalgiris.lt\/wp-content\/uploads\/2024\/01\/horiz-FK-Zalgiris-logo-2015.png","contentUrl":"https:\/\/fkzalgiris.lt\/wp-content\/uploads\/2024\/01\/horiz-FK-Zalgiris-logo-2015.png","width":3073,"height":2048,"caption":"FK \u017dalgiris"},"image":{"@id":"https:\/\/fkzalgiris.lt\/#\/schema\/logo\/image\/"},"sameAs":["https:\/\/www.facebook.com\/fkzalgiris\/","https:\/\/x.com\/fkzalgiris","https:\/\/www.instagram.com\/fkzalgiris\/","https:\/\/www.youtube.com\/channel\/UC1ag8JLxGirltMUoLlzfZLA"]},{"@type":"Person","@id":"https:\/\/fkzalgiris.lt\/#\/schema\/person\/2467ea772c08bd6f150d074bfee22870","name":"Dovydas Tamosynas"}]}},"_links":{"self":[{"href":"https:\/\/fkzalgiris.lt\/api\/wp\/v2\/posts\/19417","targetHints":{"allow":["GET"]}}],"collection":[{"href":"https:\/\/fkzalgiris.lt\/api\/wp\/v2\/posts"}],"about":[{"href":"https:\/\/fkzalgiris.lt\/api\/wp\/v2\/types\/post"}],"author":[{"embeddable":true,"href":"https:\/\/fkzalgiris.lt\/api\/wp\/v2\/users\/12"}],"replies":[{"embeddable":true,"href":"https:\/\/fkzalgiris.lt\/api\/wp\/v2\/comments?post=19417"}],"version-history":[{"count":10,"href":"https:\/\/fkzalgiris.lt\/api\/wp\/v2\/posts\/19417\/revisions"}],"predecessor-version":[{"id":19435,"href":"https:\/\/fkzalgiris.lt\/api\/wp\/v2\/posts\/19417\/revisions\/19435"}],"wp:attachment":[{"href":"https:\/\/fkzalgiris.lt\/api\/wp\/v2\/media?parent=19417"}],"wp:term":[{"taxonomy":"category","embeddable":true,"href":"https:\/\/fkzalgiris.lt\/api\/wp\/v2\/categories?post=19417"}],"curies":[{"name":"wp","href":"https:\/\/api.w.org\/{rel}","templated":true}]}}