{"id":19242,"date":"2025-12-12T18:11:35","date_gmt":"2025-12-12T16:11:35","guid":{"rendered":"https:\/\/fkzalgiris.lt\/?p=19242"},"modified":"2025-12-12T18:11:35","modified_gmt":"2025-12-12T16:11:35","slug":"komanda-papilde-v-sarkauskas","status":"publish","type":"post","link":"https:\/\/fkzalgiris.lt\/komanda-papilde-v-sarkauskas\/","title":{"rendered":"Komand\u0105 papild\u0117 V. \u0160arkauskas"},"content":{"rendered":"<p>Dar vienas lietuvi\u0161kas pastiprinimas klube \u2013 prie Vilniaus \u201e\u017dalgirio\u201c prisijung\u0117 26-eri\u0173 vart\u0173 sargas Vincentas \u0160arkauskas.<\/p>\n<p>Pastaruosius tris sezonus vartininkas praleido Kauno rajono \u201eHegelmann\u201c komandoje.<\/p>\n<p>\u201ePuikiai pa\u017e\u012fstu Vincent\u0105 jau ne vienerius metus. D\u017eiaugiam\u0117s, jog \u0161is patikimas vartininkas prisijung\u0117 prie m\u016bs\u0173 komandos. Tai \u2013 vis dar kylantis \u017eaid\u0117jas, tad bus smagu ir toliau i\u0161 arti steb\u0117ti Vincento potencial\u0105\u201c, \u2013 kalb\u0117jo klubo sporto direktorius Giedrius Klevinskas.<\/p>\n<p>Komandos naujokas teig\u0117, jog kartu su komanda sieks tik pa\u010di\u0173 auk\u0161\u010diausi\u0173 tiksl\u0173.<\/p>\n<p>\u201eD\u017eiaugiuosi prisijung\u0119s prie Vilniaus \u201e\u017dalgirio\u201c klubo. Kartu sieksime auk\u0161\u010diausi\u0173 tiksl\u0173. Labai laukiu art\u0117jan\u010dio sezono\u201c, \u2013 kalb\u0117jo Vincentas.<\/p>\n<p>Praeityje vart\u0173 sargas yra rungtyniav\u0119s ir Klaip\u0117dos \u201eAtlanto\u201c, Vilniaus \u201eRiteri\u0173\u201c, Tel\u0161i\u0173 \u201eD\u017eiugo\u201c, Ispanijos Guijuelo miestelio \u201eClub Deportivo Guijuelo\u201c bei Alytaus \u201eDainavos\u201c ekipose.<\/p>\n<p>Rungtyniaudamas Kauno raj. ekipoje, V. \u0160arkauskas pra\u0117jusiame sezone dukart gyn\u0117 vartus UEFA Konferencij\u0173 lygos atrankoje. Vartininkas yra sulauk\u0119s ir kvietimo \u012f nacionalin\u0119 rinktin\u0119.<\/p>\n<p>Prab\u0117gusiame A lygos sezone Vincentas \u012f aik\u0161t\u0119 \u017eeng\u0117 25-iose rungtyn\u0117se, per kurias 10-yje susitikim\u0173 nepraleido n\u0117 vieno \u012fvar\u010dio.<\/p>\n","protected":false},"excerpt":{"rendered":"<p>Dar vienas lietuvi\u0161kas pastiprinimas klube \u2013 prie Vilniaus \u201e\u017dalgirio\u201c prisijung\u0117 26-eri\u0173 vart\u0173 sargas Vincentas \u0160arkauskas. Pastaruosius tris sezonus vartininkas praleido Kauno rajono \u201eHegelmann\u201c komandoje. \u201ePuikiai\u2026<\/p>\n","protected":false},"author":12,"featured_media":0,"comment_status":"closed","ping_status":"closed","sticky":false,"template":"","format":"standard","meta":{"_acf_changed":false,"footnotes":""},"categories":[87],"class_list":["post-19242","post","type-post","status-publish","format-standard","hentry","category-zalgiris"],"acf":[],"yoast_head":"<!-- This site is optimized with the Yoast SEO plugin v26.8 - https:\/\/yoast.com\/product\/yoast-seo-wordpress\/ -->\n<title>Komand\u0105 papild\u0117 V. \u0160arkauskas - FK \u017dalgiris<\/title>\n<meta name=\"robots\" content=\"index, follow, max-snippet:-1, max-image-preview:large, max-video-preview:-1\" \/>\n<link rel=\"canonical\" href=\"https:\/\/fkzalgiris.lt\/komanda-papilde-v-sarkauskas\/\" \/>\n<meta property=\"og:locale\" content=\"lt_LT\" \/>\n<meta property=\"og:type\" content=\"article\" \/>\n<meta property=\"og:title\" content=\"Komand\u0105 papild\u0117 V. \u0160arkauskas - FK \u017dalgiris\" \/>\n<meta property=\"og:description\" content=\"Dar vienas lietuvi\u0161kas pastiprinimas klube \u2013 prie Vilniaus \u201e\u017dalgirio\u201c prisijung\u0117 26-eri\u0173 vart\u0173 sargas Vincentas \u0160arkauskas. Pastaruosius tris sezonus vartininkas praleido Kauno rajono \u201eHegelmann\u201c komandoje. \u201ePuikiai\u2026\" \/>\n<meta property=\"og:url\" content=\"https:\/\/fkzalgiris.lt\/komanda-papilde-v-sarkauskas\/\" \/>\n<meta property=\"og:site_name\" content=\"FK \u017dalgiris\" \/>\n<meta property=\"article:publisher\" content=\"https:\/\/www.facebook.com\/fkzalgiris\/\" \/>\n<meta property=\"article:published_time\" content=\"2025-12-12T16:11:35+00:00\" \/>\n<meta property=\"og:image\" content=\"https:\/\/fkzalgiris.lt\/wp-content\/uploads\/2024\/02\/social-horiz_Zalgiris_logo_2024.png\" \/>\n\t<meta property=\"og:image:width\" content=\"3356\" \/>\n\t<meta property=\"og:image:height\" content=\"2259\" \/>\n\t<meta property=\"og:image:type\" content=\"image\/png\" \/>\n<meta name=\"author\" content=\"Dovydas Tamosynas\" \/>\n<meta name=\"twitter:card\" content=\"summary_large_image\" \/>\n<meta name=\"twitter:creator\" content=\"@fkzalgiris\" \/>\n<meta name=\"twitter:site\" content=\"@fkzalgiris\" \/>\n<meta name=\"twitter:label1\" content=\"Written by\" \/>\n\t<meta name=\"twitter:data1\" content=\"Dovydas Tamosynas\" \/>\n\t<meta name=\"twitter:label2\" content=\"Est. reading time\" \/>\n\t<meta name=\"twitter:data2\" content=\"1 minut\u0117\" \/>\n<script type=\"application\/ld+json\" class=\"yoast-schema-graph\">{\"@context\":\"https:\/\/schema.org\",\"@graph\":[{\"@type\":\"Article\",\"@id\":\"https:\/\/fkzalgiris.lt\/komanda-papilde-v-sarkauskas\/#article\",\"isPartOf\":{\"@id\":\"https:\/\/fkzalgiris.lt\/komanda-papilde-v-sarkauskas\/\"},\"author\":{\"name\":\"Dovydas Tamosynas\",\"@id\":\"https:\/\/fkzalgiris.lt\/#\/schema\/person\/2467ea772c08bd6f150d074bfee22870\"},\"headline\":\"Komand\u0105 papild\u0117 V. \u0160arkauskas\",\"datePublished\":\"2025-12-12T16:11:35+00:00\",\"mainEntityOfPage\":{\"@id\":\"https:\/\/fkzalgiris.lt\/komanda-papilde-v-sarkauskas\/\"},\"wordCount\":179,\"publisher\":{\"@id\":\"https:\/\/fkzalgiris.lt\/#organization\"},\"articleSection\":[\"\u017dalgiris\"],\"inLanguage\":\"lt-LT\"},{\"@type\":\"WebPage\",\"@id\":\"https:\/\/fkzalgiris.lt\/komanda-papilde-v-sarkauskas\/\",\"url\":\"https:\/\/fkzalgiris.lt\/komanda-papilde-v-sarkauskas\/\",\"name\":\"Komand\u0105 papild\u0117 V. \u0160arkauskas - FK \u017dalgiris\",\"isPartOf\":{\"@id\":\"https:\/\/fkzalgiris.lt\/#website\"},\"datePublished\":\"2025-12-12T16:11:35+00:00\",\"breadcrumb\":{\"@id\":\"https:\/\/fkzalgiris.lt\/komanda-papilde-v-sarkauskas\/#breadcrumb\"},\"inLanguage\":\"lt-LT\",\"potentialAction\":[{\"@type\":\"ReadAction\",\"target\":[\"https:\/\/fkzalgiris.lt\/komanda-papilde-v-sarkauskas\/\"]}]},{\"@type\":\"BreadcrumbList\",\"@id\":\"https:\/\/fkzalgiris.lt\/komanda-papilde-v-sarkauskas\/#breadcrumb\",\"itemListElement\":[{\"@type\":\"ListItem\",\"position\":1,\"name\":\"Home\",\"item\":\"https:\/\/fkzalgiris.lt\/\"},{\"@type\":\"ListItem\",\"position\":2,\"name\":\"Komand\u0105 papild\u0117 V. \u0160arkauskas\"}]},{\"@type\":\"WebSite\",\"@id\":\"https:\/\/fkzalgiris.lt\/#website\",\"url\":\"https:\/\/fkzalgiris.lt\/\",\"name\":\"FK \u017dalgiris\",\"description\":\"oficiali Vilniaus \u201e\u017dalgirio\u201c futbolo klubo svetain\u0117\",\"publisher\":{\"@id\":\"https:\/\/fkzalgiris.lt\/#organization\"},\"potentialAction\":[{\"@type\":\"SearchAction\",\"target\":{\"@type\":\"EntryPoint\",\"urlTemplate\":\"https:\/\/fkzalgiris.lt\/?s={search_term_string}\"},\"query-input\":{\"@type\":\"PropertyValueSpecification\",\"valueRequired\":true,\"valueName\":\"search_term_string\"}}],\"inLanguage\":\"lt-LT\"},{\"@type\":\"Organization\",\"@id\":\"https:\/\/fkzalgiris.lt\/#organization\",\"name\":\"FK \u017dalgiris\",\"url\":\"https:\/\/fkzalgiris.lt\/\",\"logo\":{\"@type\":\"ImageObject\",\"inLanguage\":\"lt-LT\",\"@id\":\"https:\/\/fkzalgiris.lt\/#\/schema\/logo\/image\/\",\"url\":\"https:\/\/fkzalgiris.lt\/wp-content\/uploads\/2024\/01\/horiz-FK-Zalgiris-logo-2015.png\",\"contentUrl\":\"https:\/\/fkzalgiris.lt\/wp-content\/uploads\/2024\/01\/horiz-FK-Zalgiris-logo-2015.png\",\"width\":3073,\"height\":2048,\"caption\":\"FK \u017dalgiris\"},\"image\":{\"@id\":\"https:\/\/fkzalgiris.lt\/#\/schema\/logo\/image\/\"},\"sameAs\":[\"https:\/\/www.facebook.com\/fkzalgiris\/\",\"https:\/\/x.com\/fkzalgiris\",\"https:\/\/www.instagram.com\/fkzalgiris\/\",\"https:\/\/www.youtube.com\/channel\/UC1ag8JLxGirltMUoLlzfZLA\"]},{\"@type\":\"Person\",\"@id\":\"https:\/\/fkzalgiris.lt\/#\/schema\/person\/2467ea772c08bd6f150d074bfee22870\",\"name\":\"Dovydas Tamosynas\"}]}<\/script>\n<!-- \/ Yoast SEO plugin. -->","yoast_head_json":{"title":"Komand\u0105 papild\u0117 V. \u0160arkauskas - FK \u017dalgiris","robots":{"index":"index","follow":"follow","max-snippet":"max-snippet:-1","max-image-preview":"max-image-preview:large","max-video-preview":"max-video-preview:-1"},"canonical":"https:\/\/fkzalgiris.lt\/komanda-papilde-v-sarkauskas\/","og_locale":"lt_LT","og_type":"article","og_title":"Komand\u0105 papild\u0117 V. \u0160arkauskas - FK \u017dalgiris","og_description":"Dar vienas lietuvi\u0161kas pastiprinimas klube \u2013 prie Vilniaus \u201e\u017dalgirio\u201c prisijung\u0117 26-eri\u0173 vart\u0173 sargas Vincentas \u0160arkauskas. Pastaruosius tris sezonus vartininkas praleido Kauno rajono \u201eHegelmann\u201c komandoje. \u201ePuikiai\u2026","og_url":"https:\/\/fkzalgiris.lt\/komanda-papilde-v-sarkauskas\/","og_site_name":"FK \u017dalgiris","article_publisher":"https:\/\/www.facebook.com\/fkzalgiris\/","article_published_time":"2025-12-12T16:11:35+00:00","og_image":[{"width":3356,"height":2259,"url":"https:\/\/fkzalgiris.lt\/wp-content\/uploads\/2024\/02\/social-horiz_Zalgiris_logo_2024.png","type":"image\/png"}],"author":"Dovydas Tamosynas","twitter_card":"summary_large_image","twitter_creator":"@fkzalgiris","twitter_site":"@fkzalgiris","twitter_misc":{"Written by":"Dovydas Tamosynas","Est. reading time":"1 minut\u0117"},"schema":{"@context":"https:\/\/schema.org","@graph":[{"@type":"Article","@id":"https:\/\/fkzalgiris.lt\/komanda-papilde-v-sarkauskas\/#article","isPartOf":{"@id":"https:\/\/fkzalgiris.lt\/komanda-papilde-v-sarkauskas\/"},"author":{"name":"Dovydas Tamosynas","@id":"https:\/\/fkzalgiris.lt\/#\/schema\/person\/2467ea772c08bd6f150d074bfee22870"},"headline":"Komand\u0105 papild\u0117 V. \u0160arkauskas","datePublished":"2025-12-12T16:11:35+00:00","mainEntityOfPage":{"@id":"https:\/\/fkzalgiris.lt\/komanda-papilde-v-sarkauskas\/"},"wordCount":179,"publisher":{"@id":"https:\/\/fkzalgiris.lt\/#organization"},"articleSection":["\u017dalgiris"],"inLanguage":"lt-LT"},{"@type":"WebPage","@id":"https:\/\/fkzalgiris.lt\/komanda-papilde-v-sarkauskas\/","url":"https:\/\/fkzalgiris.lt\/komanda-papilde-v-sarkauskas\/","name":"Komand\u0105 papild\u0117 V. \u0160arkauskas - FK \u017dalgiris","isPartOf":{"@id":"https:\/\/fkzalgiris.lt\/#website"},"datePublished":"2025-12-12T16:11:35+00:00","breadcrumb":{"@id":"https:\/\/fkzalgiris.lt\/komanda-papilde-v-sarkauskas\/#breadcrumb"},"inLanguage":"lt-LT","potentialAction":[{"@type":"ReadAction","target":["https:\/\/fkzalgiris.lt\/komanda-papilde-v-sarkauskas\/"]}]},{"@type":"BreadcrumbList","@id":"https:\/\/fkzalgiris.lt\/komanda-papilde-v-sarkauskas\/#breadcrumb","itemListElement":[{"@type":"ListItem","position":1,"name":"Home","item":"https:\/\/fkzalgiris.lt\/"},{"@type":"ListItem","position":2,"name":"Komand\u0105 papild\u0117 V. \u0160arkauskas"}]},{"@type":"WebSite","@id":"https:\/\/fkzalgiris.lt\/#website","url":"https:\/\/fkzalgiris.lt\/","name":"FK \u017dalgiris","description":"oficiali Vilniaus \u201e\u017dalgirio\u201c futbolo klubo svetain\u0117","publisher":{"@id":"https:\/\/fkzalgiris.lt\/#organization"},"potentialAction":[{"@type":"SearchAction","target":{"@type":"EntryPoint","urlTemplate":"https:\/\/fkzalgiris.lt\/?s={search_term_string}"},"query-input":{"@type":"PropertyValueSpecification","valueRequired":true,"valueName":"search_term_string"}}],"inLanguage":"lt-LT"},{"@type":"Organization","@id":"https:\/\/fkzalgiris.lt\/#organization","name":"FK \u017dalgiris","url":"https:\/\/fkzalgiris.lt\/","logo":{"@type":"ImageObject","inLanguage":"lt-LT","@id":"https:\/\/fkzalgiris.lt\/#\/schema\/logo\/image\/","url":"https:\/\/fkzalgiris.lt\/wp-content\/uploads\/2024\/01\/horiz-FK-Zalgiris-logo-2015.png","contentUrl":"https:\/\/fkzalgiris.lt\/wp-content\/uploads\/2024\/01\/horiz-FK-Zalgiris-logo-2015.png","width":3073,"height":2048,"caption":"FK \u017dalgiris"},"image":{"@id":"https:\/\/fkzalgiris.lt\/#\/schema\/logo\/image\/"},"sameAs":["https:\/\/www.facebook.com\/fkzalgiris\/","https:\/\/x.com\/fkzalgiris","https:\/\/www.instagram.com\/fkzalgiris\/","https:\/\/www.youtube.com\/channel\/UC1ag8JLxGirltMUoLlzfZLA"]},{"@type":"Person","@id":"https:\/\/fkzalgiris.lt\/#\/schema\/person\/2467ea772c08bd6f150d074bfee22870","name":"Dovydas Tamosynas"}]}},"_links":{"self":[{"href":"https:\/\/fkzalgiris.lt\/api\/wp\/v2\/posts\/19242","targetHints":{"allow":["GET"]}}],"collection":[{"href":"https:\/\/fkzalgiris.lt\/api\/wp\/v2\/posts"}],"about":[{"href":"https:\/\/fkzalgiris.lt\/api\/wp\/v2\/types\/post"}],"author":[{"embeddable":true,"href":"https:\/\/fkzalgiris.lt\/api\/wp\/v2\/users\/12"}],"replies":[{"embeddable":true,"href":"https:\/\/fkzalgiris.lt\/api\/wp\/v2\/comments?post=19242"}],"version-history":[{"count":3,"href":"https:\/\/fkzalgiris.lt\/api\/wp\/v2\/posts\/19242\/revisions"}],"predecessor-version":[{"id":19255,"href":"https:\/\/fkzalgiris.lt\/api\/wp\/v2\/posts\/19242\/revisions\/19255"}],"wp:attachment":[{"href":"https:\/\/fkzalgiris.lt\/api\/wp\/v2\/media?parent=19242"}],"wp:term":[{"taxonomy":"category","embeddable":true,"href":"https:\/\/fkzalgiris.lt\/api\/wp\/v2\/categories?post=19242"}],"curies":[{"name":"wp","href":"https:\/\/api.w.org\/{rel}","templated":true}]}}