{"id":19083,"date":"2025-11-24T21:25:22","date_gmt":"2025-11-24T19:25:22","guid":{"rendered":"https:\/\/fkzalgiris.lt\/?p=19083"},"modified":"2025-11-24T23:44:12","modified_gmt":"2025-11-24T21:44:12","slug":"atsisveikinta-su-l-dumanciciumi","status":"publish","type":"post","link":"https:\/\/fkzalgiris.lt\/atsisveikinta-su-l-dumanciciumi\/","title":{"rendered":"Atsisveikinta su L. Duman\u010di\u010diumi"},"content":{"rendered":"<p>Vilniaus \u201e\u017dalgirio\u201c komandoje kit\u0105 sezon\u0105 nebus gyn\u0117jo Luka Duman\u010di\u010diaus \u2013 su legionieriumi i\u0161 Kroatijos sutartis nutraukta abipusiu susitarimu.<\/p>\n<p>27 met\u0173 \u017eaid\u0117jas \u012f Vilni\u0173 atvyko bir\u017eelio m\u0117nes\u012f.<\/p>\n<p>Per tris m\u0117nesius kroatas komandoje su\u017eaid\u0117 14 rungtyni\u0173 ir \u012fmu\u0161\u0117 3 \u012fvar\u010dius.<\/p>\n<p>Gyn\u0117jas tiksl\u016bs sm\u016bgiai nul\u0117m\u0117 pergal\u0119 prie\u0161 \u201eBang\u0105\u201c ir lygi\u0105sias \u201e\u0160iauliuose\u201c, o taip pat atidar\u0117 komandos \u012fvar\u010di\u0173 s\u0105skait\u0105 prie\u0161 \u201eRiterius\u201c.<\/p>\n<p>Sezono pabaigoje futbolininkas patyr\u0117 traum\u0105 ir v\u0117liau \u012f startin\u0119 sud\u0117t\u012f negr\u012f\u017eo.<\/p>\n<p>\u201eVieno gra\u017eaus etapo pabaiga. D\u0117koju visiems \u201e\u017dalgirio\u201c fanams ir visiems geriems \u017emon\u0117ms klube. Buvo malonu \u017eaisti did\u017eiausiame Lietuvos klube. Linkiu jums gero kit\u0105 sezon\u0105 ir gyvenime\u201c, &#8211; atsisveikindamas ra\u0161\u0117 L. Duman\u010di\u010dius.<\/p>\n<p>&nbsp;<\/p>\n","protected":false},"excerpt":{"rendered":"<p>Vilniaus \u201e\u017dalgirio\u201c komandoje kit\u0105 sezon\u0105 nebus gyn\u0117jo Luka Duman\u010di\u010diaus \u2013 su legionieriumi i\u0161 Kroatijos sutartis nutraukta abipusiu susitarimu. 27 met\u0173 \u017eaid\u0117jas \u012f Vilni\u0173 atvyko bir\u017eelio\u2026<\/p>\n","protected":false},"author":4,"featured_media":0,"comment_status":"closed","ping_status":"closed","sticky":false,"template":"","format":"standard","meta":{"_acf_changed":false,"footnotes":""},"categories":[87],"class_list":["post-19083","post","type-post","status-publish","format-standard","hentry","category-zalgiris"],"acf":[],"yoast_head":"<!-- This site is optimized with the Yoast SEO plugin v26.8 - https:\/\/yoast.com\/product\/yoast-seo-wordpress\/ -->\n<title>Atsisveikinta su L. Duman\u010di\u010diumi - FK \u017dalgiris<\/title>\n<meta name=\"robots\" content=\"index, follow, max-snippet:-1, max-image-preview:large, max-video-preview:-1\" \/>\n<link rel=\"canonical\" href=\"https:\/\/fkzalgiris.lt\/atsisveikinta-su-l-dumanciciumi\/\" \/>\n<meta property=\"og:locale\" content=\"lt_LT\" \/>\n<meta property=\"og:type\" content=\"article\" \/>\n<meta property=\"og:title\" content=\"Atsisveikinta su L. Duman\u010di\u010diumi - FK \u017dalgiris\" \/>\n<meta property=\"og:description\" content=\"Vilniaus \u201e\u017dalgirio\u201c komandoje kit\u0105 sezon\u0105 nebus gyn\u0117jo Luka Duman\u010di\u010diaus \u2013 su legionieriumi i\u0161 Kroatijos sutartis nutraukta abipusiu susitarimu. 27 met\u0173 \u017eaid\u0117jas \u012f Vilni\u0173 atvyko bir\u017eelio\u2026\" \/>\n<meta property=\"og:url\" content=\"https:\/\/fkzalgiris.lt\/atsisveikinta-su-l-dumanciciumi\/\" \/>\n<meta property=\"og:site_name\" content=\"FK \u017dalgiris\" \/>\n<meta property=\"article:publisher\" content=\"https:\/\/www.facebook.com\/fkzalgiris\/\" \/>\n<meta property=\"article:published_time\" content=\"2025-11-24T19:25:22+00:00\" \/>\n<meta property=\"article:modified_time\" content=\"2025-11-24T21:44:12+00:00\" \/>\n<meta property=\"og:image\" content=\"https:\/\/fkzalgiris.lt\/wp-content\/uploads\/2024\/02\/social-horiz_Zalgiris_logo_2024.png\" \/>\n\t<meta property=\"og:image:width\" content=\"3356\" \/>\n\t<meta property=\"og:image:height\" content=\"2259\" \/>\n\t<meta property=\"og:image:type\" content=\"image\/png\" \/>\n<meta name=\"author\" content=\"J\" \/>\n<meta name=\"twitter:card\" content=\"summary_large_image\" \/>\n<meta name=\"twitter:creator\" content=\"@fkzalgiris\" \/>\n<meta name=\"twitter:site\" content=\"@fkzalgiris\" \/>\n<meta name=\"twitter:label1\" content=\"Written by\" \/>\n\t<meta name=\"twitter:data1\" content=\"J\" \/>\n\t<meta name=\"twitter:label2\" content=\"Est. reading time\" \/>\n\t<meta name=\"twitter:data2\" content=\"1 minut\u0117\" \/>\n<script type=\"application\/ld+json\" class=\"yoast-schema-graph\">{\"@context\":\"https:\/\/schema.org\",\"@graph\":[{\"@type\":\"Article\",\"@id\":\"https:\/\/fkzalgiris.lt\/atsisveikinta-su-l-dumanciciumi\/#article\",\"isPartOf\":{\"@id\":\"https:\/\/fkzalgiris.lt\/atsisveikinta-su-l-dumanciciumi\/\"},\"author\":{\"name\":\"J\",\"@id\":\"https:\/\/fkzalgiris.lt\/#\/schema\/person\/8604babbba794a7d8767be324a3eaac8\"},\"headline\":\"Atsisveikinta su L. Duman\u010di\u010diumi\",\"datePublished\":\"2025-11-24T19:25:22+00:00\",\"dateModified\":\"2025-11-24T21:44:12+00:00\",\"mainEntityOfPage\":{\"@id\":\"https:\/\/fkzalgiris.lt\/atsisveikinta-su-l-dumanciciumi\/\"},\"wordCount\":125,\"publisher\":{\"@id\":\"https:\/\/fkzalgiris.lt\/#organization\"},\"articleSection\":[\"\u017dalgiris\"],\"inLanguage\":\"lt-LT\"},{\"@type\":\"WebPage\",\"@id\":\"https:\/\/fkzalgiris.lt\/atsisveikinta-su-l-dumanciciumi\/\",\"url\":\"https:\/\/fkzalgiris.lt\/atsisveikinta-su-l-dumanciciumi\/\",\"name\":\"Atsisveikinta su L. Duman\u010di\u010diumi - FK \u017dalgiris\",\"isPartOf\":{\"@id\":\"https:\/\/fkzalgiris.lt\/#website\"},\"datePublished\":\"2025-11-24T19:25:22+00:00\",\"dateModified\":\"2025-11-24T21:44:12+00:00\",\"breadcrumb\":{\"@id\":\"https:\/\/fkzalgiris.lt\/atsisveikinta-su-l-dumanciciumi\/#breadcrumb\"},\"inLanguage\":\"lt-LT\",\"potentialAction\":[{\"@type\":\"ReadAction\",\"target\":[\"https:\/\/fkzalgiris.lt\/atsisveikinta-su-l-dumanciciumi\/\"]}]},{\"@type\":\"BreadcrumbList\",\"@id\":\"https:\/\/fkzalgiris.lt\/atsisveikinta-su-l-dumanciciumi\/#breadcrumb\",\"itemListElement\":[{\"@type\":\"ListItem\",\"position\":1,\"name\":\"Home\",\"item\":\"https:\/\/fkzalgiris.lt\/\"},{\"@type\":\"ListItem\",\"position\":2,\"name\":\"Atsisveikinta su L. Duman\u010di\u010diumi\"}]},{\"@type\":\"WebSite\",\"@id\":\"https:\/\/fkzalgiris.lt\/#website\",\"url\":\"https:\/\/fkzalgiris.lt\/\",\"name\":\"FK \u017dalgiris\",\"description\":\"oficiali Vilniaus \u201e\u017dalgirio\u201c futbolo klubo svetain\u0117\",\"publisher\":{\"@id\":\"https:\/\/fkzalgiris.lt\/#organization\"},\"potentialAction\":[{\"@type\":\"SearchAction\",\"target\":{\"@type\":\"EntryPoint\",\"urlTemplate\":\"https:\/\/fkzalgiris.lt\/?s={search_term_string}\"},\"query-input\":{\"@type\":\"PropertyValueSpecification\",\"valueRequired\":true,\"valueName\":\"search_term_string\"}}],\"inLanguage\":\"lt-LT\"},{\"@type\":\"Organization\",\"@id\":\"https:\/\/fkzalgiris.lt\/#organization\",\"name\":\"FK \u017dalgiris\",\"url\":\"https:\/\/fkzalgiris.lt\/\",\"logo\":{\"@type\":\"ImageObject\",\"inLanguage\":\"lt-LT\",\"@id\":\"https:\/\/fkzalgiris.lt\/#\/schema\/logo\/image\/\",\"url\":\"https:\/\/fkzalgiris.lt\/wp-content\/uploads\/2024\/01\/horiz-FK-Zalgiris-logo-2015.png\",\"contentUrl\":\"https:\/\/fkzalgiris.lt\/wp-content\/uploads\/2024\/01\/horiz-FK-Zalgiris-logo-2015.png\",\"width\":3073,\"height\":2048,\"caption\":\"FK \u017dalgiris\"},\"image\":{\"@id\":\"https:\/\/fkzalgiris.lt\/#\/schema\/logo\/image\/\"},\"sameAs\":[\"https:\/\/www.facebook.com\/fkzalgiris\/\",\"https:\/\/x.com\/fkzalgiris\",\"https:\/\/www.instagram.com\/fkzalgiris\/\",\"https:\/\/www.youtube.com\/channel\/UC1ag8JLxGirltMUoLlzfZLA\"]},{\"@type\":\"Person\",\"@id\":\"https:\/\/fkzalgiris.lt\/#\/schema\/person\/8604babbba794a7d8767be324a3eaac8\",\"name\":\"J\"}]}<\/script>\n<!-- \/ Yoast SEO plugin. -->","yoast_head_json":{"title":"Atsisveikinta su L. Duman\u010di\u010diumi - FK \u017dalgiris","robots":{"index":"index","follow":"follow","max-snippet":"max-snippet:-1","max-image-preview":"max-image-preview:large","max-video-preview":"max-video-preview:-1"},"canonical":"https:\/\/fkzalgiris.lt\/atsisveikinta-su-l-dumanciciumi\/","og_locale":"lt_LT","og_type":"article","og_title":"Atsisveikinta su L. Duman\u010di\u010diumi - FK \u017dalgiris","og_description":"Vilniaus \u201e\u017dalgirio\u201c komandoje kit\u0105 sezon\u0105 nebus gyn\u0117jo Luka Duman\u010di\u010diaus \u2013 su legionieriumi i\u0161 Kroatijos sutartis nutraukta abipusiu susitarimu. 27 met\u0173 \u017eaid\u0117jas \u012f Vilni\u0173 atvyko bir\u017eelio\u2026","og_url":"https:\/\/fkzalgiris.lt\/atsisveikinta-su-l-dumanciciumi\/","og_site_name":"FK \u017dalgiris","article_publisher":"https:\/\/www.facebook.com\/fkzalgiris\/","article_published_time":"2025-11-24T19:25:22+00:00","article_modified_time":"2025-11-24T21:44:12+00:00","og_image":[{"width":3356,"height":2259,"url":"https:\/\/fkzalgiris.lt\/wp-content\/uploads\/2024\/02\/social-horiz_Zalgiris_logo_2024.png","type":"image\/png"}],"author":"J","twitter_card":"summary_large_image","twitter_creator":"@fkzalgiris","twitter_site":"@fkzalgiris","twitter_misc":{"Written by":"J","Est. reading time":"1 minut\u0117"},"schema":{"@context":"https:\/\/schema.org","@graph":[{"@type":"Article","@id":"https:\/\/fkzalgiris.lt\/atsisveikinta-su-l-dumanciciumi\/#article","isPartOf":{"@id":"https:\/\/fkzalgiris.lt\/atsisveikinta-su-l-dumanciciumi\/"},"author":{"name":"J","@id":"https:\/\/fkzalgiris.lt\/#\/schema\/person\/8604babbba794a7d8767be324a3eaac8"},"headline":"Atsisveikinta su L. Duman\u010di\u010diumi","datePublished":"2025-11-24T19:25:22+00:00","dateModified":"2025-11-24T21:44:12+00:00","mainEntityOfPage":{"@id":"https:\/\/fkzalgiris.lt\/atsisveikinta-su-l-dumanciciumi\/"},"wordCount":125,"publisher":{"@id":"https:\/\/fkzalgiris.lt\/#organization"},"articleSection":["\u017dalgiris"],"inLanguage":"lt-LT"},{"@type":"WebPage","@id":"https:\/\/fkzalgiris.lt\/atsisveikinta-su-l-dumanciciumi\/","url":"https:\/\/fkzalgiris.lt\/atsisveikinta-su-l-dumanciciumi\/","name":"Atsisveikinta su L. Duman\u010di\u010diumi - FK \u017dalgiris","isPartOf":{"@id":"https:\/\/fkzalgiris.lt\/#website"},"datePublished":"2025-11-24T19:25:22+00:00","dateModified":"2025-11-24T21:44:12+00:00","breadcrumb":{"@id":"https:\/\/fkzalgiris.lt\/atsisveikinta-su-l-dumanciciumi\/#breadcrumb"},"inLanguage":"lt-LT","potentialAction":[{"@type":"ReadAction","target":["https:\/\/fkzalgiris.lt\/atsisveikinta-su-l-dumanciciumi\/"]}]},{"@type":"BreadcrumbList","@id":"https:\/\/fkzalgiris.lt\/atsisveikinta-su-l-dumanciciumi\/#breadcrumb","itemListElement":[{"@type":"ListItem","position":1,"name":"Home","item":"https:\/\/fkzalgiris.lt\/"},{"@type":"ListItem","position":2,"name":"Atsisveikinta su L. Duman\u010di\u010diumi"}]},{"@type":"WebSite","@id":"https:\/\/fkzalgiris.lt\/#website","url":"https:\/\/fkzalgiris.lt\/","name":"FK \u017dalgiris","description":"oficiali Vilniaus \u201e\u017dalgirio\u201c futbolo klubo svetain\u0117","publisher":{"@id":"https:\/\/fkzalgiris.lt\/#organization"},"potentialAction":[{"@type":"SearchAction","target":{"@type":"EntryPoint","urlTemplate":"https:\/\/fkzalgiris.lt\/?s={search_term_string}"},"query-input":{"@type":"PropertyValueSpecification","valueRequired":true,"valueName":"search_term_string"}}],"inLanguage":"lt-LT"},{"@type":"Organization","@id":"https:\/\/fkzalgiris.lt\/#organization","name":"FK \u017dalgiris","url":"https:\/\/fkzalgiris.lt\/","logo":{"@type":"ImageObject","inLanguage":"lt-LT","@id":"https:\/\/fkzalgiris.lt\/#\/schema\/logo\/image\/","url":"https:\/\/fkzalgiris.lt\/wp-content\/uploads\/2024\/01\/horiz-FK-Zalgiris-logo-2015.png","contentUrl":"https:\/\/fkzalgiris.lt\/wp-content\/uploads\/2024\/01\/horiz-FK-Zalgiris-logo-2015.png","width":3073,"height":2048,"caption":"FK \u017dalgiris"},"image":{"@id":"https:\/\/fkzalgiris.lt\/#\/schema\/logo\/image\/"},"sameAs":["https:\/\/www.facebook.com\/fkzalgiris\/","https:\/\/x.com\/fkzalgiris","https:\/\/www.instagram.com\/fkzalgiris\/","https:\/\/www.youtube.com\/channel\/UC1ag8JLxGirltMUoLlzfZLA"]},{"@type":"Person","@id":"https:\/\/fkzalgiris.lt\/#\/schema\/person\/8604babbba794a7d8767be324a3eaac8","name":"J"}]}},"_links":{"self":[{"href":"https:\/\/fkzalgiris.lt\/api\/wp\/v2\/posts\/19083","targetHints":{"allow":["GET"]}}],"collection":[{"href":"https:\/\/fkzalgiris.lt\/api\/wp\/v2\/posts"}],"about":[{"href":"https:\/\/fkzalgiris.lt\/api\/wp\/v2\/types\/post"}],"author":[{"embeddable":true,"href":"https:\/\/fkzalgiris.lt\/api\/wp\/v2\/users\/4"}],"replies":[{"embeddable":true,"href":"https:\/\/fkzalgiris.lt\/api\/wp\/v2\/comments?post=19083"}],"version-history":[{"count":5,"href":"https:\/\/fkzalgiris.lt\/api\/wp\/v2\/posts\/19083\/revisions"}],"predecessor-version":[{"id":19110,"href":"https:\/\/fkzalgiris.lt\/api\/wp\/v2\/posts\/19083\/revisions\/19110"}],"wp:attachment":[{"href":"https:\/\/fkzalgiris.lt\/api\/wp\/v2\/media?parent=19083"}],"wp:term":[{"taxonomy":"category","embeddable":true,"href":"https:\/\/fkzalgiris.lt\/api\/wp\/v2\/categories?post=19083"}],"curies":[{"name":"wp","href":"https:\/\/api.w.org\/{rel}","templated":true}]}}