{"id":18936,"date":"2025-11-10T18:33:43","date_gmt":"2025-11-10T16:33:43","guid":{"rendered":"https:\/\/fkzalgiris.lt\/?p=18936"},"modified":"2025-11-11T13:34:20","modified_gmt":"2025-11-11T11:34:20","slug":"r-dziaukstas-baigeme-sezona-aukstai-pakele-galvas","status":"publish","type":"post","link":"https:\/\/fkzalgiris.lt\/r-dziaukstas-baigeme-sezona-aukstai-pakele-galvas\/","title":{"rendered":"R. D\u017eiauk\u0161tas: \u201eBaig\u0117me sezon\u0105 auk\u0161tai pak\u0117l\u0119 galvas\u201c"},"content":{"rendered":"<p>Po paskutini\u0173 A lygos sezono rungtyni\u0173 nepaisant rezultato treneris Rolandas D\u017eiauk\u0161tas sak\u0117, kad komanda i\u0161\u0117jo pakelta galva, o kapitonas Ovidijus Verbickas ir puol\u0117jas Liviu Antalis d\u017eiaug\u0117si pasiektu pagrindiniu tikslu.<\/p>\n<p>Paskutin\u0117se rungtyn\u0117se \u201e\u017dalgiris\u201c sve\u010diuose nusileido \u201ePanev\u0117\u017eiui\u201c rezultatu 1:3, ta\u010diau \u0161is rezultatas \u012ftakos turnyro rikiuotei nebetur\u0117jo \u2013 vilnie\u010diai liko treti, nes \u201eHegelmann\u201c pasiek\u0117 reikiam\u0105 rezultat\u0105 savo rungtyn\u0117se.<\/p>\n<p>\u201eTur\u0117jome ger\u0173 prog\u0173, kuri\u0173 nei\u0161naudojome, o var\u017eovas \u2013 i\u0161naudojo. Tai ir buvo esminis dalykas: kai ne\u012fmu\u0161i tu &#8211; \u012fmu\u0161a tau, \u2013 sak\u0117 treneris. \u2013 Visumoje tokioje klampioje aik\u0161t\u0117je parod\u0117me neblog\u0105 futbol\u0105. Nor\u0117jome \u012fmu\u0161ti \u012fvart\u012f, pabaigti sezon\u0105 auk\u0161ta nata. Bet vis tiek galime sakyti \u2013 baig\u0117me j\u012f auk\u0161tai pak\u0117l\u0119 galvas.\u201c<\/p>\n<div class=\"embed-responsive embed-responsive-16by9 mb-4\"><iframe title=\"D\u017eiauk\u0161tas | Trenerio komentaras | Panev\u0117\u017eys - \u017dalgiris | Interview\" src=\"https:\/\/www.youtube.com\/embed\/nAhY4uDFyQU?feature=oembed\" frameborder=\"0\" allow=\"accelerometer; autoplay; clipboard-write; encrypted-media; gyroscope; picture-in-picture; web-share\" referrerpolicy=\"strict-origin-when-cross-origin\" allowfullscreen><\/iframe> <\/div>\n<p>\u201ePaskutin\u0117s rungtyn\u0117s nepakeit\u0117 vietos lentel\u0117je. Tikslas buvo u\u017eimti bent tre\u010di\u0105 viet\u0105, tod\u0117l emocijos po sezono tikrai geros. Pasiek\u0117me t\u0105 tiksl\u0105, nors sezono viduryje buvome ir prie lentel\u0117s apa\u010dios. Su kiekvienomis rungtyn\u0117mis stipr\u0117jome kaip komanda \u2013 tod\u0117l ir pavyko. Tur\u0117jome ilg\u0105 nepralaim\u0117t\u0173 rungtyni\u0173 serij\u0105\u201c, \u2013 kalb\u0117jo Verbickas.<\/p>\n<div class=\"embed-responsive embed-responsive-16by9 mb-4\"><iframe title=\"Verbickas | Kitu kampu | Komentaras | Panev\u0117\u017eys - \u017dalgiris\" src=\"https:\/\/www.youtube.com\/embed\/Li0k9h9PirI?feature=oembed\" frameborder=\"0\" allow=\"accelerometer; autoplay; clipboard-write; encrypted-media; gyroscope; picture-in-picture; web-share\" referrerpolicy=\"strict-origin-when-cross-origin\" allowfullscreen><\/iframe> <\/div>\n<p>\u201eD\u017eiaugiuosi, kad esu sveikas ir kad komanda i\u0161kovojo tre\u010di\u0105 viet\u0105. Toks buvo m\u016bs\u0173 tikslas sezono pabaigoje. Nors sezonas buvo tikrai sud\u0117tingas, galima b\u016bti patenkinti. Galime pasid\u017eiaugti \u0161ia akimirka ir prad\u0117ti galvoti apie kitus metus\u201c, \u2013 kalb\u0117jo L. Antalis.<\/p>\n<div class=\"embed-responsive embed-responsive-16by9 mb-4\"><iframe title=\"Antal | Komentaras | Panev\u0117\u017eys - \u017dalgiris | Interview\" src=\"https:\/\/www.youtube.com\/embed\/MyKc0V5ri08?feature=oembed\" frameborder=\"0\" allow=\"accelerometer; autoplay; clipboard-write; encrypted-media; gyroscope; picture-in-picture; web-share\" referrerpolicy=\"strict-origin-when-cross-origin\" allowfullscreen><\/iframe> <\/div>\n<p>Pasak O. Verbicko, kiekviena pergal\u0117 sezono pabaigoje po truput\u012f u\u017eaugino sparnus, o komandos treneris rado tinkamus receptus: \u201ePo pergali\u0173 atsirado daugiau pasitik\u0117jimo. Komanda grei\u010diau susilipdo kaip kolektyvas. Tai yra labai svarbu. At\u0117j\u0119s naujas treneris \u012fne\u0161\u0117 savo korekcij\u0173, atrado \u017eaid\u0117jus, kurie gali duoti rezultat\u0105, ir pasitik\u0117jo jais iki sezono pabaigos. Jiems pavyko pasiekti u\u017esibr\u0117\u017etus tikslus.\u201c<\/p>\n<p>Po rungtyni\u0173 komanda stojo prie\u0161 aistruolius, kurie pad\u0117kojo u\u017e sezon\u0105. Paklaustas, k\u0105 jaut\u0117 tuo metu, R. D\u017eiauk\u0161tas atsak\u0117: \u201ePasidid\u017eiavim\u0105 komanda, pasidid\u017eiavim\u0105 tuo, k\u0105 jie padar\u0117. Sezono pabaigoje prival\u0117jome eiti ir laim\u0117ti kiekvienas rungtynes \u2013 tai buvo didelis spaudimas, bet vaikinai su juo tvark\u0117si neblogai. Buvo visoki\u0173 rungtyni\u0173, lengv\u0173 nebuvo, visos buvo sud\u0117tingos. Padar\u0117me didel\u012f darb\u0105 visi kartu: komanda ir visa organizacija. Turime tuo did\u017eiuotis.\u201c<\/p>\n<p>L. Antalis sezon\u0105 u\u017ebaig\u0117 \u012fmu\u0161damas po \u012fvart\u012f kiekvienose paskutinio \u010dempionato rato rungtyn\u0117se &#8211; 9 kartus i\u0161 eil\u0117s prie\u0161 skirtingus var\u017eovus. Tai unikalus pasiekimas, kokio ko gero n\u0117ra buv\u0119 A lygos istorijoje.<\/p>\n<p>\u201eNuostabu tur\u0117ti toki\u0105 \u012fvar\u010di\u0173 serij\u0105. D\u0117koju savo \u0161eimai ir Dievui u\u017e tai. Kai esi puol\u0117jas, turi galvoti apie \u012fvart\u012f. Pirmiausia reikia mu\u0161ti \u012f vartus \u2013 \u0161iandien taip ir padariau. Pavyko \u012fmu\u0161ti gra\u017e\u0173 \u012fvart\u012f\u201c, &#8211; sak\u0117 rumunas.<\/p>\n<p>O. Verbickas pa\u017eym\u0117jo, kad naudingas buvo ne tik legionieriaus rezultatyvumas: \u201eLiviu ne tik stiprus aik\u0161t\u0117je, bet jis ir stiprus kaip asmenyb\u0117 , labai duoda daug ir r\u016bbinei \u2013 tiek jaunimui, tiek mums, patyrusiems \u017eaid\u0117jams. Visi nori \u012f j\u012f lygiuotis, sugeba kiekvienose rungtyn\u0117se i\u0161spausti i\u0161 sav\u0119s maksimum\u0105 ir i\u0161 kit\u0173 i\u0161reikalauti t\u0105 maksimum\u0105. Manau, kad jam atva\u017eiavus komandos veidas visi\u0161kai pasikeit\u0117.\u201c<\/p>\n<p>Pa\u010diam O. Verbickui tai buvo 200-osios oficialios rungtyn\u0117s \u201e\u017dalgirio\u201c gretose: \u201eLabai malonu tokiame klube kaip \u201e\u017dalgiris\u201c su\u017eaisti 200 rungtyni\u0173. Labai smagu ir tikiuosi, kad tai bus ne paskutin\u0117s rungtyn\u0117s.\u201c<\/p>\n<p>Komandos kapitonas taip pat skyr\u0117 pad\u0117k\u0105 aistruoliams: \u201eJiems sugr\u012f\u017eus \u012f stadionus jie labai prisid\u0117jo prie m\u016bs\u0173 rezultat\u0173. Jie pad\u0117jo mums i\u0161kovoti kelialap\u012f \u012f Europ\u0105. Noriu jiems pad\u0117koti, kad sugr\u012f\u017eo ir gausiai palaik\u0117 mus.\u201c<\/p>\n<p>&nbsp;<\/p>\n","protected":false},"excerpt":{"rendered":"<p>Po paskutini\u0173 A lygos sezono rungtyni\u0173 nepaisant rezultato treneris Rolandas D\u017eiauk\u0161tas sak\u0117, kad komanda i\u0161\u0117jo pakelta galva, o kapitonas Ovidijus Verbickas ir puol\u0117jas Liviu Antalis\u2026<\/p>\n","protected":false},"author":4,"featured_media":0,"comment_status":"closed","ping_status":"closed","sticky":false,"template":"","format":"standard","meta":{"_acf_changed":false,"footnotes":""},"categories":[87],"class_list":["post-18936","post","type-post","status-publish","format-standard","hentry","category-zalgiris"],"acf":[],"yoast_head":"<!-- This site is optimized with the Yoast SEO plugin v26.8 - https:\/\/yoast.com\/product\/yoast-seo-wordpress\/ -->\n<title>R. D\u017eiauk\u0161tas: \u201eBaig\u0117me sezon\u0105 auk\u0161tai pak\u0117l\u0119 galvas\u201c - FK \u017dalgiris<\/title>\n<meta name=\"robots\" content=\"index, follow, max-snippet:-1, max-image-preview:large, max-video-preview:-1\" \/>\n<link rel=\"canonical\" href=\"https:\/\/fkzalgiris.lt\/r-dziaukstas-baigeme-sezona-aukstai-pakele-galvas\/\" \/>\n<meta property=\"og:locale\" content=\"lt_LT\" \/>\n<meta property=\"og:type\" content=\"article\" \/>\n<meta property=\"og:title\" content=\"R. D\u017eiauk\u0161tas: \u201eBaig\u0117me sezon\u0105 auk\u0161tai pak\u0117l\u0119 galvas\u201c - FK \u017dalgiris\" \/>\n<meta property=\"og:description\" content=\"Po paskutini\u0173 A lygos sezono rungtyni\u0173 nepaisant rezultato treneris Rolandas D\u017eiauk\u0161tas sak\u0117, kad komanda i\u0161\u0117jo pakelta galva, o kapitonas Ovidijus Verbickas ir puol\u0117jas Liviu Antalis\u2026\" \/>\n<meta property=\"og:url\" content=\"https:\/\/fkzalgiris.lt\/r-dziaukstas-baigeme-sezona-aukstai-pakele-galvas\/\" \/>\n<meta property=\"og:site_name\" content=\"FK \u017dalgiris\" \/>\n<meta property=\"article:publisher\" content=\"https:\/\/www.facebook.com\/fkzalgiris\/\" \/>\n<meta property=\"article:published_time\" content=\"2025-11-10T16:33:43+00:00\" \/>\n<meta property=\"article:modified_time\" content=\"2025-11-11T11:34:20+00:00\" \/>\n<meta property=\"og:image\" content=\"https:\/\/fkzalgiris.lt\/wp-content\/uploads\/2024\/02\/social-horiz_Zalgiris_logo_2024.png\" \/>\n\t<meta property=\"og:image:width\" content=\"3356\" \/>\n\t<meta property=\"og:image:height\" content=\"2259\" \/>\n\t<meta property=\"og:image:type\" content=\"image\/png\" \/>\n<meta name=\"author\" content=\"J\" \/>\n<meta name=\"twitter:card\" content=\"summary_large_image\" \/>\n<meta name=\"twitter:creator\" content=\"@fkzalgiris\" \/>\n<meta name=\"twitter:site\" content=\"@fkzalgiris\" \/>\n<meta name=\"twitter:label1\" content=\"Written by\" \/>\n\t<meta name=\"twitter:data1\" content=\"J\" \/>\n\t<meta name=\"twitter:label2\" content=\"Est. reading time\" \/>\n\t<meta name=\"twitter:data2\" content=\"3 minut\u0117s\" \/>\n<script type=\"application\/ld+json\" class=\"yoast-schema-graph\">{\"@context\":\"https:\/\/schema.org\",\"@graph\":[{\"@type\":\"Article\",\"@id\":\"https:\/\/fkzalgiris.lt\/r-dziaukstas-baigeme-sezona-aukstai-pakele-galvas\/#article\",\"isPartOf\":{\"@id\":\"https:\/\/fkzalgiris.lt\/r-dziaukstas-baigeme-sezona-aukstai-pakele-galvas\/\"},\"author\":{\"name\":\"J\",\"@id\":\"https:\/\/fkzalgiris.lt\/#\/schema\/person\/8604babbba794a7d8767be324a3eaac8\"},\"headline\":\"R. D\u017eiauk\u0161tas: \u201eBaig\u0117me sezon\u0105 auk\u0161tai pak\u0117l\u0119 galvas\u201c\",\"datePublished\":\"2025-11-10T16:33:43+00:00\",\"dateModified\":\"2025-11-11T11:34:20+00:00\",\"mainEntityOfPage\":{\"@id\":\"https:\/\/fkzalgiris.lt\/r-dziaukstas-baigeme-sezona-aukstai-pakele-galvas\/\"},\"wordCount\":633,\"publisher\":{\"@id\":\"https:\/\/fkzalgiris.lt\/#organization\"},\"articleSection\":[\"\u017dalgiris\"],\"inLanguage\":\"lt-LT\"},{\"@type\":\"WebPage\",\"@id\":\"https:\/\/fkzalgiris.lt\/r-dziaukstas-baigeme-sezona-aukstai-pakele-galvas\/\",\"url\":\"https:\/\/fkzalgiris.lt\/r-dziaukstas-baigeme-sezona-aukstai-pakele-galvas\/\",\"name\":\"R. D\u017eiauk\u0161tas: \u201eBaig\u0117me sezon\u0105 auk\u0161tai pak\u0117l\u0119 galvas\u201c - FK \u017dalgiris\",\"isPartOf\":{\"@id\":\"https:\/\/fkzalgiris.lt\/#website\"},\"datePublished\":\"2025-11-10T16:33:43+00:00\",\"dateModified\":\"2025-11-11T11:34:20+00:00\",\"breadcrumb\":{\"@id\":\"https:\/\/fkzalgiris.lt\/r-dziaukstas-baigeme-sezona-aukstai-pakele-galvas\/#breadcrumb\"},\"inLanguage\":\"lt-LT\",\"potentialAction\":[{\"@type\":\"ReadAction\",\"target\":[\"https:\/\/fkzalgiris.lt\/r-dziaukstas-baigeme-sezona-aukstai-pakele-galvas\/\"]}]},{\"@type\":\"BreadcrumbList\",\"@id\":\"https:\/\/fkzalgiris.lt\/r-dziaukstas-baigeme-sezona-aukstai-pakele-galvas\/#breadcrumb\",\"itemListElement\":[{\"@type\":\"ListItem\",\"position\":1,\"name\":\"Home\",\"item\":\"https:\/\/fkzalgiris.lt\/\"},{\"@type\":\"ListItem\",\"position\":2,\"name\":\"R. D\u017eiauk\u0161tas: \u201eBaig\u0117me sezon\u0105 auk\u0161tai pak\u0117l\u0119 galvas\u201c\"}]},{\"@type\":\"WebSite\",\"@id\":\"https:\/\/fkzalgiris.lt\/#website\",\"url\":\"https:\/\/fkzalgiris.lt\/\",\"name\":\"FK \u017dalgiris\",\"description\":\"oficiali Vilniaus \u201e\u017dalgirio\u201c futbolo klubo svetain\u0117\",\"publisher\":{\"@id\":\"https:\/\/fkzalgiris.lt\/#organization\"},\"potentialAction\":[{\"@type\":\"SearchAction\",\"target\":{\"@type\":\"EntryPoint\",\"urlTemplate\":\"https:\/\/fkzalgiris.lt\/?s={search_term_string}\"},\"query-input\":{\"@type\":\"PropertyValueSpecification\",\"valueRequired\":true,\"valueName\":\"search_term_string\"}}],\"inLanguage\":\"lt-LT\"},{\"@type\":\"Organization\",\"@id\":\"https:\/\/fkzalgiris.lt\/#organization\",\"name\":\"FK \u017dalgiris\",\"url\":\"https:\/\/fkzalgiris.lt\/\",\"logo\":{\"@type\":\"ImageObject\",\"inLanguage\":\"lt-LT\",\"@id\":\"https:\/\/fkzalgiris.lt\/#\/schema\/logo\/image\/\",\"url\":\"https:\/\/fkzalgiris.lt\/wp-content\/uploads\/2024\/01\/horiz-FK-Zalgiris-logo-2015.png\",\"contentUrl\":\"https:\/\/fkzalgiris.lt\/wp-content\/uploads\/2024\/01\/horiz-FK-Zalgiris-logo-2015.png\",\"width\":3073,\"height\":2048,\"caption\":\"FK \u017dalgiris\"},\"image\":{\"@id\":\"https:\/\/fkzalgiris.lt\/#\/schema\/logo\/image\/\"},\"sameAs\":[\"https:\/\/www.facebook.com\/fkzalgiris\/\",\"https:\/\/x.com\/fkzalgiris\",\"https:\/\/www.instagram.com\/fkzalgiris\/\",\"https:\/\/www.youtube.com\/channel\/UC1ag8JLxGirltMUoLlzfZLA\"]},{\"@type\":\"Person\",\"@id\":\"https:\/\/fkzalgiris.lt\/#\/schema\/person\/8604babbba794a7d8767be324a3eaac8\",\"name\":\"J\"}]}<\/script>\n<!-- \/ Yoast SEO plugin. -->","yoast_head_json":{"title":"R. D\u017eiauk\u0161tas: \u201eBaig\u0117me sezon\u0105 auk\u0161tai pak\u0117l\u0119 galvas\u201c - FK \u017dalgiris","robots":{"index":"index","follow":"follow","max-snippet":"max-snippet:-1","max-image-preview":"max-image-preview:large","max-video-preview":"max-video-preview:-1"},"canonical":"https:\/\/fkzalgiris.lt\/r-dziaukstas-baigeme-sezona-aukstai-pakele-galvas\/","og_locale":"lt_LT","og_type":"article","og_title":"R. D\u017eiauk\u0161tas: \u201eBaig\u0117me sezon\u0105 auk\u0161tai pak\u0117l\u0119 galvas\u201c - FK \u017dalgiris","og_description":"Po paskutini\u0173 A lygos sezono rungtyni\u0173 nepaisant rezultato treneris Rolandas D\u017eiauk\u0161tas sak\u0117, kad komanda i\u0161\u0117jo pakelta galva, o kapitonas Ovidijus Verbickas ir puol\u0117jas Liviu Antalis\u2026","og_url":"https:\/\/fkzalgiris.lt\/r-dziaukstas-baigeme-sezona-aukstai-pakele-galvas\/","og_site_name":"FK \u017dalgiris","article_publisher":"https:\/\/www.facebook.com\/fkzalgiris\/","article_published_time":"2025-11-10T16:33:43+00:00","article_modified_time":"2025-11-11T11:34:20+00:00","og_image":[{"width":3356,"height":2259,"url":"https:\/\/fkzalgiris.lt\/wp-content\/uploads\/2024\/02\/social-horiz_Zalgiris_logo_2024.png","type":"image\/png"}],"author":"J","twitter_card":"summary_large_image","twitter_creator":"@fkzalgiris","twitter_site":"@fkzalgiris","twitter_misc":{"Written by":"J","Est. reading time":"3 minut\u0117s"},"schema":{"@context":"https:\/\/schema.org","@graph":[{"@type":"Article","@id":"https:\/\/fkzalgiris.lt\/r-dziaukstas-baigeme-sezona-aukstai-pakele-galvas\/#article","isPartOf":{"@id":"https:\/\/fkzalgiris.lt\/r-dziaukstas-baigeme-sezona-aukstai-pakele-galvas\/"},"author":{"name":"J","@id":"https:\/\/fkzalgiris.lt\/#\/schema\/person\/8604babbba794a7d8767be324a3eaac8"},"headline":"R. D\u017eiauk\u0161tas: \u201eBaig\u0117me sezon\u0105 auk\u0161tai pak\u0117l\u0119 galvas\u201c","datePublished":"2025-11-10T16:33:43+00:00","dateModified":"2025-11-11T11:34:20+00:00","mainEntityOfPage":{"@id":"https:\/\/fkzalgiris.lt\/r-dziaukstas-baigeme-sezona-aukstai-pakele-galvas\/"},"wordCount":633,"publisher":{"@id":"https:\/\/fkzalgiris.lt\/#organization"},"articleSection":["\u017dalgiris"],"inLanguage":"lt-LT"},{"@type":"WebPage","@id":"https:\/\/fkzalgiris.lt\/r-dziaukstas-baigeme-sezona-aukstai-pakele-galvas\/","url":"https:\/\/fkzalgiris.lt\/r-dziaukstas-baigeme-sezona-aukstai-pakele-galvas\/","name":"R. D\u017eiauk\u0161tas: \u201eBaig\u0117me sezon\u0105 auk\u0161tai pak\u0117l\u0119 galvas\u201c - FK \u017dalgiris","isPartOf":{"@id":"https:\/\/fkzalgiris.lt\/#website"},"datePublished":"2025-11-10T16:33:43+00:00","dateModified":"2025-11-11T11:34:20+00:00","breadcrumb":{"@id":"https:\/\/fkzalgiris.lt\/r-dziaukstas-baigeme-sezona-aukstai-pakele-galvas\/#breadcrumb"},"inLanguage":"lt-LT","potentialAction":[{"@type":"ReadAction","target":["https:\/\/fkzalgiris.lt\/r-dziaukstas-baigeme-sezona-aukstai-pakele-galvas\/"]}]},{"@type":"BreadcrumbList","@id":"https:\/\/fkzalgiris.lt\/r-dziaukstas-baigeme-sezona-aukstai-pakele-galvas\/#breadcrumb","itemListElement":[{"@type":"ListItem","position":1,"name":"Home","item":"https:\/\/fkzalgiris.lt\/"},{"@type":"ListItem","position":2,"name":"R. D\u017eiauk\u0161tas: \u201eBaig\u0117me sezon\u0105 auk\u0161tai pak\u0117l\u0119 galvas\u201c"}]},{"@type":"WebSite","@id":"https:\/\/fkzalgiris.lt\/#website","url":"https:\/\/fkzalgiris.lt\/","name":"FK \u017dalgiris","description":"oficiali Vilniaus \u201e\u017dalgirio\u201c futbolo klubo svetain\u0117","publisher":{"@id":"https:\/\/fkzalgiris.lt\/#organization"},"potentialAction":[{"@type":"SearchAction","target":{"@type":"EntryPoint","urlTemplate":"https:\/\/fkzalgiris.lt\/?s={search_term_string}"},"query-input":{"@type":"PropertyValueSpecification","valueRequired":true,"valueName":"search_term_string"}}],"inLanguage":"lt-LT"},{"@type":"Organization","@id":"https:\/\/fkzalgiris.lt\/#organization","name":"FK \u017dalgiris","url":"https:\/\/fkzalgiris.lt\/","logo":{"@type":"ImageObject","inLanguage":"lt-LT","@id":"https:\/\/fkzalgiris.lt\/#\/schema\/logo\/image\/","url":"https:\/\/fkzalgiris.lt\/wp-content\/uploads\/2024\/01\/horiz-FK-Zalgiris-logo-2015.png","contentUrl":"https:\/\/fkzalgiris.lt\/wp-content\/uploads\/2024\/01\/horiz-FK-Zalgiris-logo-2015.png","width":3073,"height":2048,"caption":"FK \u017dalgiris"},"image":{"@id":"https:\/\/fkzalgiris.lt\/#\/schema\/logo\/image\/"},"sameAs":["https:\/\/www.facebook.com\/fkzalgiris\/","https:\/\/x.com\/fkzalgiris","https:\/\/www.instagram.com\/fkzalgiris\/","https:\/\/www.youtube.com\/channel\/UC1ag8JLxGirltMUoLlzfZLA"]},{"@type":"Person","@id":"https:\/\/fkzalgiris.lt\/#\/schema\/person\/8604babbba794a7d8767be324a3eaac8","name":"J"}]}},"_links":{"self":[{"href":"https:\/\/fkzalgiris.lt\/api\/wp\/v2\/posts\/18936","targetHints":{"allow":["GET"]}}],"collection":[{"href":"https:\/\/fkzalgiris.lt\/api\/wp\/v2\/posts"}],"about":[{"href":"https:\/\/fkzalgiris.lt\/api\/wp\/v2\/types\/post"}],"author":[{"embeddable":true,"href":"https:\/\/fkzalgiris.lt\/api\/wp\/v2\/users\/4"}],"replies":[{"embeddable":true,"href":"https:\/\/fkzalgiris.lt\/api\/wp\/v2\/comments?post=18936"}],"version-history":[{"count":2,"href":"https:\/\/fkzalgiris.lt\/api\/wp\/v2\/posts\/18936\/revisions"}],"predecessor-version":[{"id":18939,"href":"https:\/\/fkzalgiris.lt\/api\/wp\/v2\/posts\/18936\/revisions\/18939"}],"wp:attachment":[{"href":"https:\/\/fkzalgiris.lt\/api\/wp\/v2\/media?parent=18936"}],"wp:term":[{"taxonomy":"category","embeddable":true,"href":"https:\/\/fkzalgiris.lt\/api\/wp\/v2\/categories?post=18936"}],"curies":[{"name":"wp","href":"https:\/\/api.w.org\/{rel}","templated":true}]}}