{"id":18930,"date":"2025-11-08T16:50:11","date_gmt":"2025-11-08T14:50:11","guid":{"rendered":"https:\/\/fkzalgiris.lt\/?p=18930"},"modified":"2025-11-08T16:50:11","modified_gmt":"2025-11-08T14:50:11","slug":"paskutinese-rungtynese-vietos-nebelemusi-nesekme","status":"publish","type":"post","link":"https:\/\/fkzalgiris.lt\/paskutinese-rungtynese-vietos-nebelemusi-nesekme\/","title":{"rendered":"Paskutin\u0117se rungtyn\u0117se &#8211; vietos nebel\u0117musi nes\u0117km\u0117"},"content":{"rendered":"<p>Paskutin\u0117se A lygos sezono rungtyn\u0117se \u201e\u017dalgiris\u201c sve\u010diuose nusileido \u201ePanev\u0117\u017eio\u201c komandai ir u\u017e\u0117m\u0117 tre\u010di\u0105 viet\u0105 turnyro lentel\u0117je.<\/p>\n<p>Rungtyni\u0173 prad\u017eioje \u0161eimininkus \u012f priek\u012f i\u0161ved\u0117 Salomonas Kouadio, o rezultat\u0105 i\u0161lygino Liviu Antalis. Prie\u0161 pertrauk\u0105 ir po jos \u201ePanev\u0117\u017eiui\u201c \u012fvar\u010dius peln\u0117 Kwadwo Asamoah ir Ernestas Veliulis.<\/p>\n<p>\u0160is rezultatas \u012ftakos galutinei \u017ealgirie\u010di\u0173 vietai nebetur\u0117jo \u2013 \u201eHegelmann\u201c u\u017eteko nepralaim\u0117ti norint u\u017esitikrinti antr\u0105 pozicij\u0105, o vilnie\u010diai liko treti. Abi komandos jau prie\u0161 paskutin\u012f tur\u0105 buvo u\u017esitikrinusios teis\u0119 kit\u0105met \u017eaisti Europos turnyruose.<br \/>\n&#8211;<br \/>\n\u201e\u017dalgirio\u201c starto sud\u0117tyje \u012fvyko trys pasikeitimai. Nuo prad\u017ei\u0173 \u017eaid\u0117 vartininkas A. Tordai, starto sud\u0117tyje debiutavo P. Bosan\u010di\u010dius, taip pat \u017eaid\u0117 D. Sal\u010dinovi\u010dius. 200-\u0105sias rungtynes komandoje su\u017eaid\u0117 O. Verbickas.<\/p>\n<p>D\u0117l traumos N. Mihajlovi\u010dius nerungtyniaus, G. Matulevi\u010dius prad\u0117s atsargoje. Po ilgos pertraukos rungtyn\u0117ms registruotas A. Fofana.<\/p>\n<p>12 min. \u0161eiminink\u0173 kontratakoje S. Kouadio atsid\u016br\u0117 vienas prie\u0161 vien\u0105 ir pasiunt\u0117 kamuol\u012f \u012f vartus.<\/p>\n<p>Po trij\u0173 minu\u010di\u0173 \u017ealgirie\u010diai rezultat\u0105 i\u0161lygino. Kairiame kra\u0161te L. Antalis su\u017eaid\u0117 \u201esienel\u0119\u201c su D. Sal\u010dinovi\u010diumi ir \u012fsiver\u017e\u0119s \u012f baudos aik\u0161tel\u0119 nuostabiu sm\u016bgiu u\u017esuko kamuol\u012f \u012f tolim\u0105j\u012f vir\u0161utin\u012f vart\u0173 kamp\u0105. Legionierius i\u0161 Rumunijos \u010dempionate pasi\u017eym\u0117jo 9 kart\u0105 i\u0161 eil\u0117s, \u012fmu\u0161damas \u012fvar\u010dius visose ketvirtojo rato rungtyn\u0117se.<\/p>\n<p>K\u0117linio viduryje \u201e\u017dalgiris\u201c gal\u0117jo rezultat\u0105 persverti, bet po D. Sal\u010dinovi\u010diaus sm\u016bgio i\u0161 de\u0161inio baudos aik\u0161tel\u0117s kra\u0161to kamuolys pataik\u0117 \u012f tolim\u0105j\u012f virpst\u0105.<\/p>\n<p>38 min. \u201ePanev\u0117\u017eys\u201c v\u0117l i\u0161siver\u017e\u0117 \u012f priek\u012f. J. Kendy\u0161as galva atmet\u0117 kamuol\u012f nepasteb\u0117j\u0119s baudos aik\u0161tel\u0117je likusio K. Asamoah ir \u0161is atsid\u016br\u0119s vienas prie\u0161 vien\u0105 mu\u0161\u0117 tiksliai.<\/p>\n<p>Antrojo k\u0117linio prad\u017eioje \u0161eimininkai padidino persvar\u0105 \u2013 po A. Smitho perdavimo i\u0161 kairio kra\u0161to i\u0161 arti kamuol\u012f \u012f vartus pasiunt\u0117 E. Veliulis.<\/p>\n<p>Dvikovos pabaigoje \u201e\u017dalgirio\u201c gretose po keitimo pasirod\u0117 ir du \u017eaid\u0117jai, beveik visa sezon\u0105 praleid\u0119 d\u0117l traum\u0173: Nikola Petkovi\u010dius, kuriam tai buvo pirmos oficialos rungtyn\u0117s \u0161iemet, ir Adama Fofana, kuris ne\u017eaid\u0117 nuo 3 \u010dempionato turo.<\/p>\n<p>Po \u0161i\u0173 rungtyni\u0173 A lygoje prasid\u0117jo \u017eiemos pertrauka, kuri truks iki naujo sezono prad\u017eios kit\u0173 met\u0173 vasar\u012f.<\/p>\n","protected":false},"excerpt":{"rendered":"<p>Paskutin\u0117se A lygos sezono rungtyn\u0117se \u201e\u017dalgiris\u201c sve\u010diuose nusileido \u201ePanev\u0117\u017eio\u201c komandai ir u\u017e\u0117m\u0117 tre\u010di\u0105 viet\u0105 turnyro lentel\u0117je. Rungtyni\u0173 prad\u017eioje \u0161eimininkus \u012f priek\u012f i\u0161ved\u0117 Salomonas Kouadio, o\u2026<\/p>\n","protected":false},"author":4,"featured_media":0,"comment_status":"closed","ping_status":"closed","sticky":false,"template":"","format":"standard","meta":{"_acf_changed":false,"footnotes":""},"categories":[87],"class_list":["post-18930","post","type-post","status-publish","format-standard","hentry","category-zalgiris"],"acf":[],"yoast_head":"<!-- This site is optimized with the Yoast SEO plugin v26.8 - https:\/\/yoast.com\/product\/yoast-seo-wordpress\/ -->\n<title>Paskutin\u0117se rungtyn\u0117se - vietos nebel\u0117musi nes\u0117km\u0117 - FK \u017dalgiris<\/title>\n<meta name=\"robots\" content=\"index, follow, max-snippet:-1, max-image-preview:large, max-video-preview:-1\" \/>\n<link rel=\"canonical\" href=\"https:\/\/fkzalgiris.lt\/paskutinese-rungtynese-vietos-nebelemusi-nesekme\/\" \/>\n<meta property=\"og:locale\" content=\"lt_LT\" \/>\n<meta property=\"og:type\" content=\"article\" \/>\n<meta property=\"og:title\" content=\"Paskutin\u0117se rungtyn\u0117se - vietos nebel\u0117musi nes\u0117km\u0117 - FK \u017dalgiris\" \/>\n<meta property=\"og:description\" content=\"Paskutin\u0117se A lygos sezono rungtyn\u0117se \u201e\u017dalgiris\u201c sve\u010diuose nusileido \u201ePanev\u0117\u017eio\u201c komandai ir u\u017e\u0117m\u0117 tre\u010di\u0105 viet\u0105 turnyro lentel\u0117je. Rungtyni\u0173 prad\u017eioje \u0161eimininkus \u012f priek\u012f i\u0161ved\u0117 Salomonas Kouadio, o\u2026\" \/>\n<meta property=\"og:url\" content=\"https:\/\/fkzalgiris.lt\/paskutinese-rungtynese-vietos-nebelemusi-nesekme\/\" \/>\n<meta property=\"og:site_name\" content=\"FK \u017dalgiris\" \/>\n<meta property=\"article:publisher\" content=\"https:\/\/www.facebook.com\/fkzalgiris\/\" \/>\n<meta property=\"article:published_time\" content=\"2025-11-08T14:50:11+00:00\" \/>\n<meta property=\"og:image\" content=\"https:\/\/fkzalgiris.lt\/wp-content\/uploads\/2024\/02\/social-horiz_Zalgiris_logo_2024.png\" \/>\n\t<meta property=\"og:image:width\" content=\"3356\" \/>\n\t<meta property=\"og:image:height\" content=\"2259\" \/>\n\t<meta property=\"og:image:type\" content=\"image\/png\" \/>\n<meta name=\"author\" content=\"J\" \/>\n<meta name=\"twitter:card\" content=\"summary_large_image\" \/>\n<meta name=\"twitter:creator\" content=\"@fkzalgiris\" \/>\n<meta name=\"twitter:site\" content=\"@fkzalgiris\" \/>\n<meta name=\"twitter:label1\" content=\"Written by\" \/>\n\t<meta name=\"twitter:data1\" content=\"J\" \/>\n\t<meta name=\"twitter:label2\" content=\"Est. reading time\" \/>\n\t<meta name=\"twitter:data2\" content=\"2 minut\u0117s\" \/>\n<script type=\"application\/ld+json\" class=\"yoast-schema-graph\">{\"@context\":\"https:\/\/schema.org\",\"@graph\":[{\"@type\":\"Article\",\"@id\":\"https:\/\/fkzalgiris.lt\/paskutinese-rungtynese-vietos-nebelemusi-nesekme\/#article\",\"isPartOf\":{\"@id\":\"https:\/\/fkzalgiris.lt\/paskutinese-rungtynese-vietos-nebelemusi-nesekme\/\"},\"author\":{\"name\":\"J\",\"@id\":\"https:\/\/fkzalgiris.lt\/#\/schema\/person\/8604babbba794a7d8767be324a3eaac8\"},\"headline\":\"Paskutin\u0117se rungtyn\u0117se &#8211; vietos nebel\u0117musi nes\u0117km\u0117\",\"datePublished\":\"2025-11-08T14:50:11+00:00\",\"mainEntityOfPage\":{\"@id\":\"https:\/\/fkzalgiris.lt\/paskutinese-rungtynese-vietos-nebelemusi-nesekme\/\"},\"wordCount\":379,\"publisher\":{\"@id\":\"https:\/\/fkzalgiris.lt\/#organization\"},\"articleSection\":[\"\u017dalgiris\"],\"inLanguage\":\"lt-LT\"},{\"@type\":\"WebPage\",\"@id\":\"https:\/\/fkzalgiris.lt\/paskutinese-rungtynese-vietos-nebelemusi-nesekme\/\",\"url\":\"https:\/\/fkzalgiris.lt\/paskutinese-rungtynese-vietos-nebelemusi-nesekme\/\",\"name\":\"Paskutin\u0117se rungtyn\u0117se - vietos nebel\u0117musi nes\u0117km\u0117 - FK \u017dalgiris\",\"isPartOf\":{\"@id\":\"https:\/\/fkzalgiris.lt\/#website\"},\"datePublished\":\"2025-11-08T14:50:11+00:00\",\"breadcrumb\":{\"@id\":\"https:\/\/fkzalgiris.lt\/paskutinese-rungtynese-vietos-nebelemusi-nesekme\/#breadcrumb\"},\"inLanguage\":\"lt-LT\",\"potentialAction\":[{\"@type\":\"ReadAction\",\"target\":[\"https:\/\/fkzalgiris.lt\/paskutinese-rungtynese-vietos-nebelemusi-nesekme\/\"]}]},{\"@type\":\"BreadcrumbList\",\"@id\":\"https:\/\/fkzalgiris.lt\/paskutinese-rungtynese-vietos-nebelemusi-nesekme\/#breadcrumb\",\"itemListElement\":[{\"@type\":\"ListItem\",\"position\":1,\"name\":\"Home\",\"item\":\"https:\/\/fkzalgiris.lt\/\"},{\"@type\":\"ListItem\",\"position\":2,\"name\":\"Paskutin\u0117se rungtyn\u0117se &#8211; vietos nebel\u0117musi nes\u0117km\u0117\"}]},{\"@type\":\"WebSite\",\"@id\":\"https:\/\/fkzalgiris.lt\/#website\",\"url\":\"https:\/\/fkzalgiris.lt\/\",\"name\":\"FK \u017dalgiris\",\"description\":\"oficiali Vilniaus \u201e\u017dalgirio\u201c futbolo klubo svetain\u0117\",\"publisher\":{\"@id\":\"https:\/\/fkzalgiris.lt\/#organization\"},\"potentialAction\":[{\"@type\":\"SearchAction\",\"target\":{\"@type\":\"EntryPoint\",\"urlTemplate\":\"https:\/\/fkzalgiris.lt\/?s={search_term_string}\"},\"query-input\":{\"@type\":\"PropertyValueSpecification\",\"valueRequired\":true,\"valueName\":\"search_term_string\"}}],\"inLanguage\":\"lt-LT\"},{\"@type\":\"Organization\",\"@id\":\"https:\/\/fkzalgiris.lt\/#organization\",\"name\":\"FK \u017dalgiris\",\"url\":\"https:\/\/fkzalgiris.lt\/\",\"logo\":{\"@type\":\"ImageObject\",\"inLanguage\":\"lt-LT\",\"@id\":\"https:\/\/fkzalgiris.lt\/#\/schema\/logo\/image\/\",\"url\":\"https:\/\/fkzalgiris.lt\/wp-content\/uploads\/2024\/01\/horiz-FK-Zalgiris-logo-2015.png\",\"contentUrl\":\"https:\/\/fkzalgiris.lt\/wp-content\/uploads\/2024\/01\/horiz-FK-Zalgiris-logo-2015.png\",\"width\":3073,\"height\":2048,\"caption\":\"FK \u017dalgiris\"},\"image\":{\"@id\":\"https:\/\/fkzalgiris.lt\/#\/schema\/logo\/image\/\"},\"sameAs\":[\"https:\/\/www.facebook.com\/fkzalgiris\/\",\"https:\/\/x.com\/fkzalgiris\",\"https:\/\/www.instagram.com\/fkzalgiris\/\",\"https:\/\/www.youtube.com\/channel\/UC1ag8JLxGirltMUoLlzfZLA\"]},{\"@type\":\"Person\",\"@id\":\"https:\/\/fkzalgiris.lt\/#\/schema\/person\/8604babbba794a7d8767be324a3eaac8\",\"name\":\"J\"}]}<\/script>\n<!-- \/ Yoast SEO plugin. -->","yoast_head_json":{"title":"Paskutin\u0117se rungtyn\u0117se - vietos nebel\u0117musi nes\u0117km\u0117 - FK \u017dalgiris","robots":{"index":"index","follow":"follow","max-snippet":"max-snippet:-1","max-image-preview":"max-image-preview:large","max-video-preview":"max-video-preview:-1"},"canonical":"https:\/\/fkzalgiris.lt\/paskutinese-rungtynese-vietos-nebelemusi-nesekme\/","og_locale":"lt_LT","og_type":"article","og_title":"Paskutin\u0117se rungtyn\u0117se - vietos nebel\u0117musi nes\u0117km\u0117 - FK \u017dalgiris","og_description":"Paskutin\u0117se A lygos sezono rungtyn\u0117se \u201e\u017dalgiris\u201c sve\u010diuose nusileido \u201ePanev\u0117\u017eio\u201c komandai ir u\u017e\u0117m\u0117 tre\u010di\u0105 viet\u0105 turnyro lentel\u0117je. Rungtyni\u0173 prad\u017eioje \u0161eimininkus \u012f priek\u012f i\u0161ved\u0117 Salomonas Kouadio, o\u2026","og_url":"https:\/\/fkzalgiris.lt\/paskutinese-rungtynese-vietos-nebelemusi-nesekme\/","og_site_name":"FK \u017dalgiris","article_publisher":"https:\/\/www.facebook.com\/fkzalgiris\/","article_published_time":"2025-11-08T14:50:11+00:00","og_image":[{"width":3356,"height":2259,"url":"https:\/\/fkzalgiris.lt\/wp-content\/uploads\/2024\/02\/social-horiz_Zalgiris_logo_2024.png","type":"image\/png"}],"author":"J","twitter_card":"summary_large_image","twitter_creator":"@fkzalgiris","twitter_site":"@fkzalgiris","twitter_misc":{"Written by":"J","Est. reading time":"2 minut\u0117s"},"schema":{"@context":"https:\/\/schema.org","@graph":[{"@type":"Article","@id":"https:\/\/fkzalgiris.lt\/paskutinese-rungtynese-vietos-nebelemusi-nesekme\/#article","isPartOf":{"@id":"https:\/\/fkzalgiris.lt\/paskutinese-rungtynese-vietos-nebelemusi-nesekme\/"},"author":{"name":"J","@id":"https:\/\/fkzalgiris.lt\/#\/schema\/person\/8604babbba794a7d8767be324a3eaac8"},"headline":"Paskutin\u0117se rungtyn\u0117se &#8211; vietos nebel\u0117musi nes\u0117km\u0117","datePublished":"2025-11-08T14:50:11+00:00","mainEntityOfPage":{"@id":"https:\/\/fkzalgiris.lt\/paskutinese-rungtynese-vietos-nebelemusi-nesekme\/"},"wordCount":379,"publisher":{"@id":"https:\/\/fkzalgiris.lt\/#organization"},"articleSection":["\u017dalgiris"],"inLanguage":"lt-LT"},{"@type":"WebPage","@id":"https:\/\/fkzalgiris.lt\/paskutinese-rungtynese-vietos-nebelemusi-nesekme\/","url":"https:\/\/fkzalgiris.lt\/paskutinese-rungtynese-vietos-nebelemusi-nesekme\/","name":"Paskutin\u0117se rungtyn\u0117se - vietos nebel\u0117musi nes\u0117km\u0117 - FK \u017dalgiris","isPartOf":{"@id":"https:\/\/fkzalgiris.lt\/#website"},"datePublished":"2025-11-08T14:50:11+00:00","breadcrumb":{"@id":"https:\/\/fkzalgiris.lt\/paskutinese-rungtynese-vietos-nebelemusi-nesekme\/#breadcrumb"},"inLanguage":"lt-LT","potentialAction":[{"@type":"ReadAction","target":["https:\/\/fkzalgiris.lt\/paskutinese-rungtynese-vietos-nebelemusi-nesekme\/"]}]},{"@type":"BreadcrumbList","@id":"https:\/\/fkzalgiris.lt\/paskutinese-rungtynese-vietos-nebelemusi-nesekme\/#breadcrumb","itemListElement":[{"@type":"ListItem","position":1,"name":"Home","item":"https:\/\/fkzalgiris.lt\/"},{"@type":"ListItem","position":2,"name":"Paskutin\u0117se rungtyn\u0117se &#8211; vietos nebel\u0117musi nes\u0117km\u0117"}]},{"@type":"WebSite","@id":"https:\/\/fkzalgiris.lt\/#website","url":"https:\/\/fkzalgiris.lt\/","name":"FK \u017dalgiris","description":"oficiali Vilniaus \u201e\u017dalgirio\u201c futbolo klubo svetain\u0117","publisher":{"@id":"https:\/\/fkzalgiris.lt\/#organization"},"potentialAction":[{"@type":"SearchAction","target":{"@type":"EntryPoint","urlTemplate":"https:\/\/fkzalgiris.lt\/?s={search_term_string}"},"query-input":{"@type":"PropertyValueSpecification","valueRequired":true,"valueName":"search_term_string"}}],"inLanguage":"lt-LT"},{"@type":"Organization","@id":"https:\/\/fkzalgiris.lt\/#organization","name":"FK \u017dalgiris","url":"https:\/\/fkzalgiris.lt\/","logo":{"@type":"ImageObject","inLanguage":"lt-LT","@id":"https:\/\/fkzalgiris.lt\/#\/schema\/logo\/image\/","url":"https:\/\/fkzalgiris.lt\/wp-content\/uploads\/2024\/01\/horiz-FK-Zalgiris-logo-2015.png","contentUrl":"https:\/\/fkzalgiris.lt\/wp-content\/uploads\/2024\/01\/horiz-FK-Zalgiris-logo-2015.png","width":3073,"height":2048,"caption":"FK \u017dalgiris"},"image":{"@id":"https:\/\/fkzalgiris.lt\/#\/schema\/logo\/image\/"},"sameAs":["https:\/\/www.facebook.com\/fkzalgiris\/","https:\/\/x.com\/fkzalgiris","https:\/\/www.instagram.com\/fkzalgiris\/","https:\/\/www.youtube.com\/channel\/UC1ag8JLxGirltMUoLlzfZLA"]},{"@type":"Person","@id":"https:\/\/fkzalgiris.lt\/#\/schema\/person\/8604babbba794a7d8767be324a3eaac8","name":"J"}]}},"_links":{"self":[{"href":"https:\/\/fkzalgiris.lt\/api\/wp\/v2\/posts\/18930","targetHints":{"allow":["GET"]}}],"collection":[{"href":"https:\/\/fkzalgiris.lt\/api\/wp\/v2\/posts"}],"about":[{"href":"https:\/\/fkzalgiris.lt\/api\/wp\/v2\/types\/post"}],"author":[{"embeddable":true,"href":"https:\/\/fkzalgiris.lt\/api\/wp\/v2\/users\/4"}],"replies":[{"embeddable":true,"href":"https:\/\/fkzalgiris.lt\/api\/wp\/v2\/comments?post=18930"}],"version-history":[{"count":4,"href":"https:\/\/fkzalgiris.lt\/api\/wp\/v2\/posts\/18930\/revisions"}],"predecessor-version":[{"id":18935,"href":"https:\/\/fkzalgiris.lt\/api\/wp\/v2\/posts\/18930\/revisions\/18935"}],"wp:attachment":[{"href":"https:\/\/fkzalgiris.lt\/api\/wp\/v2\/media?parent=18930"}],"wp:term":[{"taxonomy":"category","embeddable":true,"href":"https:\/\/fkzalgiris.lt\/api\/wp\/v2\/categories?post=18930"}],"curies":[{"name":"wp","href":"https:\/\/api.w.org\/{rel}","templated":true}]}}