{"id":18535,"date":"2025-09-14T13:42:07","date_gmt":"2025-09-14T10:42:07","guid":{"rendered":"https:\/\/fkzalgiris.lt\/?p=18535"},"modified":"2025-09-14T13:42:07","modified_gmt":"2025-09-14T10:42:07","slug":"n-mihajlovicius-labai-svarbi-pergale","status":"publish","type":"post","link":"https:\/\/fkzalgiris.lt\/n-mihajlovicius-labai-svarbi-pergale\/","title":{"rendered":"N. Mihajlovi\u010dius: \u201eLabai svarbi pergal\u0117\u201c"},"content":{"rendered":"<p>Po pergal\u0117s Garg\u017eduose \u201e\u017dalgirio\u201c treneris Rolandas D\u017eiauk\u0161tas d\u0117kojo komandai u\u017e atlikt\u0105 darb\u0105, o rungtyni\u0173 \u017eaid\u0117ju i\u0161rinktas Nemanja Mihajlovi\u010dius sak\u0117, kad nelengva buvo gr\u012f\u017eti \u012f ritm\u0105 po pertraukos.<\/p>\n<p>\u201eNor\u0117\u010diau pad\u0117koti \u010dia atvykusiems aistruoliams, pasveikinti su pergale vis\u0105 \u201e\u017dalgirio\u201c bendruomen\u0119. Noriu pad\u0117koti komandai, kuri atliko tikrai didel\u012f darb\u0105. Tai k\u0105 i\u0161band\u0117m, k\u0105 nor\u0117jom pataisyti, jie steng\u0117si tai atlikti. Tikrai buvo toki\u0173 moment\u0173, kur tai ir padar\u0117\u201c, \u2013 kalb\u0117jo treneris.<\/p>\n<div class=\"embed-responsive embed-responsive-16by9 mb-4\"><iframe title=\"D\u017eiauk\u0161tas | Trenerio komentaras | Banga - \u017dalgiris | Interview\" src=\"https:\/\/www.youtube.com\/embed\/cN41F8Gxe9g?feature=oembed\" frameborder=\"0\" allow=\"accelerometer; autoplay; clipboard-write; encrypted-media; gyroscope; picture-in-picture; web-share\" referrerpolicy=\"strict-origin-when-cross-origin\" allowfullscreen><\/iframe> <\/div>\n<p>\u201eLabai svarbi pergal\u0117 mums norint toliau siekti savo tikslo. Tikrai nelengva \u017eaisti rungtynes po poros savai\u010di\u0173 pertraukos. Daug lengviau, kai turi rungtyni\u0173 ritm\u0105. Rinktini\u0173 pertraukos metu turi laiko pails\u0117ti, o tada dirbi. Po pertraukos visada nelengva gr\u012f\u017eti \u012f ritm\u0105. A\u010di\u016b Dievui, pavyko i\u0161kovoti antr\u0105 pergal\u0119 i\u0161 eil\u0117s. D\u017eiaugiuosi, kad parod\u0117me, jog esame gerame kelyje. Dabar turime gerai atsistatyti. Nuo savait\u0117s prad\u017eios ruo\u0161tis kitoms rungtyn\u0117ms. Labai d\u017eiaugiuosi d\u0117l pergal\u0117s. Taip pat d\u0117l komandos, \u017eaidimo. \u017dinoma, \u017eaidim\u0105 visada galima gerinti. Ta\u010diau esu patenkintas\u201c, \u2013 sak\u0117 N. Mihajlovi\u010dius.<\/p>\n<div class=\"embed-responsive embed-responsive-16by9 mb-4\"><iframe title=\"Mihajlovi\u010d | \u017daid\u0117jo interviu | Banga - \u017dalgiris | Interview\" src=\"https:\/\/www.youtube.com\/embed\/MnylmtutaeY?feature=oembed\" frameborder=\"0\" allow=\"accelerometer; autoplay; clipboard-write; encrypted-media; gyroscope; picture-in-picture; web-share\" referrerpolicy=\"strict-origin-when-cross-origin\" allowfullscreen><\/iframe> <\/div>\n<p>Pirmajame k\u0117linyje vilnie\u010di\u0173 atakoms tr\u016bko tikslumo, ta\u010diau po pertraukos pavyko tur\u0117ti didesn\u0119 \u017eaidybin\u0119 persvar\u0105. \u201ePakalb\u0117jome r\u016bbin\u0117je, kad turime nuraminti t\u0105 \u017eaidim\u0105, palaikyti kamuol\u012f, to pasekoje turb\u016bt tai ir \u012fvyko. Gerai po keitimo \u012f\u0117jo Motiejus Burba, labai d\u017eiaugiuosi u\u017e j\u012f. Visi \u017eaid\u0117jai komandoje yra lyg\u016bs, visi turi \u0161ans\u0105 \u012frodyti, kad jie verti b\u016bti startin\u0117je sud\u0117tyje ar i\u0161eiti po keitimo. \u017daid\u0117jams r\u016bbin\u0117je sakiau, kad turime b\u016bti kaip komanda, tik taip galime ka\u017ek\u0105 pasiekti\u201c, \u2013 teig\u0117 treneris.<\/p>\n<p>Paklaustas, ar buvo jaudulio prie\u0161 debiut\u0105 vyr. trenerio poste, R. D\u017eiauk\u0161tas atsak\u0117: \u201eNat\u016bralu, kad buvo, bet galvojau, kad bus daugiau.\u201c<\/p>\n<p>Pirm\u0105j\u012f rungtyni\u0173 \u012fvart\u012f \u012fmu\u0161\u0117 individualiai sublizg\u0117j\u0119s N. Mihajlovi\u010dius, kuris pasirinko i\u0161 baudos aik\u0161tel\u0117s kra\u0161to atlikti staig\u0173 sm\u016bg\u012f.<\/p>\n<p>\u201eKartais tam tikruose epizoduose nereikia daug galvoti. Tam tikros id\u0117jos ateina per milisekundes. Ovidijus perdav\u0117 man kamuol\u012f. Band\u017eiau j\u012f susistabdyti, persime\u010diau per var\u017eov\u0105 ir pirmu lietimu sm\u016bgiavau. \u0160is \u012fvartis man daug rei\u0161kia. Reikia toliau dirbti ties mano u\u017ebaigimu. Ties kitais dalykais. Tikiuosi, jog pavyks taip pasirodyti ir toliau. Netgi jei ir ne\u012fmu\u0161\u010diau noriu b\u016bti aik\u0161t\u0117je ir pad\u0117ti komandai. Esu labai patenkintas, esu laimingas. Man tai labai ypatingas \u012fvartis. Jis paskatins mane dirbti dar labiau. Tikiuosi taip pat t\u0119sime, o sezono gale ir pasieksime t\u0105 viet\u0105 kuri\u0105 norime. Galb\u016bt ne viskas realu, bet turime atiduoti maksimum\u0105. \u0160i komanda turi potencialo. Tikiuosi, kad sezono pabaigoje gal\u0117sime sakyti, kad padar\u0117me k\u0105 gal\u0117jome. Kad b\u016btume s\u0105\u017einingi prie\u0161 save\u201c , \u2013 d\u0117st\u0117 legionerius i\u0161 Serbijos.<\/p>\n<p>Art\u0117jant\u012f penktadien\u012f, rugs\u0117jo 19 d. \u201e\u017dalgiris\u201c Vilniuje susitiks su \u201eRiteriais\u201c, \u0161ios dvikovos \u0161eimininkais bus var\u017eovai.<\/p>\n","protected":false},"excerpt":{"rendered":"<p>Po pergal\u0117s Garg\u017eduose \u201e\u017dalgirio\u201c treneris Rolandas D\u017eiauk\u0161tas d\u0117kojo komandai u\u017e atlikt\u0105 darb\u0105, o rungtyni\u0173 \u017eaid\u0117ju i\u0161rinktas Nemanja Mihajlovi\u010dius sak\u0117, kad nelengva buvo gr\u012f\u017eti \u012f ritm\u0105\u2026<\/p>\n","protected":false},"author":4,"featured_media":0,"comment_status":"closed","ping_status":"closed","sticky":false,"template":"","format":"standard","meta":{"_acf_changed":false,"footnotes":""},"categories":[87],"class_list":["post-18535","post","type-post","status-publish","format-standard","hentry","category-zalgiris"],"acf":[],"yoast_head":"<!-- This site is optimized with the Yoast SEO plugin v26.8 - https:\/\/yoast.com\/product\/yoast-seo-wordpress\/ -->\n<title>N. Mihajlovi\u010dius: \u201eLabai svarbi pergal\u0117\u201c - FK \u017dalgiris<\/title>\n<meta name=\"robots\" content=\"index, follow, max-snippet:-1, max-image-preview:large, max-video-preview:-1\" \/>\n<link rel=\"canonical\" href=\"https:\/\/fkzalgiris.lt\/n-mihajlovicius-labai-svarbi-pergale\/\" \/>\n<meta property=\"og:locale\" content=\"lt_LT\" \/>\n<meta property=\"og:type\" content=\"article\" \/>\n<meta property=\"og:title\" content=\"N. Mihajlovi\u010dius: \u201eLabai svarbi pergal\u0117\u201c - FK \u017dalgiris\" \/>\n<meta property=\"og:description\" content=\"Po pergal\u0117s Garg\u017eduose \u201e\u017dalgirio\u201c treneris Rolandas D\u017eiauk\u0161tas d\u0117kojo komandai u\u017e atlikt\u0105 darb\u0105, o rungtyni\u0173 \u017eaid\u0117ju i\u0161rinktas Nemanja Mihajlovi\u010dius sak\u0117, kad nelengva buvo gr\u012f\u017eti \u012f ritm\u0105\u2026\" \/>\n<meta property=\"og:url\" content=\"https:\/\/fkzalgiris.lt\/n-mihajlovicius-labai-svarbi-pergale\/\" \/>\n<meta property=\"og:site_name\" content=\"FK \u017dalgiris\" \/>\n<meta property=\"article:publisher\" content=\"https:\/\/www.facebook.com\/fkzalgiris\/\" \/>\n<meta property=\"article:published_time\" content=\"2025-09-14T10:42:07+00:00\" \/>\n<meta property=\"og:image\" content=\"https:\/\/fkzalgiris.lt\/wp-content\/uploads\/2024\/02\/social-horiz_Zalgiris_logo_2024.png\" \/>\n\t<meta property=\"og:image:width\" content=\"3356\" \/>\n\t<meta property=\"og:image:height\" content=\"2259\" \/>\n\t<meta property=\"og:image:type\" content=\"image\/png\" \/>\n<meta name=\"author\" content=\"J\" \/>\n<meta name=\"twitter:card\" content=\"summary_large_image\" \/>\n<meta name=\"twitter:creator\" content=\"@fkzalgiris\" \/>\n<meta name=\"twitter:site\" content=\"@fkzalgiris\" \/>\n<meta name=\"twitter:label1\" content=\"Written by\" \/>\n\t<meta name=\"twitter:data1\" content=\"J\" \/>\n\t<meta name=\"twitter:label2\" content=\"Est. reading time\" \/>\n\t<meta name=\"twitter:data2\" content=\"3 minut\u0117s\" \/>\n<script type=\"application\/ld+json\" class=\"yoast-schema-graph\">{\"@context\":\"https:\/\/schema.org\",\"@graph\":[{\"@type\":\"Article\",\"@id\":\"https:\/\/fkzalgiris.lt\/n-mihajlovicius-labai-svarbi-pergale\/#article\",\"isPartOf\":{\"@id\":\"https:\/\/fkzalgiris.lt\/n-mihajlovicius-labai-svarbi-pergale\/\"},\"author\":{\"name\":\"J\",\"@id\":\"https:\/\/fkzalgiris.lt\/#\/schema\/person\/8604babbba794a7d8767be324a3eaac8\"},\"headline\":\"N. Mihajlovi\u010dius: \u201eLabai svarbi pergal\u0117\u201c\",\"datePublished\":\"2025-09-14T10:42:07+00:00\",\"mainEntityOfPage\":{\"@id\":\"https:\/\/fkzalgiris.lt\/n-mihajlovicius-labai-svarbi-pergale\/\"},\"wordCount\":508,\"publisher\":{\"@id\":\"https:\/\/fkzalgiris.lt\/#organization\"},\"articleSection\":[\"\u017dalgiris\"],\"inLanguage\":\"lt-LT\"},{\"@type\":\"WebPage\",\"@id\":\"https:\/\/fkzalgiris.lt\/n-mihajlovicius-labai-svarbi-pergale\/\",\"url\":\"https:\/\/fkzalgiris.lt\/n-mihajlovicius-labai-svarbi-pergale\/\",\"name\":\"N. Mihajlovi\u010dius: \u201eLabai svarbi pergal\u0117\u201c - FK \u017dalgiris\",\"isPartOf\":{\"@id\":\"https:\/\/fkzalgiris.lt\/#website\"},\"datePublished\":\"2025-09-14T10:42:07+00:00\",\"breadcrumb\":{\"@id\":\"https:\/\/fkzalgiris.lt\/n-mihajlovicius-labai-svarbi-pergale\/#breadcrumb\"},\"inLanguage\":\"lt-LT\",\"potentialAction\":[{\"@type\":\"ReadAction\",\"target\":[\"https:\/\/fkzalgiris.lt\/n-mihajlovicius-labai-svarbi-pergale\/\"]}]},{\"@type\":\"BreadcrumbList\",\"@id\":\"https:\/\/fkzalgiris.lt\/n-mihajlovicius-labai-svarbi-pergale\/#breadcrumb\",\"itemListElement\":[{\"@type\":\"ListItem\",\"position\":1,\"name\":\"Home\",\"item\":\"https:\/\/fkzalgiris.lt\/\"},{\"@type\":\"ListItem\",\"position\":2,\"name\":\"N. Mihajlovi\u010dius: \u201eLabai svarbi pergal\u0117\u201c\"}]},{\"@type\":\"WebSite\",\"@id\":\"https:\/\/fkzalgiris.lt\/#website\",\"url\":\"https:\/\/fkzalgiris.lt\/\",\"name\":\"FK \u017dalgiris\",\"description\":\"oficiali Vilniaus \u201e\u017dalgirio\u201c futbolo klubo svetain\u0117\",\"publisher\":{\"@id\":\"https:\/\/fkzalgiris.lt\/#organization\"},\"potentialAction\":[{\"@type\":\"SearchAction\",\"target\":{\"@type\":\"EntryPoint\",\"urlTemplate\":\"https:\/\/fkzalgiris.lt\/?s={search_term_string}\"},\"query-input\":{\"@type\":\"PropertyValueSpecification\",\"valueRequired\":true,\"valueName\":\"search_term_string\"}}],\"inLanguage\":\"lt-LT\"},{\"@type\":\"Organization\",\"@id\":\"https:\/\/fkzalgiris.lt\/#organization\",\"name\":\"FK \u017dalgiris\",\"url\":\"https:\/\/fkzalgiris.lt\/\",\"logo\":{\"@type\":\"ImageObject\",\"inLanguage\":\"lt-LT\",\"@id\":\"https:\/\/fkzalgiris.lt\/#\/schema\/logo\/image\/\",\"url\":\"https:\/\/fkzalgiris.lt\/wp-content\/uploads\/2024\/01\/horiz-FK-Zalgiris-logo-2015.png\",\"contentUrl\":\"https:\/\/fkzalgiris.lt\/wp-content\/uploads\/2024\/01\/horiz-FK-Zalgiris-logo-2015.png\",\"width\":3073,\"height\":2048,\"caption\":\"FK \u017dalgiris\"},\"image\":{\"@id\":\"https:\/\/fkzalgiris.lt\/#\/schema\/logo\/image\/\"},\"sameAs\":[\"https:\/\/www.facebook.com\/fkzalgiris\/\",\"https:\/\/x.com\/fkzalgiris\",\"https:\/\/www.instagram.com\/fkzalgiris\/\",\"https:\/\/www.youtube.com\/channel\/UC1ag8JLxGirltMUoLlzfZLA\"]},{\"@type\":\"Person\",\"@id\":\"https:\/\/fkzalgiris.lt\/#\/schema\/person\/8604babbba794a7d8767be324a3eaac8\",\"name\":\"J\"}]}<\/script>\n<!-- \/ Yoast SEO plugin. -->","yoast_head_json":{"title":"N. Mihajlovi\u010dius: \u201eLabai svarbi pergal\u0117\u201c - FK \u017dalgiris","robots":{"index":"index","follow":"follow","max-snippet":"max-snippet:-1","max-image-preview":"max-image-preview:large","max-video-preview":"max-video-preview:-1"},"canonical":"https:\/\/fkzalgiris.lt\/n-mihajlovicius-labai-svarbi-pergale\/","og_locale":"lt_LT","og_type":"article","og_title":"N. Mihajlovi\u010dius: \u201eLabai svarbi pergal\u0117\u201c - FK \u017dalgiris","og_description":"Po pergal\u0117s Garg\u017eduose \u201e\u017dalgirio\u201c treneris Rolandas D\u017eiauk\u0161tas d\u0117kojo komandai u\u017e atlikt\u0105 darb\u0105, o rungtyni\u0173 \u017eaid\u0117ju i\u0161rinktas Nemanja Mihajlovi\u010dius sak\u0117, kad nelengva buvo gr\u012f\u017eti \u012f ritm\u0105\u2026","og_url":"https:\/\/fkzalgiris.lt\/n-mihajlovicius-labai-svarbi-pergale\/","og_site_name":"FK \u017dalgiris","article_publisher":"https:\/\/www.facebook.com\/fkzalgiris\/","article_published_time":"2025-09-14T10:42:07+00:00","og_image":[{"width":3356,"height":2259,"url":"https:\/\/fkzalgiris.lt\/wp-content\/uploads\/2024\/02\/social-horiz_Zalgiris_logo_2024.png","type":"image\/png"}],"author":"J","twitter_card":"summary_large_image","twitter_creator":"@fkzalgiris","twitter_site":"@fkzalgiris","twitter_misc":{"Written by":"J","Est. reading time":"3 minut\u0117s"},"schema":{"@context":"https:\/\/schema.org","@graph":[{"@type":"Article","@id":"https:\/\/fkzalgiris.lt\/n-mihajlovicius-labai-svarbi-pergale\/#article","isPartOf":{"@id":"https:\/\/fkzalgiris.lt\/n-mihajlovicius-labai-svarbi-pergale\/"},"author":{"name":"J","@id":"https:\/\/fkzalgiris.lt\/#\/schema\/person\/8604babbba794a7d8767be324a3eaac8"},"headline":"N. Mihajlovi\u010dius: \u201eLabai svarbi pergal\u0117\u201c","datePublished":"2025-09-14T10:42:07+00:00","mainEntityOfPage":{"@id":"https:\/\/fkzalgiris.lt\/n-mihajlovicius-labai-svarbi-pergale\/"},"wordCount":508,"publisher":{"@id":"https:\/\/fkzalgiris.lt\/#organization"},"articleSection":["\u017dalgiris"],"inLanguage":"lt-LT"},{"@type":"WebPage","@id":"https:\/\/fkzalgiris.lt\/n-mihajlovicius-labai-svarbi-pergale\/","url":"https:\/\/fkzalgiris.lt\/n-mihajlovicius-labai-svarbi-pergale\/","name":"N. Mihajlovi\u010dius: \u201eLabai svarbi pergal\u0117\u201c - FK \u017dalgiris","isPartOf":{"@id":"https:\/\/fkzalgiris.lt\/#website"},"datePublished":"2025-09-14T10:42:07+00:00","breadcrumb":{"@id":"https:\/\/fkzalgiris.lt\/n-mihajlovicius-labai-svarbi-pergale\/#breadcrumb"},"inLanguage":"lt-LT","potentialAction":[{"@type":"ReadAction","target":["https:\/\/fkzalgiris.lt\/n-mihajlovicius-labai-svarbi-pergale\/"]}]},{"@type":"BreadcrumbList","@id":"https:\/\/fkzalgiris.lt\/n-mihajlovicius-labai-svarbi-pergale\/#breadcrumb","itemListElement":[{"@type":"ListItem","position":1,"name":"Home","item":"https:\/\/fkzalgiris.lt\/"},{"@type":"ListItem","position":2,"name":"N. Mihajlovi\u010dius: \u201eLabai svarbi pergal\u0117\u201c"}]},{"@type":"WebSite","@id":"https:\/\/fkzalgiris.lt\/#website","url":"https:\/\/fkzalgiris.lt\/","name":"FK \u017dalgiris","description":"oficiali Vilniaus \u201e\u017dalgirio\u201c futbolo klubo svetain\u0117","publisher":{"@id":"https:\/\/fkzalgiris.lt\/#organization"},"potentialAction":[{"@type":"SearchAction","target":{"@type":"EntryPoint","urlTemplate":"https:\/\/fkzalgiris.lt\/?s={search_term_string}"},"query-input":{"@type":"PropertyValueSpecification","valueRequired":true,"valueName":"search_term_string"}}],"inLanguage":"lt-LT"},{"@type":"Organization","@id":"https:\/\/fkzalgiris.lt\/#organization","name":"FK \u017dalgiris","url":"https:\/\/fkzalgiris.lt\/","logo":{"@type":"ImageObject","inLanguage":"lt-LT","@id":"https:\/\/fkzalgiris.lt\/#\/schema\/logo\/image\/","url":"https:\/\/fkzalgiris.lt\/wp-content\/uploads\/2024\/01\/horiz-FK-Zalgiris-logo-2015.png","contentUrl":"https:\/\/fkzalgiris.lt\/wp-content\/uploads\/2024\/01\/horiz-FK-Zalgiris-logo-2015.png","width":3073,"height":2048,"caption":"FK \u017dalgiris"},"image":{"@id":"https:\/\/fkzalgiris.lt\/#\/schema\/logo\/image\/"},"sameAs":["https:\/\/www.facebook.com\/fkzalgiris\/","https:\/\/x.com\/fkzalgiris","https:\/\/www.instagram.com\/fkzalgiris\/","https:\/\/www.youtube.com\/channel\/UC1ag8JLxGirltMUoLlzfZLA"]},{"@type":"Person","@id":"https:\/\/fkzalgiris.lt\/#\/schema\/person\/8604babbba794a7d8767be324a3eaac8","name":"J"}]}},"_links":{"self":[{"href":"https:\/\/fkzalgiris.lt\/api\/wp\/v2\/posts\/18535","targetHints":{"allow":["GET"]}}],"collection":[{"href":"https:\/\/fkzalgiris.lt\/api\/wp\/v2\/posts"}],"about":[{"href":"https:\/\/fkzalgiris.lt\/api\/wp\/v2\/types\/post"}],"author":[{"embeddable":true,"href":"https:\/\/fkzalgiris.lt\/api\/wp\/v2\/users\/4"}],"replies":[{"embeddable":true,"href":"https:\/\/fkzalgiris.lt\/api\/wp\/v2\/comments?post=18535"}],"version-history":[{"count":2,"href":"https:\/\/fkzalgiris.lt\/api\/wp\/v2\/posts\/18535\/revisions"}],"predecessor-version":[{"id":18539,"href":"https:\/\/fkzalgiris.lt\/api\/wp\/v2\/posts\/18535\/revisions\/18539"}],"wp:attachment":[{"href":"https:\/\/fkzalgiris.lt\/api\/wp\/v2\/media?parent=18535"}],"wp:term":[{"taxonomy":"category","embeddable":true,"href":"https:\/\/fkzalgiris.lt\/api\/wp\/v2\/categories?post=18535"}],"curies":[{"name":"wp","href":"https:\/\/api.w.org\/{rel}","templated":true}]}}