{"id":18434,"date":"2025-09-02T13:19:20","date_gmt":"2025-09-02T10:19:20","guid":{"rendered":"https:\/\/fkzalgiris.lt\/?p=18434"},"modified":"2025-09-02T13:26:42","modified_gmt":"2025-09-02T10:26:42","slug":"naujasis-komandos-treneris-r-dziaukstas","status":"publish","type":"post","link":"https:\/\/fkzalgiris.lt\/naujasis-komandos-treneris-r-dziaukstas\/","title":{"rendered":"Naujasis komandos treneris &#8211; R. D\u017eiauk\u0161tas"},"content":{"rendered":"<p>\u201e\u017dalgirio\u201c vyr\u0173 komandos vyriausiojo trenerio pareigas u\u017eims kelis kartus anks\u010diau \u017ealiai baltas spalvas gyn\u0119s Rolandas D\u017eiauk\u0161tas.<\/p>\n<p>Su 47 met\u0173 futbolo specialistu oficialiai pasira\u0161yta sutartis, galiosianti iki sezono pabaigos.<\/p>\n<p><strong>Skirtingai periodai klube<\/strong><\/p>\n<p>Vyriausiojo trenerio postas bus penktasis R. D\u017eiauk\u0161to etapas sostin\u0117s klube.<\/p>\n<p>Vilniuje jis ir prad\u0117jo, ir baig\u0117 savo futbolininko karjer\u0105 &#8211; A lygoje 1995-1996 m. debiutavo \u201e\u017dalgirio\u201c dublerin\u0117se komandose, o 2008 m. su\u017eaid\u0117 paskutines rungtynes profesional\u0173 futbole.<\/p>\n<p>Gyn\u0117jo pozicijoje rungtyniav\u0119s R. D\u017eiauk\u0161tas ilgus metus \u017eaid\u0117 u\u017esienyje, 40 kart\u0173 atstovavo Lietuvos vyr\u0173 rinktinei.<\/p>\n<p><img loading=\"lazy\" decoding=\"async\" class=\"alignnone wp-image-18440\" src=\"https:\/\/fkzalgiris.lt\/wp-content\/uploads\/2025\/09\/dziaukstas-2008-05-11_162-1024x716.jpg\" alt=\"\" width=\"650\" height=\"454\" srcset=\"https:\/\/fkzalgiris.lt\/wp-content\/uploads\/2025\/09\/dziaukstas-2008-05-11_162-1024x716.jpg 1024w, https:\/\/fkzalgiris.lt\/wp-content\/uploads\/2025\/09\/dziaukstas-2008-05-11_162-300x210.jpg 300w, https:\/\/fkzalgiris.lt\/wp-content\/uploads\/2025\/09\/dziaukstas-2008-05-11_162-768x537.jpg 768w, https:\/\/fkzalgiris.lt\/wp-content\/uploads\/2025\/09\/dziaukstas-2008-05-11_162-1536x1074.jpg 1536w, https:\/\/fkzalgiris.lt\/wp-content\/uploads\/2025\/09\/dziaukstas-2008-05-11_162-143x100.jpg 143w, https:\/\/fkzalgiris.lt\/wp-content\/uploads\/2025\/09\/dziaukstas-2008-05-11_162-30x20.jpg 30w, https:\/\/fkzalgiris.lt\/wp-content\/uploads\/2025\/09\/dziaukstas-2008-05-11_162.jpg 1920w\" sizes=\"auto, (max-width: 650px) 100vw, 650px\" \/><br \/>\nTrenerio karjer\u0105 jis prad\u0117jo 2014-2015 m. \u201eUtenio\u201c komandoje.<\/p>\n<p>2016-2018 m. R. D\u017eiauk\u0161tas buvo \u201e\u017dalgirio\u201c treneri\u0173 \u0161tabo narys, su ekipa kart\u0105 tapo Lietuvos \u010dempionu, 3 kartus i\u0161kovojo taur\u0119, 2 kartus \u2013 Supertaur\u0119.<\/p>\n<p>V\u0117liau treneris kelis metus darbavosi jaunimo rinktin\u0117se, 2021 m. taip pat buvo nacionalin\u0117s vyr\u0173 rinktin\u0117s \u0161tabe.<\/p>\n<p>Pra\u0117jusiais metais R. D\u017eiauk\u0161tas dirbo \u201e\u017dalgirio\u201c akademijos strukt\u016broje treneri\u0173 vadovu.<\/p>\n<p><img loading=\"lazy\" decoding=\"async\" class=\"wp-image-18441\" src=\"https:\/\/fkzalgiris.lt\/wp-content\/uploads\/2025\/09\/dziaukstas-2024-foto-Elvis-Zaldaris-56-1024x683.jpg\" alt=\"\" width=\"650\" height=\"433\" srcset=\"https:\/\/fkzalgiris.lt\/wp-content\/uploads\/2025\/09\/dziaukstas-2024-foto-Elvis-Zaldaris-56-1024x683.jpg 1024w, https:\/\/fkzalgiris.lt\/wp-content\/uploads\/2025\/09\/dziaukstas-2024-foto-Elvis-Zaldaris-56-300x200.jpg 300w, https:\/\/fkzalgiris.lt\/wp-content\/uploads\/2025\/09\/dziaukstas-2024-foto-Elvis-Zaldaris-56-768x512.jpg 768w, https:\/\/fkzalgiris.lt\/wp-content\/uploads\/2025\/09\/dziaukstas-2024-foto-Elvis-Zaldaris-56-1536x1024.jpg 1536w, https:\/\/fkzalgiris.lt\/wp-content\/uploads\/2025\/09\/dziaukstas-2024-foto-Elvis-Zaldaris-56-150x100.jpg 150w, https:\/\/fkzalgiris.lt\/wp-content\/uploads\/2025\/09\/dziaukstas-2024-foto-Elvis-Zaldaris-56-840x560.jpg 840w, https:\/\/fkzalgiris.lt\/wp-content\/uploads\/2025\/09\/dziaukstas-2024-foto-Elvis-Zaldaris-56-570x380.jpg 570w, https:\/\/fkzalgiris.lt\/wp-content\/uploads\/2025\/09\/dziaukstas-2024-foto-Elvis-Zaldaris-56-30x20.jpg 30w, https:\/\/fkzalgiris.lt\/wp-content\/uploads\/2025\/09\/dziaukstas-2024-foto-Elvis-Zaldaris-56.jpg 2048w\" sizes=\"auto, (max-width: 650px) 100vw, 650px\" \/><\/p>\n<p><strong>Ry\u0161ys su klubu<\/strong><\/p>\n<p>Pasak R. D\u017eiauk\u0161to, pasi\u016blymas stoti prie komandos vairo buvo netik\u0117tas, ta\u010diau imtis \u0161io i\u0161\u0161\u016bkio paskatino noras pad\u0117ti gimto miesto klubui nelengvoje pad\u0117tyje.<\/p>\n<p>\u201eSekiau situacij\u0105, ma\u010diau, kas vyksta klube. Prie\u0161 kelias dienas man\u0119s pasiteiravo kaip pa\u017ei\u016br\u0117\u010diau \u012f galimyb\u0119 prisijungti prie komandos ir jai vadovauti. \u0160is klubas man labai svarbus, labai artimas. \u010cia prasid\u0117jo mano \u017eaid\u0117jo kelias. Man \u201e\u017dalgiris\u201c n\u0117ra tik paprastas \u017eodis. Nuo vaikyst\u0117s \u0117jome \u012f komandos rungtynes. Tod\u0117l man didel\u0117 garb\u0117 priimti tok\u012f pasi\u016blym\u0105, jo negal\u0117jau atsisakyti. S\u0105lygos nebuvo esminis klausimas. \u017dinau, kad laukia dideli i\u0161\u0161\u016bkiai, sunkus darbas, bet tikiu, kad galime pasiekti geresni\u0173 rezultat\u0173 ir padarysiu visk\u0105 maksimaliai, kad pad\u0117\u010diau komandai\u201c, \u2013 kalb\u0117jo treneris po kontrakto pasira\u0161ymo.<\/p>\n<p>Su dalimi komandos nari\u0173 jis jau pa\u017e\u012fstamas i\u0161 ankstesn\u0117s trenerio veiklos, o taip pat nuo pra\u0117jusio sezono, kai dirbo klubo akademijos strukt\u016broje, talkino vyriausiajam treneriui pasiruo\u0161imo sezonui metu.<\/p>\n<p>\u201eTai irgi prisid\u0117jo prie apsisprendimo imtis \u0161io darbo. Neateinu visi\u0161kai i\u0161 \u0161ono, \u0161iek tiek \u017einau \u017eaid\u0117jus. Su kitais, \u017einoma, irgi susipa\u017einsime artimiausiu metu. Tikiu j\u0173 potencialu, tikiu, kad jie gali geriau. \u0160iemet nebuvau visi\u0161kai nutol\u0119s nuo futbolo, ma\u010diau komandos rungtyni\u0173. Turiu kelias savo id\u0117jas, kurias nor\u0117\u010diau \u012fne\u0161ti, kas gal\u0117t\u0173 pad\u0117ti komandai pasiekti geresni\u0173 rezultat\u0173\u201c, \u2013 sak\u0117 R. D\u017eiauk\u0161tas.<\/p>\n<p><img loading=\"lazy\" decoding=\"async\" class=\"alignnone wp-image-18452\" src=\"https:\/\/fkzalgiris.lt\/wp-content\/uploads\/2025\/09\/0A6A4419-1024x683.jpeg\" alt=\"\" width=\"650\" height=\"433\" srcset=\"https:\/\/fkzalgiris.lt\/wp-content\/uploads\/2025\/09\/0A6A4419-1024x683.jpeg 1024w, https:\/\/fkzalgiris.lt\/wp-content\/uploads\/2025\/09\/0A6A4419-300x200.jpeg 300w, https:\/\/fkzalgiris.lt\/wp-content\/uploads\/2025\/09\/0A6A4419-768x512.jpeg 768w, https:\/\/fkzalgiris.lt\/wp-content\/uploads\/2025\/09\/0A6A4419-1536x1024.jpeg 1536w, https:\/\/fkzalgiris.lt\/wp-content\/uploads\/2025\/09\/0A6A4419-2048x1366.jpeg 2048w, https:\/\/fkzalgiris.lt\/wp-content\/uploads\/2025\/09\/0A6A4419-150x100.jpeg 150w, https:\/\/fkzalgiris.lt\/wp-content\/uploads\/2025\/09\/0A6A4419-840x560.jpeg 840w, https:\/\/fkzalgiris.lt\/wp-content\/uploads\/2025\/09\/0A6A4419-570x380.jpeg 570w, https:\/\/fkzalgiris.lt\/wp-content\/uploads\/2025\/09\/0A6A4419-30x20.jpeg 30w\" sizes=\"auto, (max-width: 650px) 100vw, 650px\" \/><\/p>\n<p><strong>Trenerio patirtys<\/strong><\/p>\n<p>D\u0117l rinktini\u0173 pertraukos \u017ealgirie\u010diai kitas A lygos rungtynes \u017eais rugs\u0117jo 13-\u0105j\u0105, tad treneris artimiausiu metu tur\u0117s \u0161iek tiek laiko pasiruo\u0161ti.<\/p>\n<p>\u201eArtimiausiu metu aptarsime ateinan\u010dius darbus su treneriais, jais pasidalinsime. \u017dinoma, tur\u0117sime pokalbius su \u017eaid\u0117jais \u2013 tuomet kai jie gr\u012f\u0161 \u012f treniruotes, nes dabar turi kelias poilsio dienas. Su tais, kurie nei\u0161vyko, galb\u016bt susitiksime anks\u010diau\u201c, \u2013 sak\u0117 treneris.<\/p>\n<p>Kalb\u0117damas apie savo trenerio profesij\u0105, R. D\u017eiauk\u0161tas pa\u017eym\u0117jo, jog tur\u0117jo \u012fvairi\u0173 patir\u010di\u0173, kurios pravers naujame darbe.<\/p>\n<p>\u201eAnks\u010diau esu dirb\u0119s \u201e\u017dalgiryje\u201c kaip trenerio asistentas, tuomet buvo tiek labai gra\u017ei\u0173 pergali\u0173, tiek ir blogesni\u0173 moment\u0173. Taip pat ne kart\u0105 buvau ir situacijose, kai sezono eigoje keit\u0117si treneris, tod\u0117l tokios patirties turiu. Dabar reik\u0117s surasti geriausius sprendimus kaip i\u0161eiti i\u0161 esamos situacijos, nors pastaruoju komanda ir taip demonstruoja gan neblog\u0105 \u017eaidim\u0105. Esu \u012fsitikin\u0119s, kad galime su komanda pasiekti daugiau ir susigr\u0105\u017einti pasitik\u0117jim\u0105 tiek aik\u0161t\u0117je, tiek u\u017e aik\u0161t\u0117s rib\u0173\u201c, \u2013 kalb\u0117jo buv\u0119s Lietuvos rinktin\u0117s gyn\u0117jas.<\/p>\n<p>Vyriausiojo trenerio pareigose jis debiutuos rugs\u0117jo 13-\u0105j\u0105 A lygos rungtyn\u0117se Garg\u017eduose, o Vilniuje &#8211; rugs\u0117jo 19-\u0105j\u0105, kai \u017ealgirie\u010diai bus sve\u010diai dvikovoje prie\u0161 \u201eRiterius\u201c.<\/p>\n","protected":false},"excerpt":{"rendered":"<p>\u201e\u017dalgirio\u201c vyr\u0173 komandos vyriausiojo trenerio pareigas u\u017eims kelis kartus anks\u010diau \u017ealiai baltas spalvas gyn\u0119s Rolandas D\u017eiauk\u0161tas. Su 47 met\u0173 futbolo specialistu oficialiai pasira\u0161yta sutartis, galiosianti\u2026<\/p>\n","protected":false},"author":4,"featured_media":0,"comment_status":"closed","ping_status":"closed","sticky":false,"template":"","format":"standard","meta":{"_acf_changed":false,"footnotes":""},"categories":[87],"class_list":["post-18434","post","type-post","status-publish","format-standard","hentry","category-zalgiris"],"acf":[],"yoast_head":"<!-- This site is optimized with the Yoast SEO plugin v26.8 - https:\/\/yoast.com\/product\/yoast-seo-wordpress\/ -->\n<title>Naujasis komandos treneris - R. D\u017eiauk\u0161tas - FK \u017dalgiris<\/title>\n<meta name=\"robots\" content=\"index, follow, max-snippet:-1, max-image-preview:large, max-video-preview:-1\" \/>\n<link rel=\"canonical\" href=\"https:\/\/fkzalgiris.lt\/naujasis-komandos-treneris-r-dziaukstas\/\" \/>\n<meta property=\"og:locale\" content=\"lt_LT\" \/>\n<meta property=\"og:type\" content=\"article\" \/>\n<meta property=\"og:title\" content=\"Naujasis komandos treneris - R. D\u017eiauk\u0161tas - FK \u017dalgiris\" \/>\n<meta property=\"og:description\" content=\"\u201e\u017dalgirio\u201c vyr\u0173 komandos vyriausiojo trenerio pareigas u\u017eims kelis kartus anks\u010diau \u017ealiai baltas spalvas gyn\u0119s Rolandas D\u017eiauk\u0161tas. Su 47 met\u0173 futbolo specialistu oficialiai pasira\u0161yta sutartis, galiosianti\u2026\" \/>\n<meta property=\"og:url\" content=\"https:\/\/fkzalgiris.lt\/naujasis-komandos-treneris-r-dziaukstas\/\" \/>\n<meta property=\"og:site_name\" content=\"FK \u017dalgiris\" \/>\n<meta property=\"article:publisher\" content=\"https:\/\/www.facebook.com\/fkzalgiris\/\" \/>\n<meta property=\"article:published_time\" content=\"2025-09-02T10:19:20+00:00\" \/>\n<meta property=\"article:modified_time\" content=\"2025-09-02T10:26:42+00:00\" \/>\n<meta property=\"og:image\" content=\"https:\/\/fkzalgiris.lt\/wp-content\/uploads\/2025\/09\/0A6A4416-scaled.jpeg\" \/>\n\t<meta property=\"og:image:width\" content=\"2560\" \/>\n\t<meta property=\"og:image:height\" content=\"1707\" \/>\n\t<meta property=\"og:image:type\" content=\"image\/jpeg\" \/>\n<meta name=\"author\" content=\"J\" \/>\n<meta name=\"twitter:card\" content=\"summary_large_image\" \/>\n<meta name=\"twitter:creator\" content=\"@fkzalgiris\" \/>\n<meta name=\"twitter:site\" content=\"@fkzalgiris\" \/>\n<meta name=\"twitter:label1\" content=\"Written by\" \/>\n\t<meta name=\"twitter:data1\" content=\"J\" \/>\n\t<meta name=\"twitter:label2\" content=\"Est. reading time\" \/>\n\t<meta name=\"twitter:data2\" content=\"4 minut\u0117s\" \/>\n<script type=\"application\/ld+json\" class=\"yoast-schema-graph\">{\"@context\":\"https:\/\/schema.org\",\"@graph\":[{\"@type\":\"Article\",\"@id\":\"https:\/\/fkzalgiris.lt\/naujasis-komandos-treneris-r-dziaukstas\/#article\",\"isPartOf\":{\"@id\":\"https:\/\/fkzalgiris.lt\/naujasis-komandos-treneris-r-dziaukstas\/\"},\"author\":{\"name\":\"J\",\"@id\":\"https:\/\/fkzalgiris.lt\/#\/schema\/person\/8604babbba794a7d8767be324a3eaac8\"},\"headline\":\"Naujasis komandos treneris &#8211; R. D\u017eiauk\u0161tas\",\"datePublished\":\"2025-09-02T10:19:20+00:00\",\"dateModified\":\"2025-09-02T10:26:42+00:00\",\"mainEntityOfPage\":{\"@id\":\"https:\/\/fkzalgiris.lt\/naujasis-komandos-treneris-r-dziaukstas\/\"},\"wordCount\":621,\"publisher\":{\"@id\":\"https:\/\/fkzalgiris.lt\/#organization\"},\"image\":{\"@id\":\"https:\/\/fkzalgiris.lt\/naujasis-komandos-treneris-r-dziaukstas\/#primaryimage\"},\"thumbnailUrl\":\"https:\/\/fkzalgiris.lt\/wp-content\/uploads\/2025\/09\/dziaukstas-2008-05-11_162-1024x716.jpg\",\"articleSection\":[\"\u017dalgiris\"],\"inLanguage\":\"lt-LT\"},{\"@type\":\"WebPage\",\"@id\":\"https:\/\/fkzalgiris.lt\/naujasis-komandos-treneris-r-dziaukstas\/\",\"url\":\"https:\/\/fkzalgiris.lt\/naujasis-komandos-treneris-r-dziaukstas\/\",\"name\":\"Naujasis komandos treneris - R. D\u017eiauk\u0161tas - FK \u017dalgiris\",\"isPartOf\":{\"@id\":\"https:\/\/fkzalgiris.lt\/#website\"},\"primaryImageOfPage\":{\"@id\":\"https:\/\/fkzalgiris.lt\/naujasis-komandos-treneris-r-dziaukstas\/#primaryimage\"},\"image\":{\"@id\":\"https:\/\/fkzalgiris.lt\/naujasis-komandos-treneris-r-dziaukstas\/#primaryimage\"},\"thumbnailUrl\":\"https:\/\/fkzalgiris.lt\/wp-content\/uploads\/2025\/09\/dziaukstas-2008-05-11_162-1024x716.jpg\",\"datePublished\":\"2025-09-02T10:19:20+00:00\",\"dateModified\":\"2025-09-02T10:26:42+00:00\",\"breadcrumb\":{\"@id\":\"https:\/\/fkzalgiris.lt\/naujasis-komandos-treneris-r-dziaukstas\/#breadcrumb\"},\"inLanguage\":\"lt-LT\",\"potentialAction\":[{\"@type\":\"ReadAction\",\"target\":[\"https:\/\/fkzalgiris.lt\/naujasis-komandos-treneris-r-dziaukstas\/\"]}]},{\"@type\":\"ImageObject\",\"inLanguage\":\"lt-LT\",\"@id\":\"https:\/\/fkzalgiris.lt\/naujasis-komandos-treneris-r-dziaukstas\/#primaryimage\",\"url\":\"https:\/\/fkzalgiris.lt\/wp-content\/uploads\/2025\/09\/dziaukstas-2008-05-11_162.jpg\",\"contentUrl\":\"https:\/\/fkzalgiris.lt\/wp-content\/uploads\/2025\/09\/dziaukstas-2008-05-11_162.jpg\",\"width\":1920,\"height\":1342},{\"@type\":\"BreadcrumbList\",\"@id\":\"https:\/\/fkzalgiris.lt\/naujasis-komandos-treneris-r-dziaukstas\/#breadcrumb\",\"itemListElement\":[{\"@type\":\"ListItem\",\"position\":1,\"name\":\"Home\",\"item\":\"https:\/\/fkzalgiris.lt\/\"},{\"@type\":\"ListItem\",\"position\":2,\"name\":\"Naujasis komandos treneris &#8211; R. D\u017eiauk\u0161tas\"}]},{\"@type\":\"WebSite\",\"@id\":\"https:\/\/fkzalgiris.lt\/#website\",\"url\":\"https:\/\/fkzalgiris.lt\/\",\"name\":\"FK \u017dalgiris\",\"description\":\"oficiali Vilniaus \u201e\u017dalgirio\u201c futbolo klubo svetain\u0117\",\"publisher\":{\"@id\":\"https:\/\/fkzalgiris.lt\/#organization\"},\"potentialAction\":[{\"@type\":\"SearchAction\",\"target\":{\"@type\":\"EntryPoint\",\"urlTemplate\":\"https:\/\/fkzalgiris.lt\/?s={search_term_string}\"},\"query-input\":{\"@type\":\"PropertyValueSpecification\",\"valueRequired\":true,\"valueName\":\"search_term_string\"}}],\"inLanguage\":\"lt-LT\"},{\"@type\":\"Organization\",\"@id\":\"https:\/\/fkzalgiris.lt\/#organization\",\"name\":\"FK \u017dalgiris\",\"url\":\"https:\/\/fkzalgiris.lt\/\",\"logo\":{\"@type\":\"ImageObject\",\"inLanguage\":\"lt-LT\",\"@id\":\"https:\/\/fkzalgiris.lt\/#\/schema\/logo\/image\/\",\"url\":\"https:\/\/fkzalgiris.lt\/wp-content\/uploads\/2024\/01\/horiz-FK-Zalgiris-logo-2015.png\",\"contentUrl\":\"https:\/\/fkzalgiris.lt\/wp-content\/uploads\/2024\/01\/horiz-FK-Zalgiris-logo-2015.png\",\"width\":3073,\"height\":2048,\"caption\":\"FK \u017dalgiris\"},\"image\":{\"@id\":\"https:\/\/fkzalgiris.lt\/#\/schema\/logo\/image\/\"},\"sameAs\":[\"https:\/\/www.facebook.com\/fkzalgiris\/\",\"https:\/\/x.com\/fkzalgiris\",\"https:\/\/www.instagram.com\/fkzalgiris\/\",\"https:\/\/www.youtube.com\/channel\/UC1ag8JLxGirltMUoLlzfZLA\"]},{\"@type\":\"Person\",\"@id\":\"https:\/\/fkzalgiris.lt\/#\/schema\/person\/8604babbba794a7d8767be324a3eaac8\",\"name\":\"J\"}]}<\/script>\n<!-- \/ Yoast SEO plugin. -->","yoast_head_json":{"title":"Naujasis komandos treneris - R. D\u017eiauk\u0161tas - FK \u017dalgiris","robots":{"index":"index","follow":"follow","max-snippet":"max-snippet:-1","max-image-preview":"max-image-preview:large","max-video-preview":"max-video-preview:-1"},"canonical":"https:\/\/fkzalgiris.lt\/naujasis-komandos-treneris-r-dziaukstas\/","og_locale":"lt_LT","og_type":"article","og_title":"Naujasis komandos treneris - R. D\u017eiauk\u0161tas - FK \u017dalgiris","og_description":"\u201e\u017dalgirio\u201c vyr\u0173 komandos vyriausiojo trenerio pareigas u\u017eims kelis kartus anks\u010diau \u017ealiai baltas spalvas gyn\u0119s Rolandas D\u017eiauk\u0161tas. Su 47 met\u0173 futbolo specialistu oficialiai pasira\u0161yta sutartis, galiosianti\u2026","og_url":"https:\/\/fkzalgiris.lt\/naujasis-komandos-treneris-r-dziaukstas\/","og_site_name":"FK \u017dalgiris","article_publisher":"https:\/\/www.facebook.com\/fkzalgiris\/","article_published_time":"2025-09-02T10:19:20+00:00","article_modified_time":"2025-09-02T10:26:42+00:00","og_image":[{"width":2560,"height":1707,"url":"https:\/\/fkzalgiris.lt\/wp-content\/uploads\/2025\/09\/0A6A4416-scaled.jpeg","type":"image\/jpeg"}],"author":"J","twitter_card":"summary_large_image","twitter_creator":"@fkzalgiris","twitter_site":"@fkzalgiris","twitter_misc":{"Written by":"J","Est. reading time":"4 minut\u0117s"},"schema":{"@context":"https:\/\/schema.org","@graph":[{"@type":"Article","@id":"https:\/\/fkzalgiris.lt\/naujasis-komandos-treneris-r-dziaukstas\/#article","isPartOf":{"@id":"https:\/\/fkzalgiris.lt\/naujasis-komandos-treneris-r-dziaukstas\/"},"author":{"name":"J","@id":"https:\/\/fkzalgiris.lt\/#\/schema\/person\/8604babbba794a7d8767be324a3eaac8"},"headline":"Naujasis komandos treneris &#8211; R. D\u017eiauk\u0161tas","datePublished":"2025-09-02T10:19:20+00:00","dateModified":"2025-09-02T10:26:42+00:00","mainEntityOfPage":{"@id":"https:\/\/fkzalgiris.lt\/naujasis-komandos-treneris-r-dziaukstas\/"},"wordCount":621,"publisher":{"@id":"https:\/\/fkzalgiris.lt\/#organization"},"image":{"@id":"https:\/\/fkzalgiris.lt\/naujasis-komandos-treneris-r-dziaukstas\/#primaryimage"},"thumbnailUrl":"https:\/\/fkzalgiris.lt\/wp-content\/uploads\/2025\/09\/dziaukstas-2008-05-11_162-1024x716.jpg","articleSection":["\u017dalgiris"],"inLanguage":"lt-LT"},{"@type":"WebPage","@id":"https:\/\/fkzalgiris.lt\/naujasis-komandos-treneris-r-dziaukstas\/","url":"https:\/\/fkzalgiris.lt\/naujasis-komandos-treneris-r-dziaukstas\/","name":"Naujasis komandos treneris - R. D\u017eiauk\u0161tas - FK \u017dalgiris","isPartOf":{"@id":"https:\/\/fkzalgiris.lt\/#website"},"primaryImageOfPage":{"@id":"https:\/\/fkzalgiris.lt\/naujasis-komandos-treneris-r-dziaukstas\/#primaryimage"},"image":{"@id":"https:\/\/fkzalgiris.lt\/naujasis-komandos-treneris-r-dziaukstas\/#primaryimage"},"thumbnailUrl":"https:\/\/fkzalgiris.lt\/wp-content\/uploads\/2025\/09\/dziaukstas-2008-05-11_162-1024x716.jpg","datePublished":"2025-09-02T10:19:20+00:00","dateModified":"2025-09-02T10:26:42+00:00","breadcrumb":{"@id":"https:\/\/fkzalgiris.lt\/naujasis-komandos-treneris-r-dziaukstas\/#breadcrumb"},"inLanguage":"lt-LT","potentialAction":[{"@type":"ReadAction","target":["https:\/\/fkzalgiris.lt\/naujasis-komandos-treneris-r-dziaukstas\/"]}]},{"@type":"ImageObject","inLanguage":"lt-LT","@id":"https:\/\/fkzalgiris.lt\/naujasis-komandos-treneris-r-dziaukstas\/#primaryimage","url":"https:\/\/fkzalgiris.lt\/wp-content\/uploads\/2025\/09\/dziaukstas-2008-05-11_162.jpg","contentUrl":"https:\/\/fkzalgiris.lt\/wp-content\/uploads\/2025\/09\/dziaukstas-2008-05-11_162.jpg","width":1920,"height":1342},{"@type":"BreadcrumbList","@id":"https:\/\/fkzalgiris.lt\/naujasis-komandos-treneris-r-dziaukstas\/#breadcrumb","itemListElement":[{"@type":"ListItem","position":1,"name":"Home","item":"https:\/\/fkzalgiris.lt\/"},{"@type":"ListItem","position":2,"name":"Naujasis komandos treneris &#8211; R. D\u017eiauk\u0161tas"}]},{"@type":"WebSite","@id":"https:\/\/fkzalgiris.lt\/#website","url":"https:\/\/fkzalgiris.lt\/","name":"FK \u017dalgiris","description":"oficiali Vilniaus \u201e\u017dalgirio\u201c futbolo klubo svetain\u0117","publisher":{"@id":"https:\/\/fkzalgiris.lt\/#organization"},"potentialAction":[{"@type":"SearchAction","target":{"@type":"EntryPoint","urlTemplate":"https:\/\/fkzalgiris.lt\/?s={search_term_string}"},"query-input":{"@type":"PropertyValueSpecification","valueRequired":true,"valueName":"search_term_string"}}],"inLanguage":"lt-LT"},{"@type":"Organization","@id":"https:\/\/fkzalgiris.lt\/#organization","name":"FK \u017dalgiris","url":"https:\/\/fkzalgiris.lt\/","logo":{"@type":"ImageObject","inLanguage":"lt-LT","@id":"https:\/\/fkzalgiris.lt\/#\/schema\/logo\/image\/","url":"https:\/\/fkzalgiris.lt\/wp-content\/uploads\/2024\/01\/horiz-FK-Zalgiris-logo-2015.png","contentUrl":"https:\/\/fkzalgiris.lt\/wp-content\/uploads\/2024\/01\/horiz-FK-Zalgiris-logo-2015.png","width":3073,"height":2048,"caption":"FK \u017dalgiris"},"image":{"@id":"https:\/\/fkzalgiris.lt\/#\/schema\/logo\/image\/"},"sameAs":["https:\/\/www.facebook.com\/fkzalgiris\/","https:\/\/x.com\/fkzalgiris","https:\/\/www.instagram.com\/fkzalgiris\/","https:\/\/www.youtube.com\/channel\/UC1ag8JLxGirltMUoLlzfZLA"]},{"@type":"Person","@id":"https:\/\/fkzalgiris.lt\/#\/schema\/person\/8604babbba794a7d8767be324a3eaac8","name":"J"}]}},"_links":{"self":[{"href":"https:\/\/fkzalgiris.lt\/api\/wp\/v2\/posts\/18434","targetHints":{"allow":["GET"]}}],"collection":[{"href":"https:\/\/fkzalgiris.lt\/api\/wp\/v2\/posts"}],"about":[{"href":"https:\/\/fkzalgiris.lt\/api\/wp\/v2\/types\/post"}],"author":[{"embeddable":true,"href":"https:\/\/fkzalgiris.lt\/api\/wp\/v2\/users\/4"}],"replies":[{"embeddable":true,"href":"https:\/\/fkzalgiris.lt\/api\/wp\/v2\/comments?post=18434"}],"version-history":[{"count":9,"href":"https:\/\/fkzalgiris.lt\/api\/wp\/v2\/posts\/18434\/revisions"}],"predecessor-version":[{"id":18460,"href":"https:\/\/fkzalgiris.lt\/api\/wp\/v2\/posts\/18434\/revisions\/18460"}],"wp:attachment":[{"href":"https:\/\/fkzalgiris.lt\/api\/wp\/v2\/media?parent=18434"}],"wp:term":[{"taxonomy":"category","embeddable":true,"href":"https:\/\/fkzalgiris.lt\/api\/wp\/v2\/categories?post=18434"}],"curies":[{"name":"wp","href":"https:\/\/api.w.org\/{rel}","templated":true}]}}