{"id":18336,"date":"2025-08-07T17:42:02","date_gmt":"2025-08-07T14:42:02","guid":{"rendered":"https:\/\/fkzalgiris.lt\/?p=18336"},"modified":"2025-08-08T16:56:54","modified_gmt":"2025-08-08T13:56:54","slug":"atsistatydina-fk-zalgiris-direktore","status":"publish","type":"post","link":"https:\/\/fkzalgiris.lt\/atsistatydina-fk-zalgiris-direktore\/","title":{"rendered":"Atsistatydina FK \u201e\u017dalgiris\u201c direktor\u0117"},"content":{"rendered":"<p>Futbolo klubas \u201e\u017dalgiris\u201c direktor\u0117 Vilma Venslovaitien\u0117 prane\u0161\u0117 apie sprendim\u0105 atsistatydinti i\u0161 klubo direktor\u0117s ir valdybos nar\u0117s pareig\u0173.<\/p>\n<p>Visas V. Venslovaitien\u0117s parei\u0161kimas:<\/p>\n<p><em>Siekdama i\u0161vengti tolimesn\u0117s eskalacijos V\u0161\u012f futbolo klubas \u201e\u017dalgiris\u201c ir <\/em><em>mano at\u017evilgiu, pri\u0117miau sprendim\u0105 atsistatydinti i\u0161 V\u0161\u012f futbolo klubo \u201e\u017dalgiris\u201c ir V\u0160\u012e futbolo klubo \u201e\u017dalgiris\u201c direktor\u0117s ir valdybos nar\u0117s pareig\u0173 ir apie \u0161\u012f savo sprendim\u0105 \u0161iandien informavau \u012fstaigos dalininkus ir valdyb\u0105.<\/em><br \/>\n<em>\u00a0<\/em><br \/>\n<em>\u012estaigos dalinink\u0173 papra\u0161iau paskirti atsaking\u0105 asmen\u012f, kuris perimt\u0173 i\u0161 man\u0119s visus darbus ir u\u017etikint\u0173 skland\u0173 klubo veiklos t\u0119stinum\u0105.<\/em><br \/>\n<em>\u00a0<\/em><br \/>\n<em>16 paskutini\u0173 met\u0173 gyvenau i\u0161imtinai \u201e\u017dalgiris\u201c ritmu ir klubui skyriau vis\u0105 savo laik\u0105, <\/em><em>neskai\u010diuodama darbo valand\u0173. Did\u017eiuojuosi FK \u201e\u017dalgiris\u201c, su kuriuo per tuos metus nuveik\u0117me labai daug: \u201e\u017dalgiris\u201c nuo 2010 met\u0173 8 kartus tapo A lygos \u010dempionu, 9 kartus LFF taur\u0117s laim\u0117toju ir 8 kartus LFF Supertaur\u0117s laim\u0117toju \u2013 25 trof\u0117jai per 16 met\u0173 \u2013 tai m\u016bs\u0173 vis\u0173 istorinis \u012fra\u0161as. Mes tapome stipriu klubu &#8211; \u012fsigij\u0119 futbolo akademij\u0105, kurioje ugdoma naujoji \u017dalgirio karta.<\/em><\/p>\n<p><em>D\u0117koju Vilniaus miesto vadovams &#8211; gerbiamiems visiems Vilniaus merams, vicemerams, <\/em><em>administracijos darbuotojams ir Tarybos nariams. Atskiras a\u010di\u016b \u2013 gerb. Viliui Navickui \u2013 u\u017e tai, kad tuomet 2009 m. gruod\u017eio 24 d. suk\u016br\u0117 \u0161v. Kal\u0117d\u0173 stebukl\u0105 \u2013 pri\u0117m\u0117 sprendim\u0105 dalyvauti klubo atk\u016brime, remiant j\u012f visapusi\u0161kai, nors tuo metu pinig\u0173 nebuvo. Moralin\u0117 parama \u2013 tuomet buvo daugiau nei bet kokie pinigai \u2013 jausmas, kad u\u017e m\u016bs\u0173 yra miestas suteik\u0117 j\u0117g\u0173 eiti \u012f priek\u012f ir rizikuoti.<\/em><\/p>\n<p><em>D\u0117koju klubo dalininkams u\u017e tik\u0117jim\u0105 m\u016bs\u0173 id\u0117ja, kai 2010 m. buvome VMFD \u201e\u017dalgiris\u201c ir netur\u0117jome nei teis\u0117s \u012f vard\u0105, nei LFF A lygos licencijos, nepaisant to, rizikuodami pirkote dalis ir prisid\u0117jote tuo metu didele, finansine parama prie Klubo atk\u016brimo.<\/em><\/p>\n<p><em>Komandai noriu pasakyti, kad tikiu Jumis ir treneriu, b\u016bkit stipr\u016bs, mokykit\u0117s i\u0161 \u0161ios situacijos \u2013 dauguma J\u016bs\u0173 &#8211; b\u016bsimi treneriai, o \u0161iandien linkiu Jums likti stipriais, ambicingais kovotojais u\u017e ties\u0105 \u2013 J\u016bs visada buvote man geriausi. Visada meld\u017eiausi ir link\u0117jau Jums sveikatos ir pergali\u0173, to link\u0117siu ir ateityje.<\/em><\/p>\n<p><em>D\u0117koju ofiso \u017emon\u0117ms u\u017e kompetencijas, komandin\u0119 dvasi\u0105 ir tro\u0161kim\u0105 b\u016bti geriausiais, u\u017e visus tuos metus, kada buvo visko.<\/em><\/p>\n<p><em>\u0160iandien tariu visiems \u2013 a\u010di\u016b u\u017e pamokas.<\/em><\/p>\n","protected":false},"excerpt":{"rendered":"<p>Futbolo klubas \u201e\u017dalgiris\u201c direktor\u0117 Vilma Venslovaitien\u0117 prane\u0161\u0117 apie sprendim\u0105 atsistatydinti i\u0161 klubo direktor\u0117s ir valdybos nar\u0117s pareig\u0173. Visas V. Venslovaitien\u0117s parei\u0161kimas: Siekdama i\u0161vengti tolimesn\u0117s eskalacijos\u2026<\/p>\n","protected":false},"author":4,"featured_media":0,"comment_status":"closed","ping_status":"closed","sticky":false,"template":"","format":"standard","meta":{"_acf_changed":false,"footnotes":""},"categories":[87],"class_list":["post-18336","post","type-post","status-publish","format-standard","hentry","category-zalgiris"],"acf":[],"yoast_head":"<!-- This site is optimized with the Yoast SEO plugin v26.8 - https:\/\/yoast.com\/product\/yoast-seo-wordpress\/ -->\n<title>Atsistatydina FK \u201e\u017dalgiris\u201c direktor\u0117 - FK \u017dalgiris<\/title>\n<meta name=\"robots\" content=\"index, follow, max-snippet:-1, max-image-preview:large, max-video-preview:-1\" \/>\n<link rel=\"canonical\" href=\"https:\/\/fkzalgiris.lt\/atsistatydina-fk-zalgiris-direktore\/\" \/>\n<meta property=\"og:locale\" content=\"lt_LT\" \/>\n<meta property=\"og:type\" content=\"article\" \/>\n<meta property=\"og:title\" content=\"Atsistatydina FK \u201e\u017dalgiris\u201c direktor\u0117 - FK \u017dalgiris\" \/>\n<meta property=\"og:description\" content=\"Futbolo klubas \u201e\u017dalgiris\u201c direktor\u0117 Vilma Venslovaitien\u0117 prane\u0161\u0117 apie sprendim\u0105 atsistatydinti i\u0161 klubo direktor\u0117s ir valdybos nar\u0117s pareig\u0173. Visas V. Venslovaitien\u0117s parei\u0161kimas: Siekdama i\u0161vengti tolimesn\u0117s eskalacijos\u2026\" \/>\n<meta property=\"og:url\" content=\"https:\/\/fkzalgiris.lt\/atsistatydina-fk-zalgiris-direktore\/\" \/>\n<meta property=\"og:site_name\" content=\"FK \u017dalgiris\" \/>\n<meta property=\"article:publisher\" content=\"https:\/\/www.facebook.com\/fkzalgiris\/\" \/>\n<meta property=\"article:published_time\" content=\"2025-08-07T14:42:02+00:00\" \/>\n<meta property=\"article:modified_time\" content=\"2025-08-08T13:56:54+00:00\" \/>\n<meta property=\"og:image\" content=\"https:\/\/fkzalgiris.lt\/wp-content\/uploads\/2025\/08\/482005064_1018160430358690_5858365446034224667_n.jpg\" \/>\n\t<meta property=\"og:image:width\" content=\"1600\" \/>\n\t<meta property=\"og:image:height\" content=\"1069\" \/>\n\t<meta property=\"og:image:type\" content=\"image\/jpeg\" \/>\n<meta name=\"author\" content=\"J\" \/>\n<meta name=\"twitter:card\" content=\"summary_large_image\" \/>\n<meta name=\"twitter:creator\" content=\"@fkzalgiris\" \/>\n<meta name=\"twitter:site\" content=\"@fkzalgiris\" \/>\n<meta name=\"twitter:label1\" content=\"Written by\" \/>\n\t<meta name=\"twitter:data1\" content=\"J\" \/>\n\t<meta name=\"twitter:label2\" content=\"Est. reading time\" \/>\n\t<meta name=\"twitter:data2\" content=\"2 minut\u0117s\" \/>\n<script type=\"application\/ld+json\" class=\"yoast-schema-graph\">{\"@context\":\"https:\/\/schema.org\",\"@graph\":[{\"@type\":\"Article\",\"@id\":\"https:\/\/fkzalgiris.lt\/atsistatydina-fk-zalgiris-direktore\/#article\",\"isPartOf\":{\"@id\":\"https:\/\/fkzalgiris.lt\/atsistatydina-fk-zalgiris-direktore\/\"},\"author\":{\"name\":\"J\",\"@id\":\"https:\/\/fkzalgiris.lt\/#\/schema\/person\/8604babbba794a7d8767be324a3eaac8\"},\"headline\":\"Atsistatydina FK \u201e\u017dalgiris\u201c direktor\u0117\",\"datePublished\":\"2025-08-07T14:42:02+00:00\",\"dateModified\":\"2025-08-08T13:56:54+00:00\",\"mainEntityOfPage\":{\"@id\":\"https:\/\/fkzalgiris.lt\/atsistatydina-fk-zalgiris-direktore\/\"},\"wordCount\":375,\"publisher\":{\"@id\":\"https:\/\/fkzalgiris.lt\/#organization\"},\"articleSection\":[\"\u017dalgiris\"],\"inLanguage\":\"lt-LT\"},{\"@type\":\"WebPage\",\"@id\":\"https:\/\/fkzalgiris.lt\/atsistatydina-fk-zalgiris-direktore\/\",\"url\":\"https:\/\/fkzalgiris.lt\/atsistatydina-fk-zalgiris-direktore\/\",\"name\":\"Atsistatydina FK \u201e\u017dalgiris\u201c direktor\u0117 - FK \u017dalgiris\",\"isPartOf\":{\"@id\":\"https:\/\/fkzalgiris.lt\/#website\"},\"datePublished\":\"2025-08-07T14:42:02+00:00\",\"dateModified\":\"2025-08-08T13:56:54+00:00\",\"breadcrumb\":{\"@id\":\"https:\/\/fkzalgiris.lt\/atsistatydina-fk-zalgiris-direktore\/#breadcrumb\"},\"inLanguage\":\"lt-LT\",\"potentialAction\":[{\"@type\":\"ReadAction\",\"target\":[\"https:\/\/fkzalgiris.lt\/atsistatydina-fk-zalgiris-direktore\/\"]}]},{\"@type\":\"BreadcrumbList\",\"@id\":\"https:\/\/fkzalgiris.lt\/atsistatydina-fk-zalgiris-direktore\/#breadcrumb\",\"itemListElement\":[{\"@type\":\"ListItem\",\"position\":1,\"name\":\"Home\",\"item\":\"https:\/\/fkzalgiris.lt\/\"},{\"@type\":\"ListItem\",\"position\":2,\"name\":\"Atsistatydina FK \u201e\u017dalgiris\u201c direktor\u0117\"}]},{\"@type\":\"WebSite\",\"@id\":\"https:\/\/fkzalgiris.lt\/#website\",\"url\":\"https:\/\/fkzalgiris.lt\/\",\"name\":\"FK \u017dalgiris\",\"description\":\"oficiali Vilniaus \u201e\u017dalgirio\u201c futbolo klubo svetain\u0117\",\"publisher\":{\"@id\":\"https:\/\/fkzalgiris.lt\/#organization\"},\"potentialAction\":[{\"@type\":\"SearchAction\",\"target\":{\"@type\":\"EntryPoint\",\"urlTemplate\":\"https:\/\/fkzalgiris.lt\/?s={search_term_string}\"},\"query-input\":{\"@type\":\"PropertyValueSpecification\",\"valueRequired\":true,\"valueName\":\"search_term_string\"}}],\"inLanguage\":\"lt-LT\"},{\"@type\":\"Organization\",\"@id\":\"https:\/\/fkzalgiris.lt\/#organization\",\"name\":\"FK \u017dalgiris\",\"url\":\"https:\/\/fkzalgiris.lt\/\",\"logo\":{\"@type\":\"ImageObject\",\"inLanguage\":\"lt-LT\",\"@id\":\"https:\/\/fkzalgiris.lt\/#\/schema\/logo\/image\/\",\"url\":\"https:\/\/fkzalgiris.lt\/wp-content\/uploads\/2024\/01\/horiz-FK-Zalgiris-logo-2015.png\",\"contentUrl\":\"https:\/\/fkzalgiris.lt\/wp-content\/uploads\/2024\/01\/horiz-FK-Zalgiris-logo-2015.png\",\"width\":3073,\"height\":2048,\"caption\":\"FK \u017dalgiris\"},\"image\":{\"@id\":\"https:\/\/fkzalgiris.lt\/#\/schema\/logo\/image\/\"},\"sameAs\":[\"https:\/\/www.facebook.com\/fkzalgiris\/\",\"https:\/\/x.com\/fkzalgiris\",\"https:\/\/www.instagram.com\/fkzalgiris\/\",\"https:\/\/www.youtube.com\/channel\/UC1ag8JLxGirltMUoLlzfZLA\"]},{\"@type\":\"Person\",\"@id\":\"https:\/\/fkzalgiris.lt\/#\/schema\/person\/8604babbba794a7d8767be324a3eaac8\",\"name\":\"J\"}]}<\/script>\n<!-- \/ Yoast SEO plugin. -->","yoast_head_json":{"title":"Atsistatydina FK \u201e\u017dalgiris\u201c direktor\u0117 - FK \u017dalgiris","robots":{"index":"index","follow":"follow","max-snippet":"max-snippet:-1","max-image-preview":"max-image-preview:large","max-video-preview":"max-video-preview:-1"},"canonical":"https:\/\/fkzalgiris.lt\/atsistatydina-fk-zalgiris-direktore\/","og_locale":"lt_LT","og_type":"article","og_title":"Atsistatydina FK \u201e\u017dalgiris\u201c direktor\u0117 - FK \u017dalgiris","og_description":"Futbolo klubas \u201e\u017dalgiris\u201c direktor\u0117 Vilma Venslovaitien\u0117 prane\u0161\u0117 apie sprendim\u0105 atsistatydinti i\u0161 klubo direktor\u0117s ir valdybos nar\u0117s pareig\u0173. Visas V. Venslovaitien\u0117s parei\u0161kimas: Siekdama i\u0161vengti tolimesn\u0117s eskalacijos\u2026","og_url":"https:\/\/fkzalgiris.lt\/atsistatydina-fk-zalgiris-direktore\/","og_site_name":"FK \u017dalgiris","article_publisher":"https:\/\/www.facebook.com\/fkzalgiris\/","article_published_time":"2025-08-07T14:42:02+00:00","article_modified_time":"2025-08-08T13:56:54+00:00","og_image":[{"width":1600,"height":1069,"url":"https:\/\/fkzalgiris.lt\/wp-content\/uploads\/2025\/08\/482005064_1018160430358690_5858365446034224667_n.jpg","type":"image\/jpeg"}],"author":"J","twitter_card":"summary_large_image","twitter_creator":"@fkzalgiris","twitter_site":"@fkzalgiris","twitter_misc":{"Written by":"J","Est. reading time":"2 minut\u0117s"},"schema":{"@context":"https:\/\/schema.org","@graph":[{"@type":"Article","@id":"https:\/\/fkzalgiris.lt\/atsistatydina-fk-zalgiris-direktore\/#article","isPartOf":{"@id":"https:\/\/fkzalgiris.lt\/atsistatydina-fk-zalgiris-direktore\/"},"author":{"name":"J","@id":"https:\/\/fkzalgiris.lt\/#\/schema\/person\/8604babbba794a7d8767be324a3eaac8"},"headline":"Atsistatydina FK \u201e\u017dalgiris\u201c direktor\u0117","datePublished":"2025-08-07T14:42:02+00:00","dateModified":"2025-08-08T13:56:54+00:00","mainEntityOfPage":{"@id":"https:\/\/fkzalgiris.lt\/atsistatydina-fk-zalgiris-direktore\/"},"wordCount":375,"publisher":{"@id":"https:\/\/fkzalgiris.lt\/#organization"},"articleSection":["\u017dalgiris"],"inLanguage":"lt-LT"},{"@type":"WebPage","@id":"https:\/\/fkzalgiris.lt\/atsistatydina-fk-zalgiris-direktore\/","url":"https:\/\/fkzalgiris.lt\/atsistatydina-fk-zalgiris-direktore\/","name":"Atsistatydina FK \u201e\u017dalgiris\u201c direktor\u0117 - FK \u017dalgiris","isPartOf":{"@id":"https:\/\/fkzalgiris.lt\/#website"},"datePublished":"2025-08-07T14:42:02+00:00","dateModified":"2025-08-08T13:56:54+00:00","breadcrumb":{"@id":"https:\/\/fkzalgiris.lt\/atsistatydina-fk-zalgiris-direktore\/#breadcrumb"},"inLanguage":"lt-LT","potentialAction":[{"@type":"ReadAction","target":["https:\/\/fkzalgiris.lt\/atsistatydina-fk-zalgiris-direktore\/"]}]},{"@type":"BreadcrumbList","@id":"https:\/\/fkzalgiris.lt\/atsistatydina-fk-zalgiris-direktore\/#breadcrumb","itemListElement":[{"@type":"ListItem","position":1,"name":"Home","item":"https:\/\/fkzalgiris.lt\/"},{"@type":"ListItem","position":2,"name":"Atsistatydina FK \u201e\u017dalgiris\u201c direktor\u0117"}]},{"@type":"WebSite","@id":"https:\/\/fkzalgiris.lt\/#website","url":"https:\/\/fkzalgiris.lt\/","name":"FK \u017dalgiris","description":"oficiali Vilniaus \u201e\u017dalgirio\u201c futbolo klubo svetain\u0117","publisher":{"@id":"https:\/\/fkzalgiris.lt\/#organization"},"potentialAction":[{"@type":"SearchAction","target":{"@type":"EntryPoint","urlTemplate":"https:\/\/fkzalgiris.lt\/?s={search_term_string}"},"query-input":{"@type":"PropertyValueSpecification","valueRequired":true,"valueName":"search_term_string"}}],"inLanguage":"lt-LT"},{"@type":"Organization","@id":"https:\/\/fkzalgiris.lt\/#organization","name":"FK \u017dalgiris","url":"https:\/\/fkzalgiris.lt\/","logo":{"@type":"ImageObject","inLanguage":"lt-LT","@id":"https:\/\/fkzalgiris.lt\/#\/schema\/logo\/image\/","url":"https:\/\/fkzalgiris.lt\/wp-content\/uploads\/2024\/01\/horiz-FK-Zalgiris-logo-2015.png","contentUrl":"https:\/\/fkzalgiris.lt\/wp-content\/uploads\/2024\/01\/horiz-FK-Zalgiris-logo-2015.png","width":3073,"height":2048,"caption":"FK \u017dalgiris"},"image":{"@id":"https:\/\/fkzalgiris.lt\/#\/schema\/logo\/image\/"},"sameAs":["https:\/\/www.facebook.com\/fkzalgiris\/","https:\/\/x.com\/fkzalgiris","https:\/\/www.instagram.com\/fkzalgiris\/","https:\/\/www.youtube.com\/channel\/UC1ag8JLxGirltMUoLlzfZLA"]},{"@type":"Person","@id":"https:\/\/fkzalgiris.lt\/#\/schema\/person\/8604babbba794a7d8767be324a3eaac8","name":"J"}]}},"_links":{"self":[{"href":"https:\/\/fkzalgiris.lt\/api\/wp\/v2\/posts\/18336","targetHints":{"allow":["GET"]}}],"collection":[{"href":"https:\/\/fkzalgiris.lt\/api\/wp\/v2\/posts"}],"about":[{"href":"https:\/\/fkzalgiris.lt\/api\/wp\/v2\/types\/post"}],"author":[{"embeddable":true,"href":"https:\/\/fkzalgiris.lt\/api\/wp\/v2\/users\/4"}],"replies":[{"embeddable":true,"href":"https:\/\/fkzalgiris.lt\/api\/wp\/v2\/comments?post=18336"}],"version-history":[{"count":8,"href":"https:\/\/fkzalgiris.lt\/api\/wp\/v2\/posts\/18336\/revisions"}],"predecessor-version":[{"id":18353,"href":"https:\/\/fkzalgiris.lt\/api\/wp\/v2\/posts\/18336\/revisions\/18353"}],"wp:attachment":[{"href":"https:\/\/fkzalgiris.lt\/api\/wp\/v2\/media?parent=18336"}],"wp:term":[{"taxonomy":"category","embeddable":true,"href":"https:\/\/fkzalgiris.lt\/api\/wp\/v2\/categories?post=18336"}],"curies":[{"name":"wp","href":"https:\/\/api.w.org\/{rel}","templated":true}]}}