{"id":18329,"date":"2025-08-09T17:07:10","date_gmt":"2025-08-09T14:07:10","guid":{"rendered":"https:\/\/fkzalgiris.lt\/?p=18329"},"modified":"2025-08-09T17:08:20","modified_gmt":"2025-08-09T14:08:20","slug":"zalgirietis-po-issukio-saudo-arabijoje-irodziau-sau-kad-galiu-varzytis-su-geriausiais","status":"publish","type":"post","link":"https:\/\/fkzalgiris.lt\/zalgirietis-po-issukio-saudo-arabijoje-irodziau-sau-kad-galiu-varzytis-su-geriausiais\/","title":{"rendered":"\u017dalgirietis po i\u0161\u0161\u016bkio Saudo Arabijoje: \u201e\u012erod\u017eiau sau, kad galiu var\u017eytis su geriausiais\u201c"},"content":{"rendered":"<p data-start=\"310\" data-end=\"631\">Rugpj\u016b\u010dio 3 d. Rijade, Saudo Arabijoje \u012fvyko EA SPORTS FC Pro World Championship Play\u2011Ins 2025 turnyras, kuriame 48 stipriausi pasaulio \u017eaid\u0117jai var\u017e\u0117si d\u0117l keturi\u0173 viet\u0173 pagrindiniame pasaulio \u010dempionate. Lietuvai atstovavo Vilniaus \u201e\u017dalgirio\u201c \u017eaid\u0117jas Domas Burba, \u012fveik\u0119s grupi\u0173 etap\u0105 ir pasiek\u0119s atkrintam\u0105sias.<\/p>\n<p data-start=\"633\" data-end=\"1094\">\u201ePrie\u0161 turnyr\u0105 Saudo Arabijoje jau\u010diausi pasiruo\u0161\u0119s ir u\u017etikrintas, kad galiu praeiti grupi\u0173 etap\u0105. Pirmose rungtyn\u0117se jau\u010diau \u0161iek tiek spaudimo, su\u017eaid\u017eiau tikrai prastai ir pralaim\u0117jau var\u017eovui i\u0161 \u010cil\u0117s rezultatu 1:3. Antrose rungtyn\u0117se sugeb\u0117jau atsitiesti ir 7:2 \u012fveikiau geriausi\u0105 Indonezijos \u017eaid\u0117j\u0105. Tre\u010diose rungtyn\u0117se, nors ir pirmavau 4:0, sugeb\u0117jau paleisti rungtynes, ir jos baig\u0117si pralaim\u0117jimu 6:8 prie\u0161 oponent\u0105 i\u0161 Argentinos\u201c, \u2013 kalb\u0117jo Domas.<\/p>\n<p data-start=\"1096\" data-end=\"1185\">Jo teigimu, grupi\u0173 etapas buvo permainingas, bet pavyko i\u0161lipti i\u0161 sud\u0117tingos situacijos.<\/p>\n<p data-start=\"1187\" data-end=\"1499\">\u201ePo \u0161i\u0173 var\u017eyb\u0173 stipriai pralaim\u0117jau prie\u0161 ital\u0105 3:10. Paskutin\u0117se grup\u0117s var\u017eybose \u017eaid\u017eiau prie\u0161 Rumunijos \u010dempion\u0105, kuris prie\u0161 mane laim\u0117jo 4 i\u0161 4 grup\u0117s var\u017eyb\u0173. Man buvo b\u016btinai reikalinga pergal\u0117, kad praei\u010diau grupi\u0173 etap\u0105, ir sugeb\u0117jau laim\u0117ti rezultatu 3:2 prie\u0161 grup\u0117s favorit\u0105\u201c, \u2013 prisimin\u0117 \u017eaid\u0117jas.<\/p>\n<p data-start=\"1187\" data-end=\"1499\"><img loading=\"lazy\" decoding=\"async\" class=\"alignnone wp-image-18333\" src=\"https:\/\/fkzalgiris.lt\/wp-content\/uploads\/2025\/08\/IMG_4658-225x300.jpeg\" alt=\"\" width=\"400\" height=\"533\" srcset=\"https:\/\/fkzalgiris.lt\/wp-content\/uploads\/2025\/08\/IMG_4658-225x300.jpeg 225w, https:\/\/fkzalgiris.lt\/wp-content\/uploads\/2025\/08\/IMG_4658-768x1024.jpeg 768w, https:\/\/fkzalgiris.lt\/wp-content\/uploads\/2025\/08\/IMG_4658-1152x1536.jpeg 1152w, https:\/\/fkzalgiris.lt\/wp-content\/uploads\/2025\/08\/IMG_4658-1536x2048.jpeg 1536w, https:\/\/fkzalgiris.lt\/wp-content\/uploads\/2025\/08\/IMG_4658-75x100.jpeg 75w, https:\/\/fkzalgiris.lt\/wp-content\/uploads\/2025\/08\/IMG_4658-scaled.jpeg 1920w\" sizes=\"auto, (max-width: 400px) 100vw, 400px\" \/><\/p>\n<p data-start=\"1501\" data-end=\"1604\">Po s\u0117kmingo fini\u0161o grup\u0117je lietuvis \u017eeng\u0117 \u012f atkrintam\u0105sias var\u017eybas, kur lauk\u0117 dar rimtesni i\u0161bandymai.<\/p>\n<p data-start=\"1606\" data-end=\"1842\">\u201ePirmajame atkrintam\u0173j\u0173 rounde susikoviau su \u201eLiverpool\u201c \u017eaid\u0117ju i\u0161 Pranc\u016bzijos. Jis buvo vienas i\u0161 turnyro favorit\u0173, ir po 11 metr\u0173 baudini\u0173 j\u012f \u012fveikiau (baudini\u0173 serija baig\u0117si 3:0, bendras rezultatas buvo 3:3)\u201c, \u2013 d\u017eiaug\u0117si D. Burba.<\/p>\n<p data-start=\"1844\" data-end=\"1926\">Vis d\u0117lto antrajame etape Domo turnyras baig\u0117si, ta\u010diau nuotaikos liko pozityvios.<\/p>\n<p data-start=\"1928\" data-end=\"2280\">\u201eAntrame atkrintam\u0173j\u0173 var\u017eyb\u0173 etape \u017eaid\u017eiau prie\u0161 geriausi\u0105 Meksikos \u017eaid\u0117j\u0105 ir jam nusileidau 3:7. \u010cia baig\u0117si mano turnyras \u2013 TOP 17 turnyre ir 6500 doleri\u0173 prizas. Apibendrinus turnyr\u0105, tikrai emocijos teigiamos \u2013 \u012frod\u017eiau sau, kad galiu var\u017eytis su geriausiais \u017eaid\u0117jais pasaulyje ir sekan\u010diame sezone sieksiu dar geresni\u0173 rezultat\u0173\u201c, \u2013 reziumavo \u017ealgirietis.<\/p>\n","protected":false},"excerpt":{"rendered":"<p>Rugpj\u016b\u010dio 3 d. Rijade, Saudo Arabijoje \u012fvyko EA SPORTS FC Pro World Championship Play\u2011Ins 2025 turnyras, kuriame 48 stipriausi pasaulio \u017eaid\u0117jai var\u017e\u0117si d\u0117l keturi\u0173 viet\u0173\u2026<\/p>\n","protected":false},"author":12,"featured_media":0,"comment_status":"closed","ping_status":"closed","sticky":false,"template":"","format":"standard","meta":{"_acf_changed":false,"footnotes":""},"categories":[1],"class_list":["post-18329","post","type-post","status-publish","format-standard","hentry","category-be-kategorijos"],"acf":[],"yoast_head":"<!-- This site is optimized with the Yoast SEO plugin v26.8 - https:\/\/yoast.com\/product\/yoast-seo-wordpress\/ -->\n<title>\u017dalgirietis po i\u0161\u0161\u016bkio Saudo Arabijoje: \u201e\u012erod\u017eiau sau, kad galiu var\u017eytis su geriausiais\u201c - FK \u017dalgiris<\/title>\n<meta name=\"robots\" content=\"index, follow, max-snippet:-1, max-image-preview:large, max-video-preview:-1\" \/>\n<link rel=\"canonical\" href=\"https:\/\/fkzalgiris.lt\/zalgirietis-po-issukio-saudo-arabijoje-irodziau-sau-kad-galiu-varzytis-su-geriausiais\/\" \/>\n<meta property=\"og:locale\" content=\"lt_LT\" \/>\n<meta property=\"og:type\" content=\"article\" \/>\n<meta property=\"og:title\" content=\"\u017dalgirietis po i\u0161\u0161\u016bkio Saudo Arabijoje: \u201e\u012erod\u017eiau sau, kad galiu var\u017eytis su geriausiais\u201c - FK \u017dalgiris\" \/>\n<meta property=\"og:description\" content=\"Rugpj\u016b\u010dio 3 d. Rijade, Saudo Arabijoje \u012fvyko EA SPORTS FC Pro World Championship Play\u2011Ins 2025 turnyras, kuriame 48 stipriausi pasaulio \u017eaid\u0117jai var\u017e\u0117si d\u0117l keturi\u0173 viet\u0173\u2026\" \/>\n<meta property=\"og:url\" content=\"https:\/\/fkzalgiris.lt\/zalgirietis-po-issukio-saudo-arabijoje-irodziau-sau-kad-galiu-varzytis-su-geriausiais\/\" \/>\n<meta property=\"og:site_name\" content=\"FK \u017dalgiris\" \/>\n<meta property=\"article:publisher\" content=\"https:\/\/www.facebook.com\/fkzalgiris\/\" \/>\n<meta property=\"article:published_time\" content=\"2025-08-09T14:07:10+00:00\" \/>\n<meta property=\"article:modified_time\" content=\"2025-08-09T14:08:20+00:00\" \/>\n<meta property=\"og:image\" content=\"https:\/\/fkzalgiris.lt\/wp-content\/uploads\/2025\/08\/IMG_4658-225x300.jpeg\" \/>\n<meta name=\"author\" content=\"Dovydas Tamosynas\" \/>\n<meta name=\"twitter:card\" content=\"summary_large_image\" \/>\n<meta name=\"twitter:creator\" content=\"@fkzalgiris\" \/>\n<meta name=\"twitter:site\" content=\"@fkzalgiris\" \/>\n<meta name=\"twitter:label1\" content=\"Written by\" \/>\n\t<meta name=\"twitter:data1\" content=\"Dovydas Tamosynas\" \/>\n\t<meta name=\"twitter:label2\" content=\"Est. reading time\" \/>\n\t<meta name=\"twitter:data2\" content=\"2 minut\u0117s\" \/>\n<script type=\"application\/ld+json\" class=\"yoast-schema-graph\">{\"@context\":\"https:\/\/schema.org\",\"@graph\":[{\"@type\":\"Article\",\"@id\":\"https:\/\/fkzalgiris.lt\/zalgirietis-po-issukio-saudo-arabijoje-irodziau-sau-kad-galiu-varzytis-su-geriausiais\/#article\",\"isPartOf\":{\"@id\":\"https:\/\/fkzalgiris.lt\/zalgirietis-po-issukio-saudo-arabijoje-irodziau-sau-kad-galiu-varzytis-su-geriausiais\/\"},\"author\":{\"name\":\"Dovydas Tamosynas\",\"@id\":\"https:\/\/fkzalgiris.lt\/#\/schema\/person\/2467ea772c08bd6f150d074bfee22870\"},\"headline\":\"\u017dalgirietis po i\u0161\u0161\u016bkio Saudo Arabijoje: \u201e\u012erod\u017eiau sau, kad galiu var\u017eytis su geriausiais\u201c\",\"datePublished\":\"2025-08-09T14:07:10+00:00\",\"dateModified\":\"2025-08-09T14:08:20+00:00\",\"mainEntityOfPage\":{\"@id\":\"https:\/\/fkzalgiris.lt\/zalgirietis-po-issukio-saudo-arabijoje-irodziau-sau-kad-galiu-varzytis-su-geriausiais\/\"},\"wordCount\":326,\"publisher\":{\"@id\":\"https:\/\/fkzalgiris.lt\/#organization\"},\"image\":{\"@id\":\"https:\/\/fkzalgiris.lt\/zalgirietis-po-issukio-saudo-arabijoje-irodziau-sau-kad-galiu-varzytis-su-geriausiais\/#primaryimage\"},\"thumbnailUrl\":\"https:\/\/fkzalgiris.lt\/wp-content\/uploads\/2025\/08\/IMG_4658-225x300.jpeg\",\"inLanguage\":\"lt-LT\"},{\"@type\":\"WebPage\",\"@id\":\"https:\/\/fkzalgiris.lt\/zalgirietis-po-issukio-saudo-arabijoje-irodziau-sau-kad-galiu-varzytis-su-geriausiais\/\",\"url\":\"https:\/\/fkzalgiris.lt\/zalgirietis-po-issukio-saudo-arabijoje-irodziau-sau-kad-galiu-varzytis-su-geriausiais\/\",\"name\":\"\u017dalgirietis po i\u0161\u0161\u016bkio Saudo Arabijoje: \u201e\u012erod\u017eiau sau, kad galiu var\u017eytis su geriausiais\u201c - FK \u017dalgiris\",\"isPartOf\":{\"@id\":\"https:\/\/fkzalgiris.lt\/#website\"},\"primaryImageOfPage\":{\"@id\":\"https:\/\/fkzalgiris.lt\/zalgirietis-po-issukio-saudo-arabijoje-irodziau-sau-kad-galiu-varzytis-su-geriausiais\/#primaryimage\"},\"image\":{\"@id\":\"https:\/\/fkzalgiris.lt\/zalgirietis-po-issukio-saudo-arabijoje-irodziau-sau-kad-galiu-varzytis-su-geriausiais\/#primaryimage\"},\"thumbnailUrl\":\"https:\/\/fkzalgiris.lt\/wp-content\/uploads\/2025\/08\/IMG_4658-225x300.jpeg\",\"datePublished\":\"2025-08-09T14:07:10+00:00\",\"dateModified\":\"2025-08-09T14:08:20+00:00\",\"breadcrumb\":{\"@id\":\"https:\/\/fkzalgiris.lt\/zalgirietis-po-issukio-saudo-arabijoje-irodziau-sau-kad-galiu-varzytis-su-geriausiais\/#breadcrumb\"},\"inLanguage\":\"lt-LT\",\"potentialAction\":[{\"@type\":\"ReadAction\",\"target\":[\"https:\/\/fkzalgiris.lt\/zalgirietis-po-issukio-saudo-arabijoje-irodziau-sau-kad-galiu-varzytis-su-geriausiais\/\"]}]},{\"@type\":\"ImageObject\",\"inLanguage\":\"lt-LT\",\"@id\":\"https:\/\/fkzalgiris.lt\/zalgirietis-po-issukio-saudo-arabijoje-irodziau-sau-kad-galiu-varzytis-su-geriausiais\/#primaryimage\",\"url\":\"https:\/\/fkzalgiris.lt\/wp-content\/uploads\/2025\/08\/IMG_4658-scaled.jpeg\",\"contentUrl\":\"https:\/\/fkzalgiris.lt\/wp-content\/uploads\/2025\/08\/IMG_4658-scaled.jpeg\",\"width\":1920,\"height\":2560},{\"@type\":\"BreadcrumbList\",\"@id\":\"https:\/\/fkzalgiris.lt\/zalgirietis-po-issukio-saudo-arabijoje-irodziau-sau-kad-galiu-varzytis-su-geriausiais\/#breadcrumb\",\"itemListElement\":[{\"@type\":\"ListItem\",\"position\":1,\"name\":\"Home\",\"item\":\"https:\/\/fkzalgiris.lt\/\"},{\"@type\":\"ListItem\",\"position\":2,\"name\":\"\u017dalgirietis po i\u0161\u0161\u016bkio Saudo Arabijoje: \u201e\u012erod\u017eiau sau, kad galiu var\u017eytis su geriausiais\u201c\"}]},{\"@type\":\"WebSite\",\"@id\":\"https:\/\/fkzalgiris.lt\/#website\",\"url\":\"https:\/\/fkzalgiris.lt\/\",\"name\":\"FK \u017dalgiris\",\"description\":\"oficiali Vilniaus \u201e\u017dalgirio\u201c futbolo klubo svetain\u0117\",\"publisher\":{\"@id\":\"https:\/\/fkzalgiris.lt\/#organization\"},\"potentialAction\":[{\"@type\":\"SearchAction\",\"target\":{\"@type\":\"EntryPoint\",\"urlTemplate\":\"https:\/\/fkzalgiris.lt\/?s={search_term_string}\"},\"query-input\":{\"@type\":\"PropertyValueSpecification\",\"valueRequired\":true,\"valueName\":\"search_term_string\"}}],\"inLanguage\":\"lt-LT\"},{\"@type\":\"Organization\",\"@id\":\"https:\/\/fkzalgiris.lt\/#organization\",\"name\":\"FK \u017dalgiris\",\"url\":\"https:\/\/fkzalgiris.lt\/\",\"logo\":{\"@type\":\"ImageObject\",\"inLanguage\":\"lt-LT\",\"@id\":\"https:\/\/fkzalgiris.lt\/#\/schema\/logo\/image\/\",\"url\":\"https:\/\/fkzalgiris.lt\/wp-content\/uploads\/2024\/01\/horiz-FK-Zalgiris-logo-2015.png\",\"contentUrl\":\"https:\/\/fkzalgiris.lt\/wp-content\/uploads\/2024\/01\/horiz-FK-Zalgiris-logo-2015.png\",\"width\":3073,\"height\":2048,\"caption\":\"FK \u017dalgiris\"},\"image\":{\"@id\":\"https:\/\/fkzalgiris.lt\/#\/schema\/logo\/image\/\"},\"sameAs\":[\"https:\/\/www.facebook.com\/fkzalgiris\/\",\"https:\/\/x.com\/fkzalgiris\",\"https:\/\/www.instagram.com\/fkzalgiris\/\",\"https:\/\/www.youtube.com\/channel\/UC1ag8JLxGirltMUoLlzfZLA\"]},{\"@type\":\"Person\",\"@id\":\"https:\/\/fkzalgiris.lt\/#\/schema\/person\/2467ea772c08bd6f150d074bfee22870\",\"name\":\"Dovydas Tamosynas\"}]}<\/script>\n<!-- \/ Yoast SEO plugin. -->","yoast_head_json":{"title":"\u017dalgirietis po i\u0161\u0161\u016bkio Saudo Arabijoje: \u201e\u012erod\u017eiau sau, kad galiu var\u017eytis su geriausiais\u201c - FK \u017dalgiris","robots":{"index":"index","follow":"follow","max-snippet":"max-snippet:-1","max-image-preview":"max-image-preview:large","max-video-preview":"max-video-preview:-1"},"canonical":"https:\/\/fkzalgiris.lt\/zalgirietis-po-issukio-saudo-arabijoje-irodziau-sau-kad-galiu-varzytis-su-geriausiais\/","og_locale":"lt_LT","og_type":"article","og_title":"\u017dalgirietis po i\u0161\u0161\u016bkio Saudo Arabijoje: \u201e\u012erod\u017eiau sau, kad galiu var\u017eytis su geriausiais\u201c - FK \u017dalgiris","og_description":"Rugpj\u016b\u010dio 3 d. Rijade, Saudo Arabijoje \u012fvyko EA SPORTS FC Pro World Championship Play\u2011Ins 2025 turnyras, kuriame 48 stipriausi pasaulio \u017eaid\u0117jai var\u017e\u0117si d\u0117l keturi\u0173 viet\u0173\u2026","og_url":"https:\/\/fkzalgiris.lt\/zalgirietis-po-issukio-saudo-arabijoje-irodziau-sau-kad-galiu-varzytis-su-geriausiais\/","og_site_name":"FK \u017dalgiris","article_publisher":"https:\/\/www.facebook.com\/fkzalgiris\/","article_published_time":"2025-08-09T14:07:10+00:00","article_modified_time":"2025-08-09T14:08:20+00:00","og_image":[{"url":"https:\/\/fkzalgiris.lt\/wp-content\/uploads\/2025\/08\/IMG_4658-225x300.jpeg","type":"","width":"","height":""}],"author":"Dovydas Tamosynas","twitter_card":"summary_large_image","twitter_creator":"@fkzalgiris","twitter_site":"@fkzalgiris","twitter_misc":{"Written by":"Dovydas Tamosynas","Est. reading time":"2 minut\u0117s"},"schema":{"@context":"https:\/\/schema.org","@graph":[{"@type":"Article","@id":"https:\/\/fkzalgiris.lt\/zalgirietis-po-issukio-saudo-arabijoje-irodziau-sau-kad-galiu-varzytis-su-geriausiais\/#article","isPartOf":{"@id":"https:\/\/fkzalgiris.lt\/zalgirietis-po-issukio-saudo-arabijoje-irodziau-sau-kad-galiu-varzytis-su-geriausiais\/"},"author":{"name":"Dovydas Tamosynas","@id":"https:\/\/fkzalgiris.lt\/#\/schema\/person\/2467ea772c08bd6f150d074bfee22870"},"headline":"\u017dalgirietis po i\u0161\u0161\u016bkio Saudo Arabijoje: \u201e\u012erod\u017eiau sau, kad galiu var\u017eytis su geriausiais\u201c","datePublished":"2025-08-09T14:07:10+00:00","dateModified":"2025-08-09T14:08:20+00:00","mainEntityOfPage":{"@id":"https:\/\/fkzalgiris.lt\/zalgirietis-po-issukio-saudo-arabijoje-irodziau-sau-kad-galiu-varzytis-su-geriausiais\/"},"wordCount":326,"publisher":{"@id":"https:\/\/fkzalgiris.lt\/#organization"},"image":{"@id":"https:\/\/fkzalgiris.lt\/zalgirietis-po-issukio-saudo-arabijoje-irodziau-sau-kad-galiu-varzytis-su-geriausiais\/#primaryimage"},"thumbnailUrl":"https:\/\/fkzalgiris.lt\/wp-content\/uploads\/2025\/08\/IMG_4658-225x300.jpeg","inLanguage":"lt-LT"},{"@type":"WebPage","@id":"https:\/\/fkzalgiris.lt\/zalgirietis-po-issukio-saudo-arabijoje-irodziau-sau-kad-galiu-varzytis-su-geriausiais\/","url":"https:\/\/fkzalgiris.lt\/zalgirietis-po-issukio-saudo-arabijoje-irodziau-sau-kad-galiu-varzytis-su-geriausiais\/","name":"\u017dalgirietis po i\u0161\u0161\u016bkio Saudo Arabijoje: \u201e\u012erod\u017eiau sau, kad galiu var\u017eytis su geriausiais\u201c - FK \u017dalgiris","isPartOf":{"@id":"https:\/\/fkzalgiris.lt\/#website"},"primaryImageOfPage":{"@id":"https:\/\/fkzalgiris.lt\/zalgirietis-po-issukio-saudo-arabijoje-irodziau-sau-kad-galiu-varzytis-su-geriausiais\/#primaryimage"},"image":{"@id":"https:\/\/fkzalgiris.lt\/zalgirietis-po-issukio-saudo-arabijoje-irodziau-sau-kad-galiu-varzytis-su-geriausiais\/#primaryimage"},"thumbnailUrl":"https:\/\/fkzalgiris.lt\/wp-content\/uploads\/2025\/08\/IMG_4658-225x300.jpeg","datePublished":"2025-08-09T14:07:10+00:00","dateModified":"2025-08-09T14:08:20+00:00","breadcrumb":{"@id":"https:\/\/fkzalgiris.lt\/zalgirietis-po-issukio-saudo-arabijoje-irodziau-sau-kad-galiu-varzytis-su-geriausiais\/#breadcrumb"},"inLanguage":"lt-LT","potentialAction":[{"@type":"ReadAction","target":["https:\/\/fkzalgiris.lt\/zalgirietis-po-issukio-saudo-arabijoje-irodziau-sau-kad-galiu-varzytis-su-geriausiais\/"]}]},{"@type":"ImageObject","inLanguage":"lt-LT","@id":"https:\/\/fkzalgiris.lt\/zalgirietis-po-issukio-saudo-arabijoje-irodziau-sau-kad-galiu-varzytis-su-geriausiais\/#primaryimage","url":"https:\/\/fkzalgiris.lt\/wp-content\/uploads\/2025\/08\/IMG_4658-scaled.jpeg","contentUrl":"https:\/\/fkzalgiris.lt\/wp-content\/uploads\/2025\/08\/IMG_4658-scaled.jpeg","width":1920,"height":2560},{"@type":"BreadcrumbList","@id":"https:\/\/fkzalgiris.lt\/zalgirietis-po-issukio-saudo-arabijoje-irodziau-sau-kad-galiu-varzytis-su-geriausiais\/#breadcrumb","itemListElement":[{"@type":"ListItem","position":1,"name":"Home","item":"https:\/\/fkzalgiris.lt\/"},{"@type":"ListItem","position":2,"name":"\u017dalgirietis po i\u0161\u0161\u016bkio Saudo Arabijoje: \u201e\u012erod\u017eiau sau, kad galiu var\u017eytis su geriausiais\u201c"}]},{"@type":"WebSite","@id":"https:\/\/fkzalgiris.lt\/#website","url":"https:\/\/fkzalgiris.lt\/","name":"FK \u017dalgiris","description":"oficiali Vilniaus \u201e\u017dalgirio\u201c futbolo klubo svetain\u0117","publisher":{"@id":"https:\/\/fkzalgiris.lt\/#organization"},"potentialAction":[{"@type":"SearchAction","target":{"@type":"EntryPoint","urlTemplate":"https:\/\/fkzalgiris.lt\/?s={search_term_string}"},"query-input":{"@type":"PropertyValueSpecification","valueRequired":true,"valueName":"search_term_string"}}],"inLanguage":"lt-LT"},{"@type":"Organization","@id":"https:\/\/fkzalgiris.lt\/#organization","name":"FK \u017dalgiris","url":"https:\/\/fkzalgiris.lt\/","logo":{"@type":"ImageObject","inLanguage":"lt-LT","@id":"https:\/\/fkzalgiris.lt\/#\/schema\/logo\/image\/","url":"https:\/\/fkzalgiris.lt\/wp-content\/uploads\/2024\/01\/horiz-FK-Zalgiris-logo-2015.png","contentUrl":"https:\/\/fkzalgiris.lt\/wp-content\/uploads\/2024\/01\/horiz-FK-Zalgiris-logo-2015.png","width":3073,"height":2048,"caption":"FK \u017dalgiris"},"image":{"@id":"https:\/\/fkzalgiris.lt\/#\/schema\/logo\/image\/"},"sameAs":["https:\/\/www.facebook.com\/fkzalgiris\/","https:\/\/x.com\/fkzalgiris","https:\/\/www.instagram.com\/fkzalgiris\/","https:\/\/www.youtube.com\/channel\/UC1ag8JLxGirltMUoLlzfZLA"]},{"@type":"Person","@id":"https:\/\/fkzalgiris.lt\/#\/schema\/person\/2467ea772c08bd6f150d074bfee22870","name":"Dovydas Tamosynas"}]}},"_links":{"self":[{"href":"https:\/\/fkzalgiris.lt\/api\/wp\/v2\/posts\/18329","targetHints":{"allow":["GET"]}}],"collection":[{"href":"https:\/\/fkzalgiris.lt\/api\/wp\/v2\/posts"}],"about":[{"href":"https:\/\/fkzalgiris.lt\/api\/wp\/v2\/types\/post"}],"author":[{"embeddable":true,"href":"https:\/\/fkzalgiris.lt\/api\/wp\/v2\/users\/12"}],"replies":[{"embeddable":true,"href":"https:\/\/fkzalgiris.lt\/api\/wp\/v2\/comments?post=18329"}],"version-history":[{"count":6,"href":"https:\/\/fkzalgiris.lt\/api\/wp\/v2\/posts\/18329\/revisions"}],"predecessor-version":[{"id":18355,"href":"https:\/\/fkzalgiris.lt\/api\/wp\/v2\/posts\/18329\/revisions\/18355"}],"wp:attachment":[{"href":"https:\/\/fkzalgiris.lt\/api\/wp\/v2\/media?parent=18329"}],"wp:term":[{"taxonomy":"category","embeddable":true,"href":"https:\/\/fkzalgiris.lt\/api\/wp\/v2\/categories?post=18329"}],"curies":[{"name":"wp","href":"https:\/\/api.w.org\/{rel}","templated":true}]}}