{"id":18266,"date":"2025-08-01T00:01:04","date_gmt":"2025-07-31T21:01:04","guid":{"rendered":"https:\/\/fkzalgiris.lt\/?p=18266"},"modified":"2025-08-01T01:44:02","modified_gmt":"2025-07-31T22:44:02","slug":"konferenciju-lygoje-pralaimejimas","status":"publish","type":"post","link":"https:\/\/fkzalgiris.lt\/konferenciju-lygoje-pralaimejimas\/","title":{"rendered":"Konferencij\u0173 lygoje &#8211; pralaim\u0117jimas"},"content":{"rendered":"<p>Antrose UEFA Konferencij\u0173 lygos antrojo etapo rungtyn\u0117se \u201e\u017dalgiris\u201c sve\u010diuose rezultatu 0:2 nusileido \u0160iaur\u0117s Airijos \u010dempionui \u201eLinfield\u201c ir baig\u0117 savo pasirodym\u0105 \u0161io sezono Europos turnyruose.<\/p>\n<p>\u0160eimininkai \u012fmu\u0161\u0117 \u012fvart\u012f rungtyni\u0173 prad\u017eioje, pirmajame k\u0117linyje persvar\u0105 padidino ir j\u0105 v\u0117liau i\u0161saugojo.<\/p>\n<p>Atsakomosiose serijos rungtyn\u0117se \u012f starto sud\u0117t\u012f gr\u012f\u017eo G. Matulevi\u010dius ir d\u0117l diskvalifikacijos pirm\u0105sias rungtynes praleid\u0119s V. Radenovi\u010dius.<\/p>\n<p>Pirmajame k\u0117linyje abi komandos tur\u0117jo sav\u0173j\u0173 \u0161ans\u0173, ta\u010diau aktyvesni buvo \u0161eimininkai, kurie, atlik\u0119 kelis sm\u016bgius \u012f vart\u0173 plot\u0105, sugeb\u0117jo pasi\u017eym\u0117ti 2 \u012fvar\u010diais.<\/p>\n<p>Jau 6 min. po kilusios sumai\u0161ties var\u017eovai i\u0161siver\u017e\u0117 \u012f priek\u012f \u2013 at\u0161okus\u012f kamuol\u012f \u012f vartus nukreip\u0117 J. Mulgrewsas.<\/p>\n<p>15 min. po B. Tavareso pakelto kamuolio galva sm\u016bgiavo J. Kendy\u0161as, ta\u010diau \u0161iaur\u0117s airi\u0173 gynyba su pavojumi susitvark\u0117.<\/p>\n<p>22 min. \u017ealgirie\u010di\u0173 vartus apgyn\u0117 C. Olsesas, kuris atr\u0117m\u0119s C. Shieldso atlikt\u0105 11 m. baudin\u012f.<\/p>\n<p>33 min. \u0160iaur\u0117s Airijos \u010dempionai padvigubino savo prana\u0161um\u0105 \u2013 tolimu sm\u016bgiu pasi\u017eym\u0117jo K. Offordas.<\/p>\n<p><img loading=\"lazy\" decoding=\"async\" class=\"alignnone wp-image-18272\" src=\"https:\/\/fkzalgiris.lt\/wp-content\/uploads\/2025\/07\/0A6A0627-1024x683.jpeg\" alt=\"\" width=\"650\" height=\"433\" srcset=\"https:\/\/fkzalgiris.lt\/wp-content\/uploads\/2025\/07\/0A6A0627-1024x683.jpeg 1024w, https:\/\/fkzalgiris.lt\/wp-content\/uploads\/2025\/07\/0A6A0627-300x200.jpeg 300w, https:\/\/fkzalgiris.lt\/wp-content\/uploads\/2025\/07\/0A6A0627-768x512.jpeg 768w, https:\/\/fkzalgiris.lt\/wp-content\/uploads\/2025\/07\/0A6A0627-1536x1024.jpeg 1536w, https:\/\/fkzalgiris.lt\/wp-content\/uploads\/2025\/07\/0A6A0627-2048x1365.jpeg 2048w, https:\/\/fkzalgiris.lt\/wp-content\/uploads\/2025\/07\/0A6A0627-150x100.jpeg 150w, https:\/\/fkzalgiris.lt\/wp-content\/uploads\/2025\/07\/0A6A0627-840x560.jpeg 840w, https:\/\/fkzalgiris.lt\/wp-content\/uploads\/2025\/07\/0A6A0627-570x380.jpeg 570w, https:\/\/fkzalgiris.lt\/wp-content\/uploads\/2025\/07\/0A6A0627-30x20.jpeg 30w\" sizes=\"auto, (max-width: 650px) 100vw, 650px\" \/><\/p>\n<p>Per prid\u0117t\u0105 pirmojo k\u0117linio laik\u0105 dar kart\u0105 savo s\u0117km\u0119 baudos aik\u0161tel\u0117je paband\u0117 K. Offordas, ta\u010diau C. Olsesas \u017eaid\u0117 u\u017etikrintai.<\/p>\n<p>74 min. galva \u012f vartinink\u0105 sm\u016bgiavo C. McKee.<\/p>\n<p>81 min. dar vienas pavojingas \u0161eiminink\u0173 i\u0161puolis \u2013 galva sm\u016bgiavo M. Fitzpatrickas, ta\u010diau C. Olsesas gelb\u0117jo savuosius vartus.<\/p>\n<p>85 min. vart\u0173 link sm\u016bgiavo N. Mihajlovi\u010dius, ta\u010diau jo sm\u016bgis buvo atremtas airi\u0173 gyn\u0117j\u0173.<\/p>\n<p>Sugr\u012f\u017eimas \u012f vietin\u012f front\u0105 \u2013 jau pirmadien\u012f, rugpj\u016b\u010dio 4 d.\u00a0 Vilnie\u010diai 20 val. namuose priims \u201eKauno \u017dalgir\u012f\u201c.<\/p>\n","protected":false},"excerpt":{"rendered":"<p>Antrose UEFA Konferencij\u0173 lygos antrojo etapo rungtyn\u0117se \u201e\u017dalgiris\u201c sve\u010diuose rezultatu 0:2 nusileido \u0160iaur\u0117s Airijos \u010dempionui \u201eLinfield\u201c ir baig\u0117 savo pasirodym\u0105 \u0161io sezono Europos turnyruose. \u0160eimininkai\u2026<\/p>\n","protected":false},"author":12,"featured_media":0,"comment_status":"closed","ping_status":"closed","sticky":false,"template":"","format":"standard","meta":{"_acf_changed":false,"footnotes":""},"categories":[87],"class_list":["post-18266","post","type-post","status-publish","format-standard","hentry","category-zalgiris"],"acf":[],"yoast_head":"<!-- This site is optimized with the Yoast SEO plugin v26.8 - https:\/\/yoast.com\/product\/yoast-seo-wordpress\/ -->\n<title>Konferencij\u0173 lygoje - pralaim\u0117jimas - FK \u017dalgiris<\/title>\n<meta name=\"robots\" content=\"index, follow, max-snippet:-1, max-image-preview:large, max-video-preview:-1\" \/>\n<link rel=\"canonical\" href=\"https:\/\/fkzalgiris.lt\/konferenciju-lygoje-pralaimejimas\/\" \/>\n<meta property=\"og:locale\" content=\"lt_LT\" \/>\n<meta property=\"og:type\" content=\"article\" \/>\n<meta property=\"og:title\" content=\"Konferencij\u0173 lygoje - pralaim\u0117jimas - FK \u017dalgiris\" \/>\n<meta property=\"og:description\" content=\"Antrose UEFA Konferencij\u0173 lygos antrojo etapo rungtyn\u0117se \u201e\u017dalgiris\u201c sve\u010diuose rezultatu 0:2 nusileido \u0160iaur\u0117s Airijos \u010dempionui \u201eLinfield\u201c ir baig\u0117 savo pasirodym\u0105 \u0161io sezono Europos turnyruose. \u0160eimininkai\u2026\" \/>\n<meta property=\"og:url\" content=\"https:\/\/fkzalgiris.lt\/konferenciju-lygoje-pralaimejimas\/\" \/>\n<meta property=\"og:site_name\" content=\"FK \u017dalgiris\" \/>\n<meta property=\"article:publisher\" content=\"https:\/\/www.facebook.com\/fkzalgiris\/\" \/>\n<meta property=\"article:published_time\" content=\"2025-07-31T21:01:04+00:00\" \/>\n<meta property=\"article:modified_time\" content=\"2025-07-31T22:44:02+00:00\" \/>\n<meta property=\"og:image\" content=\"https:\/\/fkzalgiris.lt\/wp-content\/uploads\/2025\/07\/0A6A0627-1024x683.jpeg\" \/>\n<meta name=\"author\" content=\"Dovydas Tamosynas\" \/>\n<meta name=\"twitter:card\" content=\"summary_large_image\" \/>\n<meta name=\"twitter:creator\" content=\"@fkzalgiris\" \/>\n<meta name=\"twitter:site\" content=\"@fkzalgiris\" \/>\n<meta name=\"twitter:label1\" content=\"Written by\" \/>\n\t<meta name=\"twitter:data1\" content=\"Dovydas Tamosynas\" \/>\n\t<meta name=\"twitter:label2\" content=\"Est. reading time\" \/>\n\t<meta name=\"twitter:data2\" content=\"2 minut\u0117s\" \/>\n<script type=\"application\/ld+json\" class=\"yoast-schema-graph\">{\"@context\":\"https:\/\/schema.org\",\"@graph\":[{\"@type\":\"Article\",\"@id\":\"https:\/\/fkzalgiris.lt\/konferenciju-lygoje-pralaimejimas\/#article\",\"isPartOf\":{\"@id\":\"https:\/\/fkzalgiris.lt\/konferenciju-lygoje-pralaimejimas\/\"},\"author\":{\"name\":\"Dovydas Tamosynas\",\"@id\":\"https:\/\/fkzalgiris.lt\/#\/schema\/person\/2467ea772c08bd6f150d074bfee22870\"},\"headline\":\"Konferencij\u0173 lygoje &#8211; pralaim\u0117jimas\",\"datePublished\":\"2025-07-31T21:01:04+00:00\",\"dateModified\":\"2025-07-31T22:44:02+00:00\",\"mainEntityOfPage\":{\"@id\":\"https:\/\/fkzalgiris.lt\/konferenciju-lygoje-pralaimejimas\/\"},\"wordCount\":260,\"publisher\":{\"@id\":\"https:\/\/fkzalgiris.lt\/#organization\"},\"image\":{\"@id\":\"https:\/\/fkzalgiris.lt\/konferenciju-lygoje-pralaimejimas\/#primaryimage\"},\"thumbnailUrl\":\"https:\/\/fkzalgiris.lt\/wp-content\/uploads\/2025\/07\/0A6A0627-1024x683.jpeg\",\"articleSection\":[\"\u017dalgiris\"],\"inLanguage\":\"lt-LT\"},{\"@type\":\"WebPage\",\"@id\":\"https:\/\/fkzalgiris.lt\/konferenciju-lygoje-pralaimejimas\/\",\"url\":\"https:\/\/fkzalgiris.lt\/konferenciju-lygoje-pralaimejimas\/\",\"name\":\"Konferencij\u0173 lygoje - pralaim\u0117jimas - FK \u017dalgiris\",\"isPartOf\":{\"@id\":\"https:\/\/fkzalgiris.lt\/#website\"},\"primaryImageOfPage\":{\"@id\":\"https:\/\/fkzalgiris.lt\/konferenciju-lygoje-pralaimejimas\/#primaryimage\"},\"image\":{\"@id\":\"https:\/\/fkzalgiris.lt\/konferenciju-lygoje-pralaimejimas\/#primaryimage\"},\"thumbnailUrl\":\"https:\/\/fkzalgiris.lt\/wp-content\/uploads\/2025\/07\/0A6A0627-1024x683.jpeg\",\"datePublished\":\"2025-07-31T21:01:04+00:00\",\"dateModified\":\"2025-07-31T22:44:02+00:00\",\"breadcrumb\":{\"@id\":\"https:\/\/fkzalgiris.lt\/konferenciju-lygoje-pralaimejimas\/#breadcrumb\"},\"inLanguage\":\"lt-LT\",\"potentialAction\":[{\"@type\":\"ReadAction\",\"target\":[\"https:\/\/fkzalgiris.lt\/konferenciju-lygoje-pralaimejimas\/\"]}]},{\"@type\":\"ImageObject\",\"inLanguage\":\"lt-LT\",\"@id\":\"https:\/\/fkzalgiris.lt\/konferenciju-lygoje-pralaimejimas\/#primaryimage\",\"url\":\"https:\/\/fkzalgiris.lt\/wp-content\/uploads\/2025\/07\/0A6A0627-1024x683.jpeg\",\"contentUrl\":\"https:\/\/fkzalgiris.lt\/wp-content\/uploads\/2025\/07\/0A6A0627-1024x683.jpeg\"},{\"@type\":\"BreadcrumbList\",\"@id\":\"https:\/\/fkzalgiris.lt\/konferenciju-lygoje-pralaimejimas\/#breadcrumb\",\"itemListElement\":[{\"@type\":\"ListItem\",\"position\":1,\"name\":\"Home\",\"item\":\"https:\/\/fkzalgiris.lt\/\"},{\"@type\":\"ListItem\",\"position\":2,\"name\":\"Konferencij\u0173 lygoje &#8211; pralaim\u0117jimas\"}]},{\"@type\":\"WebSite\",\"@id\":\"https:\/\/fkzalgiris.lt\/#website\",\"url\":\"https:\/\/fkzalgiris.lt\/\",\"name\":\"FK \u017dalgiris\",\"description\":\"oficiali Vilniaus \u201e\u017dalgirio\u201c futbolo klubo svetain\u0117\",\"publisher\":{\"@id\":\"https:\/\/fkzalgiris.lt\/#organization\"},\"potentialAction\":[{\"@type\":\"SearchAction\",\"target\":{\"@type\":\"EntryPoint\",\"urlTemplate\":\"https:\/\/fkzalgiris.lt\/?s={search_term_string}\"},\"query-input\":{\"@type\":\"PropertyValueSpecification\",\"valueRequired\":true,\"valueName\":\"search_term_string\"}}],\"inLanguage\":\"lt-LT\"},{\"@type\":\"Organization\",\"@id\":\"https:\/\/fkzalgiris.lt\/#organization\",\"name\":\"FK \u017dalgiris\",\"url\":\"https:\/\/fkzalgiris.lt\/\",\"logo\":{\"@type\":\"ImageObject\",\"inLanguage\":\"lt-LT\",\"@id\":\"https:\/\/fkzalgiris.lt\/#\/schema\/logo\/image\/\",\"url\":\"https:\/\/fkzalgiris.lt\/wp-content\/uploads\/2024\/01\/horiz-FK-Zalgiris-logo-2015.png\",\"contentUrl\":\"https:\/\/fkzalgiris.lt\/wp-content\/uploads\/2024\/01\/horiz-FK-Zalgiris-logo-2015.png\",\"width\":3073,\"height\":2048,\"caption\":\"FK \u017dalgiris\"},\"image\":{\"@id\":\"https:\/\/fkzalgiris.lt\/#\/schema\/logo\/image\/\"},\"sameAs\":[\"https:\/\/www.facebook.com\/fkzalgiris\/\",\"https:\/\/x.com\/fkzalgiris\",\"https:\/\/www.instagram.com\/fkzalgiris\/\",\"https:\/\/www.youtube.com\/channel\/UC1ag8JLxGirltMUoLlzfZLA\"]},{\"@type\":\"Person\",\"@id\":\"https:\/\/fkzalgiris.lt\/#\/schema\/person\/2467ea772c08bd6f150d074bfee22870\",\"name\":\"Dovydas Tamosynas\"}]}<\/script>\n<!-- \/ Yoast SEO plugin. -->","yoast_head_json":{"title":"Konferencij\u0173 lygoje - pralaim\u0117jimas - FK \u017dalgiris","robots":{"index":"index","follow":"follow","max-snippet":"max-snippet:-1","max-image-preview":"max-image-preview:large","max-video-preview":"max-video-preview:-1"},"canonical":"https:\/\/fkzalgiris.lt\/konferenciju-lygoje-pralaimejimas\/","og_locale":"lt_LT","og_type":"article","og_title":"Konferencij\u0173 lygoje - pralaim\u0117jimas - FK \u017dalgiris","og_description":"Antrose UEFA Konferencij\u0173 lygos antrojo etapo rungtyn\u0117se \u201e\u017dalgiris\u201c sve\u010diuose rezultatu 0:2 nusileido \u0160iaur\u0117s Airijos \u010dempionui \u201eLinfield\u201c ir baig\u0117 savo pasirodym\u0105 \u0161io sezono Europos turnyruose. \u0160eimininkai\u2026","og_url":"https:\/\/fkzalgiris.lt\/konferenciju-lygoje-pralaimejimas\/","og_site_name":"FK \u017dalgiris","article_publisher":"https:\/\/www.facebook.com\/fkzalgiris\/","article_published_time":"2025-07-31T21:01:04+00:00","article_modified_time":"2025-07-31T22:44:02+00:00","og_image":[{"url":"https:\/\/fkzalgiris.lt\/wp-content\/uploads\/2025\/07\/0A6A0627-1024x683.jpeg","type":"","width":"","height":""}],"author":"Dovydas Tamosynas","twitter_card":"summary_large_image","twitter_creator":"@fkzalgiris","twitter_site":"@fkzalgiris","twitter_misc":{"Written by":"Dovydas Tamosynas","Est. reading time":"2 minut\u0117s"},"schema":{"@context":"https:\/\/schema.org","@graph":[{"@type":"Article","@id":"https:\/\/fkzalgiris.lt\/konferenciju-lygoje-pralaimejimas\/#article","isPartOf":{"@id":"https:\/\/fkzalgiris.lt\/konferenciju-lygoje-pralaimejimas\/"},"author":{"name":"Dovydas Tamosynas","@id":"https:\/\/fkzalgiris.lt\/#\/schema\/person\/2467ea772c08bd6f150d074bfee22870"},"headline":"Konferencij\u0173 lygoje &#8211; pralaim\u0117jimas","datePublished":"2025-07-31T21:01:04+00:00","dateModified":"2025-07-31T22:44:02+00:00","mainEntityOfPage":{"@id":"https:\/\/fkzalgiris.lt\/konferenciju-lygoje-pralaimejimas\/"},"wordCount":260,"publisher":{"@id":"https:\/\/fkzalgiris.lt\/#organization"},"image":{"@id":"https:\/\/fkzalgiris.lt\/konferenciju-lygoje-pralaimejimas\/#primaryimage"},"thumbnailUrl":"https:\/\/fkzalgiris.lt\/wp-content\/uploads\/2025\/07\/0A6A0627-1024x683.jpeg","articleSection":["\u017dalgiris"],"inLanguage":"lt-LT"},{"@type":"WebPage","@id":"https:\/\/fkzalgiris.lt\/konferenciju-lygoje-pralaimejimas\/","url":"https:\/\/fkzalgiris.lt\/konferenciju-lygoje-pralaimejimas\/","name":"Konferencij\u0173 lygoje - pralaim\u0117jimas - FK \u017dalgiris","isPartOf":{"@id":"https:\/\/fkzalgiris.lt\/#website"},"primaryImageOfPage":{"@id":"https:\/\/fkzalgiris.lt\/konferenciju-lygoje-pralaimejimas\/#primaryimage"},"image":{"@id":"https:\/\/fkzalgiris.lt\/konferenciju-lygoje-pralaimejimas\/#primaryimage"},"thumbnailUrl":"https:\/\/fkzalgiris.lt\/wp-content\/uploads\/2025\/07\/0A6A0627-1024x683.jpeg","datePublished":"2025-07-31T21:01:04+00:00","dateModified":"2025-07-31T22:44:02+00:00","breadcrumb":{"@id":"https:\/\/fkzalgiris.lt\/konferenciju-lygoje-pralaimejimas\/#breadcrumb"},"inLanguage":"lt-LT","potentialAction":[{"@type":"ReadAction","target":["https:\/\/fkzalgiris.lt\/konferenciju-lygoje-pralaimejimas\/"]}]},{"@type":"ImageObject","inLanguage":"lt-LT","@id":"https:\/\/fkzalgiris.lt\/konferenciju-lygoje-pralaimejimas\/#primaryimage","url":"https:\/\/fkzalgiris.lt\/wp-content\/uploads\/2025\/07\/0A6A0627-1024x683.jpeg","contentUrl":"https:\/\/fkzalgiris.lt\/wp-content\/uploads\/2025\/07\/0A6A0627-1024x683.jpeg"},{"@type":"BreadcrumbList","@id":"https:\/\/fkzalgiris.lt\/konferenciju-lygoje-pralaimejimas\/#breadcrumb","itemListElement":[{"@type":"ListItem","position":1,"name":"Home","item":"https:\/\/fkzalgiris.lt\/"},{"@type":"ListItem","position":2,"name":"Konferencij\u0173 lygoje &#8211; pralaim\u0117jimas"}]},{"@type":"WebSite","@id":"https:\/\/fkzalgiris.lt\/#website","url":"https:\/\/fkzalgiris.lt\/","name":"FK \u017dalgiris","description":"oficiali Vilniaus \u201e\u017dalgirio\u201c futbolo klubo svetain\u0117","publisher":{"@id":"https:\/\/fkzalgiris.lt\/#organization"},"potentialAction":[{"@type":"SearchAction","target":{"@type":"EntryPoint","urlTemplate":"https:\/\/fkzalgiris.lt\/?s={search_term_string}"},"query-input":{"@type":"PropertyValueSpecification","valueRequired":true,"valueName":"search_term_string"}}],"inLanguage":"lt-LT"},{"@type":"Organization","@id":"https:\/\/fkzalgiris.lt\/#organization","name":"FK \u017dalgiris","url":"https:\/\/fkzalgiris.lt\/","logo":{"@type":"ImageObject","inLanguage":"lt-LT","@id":"https:\/\/fkzalgiris.lt\/#\/schema\/logo\/image\/","url":"https:\/\/fkzalgiris.lt\/wp-content\/uploads\/2024\/01\/horiz-FK-Zalgiris-logo-2015.png","contentUrl":"https:\/\/fkzalgiris.lt\/wp-content\/uploads\/2024\/01\/horiz-FK-Zalgiris-logo-2015.png","width":3073,"height":2048,"caption":"FK \u017dalgiris"},"image":{"@id":"https:\/\/fkzalgiris.lt\/#\/schema\/logo\/image\/"},"sameAs":["https:\/\/www.facebook.com\/fkzalgiris\/","https:\/\/x.com\/fkzalgiris","https:\/\/www.instagram.com\/fkzalgiris\/","https:\/\/www.youtube.com\/channel\/UC1ag8JLxGirltMUoLlzfZLA"]},{"@type":"Person","@id":"https:\/\/fkzalgiris.lt\/#\/schema\/person\/2467ea772c08bd6f150d074bfee22870","name":"Dovydas Tamosynas"}]}},"_links":{"self":[{"href":"https:\/\/fkzalgiris.lt\/api\/wp\/v2\/posts\/18266","targetHints":{"allow":["GET"]}}],"collection":[{"href":"https:\/\/fkzalgiris.lt\/api\/wp\/v2\/posts"}],"about":[{"href":"https:\/\/fkzalgiris.lt\/api\/wp\/v2\/types\/post"}],"author":[{"embeddable":true,"href":"https:\/\/fkzalgiris.lt\/api\/wp\/v2\/users\/12"}],"replies":[{"embeddable":true,"href":"https:\/\/fkzalgiris.lt\/api\/wp\/v2\/comments?post=18266"}],"version-history":[{"count":15,"href":"https:\/\/fkzalgiris.lt\/api\/wp\/v2\/posts\/18266\/revisions"}],"predecessor-version":[{"id":18283,"href":"https:\/\/fkzalgiris.lt\/api\/wp\/v2\/posts\/18266\/revisions\/18283"}],"wp:attachment":[{"href":"https:\/\/fkzalgiris.lt\/api\/wp\/v2\/media?parent=18266"}],"wp:term":[{"taxonomy":"category","embeddable":true,"href":"https:\/\/fkzalgiris.lt\/api\/wp\/v2\/categories?post=18266"}],"curies":[{"name":"wp","href":"https:\/\/api.w.org\/{rel}","templated":true}]}}