{"id":18017,"date":"2025-07-17T16:44:42","date_gmt":"2025-07-17T13:44:42","guid":{"rendered":"https:\/\/fkzalgiris.lt\/?p=18017"},"modified":"2025-07-17T17:04:42","modified_gmt":"2025-07-17T14:04:42","slug":"konferenciju-lygoje-laukia-dvikova-pries-siaures-airijos-cempionus","status":"publish","type":"post","link":"https:\/\/fkzalgiris.lt\/konferenciju-lygoje-laukia-dvikova-pries-siaures-airijos-cempionus\/","title":{"rendered":"Dvikova prie\u0161 \u0160iaur\u0117s Airijos klub\u0105 &#8211; liepos 24 d."},"content":{"rendered":"<p>Paai\u0161k\u0117jo kitas \u201e\u017dalgirio\u201c var\u017eovas ir rungtyni\u0173 datos UEFA turnyruose \u2013 Lietuvos \u010dempionai susitiks su pa\u017e\u012fstamu \u0160iaur\u0117s Airijos \u010dempionu Belfasto \u201eLinfield\u201c.<\/p>\n<p>UEFA \u010cempion\u0173 lygos pirmajame etape \u201eLinfield\u201c tre\u010diadien\u012f su\u017eaid\u0117 lygiosiomis 1:1 prie\u0161 Airijos \u010dempion\u0105 \u201eShelbourne\u201c ir pralaim\u0117jo dvikov\u0105 bendru rezultatu 1:2.<\/p>\n<p>Konferencij\u0173 lygos antrojo etapo burtai \u201e\u017dalgiriui\u201c l\u0117m\u0117 min\u0117toje poroje pralaim\u0117jusi\u0105 komand\u0105. \u201eLinfield\u201c ekipa vilnie\u010diams pa\u017e\u012fstama \u2013 prie\u0161 j\u0105 teko \u017eaisti \u010cempion\u0173 lygos atrankoje 2021 m.<\/p>\n<p><img loading=\"lazy\" decoding=\"async\" class=\"alignnone wp-image-18019\" src=\"https:\/\/fkzalgiris.lt\/wp-content\/uploads\/2025\/07\/EZ930233-1024x683.jpg\" alt=\"\" width=\"650\" height=\"433\" srcset=\"https:\/\/fkzalgiris.lt\/wp-content\/uploads\/2025\/07\/EZ930233-1024x683.jpg 1024w, https:\/\/fkzalgiris.lt\/wp-content\/uploads\/2025\/07\/EZ930233-300x200.jpg 300w, https:\/\/fkzalgiris.lt\/wp-content\/uploads\/2025\/07\/EZ930233-768x512.jpg 768w, https:\/\/fkzalgiris.lt\/wp-content\/uploads\/2025\/07\/EZ930233-1536x1024.jpg 1536w, https:\/\/fkzalgiris.lt\/wp-content\/uploads\/2025\/07\/EZ930233-150x100.jpg 150w, https:\/\/fkzalgiris.lt\/wp-content\/uploads\/2025\/07\/EZ930233-840x560.jpg 840w, https:\/\/fkzalgiris.lt\/wp-content\/uploads\/2025\/07\/EZ930233-570x380.jpg 570w, https:\/\/fkzalgiris.lt\/wp-content\/uploads\/2025\/07\/EZ930233-30x20.jpg 30w, https:\/\/fkzalgiris.lt\/wp-content\/uploads\/2025\/07\/EZ930233.jpg 2048w\" sizes=\"auto, (max-width: 650px) 100vw, 650px\" \/><\/p>\n<p>\u0160\u012f kart\u0105 pirmosios komand\u0173 rungtyn\u0117s vyks liepos 24 d. nuo 19 val. Vilniuje. I\u0161ankstin\u0117 biliet\u0173 prekyba \u012f rungtynes <a href=\"https:\/\/kakava.lt\/renginys\/uefa-konferenciju-lyga-zalgiris-linfield\/10405\/20846\">startavo Kakava.lt svetain\u0117je<\/a>.<\/p>\n<p>Atsakomosios numatomos liepos 31 d. nuo 21 val. 45 min. (19 val. 45 min. vietos laiku) Belfaste.<\/p>\n<p>Abi komandos var\u017eosi vadinamajame \u010dempion\u0173 kelyje, kur tarpusavyje atrankoje \u017eaid\u017eia tik \u0161ali\u0173 \u010dempionai.<\/p>\n<p>Antrajame Konferencij\u0173 lygos etape taip pat rungtyniaus Slov\u0117nijos, Sakartvelo, Juodkalnijos, Liuksemburgo, Velso, Andoros, Estijos, Moldovos, Albanijos ir Baltarusijos \u010dempionai.<\/p>\n<p>Poros nugal\u0117tojas pateks \u012f tre\u010di\u0105j\u012f Konferencij\u0173 lygos etap\u0105, kur \u017eais \u0161e\u0161i antro etapo nugal\u0117tojai ir dvi komandos, \u010dia patekusios burt\u0173 keliu \u2013 tai Islandijos ir San Marino \u010dempionai.<\/p>\n<p>Tre\u010diojo etapo burtai bus traukiami liepos 21 d., rungtyn\u0117s vyks rugpj\u016b\u010dio 7 ir 14 d.<\/p>\n<p>Tre\u010di\u0105 ir ketvirt\u0105 atrankos etapus \u012fveikusios komandos pateks \u012f pagrindin\u012f Konferencij\u0173 lygos etap\u0105.<\/p>\n","protected":false},"excerpt":{"rendered":"<p>Paai\u0161k\u0117jo kitas \u201e\u017dalgirio\u201c var\u017eovas ir rungtyni\u0173 datos UEFA turnyruose \u2013 Lietuvos \u010dempionai susitiks su pa\u017e\u012fstamu \u0160iaur\u0117s Airijos \u010dempionu Belfasto \u201eLinfield\u201c. UEFA \u010cempion\u0173 lygos pirmajame etape\u2026<\/p>\n","protected":false},"author":4,"featured_media":0,"comment_status":"closed","ping_status":"closed","sticky":false,"template":"","format":"standard","meta":{"_acf_changed":false,"footnotes":""},"categories":[1],"class_list":["post-18017","post","type-post","status-publish","format-standard","hentry","category-be-kategorijos"],"acf":[],"yoast_head":"<!-- This site is optimized with the Yoast SEO plugin v26.8 - https:\/\/yoast.com\/product\/yoast-seo-wordpress\/ -->\n<title>Dvikova prie\u0161 \u0160iaur\u0117s Airijos klub\u0105 - liepos 24 d. - FK \u017dalgiris<\/title>\n<meta name=\"robots\" content=\"index, follow, max-snippet:-1, max-image-preview:large, max-video-preview:-1\" \/>\n<link rel=\"canonical\" href=\"https:\/\/fkzalgiris.lt\/konferenciju-lygoje-laukia-dvikova-pries-siaures-airijos-cempionus\/\" \/>\n<meta property=\"og:locale\" content=\"lt_LT\" \/>\n<meta property=\"og:type\" content=\"article\" \/>\n<meta property=\"og:title\" content=\"Dvikova prie\u0161 \u0160iaur\u0117s Airijos klub\u0105 - liepos 24 d. - FK \u017dalgiris\" \/>\n<meta property=\"og:description\" content=\"Paai\u0161k\u0117jo kitas \u201e\u017dalgirio\u201c var\u017eovas ir rungtyni\u0173 datos UEFA turnyruose \u2013 Lietuvos \u010dempionai susitiks su pa\u017e\u012fstamu \u0160iaur\u0117s Airijos \u010dempionu Belfasto \u201eLinfield\u201c. UEFA \u010cempion\u0173 lygos pirmajame etape\u2026\" \/>\n<meta property=\"og:url\" content=\"https:\/\/fkzalgiris.lt\/konferenciju-lygoje-laukia-dvikova-pries-siaures-airijos-cempionus\/\" \/>\n<meta property=\"og:site_name\" content=\"FK \u017dalgiris\" \/>\n<meta property=\"article:publisher\" content=\"https:\/\/www.facebook.com\/fkzalgiris\/\" \/>\n<meta property=\"article:published_time\" content=\"2025-07-17T13:44:42+00:00\" \/>\n<meta property=\"article:modified_time\" content=\"2025-07-17T14:04:42+00:00\" \/>\n<meta property=\"og:image\" content=\"https:\/\/fkzalgiris.lt\/wp-content\/uploads\/2025\/07\/EZ930233-1024x683.jpg\" \/>\n\t<meta property=\"og:image:width\" content=\"1024\" \/>\n\t<meta property=\"og:image:height\" content=\"683\" \/>\n\t<meta property=\"og:image:type\" content=\"image\/jpeg\" \/>\n<meta name=\"author\" content=\"J\" \/>\n<meta name=\"twitter:card\" content=\"summary_large_image\" \/>\n<meta name=\"twitter:creator\" content=\"@fkzalgiris\" \/>\n<meta name=\"twitter:site\" content=\"@fkzalgiris\" \/>\n<meta name=\"twitter:label1\" content=\"Written by\" \/>\n\t<meta name=\"twitter:data1\" content=\"J\" \/>\n\t<meta name=\"twitter:label2\" content=\"Est. reading time\" \/>\n\t<meta name=\"twitter:data2\" content=\"2 minut\u0117s\" \/>\n<script type=\"application\/ld+json\" class=\"yoast-schema-graph\">{\"@context\":\"https:\/\/schema.org\",\"@graph\":[{\"@type\":\"Article\",\"@id\":\"https:\/\/fkzalgiris.lt\/konferenciju-lygoje-laukia-dvikova-pries-siaures-airijos-cempionus\/#article\",\"isPartOf\":{\"@id\":\"https:\/\/fkzalgiris.lt\/konferenciju-lygoje-laukia-dvikova-pries-siaures-airijos-cempionus\/\"},\"author\":{\"name\":\"J\",\"@id\":\"https:\/\/fkzalgiris.lt\/#\/schema\/person\/8604babbba794a7d8767be324a3eaac8\"},\"headline\":\"Dvikova prie\u0161 \u0160iaur\u0117s Airijos klub\u0105 &#8211; liepos 24 d.\",\"datePublished\":\"2025-07-17T13:44:42+00:00\",\"dateModified\":\"2025-07-17T14:04:42+00:00\",\"mainEntityOfPage\":{\"@id\":\"https:\/\/fkzalgiris.lt\/konferenciju-lygoje-laukia-dvikova-pries-siaures-airijos-cempionus\/\"},\"wordCount\":209,\"publisher\":{\"@id\":\"https:\/\/fkzalgiris.lt\/#organization\"},\"image\":{\"@id\":\"https:\/\/fkzalgiris.lt\/konferenciju-lygoje-laukia-dvikova-pries-siaures-airijos-cempionus\/#primaryimage\"},\"thumbnailUrl\":\"https:\/\/fkzalgiris.lt\/wp-content\/uploads\/2025\/07\/EZ930233-1024x683.jpg\",\"inLanguage\":\"lt-LT\"},{\"@type\":\"WebPage\",\"@id\":\"https:\/\/fkzalgiris.lt\/konferenciju-lygoje-laukia-dvikova-pries-siaures-airijos-cempionus\/\",\"url\":\"https:\/\/fkzalgiris.lt\/konferenciju-lygoje-laukia-dvikova-pries-siaures-airijos-cempionus\/\",\"name\":\"Dvikova prie\u0161 \u0160iaur\u0117s Airijos klub\u0105 - liepos 24 d. - FK \u017dalgiris\",\"isPartOf\":{\"@id\":\"https:\/\/fkzalgiris.lt\/#website\"},\"primaryImageOfPage\":{\"@id\":\"https:\/\/fkzalgiris.lt\/konferenciju-lygoje-laukia-dvikova-pries-siaures-airijos-cempionus\/#primaryimage\"},\"image\":{\"@id\":\"https:\/\/fkzalgiris.lt\/konferenciju-lygoje-laukia-dvikova-pries-siaures-airijos-cempionus\/#primaryimage\"},\"thumbnailUrl\":\"https:\/\/fkzalgiris.lt\/wp-content\/uploads\/2025\/07\/EZ930233-1024x683.jpg\",\"datePublished\":\"2025-07-17T13:44:42+00:00\",\"dateModified\":\"2025-07-17T14:04:42+00:00\",\"breadcrumb\":{\"@id\":\"https:\/\/fkzalgiris.lt\/konferenciju-lygoje-laukia-dvikova-pries-siaures-airijos-cempionus\/#breadcrumb\"},\"inLanguage\":\"lt-LT\",\"potentialAction\":[{\"@type\":\"ReadAction\",\"target\":[\"https:\/\/fkzalgiris.lt\/konferenciju-lygoje-laukia-dvikova-pries-siaures-airijos-cempionus\/\"]}]},{\"@type\":\"ImageObject\",\"inLanguage\":\"lt-LT\",\"@id\":\"https:\/\/fkzalgiris.lt\/konferenciju-lygoje-laukia-dvikova-pries-siaures-airijos-cempionus\/#primaryimage\",\"url\":\"https:\/\/fkzalgiris.lt\/wp-content\/uploads\/2025\/07\/EZ930233.jpg\",\"contentUrl\":\"https:\/\/fkzalgiris.lt\/wp-content\/uploads\/2025\/07\/EZ930233.jpg\",\"width\":2048,\"height\":1365},{\"@type\":\"BreadcrumbList\",\"@id\":\"https:\/\/fkzalgiris.lt\/konferenciju-lygoje-laukia-dvikova-pries-siaures-airijos-cempionus\/#breadcrumb\",\"itemListElement\":[{\"@type\":\"ListItem\",\"position\":1,\"name\":\"Home\",\"item\":\"https:\/\/fkzalgiris.lt\/\"},{\"@type\":\"ListItem\",\"position\":2,\"name\":\"Dvikova prie\u0161 \u0160iaur\u0117s Airijos klub\u0105 &#8211; liepos 24 d.\"}]},{\"@type\":\"WebSite\",\"@id\":\"https:\/\/fkzalgiris.lt\/#website\",\"url\":\"https:\/\/fkzalgiris.lt\/\",\"name\":\"FK \u017dalgiris\",\"description\":\"oficiali Vilniaus \u201e\u017dalgirio\u201c futbolo klubo svetain\u0117\",\"publisher\":{\"@id\":\"https:\/\/fkzalgiris.lt\/#organization\"},\"potentialAction\":[{\"@type\":\"SearchAction\",\"target\":{\"@type\":\"EntryPoint\",\"urlTemplate\":\"https:\/\/fkzalgiris.lt\/?s={search_term_string}\"},\"query-input\":{\"@type\":\"PropertyValueSpecification\",\"valueRequired\":true,\"valueName\":\"search_term_string\"}}],\"inLanguage\":\"lt-LT\"},{\"@type\":\"Organization\",\"@id\":\"https:\/\/fkzalgiris.lt\/#organization\",\"name\":\"FK \u017dalgiris\",\"url\":\"https:\/\/fkzalgiris.lt\/\",\"logo\":{\"@type\":\"ImageObject\",\"inLanguage\":\"lt-LT\",\"@id\":\"https:\/\/fkzalgiris.lt\/#\/schema\/logo\/image\/\",\"url\":\"https:\/\/fkzalgiris.lt\/wp-content\/uploads\/2024\/01\/horiz-FK-Zalgiris-logo-2015.png\",\"contentUrl\":\"https:\/\/fkzalgiris.lt\/wp-content\/uploads\/2024\/01\/horiz-FK-Zalgiris-logo-2015.png\",\"width\":3073,\"height\":2048,\"caption\":\"FK \u017dalgiris\"},\"image\":{\"@id\":\"https:\/\/fkzalgiris.lt\/#\/schema\/logo\/image\/\"},\"sameAs\":[\"https:\/\/www.facebook.com\/fkzalgiris\/\",\"https:\/\/x.com\/fkzalgiris\",\"https:\/\/www.instagram.com\/fkzalgiris\/\",\"https:\/\/www.youtube.com\/channel\/UC1ag8JLxGirltMUoLlzfZLA\"]},{\"@type\":\"Person\",\"@id\":\"https:\/\/fkzalgiris.lt\/#\/schema\/person\/8604babbba794a7d8767be324a3eaac8\",\"name\":\"J\"}]}<\/script>\n<!-- \/ Yoast SEO plugin. -->","yoast_head_json":{"title":"Dvikova prie\u0161 \u0160iaur\u0117s Airijos klub\u0105 - liepos 24 d. - FK \u017dalgiris","robots":{"index":"index","follow":"follow","max-snippet":"max-snippet:-1","max-image-preview":"max-image-preview:large","max-video-preview":"max-video-preview:-1"},"canonical":"https:\/\/fkzalgiris.lt\/konferenciju-lygoje-laukia-dvikova-pries-siaures-airijos-cempionus\/","og_locale":"lt_LT","og_type":"article","og_title":"Dvikova prie\u0161 \u0160iaur\u0117s Airijos klub\u0105 - liepos 24 d. - FK \u017dalgiris","og_description":"Paai\u0161k\u0117jo kitas \u201e\u017dalgirio\u201c var\u017eovas ir rungtyni\u0173 datos UEFA turnyruose \u2013 Lietuvos \u010dempionai susitiks su pa\u017e\u012fstamu \u0160iaur\u0117s Airijos \u010dempionu Belfasto \u201eLinfield\u201c. UEFA \u010cempion\u0173 lygos pirmajame etape\u2026","og_url":"https:\/\/fkzalgiris.lt\/konferenciju-lygoje-laukia-dvikova-pries-siaures-airijos-cempionus\/","og_site_name":"FK \u017dalgiris","article_publisher":"https:\/\/www.facebook.com\/fkzalgiris\/","article_published_time":"2025-07-17T13:44:42+00:00","article_modified_time":"2025-07-17T14:04:42+00:00","og_image":[{"width":1024,"height":683,"url":"https:\/\/fkzalgiris.lt\/wp-content\/uploads\/2025\/07\/EZ930233-1024x683.jpg","type":"image\/jpeg"}],"author":"J","twitter_card":"summary_large_image","twitter_creator":"@fkzalgiris","twitter_site":"@fkzalgiris","twitter_misc":{"Written by":"J","Est. reading time":"2 minut\u0117s"},"schema":{"@context":"https:\/\/schema.org","@graph":[{"@type":"Article","@id":"https:\/\/fkzalgiris.lt\/konferenciju-lygoje-laukia-dvikova-pries-siaures-airijos-cempionus\/#article","isPartOf":{"@id":"https:\/\/fkzalgiris.lt\/konferenciju-lygoje-laukia-dvikova-pries-siaures-airijos-cempionus\/"},"author":{"name":"J","@id":"https:\/\/fkzalgiris.lt\/#\/schema\/person\/8604babbba794a7d8767be324a3eaac8"},"headline":"Dvikova prie\u0161 \u0160iaur\u0117s Airijos klub\u0105 &#8211; liepos 24 d.","datePublished":"2025-07-17T13:44:42+00:00","dateModified":"2025-07-17T14:04:42+00:00","mainEntityOfPage":{"@id":"https:\/\/fkzalgiris.lt\/konferenciju-lygoje-laukia-dvikova-pries-siaures-airijos-cempionus\/"},"wordCount":209,"publisher":{"@id":"https:\/\/fkzalgiris.lt\/#organization"},"image":{"@id":"https:\/\/fkzalgiris.lt\/konferenciju-lygoje-laukia-dvikova-pries-siaures-airijos-cempionus\/#primaryimage"},"thumbnailUrl":"https:\/\/fkzalgiris.lt\/wp-content\/uploads\/2025\/07\/EZ930233-1024x683.jpg","inLanguage":"lt-LT"},{"@type":"WebPage","@id":"https:\/\/fkzalgiris.lt\/konferenciju-lygoje-laukia-dvikova-pries-siaures-airijos-cempionus\/","url":"https:\/\/fkzalgiris.lt\/konferenciju-lygoje-laukia-dvikova-pries-siaures-airijos-cempionus\/","name":"Dvikova prie\u0161 \u0160iaur\u0117s Airijos klub\u0105 - liepos 24 d. - FK \u017dalgiris","isPartOf":{"@id":"https:\/\/fkzalgiris.lt\/#website"},"primaryImageOfPage":{"@id":"https:\/\/fkzalgiris.lt\/konferenciju-lygoje-laukia-dvikova-pries-siaures-airijos-cempionus\/#primaryimage"},"image":{"@id":"https:\/\/fkzalgiris.lt\/konferenciju-lygoje-laukia-dvikova-pries-siaures-airijos-cempionus\/#primaryimage"},"thumbnailUrl":"https:\/\/fkzalgiris.lt\/wp-content\/uploads\/2025\/07\/EZ930233-1024x683.jpg","datePublished":"2025-07-17T13:44:42+00:00","dateModified":"2025-07-17T14:04:42+00:00","breadcrumb":{"@id":"https:\/\/fkzalgiris.lt\/konferenciju-lygoje-laukia-dvikova-pries-siaures-airijos-cempionus\/#breadcrumb"},"inLanguage":"lt-LT","potentialAction":[{"@type":"ReadAction","target":["https:\/\/fkzalgiris.lt\/konferenciju-lygoje-laukia-dvikova-pries-siaures-airijos-cempionus\/"]}]},{"@type":"ImageObject","inLanguage":"lt-LT","@id":"https:\/\/fkzalgiris.lt\/konferenciju-lygoje-laukia-dvikova-pries-siaures-airijos-cempionus\/#primaryimage","url":"https:\/\/fkzalgiris.lt\/wp-content\/uploads\/2025\/07\/EZ930233.jpg","contentUrl":"https:\/\/fkzalgiris.lt\/wp-content\/uploads\/2025\/07\/EZ930233.jpg","width":2048,"height":1365},{"@type":"BreadcrumbList","@id":"https:\/\/fkzalgiris.lt\/konferenciju-lygoje-laukia-dvikova-pries-siaures-airijos-cempionus\/#breadcrumb","itemListElement":[{"@type":"ListItem","position":1,"name":"Home","item":"https:\/\/fkzalgiris.lt\/"},{"@type":"ListItem","position":2,"name":"Dvikova prie\u0161 \u0160iaur\u0117s Airijos klub\u0105 &#8211; liepos 24 d."}]},{"@type":"WebSite","@id":"https:\/\/fkzalgiris.lt\/#website","url":"https:\/\/fkzalgiris.lt\/","name":"FK \u017dalgiris","description":"oficiali Vilniaus \u201e\u017dalgirio\u201c futbolo klubo svetain\u0117","publisher":{"@id":"https:\/\/fkzalgiris.lt\/#organization"},"potentialAction":[{"@type":"SearchAction","target":{"@type":"EntryPoint","urlTemplate":"https:\/\/fkzalgiris.lt\/?s={search_term_string}"},"query-input":{"@type":"PropertyValueSpecification","valueRequired":true,"valueName":"search_term_string"}}],"inLanguage":"lt-LT"},{"@type":"Organization","@id":"https:\/\/fkzalgiris.lt\/#organization","name":"FK \u017dalgiris","url":"https:\/\/fkzalgiris.lt\/","logo":{"@type":"ImageObject","inLanguage":"lt-LT","@id":"https:\/\/fkzalgiris.lt\/#\/schema\/logo\/image\/","url":"https:\/\/fkzalgiris.lt\/wp-content\/uploads\/2024\/01\/horiz-FK-Zalgiris-logo-2015.png","contentUrl":"https:\/\/fkzalgiris.lt\/wp-content\/uploads\/2024\/01\/horiz-FK-Zalgiris-logo-2015.png","width":3073,"height":2048,"caption":"FK \u017dalgiris"},"image":{"@id":"https:\/\/fkzalgiris.lt\/#\/schema\/logo\/image\/"},"sameAs":["https:\/\/www.facebook.com\/fkzalgiris\/","https:\/\/x.com\/fkzalgiris","https:\/\/www.instagram.com\/fkzalgiris\/","https:\/\/www.youtube.com\/channel\/UC1ag8JLxGirltMUoLlzfZLA"]},{"@type":"Person","@id":"https:\/\/fkzalgiris.lt\/#\/schema\/person\/8604babbba794a7d8767be324a3eaac8","name":"J"}]}},"_links":{"self":[{"href":"https:\/\/fkzalgiris.lt\/api\/wp\/v2\/posts\/18017","targetHints":{"allow":["GET"]}}],"collection":[{"href":"https:\/\/fkzalgiris.lt\/api\/wp\/v2\/posts"}],"about":[{"href":"https:\/\/fkzalgiris.lt\/api\/wp\/v2\/types\/post"}],"author":[{"embeddable":true,"href":"https:\/\/fkzalgiris.lt\/api\/wp\/v2\/users\/4"}],"replies":[{"embeddable":true,"href":"https:\/\/fkzalgiris.lt\/api\/wp\/v2\/comments?post=18017"}],"version-history":[{"count":5,"href":"https:\/\/fkzalgiris.lt\/api\/wp\/v2\/posts\/18017\/revisions"}],"predecessor-version":[{"id":18028,"href":"https:\/\/fkzalgiris.lt\/api\/wp\/v2\/posts\/18017\/revisions\/18028"}],"wp:attachment":[{"href":"https:\/\/fkzalgiris.lt\/api\/wp\/v2\/media?parent=18017"}],"wp:term":[{"taxonomy":"category","embeddable":true,"href":"https:\/\/fkzalgiris.lt\/api\/wp\/v2\/categories?post=18017"}],"curies":[{"name":"wp","href":"https:\/\/api.w.org\/{rel}","templated":true}]}}