{"id":17758,"date":"2025-06-22T18:29:40","date_gmt":"2025-06-22T15:29:40","guid":{"rendered":"https:\/\/fkzalgiris.lt\/?p=17758"},"modified":"2025-06-22T22:01:05","modified_gmt":"2025-06-22T19:01:05","slug":"atvyko-gynejas-is-juodkalnijos","status":"publish","type":"post","link":"https:\/\/fkzalgiris.lt\/atvyko-gynejas-is-juodkalnijos\/","title":{"rendered":"Atvyko gyn\u0117jas i\u0161 Juodkalnijos"},"content":{"rendered":"<p>\u201e\u017dalgirio\u201c gynybos grand\u012f papild\u0117 dar vienas \u017eaid\u0117jas \u2013 \u012f Vilni\u0173 atvyko gyn\u0117jas i\u0161 Juodkalnijos Vasilije Radenovi\u010dius.<\/p>\n<p>31 met\u0173 \u017eaid\u0117jas prie Lietuvos \u010dempion\u0173 prisijung\u0117 po sezono Azerbaid\u017eane.<\/p>\n<p>Patyr\u0119s futbolininkas taip pat yra atstovav\u0119s Juodkalnijos, Serbijos, Bosnijos ir Hercegovinos, Vokietijos komandoms.<\/p>\n<p><img loading=\"lazy\" decoding=\"async\" class=\"alignnone wp-image-17765\" src=\"https:\/\/fkzalgiris.lt\/wp-content\/uploads\/2025\/06\/1750603686318-1024x651.jpg\" alt=\"\" width=\"650\" height=\"413\" srcset=\"https:\/\/fkzalgiris.lt\/wp-content\/uploads\/2025\/06\/1750603686318-1024x651.jpg 1024w, https:\/\/fkzalgiris.lt\/wp-content\/uploads\/2025\/06\/1750603686318-300x191.jpg 300w, https:\/\/fkzalgiris.lt\/wp-content\/uploads\/2025\/06\/1750603686318-768x488.jpg 768w, https:\/\/fkzalgiris.lt\/wp-content\/uploads\/2025\/06\/1750603686318-1536x977.jpg 1536w, https:\/\/fkzalgiris.lt\/wp-content\/uploads\/2025\/06\/1750603686318-157x100.jpg 157w, https:\/\/fkzalgiris.lt\/wp-content\/uploads\/2025\/06\/1750603686318-30x20.jpg 30w, https:\/\/fkzalgiris.lt\/wp-content\/uploads\/2025\/06\/1750603686318.jpg 2048w\" sizes=\"auto, (max-width: 650px) 100vw, 650px\" \/><\/p>\n<p>Futbolo keli\u0105 jis prad\u0117jo Danilovgrade, o pirm\u0105 \u017eingsn\u012f profesional\u0173 futbole \u017eeng\u0117 Lazarevaco \u201eKolubara\u201c gretose Serbijos antrajame divizione.<\/p>\n<p>V\u0117liau \u017eaid\u0117 Novi Sado \u201eProleter\u201c, su kuriuo i\u0161kovojo viet\u0105 Serbijos Superlygoje, taip pat rungtyniavo \u201e\u017darkovo\u201c komandoje, vokie\u010di\u0173 \u201eLichtenauer\u201c ekipoje, serb\u0173 \u201eJagodina\u201c.<\/p>\n<p>2021-2023 metus V. Radenovi\u010dius praleido gimtojoje Juodkalnijoje, \u201eJezero\u201c ir \u201ePetrovac\u201c gretose, po to atstovavo Bosnijos ir Hercegovinos klubui Gabelos GO\u0160K.<\/p>\n<p>Pra\u0117jusiame 2024-2025 m. sezone juodkalnietis \u017eaid\u0117 Azerbaid\u017eano klube Baku \u201e\u0160amachi\u201c (buv\u0119s \u201eKe\u0161la\u201c \/ \u201eInter\u201c), kuriame seniau yra rungtyniav\u0119 ir nema\u017eai Lietuvos rinktin\u0117s nari\u0173.<\/p>\n<p>\u201e\u017dalgirio\u201c gynybos grandyje pastaruoju metu d\u0117l traum\u0173 negal\u0117jo \u017eaisti Younnas Zahary ir Vytis Pavilonis, d\u0117l diskvalifikacijos \u2013 Thomas Basila.<\/p>\n<p>Vilnie\u010di\u0173 komand\u0105 bir\u017eel\u012f taip pat papild\u0117 gyn\u0117jas i\u0161 Kroatijos Luka Duman\u010di\u010dius, \u012f komand\u0105 sugr\u012f\u017eo patyr\u0119s puol\u0117jas Liviu Antalis.<\/p>\n<p>Kitas rungtynes \u201e\u017dalgiris\u201c \u017eais antradien\u012f, bir\u017eelio 24 d. prie\u0161 Kauno rajono \u201eHegelmann\u201c.<\/p>\n","protected":false},"excerpt":{"rendered":"<p>\u201e\u017dalgirio\u201c gynybos grand\u012f papild\u0117 dar vienas \u017eaid\u0117jas \u2013 \u012f Vilni\u0173 atvyko gyn\u0117jas i\u0161 Juodkalnijos Vasilije Radenovi\u010dius. 31 met\u0173 \u017eaid\u0117jas prie Lietuvos \u010dempion\u0173 prisijung\u0117 po sezono\u2026<\/p>\n","protected":false},"author":4,"featured_media":0,"comment_status":"closed","ping_status":"closed","sticky":false,"template":"","format":"standard","meta":{"_acf_changed":false,"footnotes":""},"categories":[87],"class_list":["post-17758","post","type-post","status-publish","format-standard","hentry","category-zalgiris"],"acf":[],"yoast_head":"<!-- This site is optimized with the Yoast SEO plugin v26.8 - https:\/\/yoast.com\/product\/yoast-seo-wordpress\/ -->\n<title>Atvyko gyn\u0117jas i\u0161 Juodkalnijos - FK \u017dalgiris<\/title>\n<meta name=\"robots\" content=\"index, follow, max-snippet:-1, max-image-preview:large, max-video-preview:-1\" \/>\n<link rel=\"canonical\" href=\"https:\/\/fkzalgiris.lt\/atvyko-gynejas-is-juodkalnijos\/\" \/>\n<meta property=\"og:locale\" content=\"lt_LT\" \/>\n<meta property=\"og:type\" content=\"article\" \/>\n<meta property=\"og:title\" content=\"Atvyko gyn\u0117jas i\u0161 Juodkalnijos - FK \u017dalgiris\" \/>\n<meta property=\"og:description\" content=\"\u201e\u017dalgirio\u201c gynybos grand\u012f papild\u0117 dar vienas \u017eaid\u0117jas \u2013 \u012f Vilni\u0173 atvyko gyn\u0117jas i\u0161 Juodkalnijos Vasilije Radenovi\u010dius. 31 met\u0173 \u017eaid\u0117jas prie Lietuvos \u010dempion\u0173 prisijung\u0117 po sezono\u2026\" \/>\n<meta property=\"og:url\" content=\"https:\/\/fkzalgiris.lt\/atvyko-gynejas-is-juodkalnijos\/\" \/>\n<meta property=\"og:site_name\" content=\"FK \u017dalgiris\" \/>\n<meta property=\"article:publisher\" content=\"https:\/\/www.facebook.com\/fkzalgiris\/\" \/>\n<meta property=\"article:published_time\" content=\"2025-06-22T15:29:40+00:00\" \/>\n<meta property=\"article:modified_time\" content=\"2025-06-22T19:01:05+00:00\" \/>\n<meta property=\"og:image\" content=\"https:\/\/fkzalgiris.lt\/wp-content\/uploads\/2025\/06\/radenovic-bendra-1024x768.jpg\" \/>\n\t<meta property=\"og:image:width\" content=\"1024\" \/>\n\t<meta property=\"og:image:height\" content=\"768\" \/>\n\t<meta property=\"og:image:type\" content=\"image\/jpeg\" \/>\n<meta name=\"author\" content=\"J\" \/>\n<meta name=\"twitter:card\" content=\"summary_large_image\" \/>\n<meta name=\"twitter:creator\" content=\"@fkzalgiris\" \/>\n<meta name=\"twitter:site\" content=\"@fkzalgiris\" \/>\n<meta name=\"twitter:label1\" content=\"Written by\" \/>\n\t<meta name=\"twitter:data1\" content=\"J\" \/>\n\t<meta name=\"twitter:label2\" content=\"Est. reading time\" \/>\n\t<meta name=\"twitter:data2\" content=\"2 minut\u0117s\" \/>\n<script type=\"application\/ld+json\" class=\"yoast-schema-graph\">{\"@context\":\"https:\/\/schema.org\",\"@graph\":[{\"@type\":\"Article\",\"@id\":\"https:\/\/fkzalgiris.lt\/atvyko-gynejas-is-juodkalnijos\/#article\",\"isPartOf\":{\"@id\":\"https:\/\/fkzalgiris.lt\/atvyko-gynejas-is-juodkalnijos\/\"},\"author\":{\"name\":\"J\",\"@id\":\"https:\/\/fkzalgiris.lt\/#\/schema\/person\/8604babbba794a7d8767be324a3eaac8\"},\"headline\":\"Atvyko gyn\u0117jas i\u0161 Juodkalnijos\",\"datePublished\":\"2025-06-22T15:29:40+00:00\",\"dateModified\":\"2025-06-22T19:01:05+00:00\",\"mainEntityOfPage\":{\"@id\":\"https:\/\/fkzalgiris.lt\/atvyko-gynejas-is-juodkalnijos\/\"},\"wordCount\":198,\"publisher\":{\"@id\":\"https:\/\/fkzalgiris.lt\/#organization\"},\"image\":{\"@id\":\"https:\/\/fkzalgiris.lt\/atvyko-gynejas-is-juodkalnijos\/#primaryimage\"},\"thumbnailUrl\":\"https:\/\/fkzalgiris.lt\/wp-content\/uploads\/2025\/06\/1750603686318-1024x651.jpg\",\"articleSection\":[\"\u017dalgiris\"],\"inLanguage\":\"lt-LT\"},{\"@type\":\"WebPage\",\"@id\":\"https:\/\/fkzalgiris.lt\/atvyko-gynejas-is-juodkalnijos\/\",\"url\":\"https:\/\/fkzalgiris.lt\/atvyko-gynejas-is-juodkalnijos\/\",\"name\":\"Atvyko gyn\u0117jas i\u0161 Juodkalnijos - FK \u017dalgiris\",\"isPartOf\":{\"@id\":\"https:\/\/fkzalgiris.lt\/#website\"},\"primaryImageOfPage\":{\"@id\":\"https:\/\/fkzalgiris.lt\/atvyko-gynejas-is-juodkalnijos\/#primaryimage\"},\"image\":{\"@id\":\"https:\/\/fkzalgiris.lt\/atvyko-gynejas-is-juodkalnijos\/#primaryimage\"},\"thumbnailUrl\":\"https:\/\/fkzalgiris.lt\/wp-content\/uploads\/2025\/06\/1750603686318-1024x651.jpg\",\"datePublished\":\"2025-06-22T15:29:40+00:00\",\"dateModified\":\"2025-06-22T19:01:05+00:00\",\"breadcrumb\":{\"@id\":\"https:\/\/fkzalgiris.lt\/atvyko-gynejas-is-juodkalnijos\/#breadcrumb\"},\"inLanguage\":\"lt-LT\",\"potentialAction\":[{\"@type\":\"ReadAction\",\"target\":[\"https:\/\/fkzalgiris.lt\/atvyko-gynejas-is-juodkalnijos\/\"]}]},{\"@type\":\"ImageObject\",\"inLanguage\":\"lt-LT\",\"@id\":\"https:\/\/fkzalgiris.lt\/atvyko-gynejas-is-juodkalnijos\/#primaryimage\",\"url\":\"https:\/\/fkzalgiris.lt\/wp-content\/uploads\/2025\/06\/1750603686318.jpg\",\"contentUrl\":\"https:\/\/fkzalgiris.lt\/wp-content\/uploads\/2025\/06\/1750603686318.jpg\",\"width\":2048,\"height\":1302},{\"@type\":\"BreadcrumbList\",\"@id\":\"https:\/\/fkzalgiris.lt\/atvyko-gynejas-is-juodkalnijos\/#breadcrumb\",\"itemListElement\":[{\"@type\":\"ListItem\",\"position\":1,\"name\":\"Home\",\"item\":\"https:\/\/fkzalgiris.lt\/\"},{\"@type\":\"ListItem\",\"position\":2,\"name\":\"Atvyko gyn\u0117jas i\u0161 Juodkalnijos\"}]},{\"@type\":\"WebSite\",\"@id\":\"https:\/\/fkzalgiris.lt\/#website\",\"url\":\"https:\/\/fkzalgiris.lt\/\",\"name\":\"FK \u017dalgiris\",\"description\":\"oficiali Vilniaus \u201e\u017dalgirio\u201c futbolo klubo svetain\u0117\",\"publisher\":{\"@id\":\"https:\/\/fkzalgiris.lt\/#organization\"},\"potentialAction\":[{\"@type\":\"SearchAction\",\"target\":{\"@type\":\"EntryPoint\",\"urlTemplate\":\"https:\/\/fkzalgiris.lt\/?s={search_term_string}\"},\"query-input\":{\"@type\":\"PropertyValueSpecification\",\"valueRequired\":true,\"valueName\":\"search_term_string\"}}],\"inLanguage\":\"lt-LT\"},{\"@type\":\"Organization\",\"@id\":\"https:\/\/fkzalgiris.lt\/#organization\",\"name\":\"FK \u017dalgiris\",\"url\":\"https:\/\/fkzalgiris.lt\/\",\"logo\":{\"@type\":\"ImageObject\",\"inLanguage\":\"lt-LT\",\"@id\":\"https:\/\/fkzalgiris.lt\/#\/schema\/logo\/image\/\",\"url\":\"https:\/\/fkzalgiris.lt\/wp-content\/uploads\/2024\/01\/horiz-FK-Zalgiris-logo-2015.png\",\"contentUrl\":\"https:\/\/fkzalgiris.lt\/wp-content\/uploads\/2024\/01\/horiz-FK-Zalgiris-logo-2015.png\",\"width\":3073,\"height\":2048,\"caption\":\"FK \u017dalgiris\"},\"image\":{\"@id\":\"https:\/\/fkzalgiris.lt\/#\/schema\/logo\/image\/\"},\"sameAs\":[\"https:\/\/www.facebook.com\/fkzalgiris\/\",\"https:\/\/x.com\/fkzalgiris\",\"https:\/\/www.instagram.com\/fkzalgiris\/\",\"https:\/\/www.youtube.com\/channel\/UC1ag8JLxGirltMUoLlzfZLA\"]},{\"@type\":\"Person\",\"@id\":\"https:\/\/fkzalgiris.lt\/#\/schema\/person\/8604babbba794a7d8767be324a3eaac8\",\"name\":\"J\"}]}<\/script>\n<!-- \/ Yoast SEO plugin. -->","yoast_head_json":{"title":"Atvyko gyn\u0117jas i\u0161 Juodkalnijos - FK \u017dalgiris","robots":{"index":"index","follow":"follow","max-snippet":"max-snippet:-1","max-image-preview":"max-image-preview:large","max-video-preview":"max-video-preview:-1"},"canonical":"https:\/\/fkzalgiris.lt\/atvyko-gynejas-is-juodkalnijos\/","og_locale":"lt_LT","og_type":"article","og_title":"Atvyko gyn\u0117jas i\u0161 Juodkalnijos - FK \u017dalgiris","og_description":"\u201e\u017dalgirio\u201c gynybos grand\u012f papild\u0117 dar vienas \u017eaid\u0117jas \u2013 \u012f Vilni\u0173 atvyko gyn\u0117jas i\u0161 Juodkalnijos Vasilije Radenovi\u010dius. 31 met\u0173 \u017eaid\u0117jas prie Lietuvos \u010dempion\u0173 prisijung\u0117 po sezono\u2026","og_url":"https:\/\/fkzalgiris.lt\/atvyko-gynejas-is-juodkalnijos\/","og_site_name":"FK \u017dalgiris","article_publisher":"https:\/\/www.facebook.com\/fkzalgiris\/","article_published_time":"2025-06-22T15:29:40+00:00","article_modified_time":"2025-06-22T19:01:05+00:00","og_image":[{"width":1024,"height":768,"url":"https:\/\/fkzalgiris.lt\/wp-content\/uploads\/2025\/06\/radenovic-bendra-1024x768.jpg","type":"image\/jpeg"}],"author":"J","twitter_card":"summary_large_image","twitter_creator":"@fkzalgiris","twitter_site":"@fkzalgiris","twitter_misc":{"Written by":"J","Est. reading time":"2 minut\u0117s"},"schema":{"@context":"https:\/\/schema.org","@graph":[{"@type":"Article","@id":"https:\/\/fkzalgiris.lt\/atvyko-gynejas-is-juodkalnijos\/#article","isPartOf":{"@id":"https:\/\/fkzalgiris.lt\/atvyko-gynejas-is-juodkalnijos\/"},"author":{"name":"J","@id":"https:\/\/fkzalgiris.lt\/#\/schema\/person\/8604babbba794a7d8767be324a3eaac8"},"headline":"Atvyko gyn\u0117jas i\u0161 Juodkalnijos","datePublished":"2025-06-22T15:29:40+00:00","dateModified":"2025-06-22T19:01:05+00:00","mainEntityOfPage":{"@id":"https:\/\/fkzalgiris.lt\/atvyko-gynejas-is-juodkalnijos\/"},"wordCount":198,"publisher":{"@id":"https:\/\/fkzalgiris.lt\/#organization"},"image":{"@id":"https:\/\/fkzalgiris.lt\/atvyko-gynejas-is-juodkalnijos\/#primaryimage"},"thumbnailUrl":"https:\/\/fkzalgiris.lt\/wp-content\/uploads\/2025\/06\/1750603686318-1024x651.jpg","articleSection":["\u017dalgiris"],"inLanguage":"lt-LT"},{"@type":"WebPage","@id":"https:\/\/fkzalgiris.lt\/atvyko-gynejas-is-juodkalnijos\/","url":"https:\/\/fkzalgiris.lt\/atvyko-gynejas-is-juodkalnijos\/","name":"Atvyko gyn\u0117jas i\u0161 Juodkalnijos - FK \u017dalgiris","isPartOf":{"@id":"https:\/\/fkzalgiris.lt\/#website"},"primaryImageOfPage":{"@id":"https:\/\/fkzalgiris.lt\/atvyko-gynejas-is-juodkalnijos\/#primaryimage"},"image":{"@id":"https:\/\/fkzalgiris.lt\/atvyko-gynejas-is-juodkalnijos\/#primaryimage"},"thumbnailUrl":"https:\/\/fkzalgiris.lt\/wp-content\/uploads\/2025\/06\/1750603686318-1024x651.jpg","datePublished":"2025-06-22T15:29:40+00:00","dateModified":"2025-06-22T19:01:05+00:00","breadcrumb":{"@id":"https:\/\/fkzalgiris.lt\/atvyko-gynejas-is-juodkalnijos\/#breadcrumb"},"inLanguage":"lt-LT","potentialAction":[{"@type":"ReadAction","target":["https:\/\/fkzalgiris.lt\/atvyko-gynejas-is-juodkalnijos\/"]}]},{"@type":"ImageObject","inLanguage":"lt-LT","@id":"https:\/\/fkzalgiris.lt\/atvyko-gynejas-is-juodkalnijos\/#primaryimage","url":"https:\/\/fkzalgiris.lt\/wp-content\/uploads\/2025\/06\/1750603686318.jpg","contentUrl":"https:\/\/fkzalgiris.lt\/wp-content\/uploads\/2025\/06\/1750603686318.jpg","width":2048,"height":1302},{"@type":"BreadcrumbList","@id":"https:\/\/fkzalgiris.lt\/atvyko-gynejas-is-juodkalnijos\/#breadcrumb","itemListElement":[{"@type":"ListItem","position":1,"name":"Home","item":"https:\/\/fkzalgiris.lt\/"},{"@type":"ListItem","position":2,"name":"Atvyko gyn\u0117jas i\u0161 Juodkalnijos"}]},{"@type":"WebSite","@id":"https:\/\/fkzalgiris.lt\/#website","url":"https:\/\/fkzalgiris.lt\/","name":"FK \u017dalgiris","description":"oficiali Vilniaus \u201e\u017dalgirio\u201c futbolo klubo svetain\u0117","publisher":{"@id":"https:\/\/fkzalgiris.lt\/#organization"},"potentialAction":[{"@type":"SearchAction","target":{"@type":"EntryPoint","urlTemplate":"https:\/\/fkzalgiris.lt\/?s={search_term_string}"},"query-input":{"@type":"PropertyValueSpecification","valueRequired":true,"valueName":"search_term_string"}}],"inLanguage":"lt-LT"},{"@type":"Organization","@id":"https:\/\/fkzalgiris.lt\/#organization","name":"FK \u017dalgiris","url":"https:\/\/fkzalgiris.lt\/","logo":{"@type":"ImageObject","inLanguage":"lt-LT","@id":"https:\/\/fkzalgiris.lt\/#\/schema\/logo\/image\/","url":"https:\/\/fkzalgiris.lt\/wp-content\/uploads\/2024\/01\/horiz-FK-Zalgiris-logo-2015.png","contentUrl":"https:\/\/fkzalgiris.lt\/wp-content\/uploads\/2024\/01\/horiz-FK-Zalgiris-logo-2015.png","width":3073,"height":2048,"caption":"FK \u017dalgiris"},"image":{"@id":"https:\/\/fkzalgiris.lt\/#\/schema\/logo\/image\/"},"sameAs":["https:\/\/www.facebook.com\/fkzalgiris\/","https:\/\/x.com\/fkzalgiris","https:\/\/www.instagram.com\/fkzalgiris\/","https:\/\/www.youtube.com\/channel\/UC1ag8JLxGirltMUoLlzfZLA"]},{"@type":"Person","@id":"https:\/\/fkzalgiris.lt\/#\/schema\/person\/8604babbba794a7d8767be324a3eaac8","name":"J"}]}},"_links":{"self":[{"href":"https:\/\/fkzalgiris.lt\/api\/wp\/v2\/posts\/17758","targetHints":{"allow":["GET"]}}],"collection":[{"href":"https:\/\/fkzalgiris.lt\/api\/wp\/v2\/posts"}],"about":[{"href":"https:\/\/fkzalgiris.lt\/api\/wp\/v2\/types\/post"}],"author":[{"embeddable":true,"href":"https:\/\/fkzalgiris.lt\/api\/wp\/v2\/users\/4"}],"replies":[{"embeddable":true,"href":"https:\/\/fkzalgiris.lt\/api\/wp\/v2\/comments?post=17758"}],"version-history":[{"count":4,"href":"https:\/\/fkzalgiris.lt\/api\/wp\/v2\/posts\/17758\/revisions"}],"predecessor-version":[{"id":17766,"href":"https:\/\/fkzalgiris.lt\/api\/wp\/v2\/posts\/17758\/revisions\/17766"}],"wp:attachment":[{"href":"https:\/\/fkzalgiris.lt\/api\/wp\/v2\/media?parent=17758"}],"wp:term":[{"taxonomy":"category","embeddable":true,"href":"https:\/\/fkzalgiris.lt\/api\/wp\/v2\/categories?post=17758"}],"curies":[{"name":"wp","href":"https:\/\/api.w.org\/{rel}","templated":true}]}}