{"id":17645,"date":"2025-06-12T17:39:29","date_gmt":"2025-06-12T14:39:29","guid":{"rendered":"https:\/\/fkzalgiris.lt\/?p=17645"},"modified":"2025-06-12T17:39:54","modified_gmt":"2025-06-12T14:39:54","slug":"sutarta-su-gyneju-is-kroatijos","status":"publish","type":"post","link":"https:\/\/fkzalgiris.lt\/sutarta-su-gyneju-is-kroatijos\/","title":{"rendered":"Sutarta su gyn\u0117ju i\u0161 Kroatijos"},"content":{"rendered":"<p>\u201e\u017dalgirio\u201c gynybos grand\u012f papildys gyn\u0117jas i\u0161 Kroatijos \u2013 pasiektas i\u0161ankstinis susitarimas su Luka Duman\u010di\u010diumi (Luka Duman\u010di\u0107).<\/p>\n<p>26 met\u0173 \u017eaid\u0117jas pra\u0117jus\u012f sezon\u0105 \u017eaid\u0117 Slov\u0117nijos \u010dempionate, o anks\u010diau yra \u017eaid\u0119s Kroatijos, Italijos klubuose.<\/p>\n<p>Auk\u0161ta\u016bgis futbolininkas \u2013 garsiojo Kroatijos klubo Splito \u201eHajduk\u201c akademijos aukl\u0117tinis.<\/p>\n<p>Gimtojo miesto klube jis praleido 8 metus ir \u017eaid\u0117 jaunimo komandose, o v\u0117liau persik\u0117l\u0117 \u012f Italij\u0105, kur ir prad\u0117jo profesionalo karjer\u0105.<\/p>\n<p><img loading=\"lazy\" decoding=\"async\" class=\"alignnone wp-image-17651\" src=\"https:\/\/fkzalgiris.lt\/wp-content\/uploads\/2025\/06\/0A6A4074-1024x682.jpeg\" alt=\"\" width=\"650\" height=\"433\" srcset=\"https:\/\/fkzalgiris.lt\/wp-content\/uploads\/2025\/06\/0A6A4074-1024x682.jpeg 1024w, https:\/\/fkzalgiris.lt\/wp-content\/uploads\/2025\/06\/0A6A4074-300x200.jpeg 300w, https:\/\/fkzalgiris.lt\/wp-content\/uploads\/2025\/06\/0A6A4074-768x512.jpeg 768w, https:\/\/fkzalgiris.lt\/wp-content\/uploads\/2025\/06\/0A6A4074-1536x1023.jpeg 1536w, https:\/\/fkzalgiris.lt\/wp-content\/uploads\/2025\/06\/0A6A4074-2048x1365.jpeg 2048w, https:\/\/fkzalgiris.lt\/wp-content\/uploads\/2025\/06\/0A6A4074-150x100.jpeg 150w, https:\/\/fkzalgiris.lt\/wp-content\/uploads\/2025\/06\/0A6A4074-840x560.jpeg 840w, https:\/\/fkzalgiris.lt\/wp-content\/uploads\/2025\/06\/0A6A4074-570x380.jpeg 570w, https:\/\/fkzalgiris.lt\/wp-content\/uploads\/2025\/06\/0A6A4074-30x20.jpeg 30w\" sizes=\"auto, (max-width: 650px) 100vw, 650px\" \/><\/p>\n<p>Pirm\u0105j\u012f profesionalo kontrakt\u0105 \u00a0L. Duman\u010di\u010dius pasira\u0161\u0117 2018 metais su \u201eSerie B\u201c klubu \u201eLecce\u201c, i\u0161 kurio buvo skolinamas \u201eSerie C\u201c komandoms \u201eJuve Stabia\u201c ir \u201eGozzano\u201c. V\u0117liau sezon\u0105 atstovavo \u0161io diviziono \u201eLucchese\u201c ekipai.<\/p>\n<p>2021 m. gr\u012f\u017eo \u012f t\u0117vyn\u0119 ir pasira\u0161\u0117 sutart\u012f su Zapresi\u010diaus \u201eInter\u201c. Kroatijos antrajame divizione taip pat \u017eaid\u0117 NK \u201eRudes\u201c ir NK \u201eSolin\u201c komandose.<\/p>\n<p>2024-2025 met\u0173 sezone su\u017eaid\u0117 30 rungtyni\u0173 Slov\u0117nijos auk\u0161\u010diausioje lygoje atstovaudamas NK \u201eNafta\u201c komandai.<\/p>\n<p>\u201e\u017dalgirio\u201c ekipai L. Duman\u010di\u010dius gal\u0117s oficialiai atstovauti atlikus reikalingus formalumus \u2013 pasibaigus \u017eaid\u0117jo kontraktui su paskutiniu klubu ir \u012fregistravus nauj\u0105 sutart\u012f.<\/p>\n<p>Pagal LFF var\u017eyb\u0173 nuostatus vasaros \u017eaid\u0117j\u0173 registracijos laikotarpis prasid\u0117s nuo bir\u017eelio 20 d.<\/p>\n","protected":false},"excerpt":{"rendered":"<p>\u201e\u017dalgirio\u201c gynybos grand\u012f papildys gyn\u0117jas i\u0161 Kroatijos \u2013 pasiektas i\u0161ankstinis susitarimas su Luka Duman\u010di\u010diumi (Luka Duman\u010di\u0107). 26 met\u0173 \u017eaid\u0117jas pra\u0117jus\u012f sezon\u0105 \u017eaid\u0117 Slov\u0117nijos \u010dempionate, o\u2026<\/p>\n","protected":false},"author":4,"featured_media":0,"comment_status":"closed","ping_status":"closed","sticky":false,"template":"","format":"standard","meta":{"_acf_changed":false,"footnotes":""},"categories":[87],"class_list":["post-17645","post","type-post","status-publish","format-standard","hentry","category-zalgiris"],"acf":[],"yoast_head":"<!-- This site is optimized with the Yoast SEO plugin v26.8 - https:\/\/yoast.com\/product\/yoast-seo-wordpress\/ -->\n<title>Sutarta su gyn\u0117ju i\u0161 Kroatijos - FK \u017dalgiris<\/title>\n<meta name=\"robots\" content=\"index, follow, max-snippet:-1, max-image-preview:large, max-video-preview:-1\" \/>\n<link rel=\"canonical\" href=\"https:\/\/fkzalgiris.lt\/sutarta-su-gyneju-is-kroatijos\/\" \/>\n<meta property=\"og:locale\" content=\"lt_LT\" \/>\n<meta property=\"og:type\" content=\"article\" \/>\n<meta property=\"og:title\" content=\"Sutarta su gyn\u0117ju i\u0161 Kroatijos - FK \u017dalgiris\" \/>\n<meta property=\"og:description\" content=\"\u201e\u017dalgirio\u201c gynybos grand\u012f papildys gyn\u0117jas i\u0161 Kroatijos \u2013 pasiektas i\u0161ankstinis susitarimas su Luka Duman\u010di\u010diumi (Luka Duman\u010di\u0107). 26 met\u0173 \u017eaid\u0117jas pra\u0117jus\u012f sezon\u0105 \u017eaid\u0117 Slov\u0117nijos \u010dempionate, o\u2026\" \/>\n<meta property=\"og:url\" content=\"https:\/\/fkzalgiris.lt\/sutarta-su-gyneju-is-kroatijos\/\" \/>\n<meta property=\"og:site_name\" content=\"FK \u017dalgiris\" \/>\n<meta property=\"article:publisher\" content=\"https:\/\/www.facebook.com\/fkzalgiris\/\" \/>\n<meta property=\"article:published_time\" content=\"2025-06-12T14:39:29+00:00\" \/>\n<meta property=\"article:modified_time\" content=\"2025-06-12T14:39:54+00:00\" \/>\n<meta property=\"og:image\" content=\"https:\/\/fkzalgiris.lt\/wp-content\/uploads\/2025\/06\/0A6A4074-scaled.jpeg\" \/>\n\t<meta property=\"og:image:width\" content=\"2560\" \/>\n\t<meta property=\"og:image:height\" content=\"1706\" \/>\n\t<meta property=\"og:image:type\" content=\"image\/jpeg\" \/>\n<meta name=\"author\" content=\"J\" \/>\n<meta name=\"twitter:card\" content=\"summary_large_image\" \/>\n<meta name=\"twitter:creator\" content=\"@fkzalgiris\" \/>\n<meta name=\"twitter:site\" content=\"@fkzalgiris\" \/>\n<meta name=\"twitter:label1\" content=\"Written by\" \/>\n\t<meta name=\"twitter:data1\" content=\"J\" \/>\n\t<meta name=\"twitter:label2\" content=\"Est. reading time\" \/>\n\t<meta name=\"twitter:data2\" content=\"2 minut\u0117s\" \/>\n<script type=\"application\/ld+json\" class=\"yoast-schema-graph\">{\"@context\":\"https:\/\/schema.org\",\"@graph\":[{\"@type\":\"Article\",\"@id\":\"https:\/\/fkzalgiris.lt\/sutarta-su-gyneju-is-kroatijos\/#article\",\"isPartOf\":{\"@id\":\"https:\/\/fkzalgiris.lt\/sutarta-su-gyneju-is-kroatijos\/\"},\"author\":{\"name\":\"J\",\"@id\":\"https:\/\/fkzalgiris.lt\/#\/schema\/person\/8604babbba794a7d8767be324a3eaac8\"},\"headline\":\"Sutarta su gyn\u0117ju i\u0161 Kroatijos\",\"datePublished\":\"2025-06-12T14:39:29+00:00\",\"dateModified\":\"2025-06-12T14:39:54+00:00\",\"mainEntityOfPage\":{\"@id\":\"https:\/\/fkzalgiris.lt\/sutarta-su-gyneju-is-kroatijos\/\"},\"wordCount\":192,\"publisher\":{\"@id\":\"https:\/\/fkzalgiris.lt\/#organization\"},\"image\":{\"@id\":\"https:\/\/fkzalgiris.lt\/sutarta-su-gyneju-is-kroatijos\/#primaryimage\"},\"thumbnailUrl\":\"https:\/\/fkzalgiris.lt\/wp-content\/uploads\/2025\/06\/0A6A4074-1024x682.jpeg\",\"articleSection\":[\"\u017dalgiris\"],\"inLanguage\":\"lt-LT\"},{\"@type\":\"WebPage\",\"@id\":\"https:\/\/fkzalgiris.lt\/sutarta-su-gyneju-is-kroatijos\/\",\"url\":\"https:\/\/fkzalgiris.lt\/sutarta-su-gyneju-is-kroatijos\/\",\"name\":\"Sutarta su gyn\u0117ju i\u0161 Kroatijos - FK \u017dalgiris\",\"isPartOf\":{\"@id\":\"https:\/\/fkzalgiris.lt\/#website\"},\"primaryImageOfPage\":{\"@id\":\"https:\/\/fkzalgiris.lt\/sutarta-su-gyneju-is-kroatijos\/#primaryimage\"},\"image\":{\"@id\":\"https:\/\/fkzalgiris.lt\/sutarta-su-gyneju-is-kroatijos\/#primaryimage\"},\"thumbnailUrl\":\"https:\/\/fkzalgiris.lt\/wp-content\/uploads\/2025\/06\/0A6A4074-1024x682.jpeg\",\"datePublished\":\"2025-06-12T14:39:29+00:00\",\"dateModified\":\"2025-06-12T14:39:54+00:00\",\"breadcrumb\":{\"@id\":\"https:\/\/fkzalgiris.lt\/sutarta-su-gyneju-is-kroatijos\/#breadcrumb\"},\"inLanguage\":\"lt-LT\",\"potentialAction\":[{\"@type\":\"ReadAction\",\"target\":[\"https:\/\/fkzalgiris.lt\/sutarta-su-gyneju-is-kroatijos\/\"]}]},{\"@type\":\"ImageObject\",\"inLanguage\":\"lt-LT\",\"@id\":\"https:\/\/fkzalgiris.lt\/sutarta-su-gyneju-is-kroatijos\/#primaryimage\",\"url\":\"https:\/\/fkzalgiris.lt\/wp-content\/uploads\/2025\/06\/0A6A4074-scaled.jpeg\",\"contentUrl\":\"https:\/\/fkzalgiris.lt\/wp-content\/uploads\/2025\/06\/0A6A4074-scaled.jpeg\",\"width\":2560,\"height\":1706},{\"@type\":\"BreadcrumbList\",\"@id\":\"https:\/\/fkzalgiris.lt\/sutarta-su-gyneju-is-kroatijos\/#breadcrumb\",\"itemListElement\":[{\"@type\":\"ListItem\",\"position\":1,\"name\":\"Home\",\"item\":\"https:\/\/fkzalgiris.lt\/\"},{\"@type\":\"ListItem\",\"position\":2,\"name\":\"Sutarta su gyn\u0117ju i\u0161 Kroatijos\"}]},{\"@type\":\"WebSite\",\"@id\":\"https:\/\/fkzalgiris.lt\/#website\",\"url\":\"https:\/\/fkzalgiris.lt\/\",\"name\":\"FK \u017dalgiris\",\"description\":\"oficiali Vilniaus \u201e\u017dalgirio\u201c futbolo klubo svetain\u0117\",\"publisher\":{\"@id\":\"https:\/\/fkzalgiris.lt\/#organization\"},\"potentialAction\":[{\"@type\":\"SearchAction\",\"target\":{\"@type\":\"EntryPoint\",\"urlTemplate\":\"https:\/\/fkzalgiris.lt\/?s={search_term_string}\"},\"query-input\":{\"@type\":\"PropertyValueSpecification\",\"valueRequired\":true,\"valueName\":\"search_term_string\"}}],\"inLanguage\":\"lt-LT\"},{\"@type\":\"Organization\",\"@id\":\"https:\/\/fkzalgiris.lt\/#organization\",\"name\":\"FK \u017dalgiris\",\"url\":\"https:\/\/fkzalgiris.lt\/\",\"logo\":{\"@type\":\"ImageObject\",\"inLanguage\":\"lt-LT\",\"@id\":\"https:\/\/fkzalgiris.lt\/#\/schema\/logo\/image\/\",\"url\":\"https:\/\/fkzalgiris.lt\/wp-content\/uploads\/2024\/01\/horiz-FK-Zalgiris-logo-2015.png\",\"contentUrl\":\"https:\/\/fkzalgiris.lt\/wp-content\/uploads\/2024\/01\/horiz-FK-Zalgiris-logo-2015.png\",\"width\":3073,\"height\":2048,\"caption\":\"FK \u017dalgiris\"},\"image\":{\"@id\":\"https:\/\/fkzalgiris.lt\/#\/schema\/logo\/image\/\"},\"sameAs\":[\"https:\/\/www.facebook.com\/fkzalgiris\/\",\"https:\/\/x.com\/fkzalgiris\",\"https:\/\/www.instagram.com\/fkzalgiris\/\",\"https:\/\/www.youtube.com\/channel\/UC1ag8JLxGirltMUoLlzfZLA\"]},{\"@type\":\"Person\",\"@id\":\"https:\/\/fkzalgiris.lt\/#\/schema\/person\/8604babbba794a7d8767be324a3eaac8\",\"name\":\"J\"}]}<\/script>\n<!-- \/ Yoast SEO plugin. -->","yoast_head_json":{"title":"Sutarta su gyn\u0117ju i\u0161 Kroatijos - FK \u017dalgiris","robots":{"index":"index","follow":"follow","max-snippet":"max-snippet:-1","max-image-preview":"max-image-preview:large","max-video-preview":"max-video-preview:-1"},"canonical":"https:\/\/fkzalgiris.lt\/sutarta-su-gyneju-is-kroatijos\/","og_locale":"lt_LT","og_type":"article","og_title":"Sutarta su gyn\u0117ju i\u0161 Kroatijos - FK \u017dalgiris","og_description":"\u201e\u017dalgirio\u201c gynybos grand\u012f papildys gyn\u0117jas i\u0161 Kroatijos \u2013 pasiektas i\u0161ankstinis susitarimas su Luka Duman\u010di\u010diumi (Luka Duman\u010di\u0107). 26 met\u0173 \u017eaid\u0117jas pra\u0117jus\u012f sezon\u0105 \u017eaid\u0117 Slov\u0117nijos \u010dempionate, o\u2026","og_url":"https:\/\/fkzalgiris.lt\/sutarta-su-gyneju-is-kroatijos\/","og_site_name":"FK \u017dalgiris","article_publisher":"https:\/\/www.facebook.com\/fkzalgiris\/","article_published_time":"2025-06-12T14:39:29+00:00","article_modified_time":"2025-06-12T14:39:54+00:00","og_image":[{"width":2560,"height":1706,"url":"https:\/\/fkzalgiris.lt\/wp-content\/uploads\/2025\/06\/0A6A4074-scaled.jpeg","type":"image\/jpeg"}],"author":"J","twitter_card":"summary_large_image","twitter_creator":"@fkzalgiris","twitter_site":"@fkzalgiris","twitter_misc":{"Written by":"J","Est. reading time":"2 minut\u0117s"},"schema":{"@context":"https:\/\/schema.org","@graph":[{"@type":"Article","@id":"https:\/\/fkzalgiris.lt\/sutarta-su-gyneju-is-kroatijos\/#article","isPartOf":{"@id":"https:\/\/fkzalgiris.lt\/sutarta-su-gyneju-is-kroatijos\/"},"author":{"name":"J","@id":"https:\/\/fkzalgiris.lt\/#\/schema\/person\/8604babbba794a7d8767be324a3eaac8"},"headline":"Sutarta su gyn\u0117ju i\u0161 Kroatijos","datePublished":"2025-06-12T14:39:29+00:00","dateModified":"2025-06-12T14:39:54+00:00","mainEntityOfPage":{"@id":"https:\/\/fkzalgiris.lt\/sutarta-su-gyneju-is-kroatijos\/"},"wordCount":192,"publisher":{"@id":"https:\/\/fkzalgiris.lt\/#organization"},"image":{"@id":"https:\/\/fkzalgiris.lt\/sutarta-su-gyneju-is-kroatijos\/#primaryimage"},"thumbnailUrl":"https:\/\/fkzalgiris.lt\/wp-content\/uploads\/2025\/06\/0A6A4074-1024x682.jpeg","articleSection":["\u017dalgiris"],"inLanguage":"lt-LT"},{"@type":"WebPage","@id":"https:\/\/fkzalgiris.lt\/sutarta-su-gyneju-is-kroatijos\/","url":"https:\/\/fkzalgiris.lt\/sutarta-su-gyneju-is-kroatijos\/","name":"Sutarta su gyn\u0117ju i\u0161 Kroatijos - FK \u017dalgiris","isPartOf":{"@id":"https:\/\/fkzalgiris.lt\/#website"},"primaryImageOfPage":{"@id":"https:\/\/fkzalgiris.lt\/sutarta-su-gyneju-is-kroatijos\/#primaryimage"},"image":{"@id":"https:\/\/fkzalgiris.lt\/sutarta-su-gyneju-is-kroatijos\/#primaryimage"},"thumbnailUrl":"https:\/\/fkzalgiris.lt\/wp-content\/uploads\/2025\/06\/0A6A4074-1024x682.jpeg","datePublished":"2025-06-12T14:39:29+00:00","dateModified":"2025-06-12T14:39:54+00:00","breadcrumb":{"@id":"https:\/\/fkzalgiris.lt\/sutarta-su-gyneju-is-kroatijos\/#breadcrumb"},"inLanguage":"lt-LT","potentialAction":[{"@type":"ReadAction","target":["https:\/\/fkzalgiris.lt\/sutarta-su-gyneju-is-kroatijos\/"]}]},{"@type":"ImageObject","inLanguage":"lt-LT","@id":"https:\/\/fkzalgiris.lt\/sutarta-su-gyneju-is-kroatijos\/#primaryimage","url":"https:\/\/fkzalgiris.lt\/wp-content\/uploads\/2025\/06\/0A6A4074-scaled.jpeg","contentUrl":"https:\/\/fkzalgiris.lt\/wp-content\/uploads\/2025\/06\/0A6A4074-scaled.jpeg","width":2560,"height":1706},{"@type":"BreadcrumbList","@id":"https:\/\/fkzalgiris.lt\/sutarta-su-gyneju-is-kroatijos\/#breadcrumb","itemListElement":[{"@type":"ListItem","position":1,"name":"Home","item":"https:\/\/fkzalgiris.lt\/"},{"@type":"ListItem","position":2,"name":"Sutarta su gyn\u0117ju i\u0161 Kroatijos"}]},{"@type":"WebSite","@id":"https:\/\/fkzalgiris.lt\/#website","url":"https:\/\/fkzalgiris.lt\/","name":"FK \u017dalgiris","description":"oficiali Vilniaus \u201e\u017dalgirio\u201c futbolo klubo svetain\u0117","publisher":{"@id":"https:\/\/fkzalgiris.lt\/#organization"},"potentialAction":[{"@type":"SearchAction","target":{"@type":"EntryPoint","urlTemplate":"https:\/\/fkzalgiris.lt\/?s={search_term_string}"},"query-input":{"@type":"PropertyValueSpecification","valueRequired":true,"valueName":"search_term_string"}}],"inLanguage":"lt-LT"},{"@type":"Organization","@id":"https:\/\/fkzalgiris.lt\/#organization","name":"FK \u017dalgiris","url":"https:\/\/fkzalgiris.lt\/","logo":{"@type":"ImageObject","inLanguage":"lt-LT","@id":"https:\/\/fkzalgiris.lt\/#\/schema\/logo\/image\/","url":"https:\/\/fkzalgiris.lt\/wp-content\/uploads\/2024\/01\/horiz-FK-Zalgiris-logo-2015.png","contentUrl":"https:\/\/fkzalgiris.lt\/wp-content\/uploads\/2024\/01\/horiz-FK-Zalgiris-logo-2015.png","width":3073,"height":2048,"caption":"FK \u017dalgiris"},"image":{"@id":"https:\/\/fkzalgiris.lt\/#\/schema\/logo\/image\/"},"sameAs":["https:\/\/www.facebook.com\/fkzalgiris\/","https:\/\/x.com\/fkzalgiris","https:\/\/www.instagram.com\/fkzalgiris\/","https:\/\/www.youtube.com\/channel\/UC1ag8JLxGirltMUoLlzfZLA"]},{"@type":"Person","@id":"https:\/\/fkzalgiris.lt\/#\/schema\/person\/8604babbba794a7d8767be324a3eaac8","name":"J"}]}},"_links":{"self":[{"href":"https:\/\/fkzalgiris.lt\/api\/wp\/v2\/posts\/17645","targetHints":{"allow":["GET"]}}],"collection":[{"href":"https:\/\/fkzalgiris.lt\/api\/wp\/v2\/posts"}],"about":[{"href":"https:\/\/fkzalgiris.lt\/api\/wp\/v2\/types\/post"}],"author":[{"embeddable":true,"href":"https:\/\/fkzalgiris.lt\/api\/wp\/v2\/users\/4"}],"replies":[{"embeddable":true,"href":"https:\/\/fkzalgiris.lt\/api\/wp\/v2\/comments?post=17645"}],"version-history":[{"count":5,"href":"https:\/\/fkzalgiris.lt\/api\/wp\/v2\/posts\/17645\/revisions"}],"predecessor-version":[{"id":17653,"href":"https:\/\/fkzalgiris.lt\/api\/wp\/v2\/posts\/17645\/revisions\/17653"}],"wp:attachment":[{"href":"https:\/\/fkzalgiris.lt\/api\/wp\/v2\/media?parent=17645"}],"wp:term":[{"taxonomy":"category","embeddable":true,"href":"https:\/\/fkzalgiris.lt\/api\/wp\/v2\/categories?post=17645"}],"curies":[{"name":"wp","href":"https:\/\/api.w.org\/{rel}","templated":true}]}}